{"id":110500,"date":"2024-12-09T07:20:21","date_gmt":"2024-12-09T10:20:21","guid":{"rendered":"https:\/\/www.noticiasradioreflejos.com.ar\/2021\/?p=110500"},"modified":"2024-12-09T07:20:21","modified_gmt":"2024-12-09T10:20:21","slug":"para-una-filosofia-de-la-ciencia-de-datos-nuevas-fronteras-del-conocimiento","status":"publish","type":"post","link":"https:\/\/www.noticiasradioreflejos.com.ar\/2021\/para-una-filosofia-de-la-ciencia-de-datos-nuevas-fronteras-del-conocimiento\/","title":{"rendered":"PARA UNA FILOSOF\u00cdA DE LA CIENCIA DE DATOS:\u00a0nuevas fronteras del conocimiento"},"content":{"rendered":"<p style=\"font-weight: 400;\">La interacci\u00f3n entre la Filosof\u00eda y la Ciencia de Datos abre un espacio de reflexi\u00f3n profunda y necesaria, que enfrenta preguntas fundamentales sobre la naturaleza del conocimiento, la \u00e9tica y el poder de la informaci\u00f3n.<\/p>\n<p style=\"font-weight: 400;\"><!--more-->En un mundo donde la Inteligencia Artificial (IA) jugar\u00e1 un rol cada vez m\u00e1s determinante en la formulaci\u00f3n de pol\u00edticas p\u00fablicas, es imperativo examinar sus fundamentos, l\u00edmites y consecuencias. Este di\u00e1logo interdisciplinario no solo deber\u00e1 redefinir las fronteras del saber, sino que proporcionar\u00e1 herramientas cr\u00edticas para construir un futuro m\u00e1s \u00e9tico y razonable.<\/p>\n<p style=\"font-weight: 400;\">\n<p style=\"font-weight: 400;\"><strong>Ciencia de Datos:\u00a0<\/strong>\u00bfun nuevo paradigma del conocimiento?<\/p>\n<p style=\"font-weight: 400;\"><strong>\u00a0<\/strong><\/p>\n<p style=\"font-weight: 400;\">M\u00e1s que un campo t\u00e9cnico, la Ciencia de Datos plantea interrogantes filos\u00f3ficos que afectan la manera en que construimos y validamos el conocimiento. Por ejemplo: \u00bfqu\u00e9 significa \u00absaber\u00bb en una era dominada por datos? Los algoritmos de IA, aunque basados en principios matem\u00e1ticos y computacionales, no son neutrales. Interpretan la realidad a trav\u00e9s de estructuras que filtran y moldean aquello que consideramos verdadero.<\/p>\n<p style=\"font-weight: 400;\">\n<p style=\"font-weight: 400;\">Esto nos lleva a preguntarnos: \u00bflos datos son representaciones objetivas del mundo o construcciones culturales influenciadas por nuestras percepciones y contextos? Aqu\u00ed, la Filosof\u00eda, con su capacidad para cuestionar los supuestos m\u00e1s b\u00e1sicos, se convierte en un aliado indispensable para desenredar estas cuestiones.<\/p>\n<p style=\"font-weight: 400;\">\n<p style=\"font-weight: 400;\"><strong>\u00c9tica algor\u00edtmica:\u00a0<\/strong>decisiones con impacto humano<\/p>\n<p style=\"font-weight: 400;\"><strong>\u00a0<\/strong><\/p>\n<p style=\"font-weight: 400;\">El dise\u00f1o y uso de algoritmos implica decisiones que afectan vidas humanas, desde la asignaci\u00f3n de recursos en gobiernos hasta la identificaci\u00f3n de patrones en sistemas de justicia penal. La Filosof\u00eda proporciona un marco \u00e9tico para abordar dilemas relacionados con la justicia, la equidad y la responsabilidad. Preguntas clave emergen:<\/p>\n<p style=\"font-weight: 400;\">\n<ol>\n<li style=\"font-weight: 400;\"><strong>a)<\/strong>\u00bfC\u00f3mo deben tomarse las decisiones automatizadas?<\/li>\n<li style=\"font-weight: 400;\"><strong>b)<\/strong>\u00bfQui\u00e9n es responsable por los resultados generados por sistemas de IA?<\/li>\n<\/ol>\n<p style=\"font-weight: 400;\">\n<p style=\"font-weight: 400;\">Responder a estas cuestiones es esencial para garantizar que la tecnolog\u00eda respalde valores humanos fundamentales.<\/p>\n<p style=\"font-weight: 400;\">\n<p style=\"font-weight: 400;\"><strong>Big Data y el dilema \u00e9tico<\/strong><\/p>\n<p style=\"font-weight: 400;\"><strong>\u00a0<\/strong><\/p>\n<p style=\"font-weight: 400;\">El uso masivo de datos (big data) en el entrenamiento de modelos de IA plantea preocupaciones urgentes sobre la recopilaci\u00f3n, almacenamiento y utilizaci\u00f3n de informaci\u00f3n. En un contexto donde los datos son vistos como el \u00abnuevo oro negro\u00bb, es vital garantizar que este recurso se utilice de manera justa y beneficiosa para todos.<\/p>\n<p style=\"font-weight: 400;\">\n<p style=\"font-weight: 400;\">La Filosof\u00eda puede desempe\u00f1ar un papel crucial aqu\u00ed, ayudando a identificar y mitigar sesgos en los datos que perpet\u00faan desigualdades sociales. Adem\u00e1s, ofrece un marco para asegurar la transparencia y la explicabilidad de los sistemas de IA, permitiendo que las decisiones tomadas por algoritmos sean comprensibles y auditables por la ciudadan\u00eda.<\/p>\n<p style=\"font-weight: 400;\">\n<p style=\"font-weight: 400;\"><strong>Derecho a la privacidad en la era digital<\/strong><\/p>\n<p style=\"font-weight: 400;\"><strong>\u00a0<\/strong><\/p>\n<p style=\"font-weight: 400;\">El derecho a la privacidad enfrenta grandes desaf\u00edos en un mundo hiperconectado. Cada interacci\u00f3n digital deja un rastro que puede ser monitoreado y utilizado, muchas veces sin el consentimiento expl\u00edcito del usuario. Aqu\u00ed, la Filosof\u00eda act\u00faa como una gu\u00eda \u00e9tica para establecer l\u00edmites en el manejo de la informaci\u00f3n, especialmente en contextos donde la vigilancia puede amenazar derechos fundamentales.<\/p>\n<p style=\"font-weight: 400;\">\n<p style=\"font-weight: 400;\">Preguntas como\u00a0<em>\u00bfqui\u00e9n controla los datos?<\/em>\u00a0y\u00a0<em>\u00bfc\u00f3mo se protege su uso justo y \u00e9tico?<\/em>\u00a0no son solo t\u00e9cnicas, sino profundamente pol\u00edticas. La Filosof\u00eda ayuda a enmarcar estas discusiones en torno a los valores esenciales de libertad y dignidad humana.<\/p>\n<p style=\"font-weight: 400;\">\n<p style=\"font-weight: 400;\"><strong>Ciencia de Datos y gobernanza: retos y oportunidades<\/strong><\/p>\n<p style=\"font-weight: 400;\"><strong>\u00a0<\/strong><\/p>\n<p style=\"font-weight: 400;\">La integraci\u00f3n de la Ciencia de Datos y la IA tiene el potencial de transformar profundamente las din\u00e1micas pol\u00edticas y la gesti\u00f3n gubernamental. Entre sus aplicaciones m\u00e1s prometedoras se encuentran:<\/p>\n<p style=\"font-weight: 400;\">\n<ol>\n<li style=\"font-weight: 400;\"><strong>a) Modelos predictivos<\/strong>: capaces de anticipar crisis econ\u00f3micas, conflictos sociales o pandemias, permitiendo una planificaci\u00f3n m\u00e1s proactiva.<\/li>\n<li style=\"font-weight: 400;\"><strong>b) An\u00e1lisis de opini\u00f3n p\u00fablica<\/strong>: herramientas que capturan preocupaciones ciudadanas con precisi\u00f3n, evitando el riesgo del microtargeting manipulativo.<\/li>\n<li style=\"font-weight: 400;\"><strong>c) Optimizaci\u00f3n de recursos<\/strong>: sistemas de IA que promuevan la eficiencia y la transparencia administrativa, reduciendo la corrupci\u00f3n.<\/li>\n<\/ol>\n<p style=\"font-weight: 400;\">\n<p style=\"font-weight: 400;\">Sin embargo, tambi\u00e9n existen riesgos. La dependencia excesiva de sistemas automatizados puede generar estructuras tecnocr\u00e1ticas que deshumanicen la pol\u00edtica y exacerben desigualdades. La Filosof\u00eda, una vez m\u00e1s, ofrece un contrapeso cr\u00edtico al sugerir principios \u00e9ticos para la gobernanza algor\u00edtmica: justicia, transparencia y responsabilidad.<\/p>\n<p style=\"font-weight: 400;\">\n<p style=\"font-weight: 400;\"><strong>Gobernanza algor\u00edtmica: \u00bfhacia un nuevo contrato social?<\/strong><\/p>\n<p style=\"font-weight: 400;\"><strong>\u00a0<\/strong><\/p>\n<p style=\"font-weight: 400;\">El futuro plantea preguntas sobre la posible\u00a0<em>responsabilidad moral de las m\u00e1quinas<\/em>\u00a0y la gobernanza de tecnolog\u00edas aut\u00f3nomas. \u00bfDeben las m\u00e1quinas asumir roles activos en la comunidad? \u00bfQui\u00e9n establece las reglas \u00e9ticas para su comportamiento? La Filosof\u00eda puede aportar un fundamento s\u00f3lido para enfrentar estos dilemas, ayudando a dise\u00f1ar un marco normativo que garantice el bienestar colectivo.<\/p>\n<p style=\"font-weight: 400;\">\n<p style=\"font-weight: 400;\"><strong>Un llamado a la reflexi\u00f3n interdisciplinaria<\/strong><\/p>\n<p style=\"font-weight: 400;\"><strong>\u00a0<\/strong><\/p>\n<p style=\"font-weight: 400;\">La reflexi\u00f3n filos\u00f3fica sobre la Ciencia de Datos y la IA no es un lujo acad\u00e9mico, sino una necesidad urgente en un mundo que enfrenta desaf\u00edos cada vez m\u00e1s complejos. Este di\u00e1logo interdisciplinario es esencial para garantizar que el poder de los datos no perpet\u00fae injusticias ni exacerbe desigualdades.<\/p>\n<p style=\"font-weight: 400;\">La Filosof\u00eda, con su capacidad para cuestionar lo evidente, puede guiar la transformaci\u00f3n de la Ciencia de Datos de un campo t\u00e9cnico a una fuerza verdaderamente transformadora. Este enfoque cr\u00edtico puede fortalecer comunidades, fomentar pol\u00edticas p\u00fablicas m\u00e1s transparentes y promover una sociedad m\u00e1s justa y solidaria.<\/p>\n<p style=\"font-weight: 400;\">\n<p style=\"font-weight: 400;\"><strong>Joaqu\u00edn Gotte<\/strong><\/p>\n<p style=\"font-weight: 400;\">Soci\u00f3logo y analista de datos<\/p>\n<p style=\"font-weight: 400;\"><strong>Luis Gotte<\/strong><\/p>\n<p style=\"font-weight: 400;\">Coautor de\u00a0<em>Buenos Ayres Humana I: La hora de tu comunidad<\/em>\u00a0(Ed. Fabro, 2022),\u00a0<em>Buenos Ayres Humana II: La hora de tus intendentes<\/em>\u00a0(Ed. Fabro, 2024), y en preparaci\u00f3n:\u00a0<em>Buenos Ayres Humana III: La hora del regionalismo productivo y la IA.<\/em><\/p>\n","protected":false},"excerpt":{"rendered":"<p>La interacci\u00f3n entre la Filosof\u00eda y la Ciencia de Datos abre un espacio de reflexi\u00f3n profunda y necesaria, que enfrenta preguntas fundamentales sobre la naturaleza del conocimiento, la \u00e9tica y el poder de la informaci\u00f3n.<\/p>\n","protected":false},"author":3,"featured_media":110502,"comment_status":"closed","ping_status":"closed","sticky":false,"template":"","format":"standard","meta":{"footnotes":""},"categories":[24],"tags":[],"class_list":["post-110500","post","type-post","status-publish","format-standard","has-post-thumbnail","hentry","category-politica"],"yoast_head":"<!-- This site is optimized with the Yoast SEO plugin v25.9 - https:\/\/yoast.com\/wordpress\/plugins\/seo\/ -->\n<title>PARA UNA FILOSOF\u00cdA DE LA CIENCIA DE DATOS:\u00a0nuevas fronteras del conocimiento - Noticias Radio Reflejos<\/title>\n<meta name=\"robots\" content=\"index, follow, max-snippet:-1, max-image-preview:large, max-video-preview:-1\" \/>\n<link rel=\"canonical\" href=\"https:\/\/www.noticiasradioreflejos.com.ar\/2021\/para-una-filosofia-de-la-ciencia-de-datos-nuevas-fronteras-del-conocimiento\/\" \/>\n<meta property=\"og:locale\" content=\"es_ES\" \/>\n<meta property=\"og:type\" content=\"article\" \/>\n<meta property=\"og:title\" content=\"PARA UNA FILOSOF\u00cdA DE LA CIENCIA DE DATOS:\u00a0nuevas fronteras del conocimiento - Noticias Radio Reflejos\" \/>\n<meta property=\"og:description\" content=\"La interacci\u00f3n entre la Filosof\u00eda y la Ciencia de Datos abre un espacio de reflexi\u00f3n profunda y necesaria, que enfrenta preguntas fundamentales sobre la naturaleza del conocimiento, la \u00e9tica y el poder de la informaci\u00f3n.\" \/>\n<meta property=\"og:url\" content=\"https:\/\/www.noticiasradioreflejos.com.ar\/2021\/para-una-filosofia-de-la-ciencia-de-datos-nuevas-fronteras-del-conocimiento\/\" \/>\n<meta property=\"og:site_name\" content=\"Noticias Radio Reflejos\" \/>\n<meta property=\"article:published_time\" content=\"2024-12-09T10:20:21+00:00\" \/>\n<meta property=\"og:image\" content=\"https:\/\/www.noticiasradioreflejos.com.ar\/2021\/wp-content\/uploads\/2024\/12\/Filosofia-1024x585.png\" \/>\n\t<meta property=\"og:image:width\" content=\"1024\" \/>\n\t<meta property=\"og:image:height\" content=\"585\" \/>\n\t<meta property=\"og:image:type\" content=\"image\/png\" \/>\n<meta name=\"author\" content=\"Arnaldo Botto\" \/>\n<meta name=\"twitter:card\" content=\"summary_large_image\" \/>\n<script type=\"application\/ld+json\" class=\"yoast-schema-graph\">{\"@context\":\"https:\/\/schema.org\",\"@graph\":[{\"@type\":\"WebPage\",\"@id\":\"https:\/\/www.noticiasradioreflejos.com.ar\/2021\/para-una-filosofia-de-la-ciencia-de-datos-nuevas-fronteras-del-conocimiento\/\",\"url\":\"https:\/\/www.noticiasradioreflejos.com.ar\/2021\/para-una-filosofia-de-la-ciencia-de-datos-nuevas-fronteras-del-conocimiento\/\",\"name\":\"PARA UNA FILOSOF\u00cdA DE LA CIENCIA DE DATOS:\u00a0nuevas fronteras del conocimiento - Noticias Radio Reflejos\",\"isPartOf\":{\"@id\":\"https:\/\/www.noticiasradioreflejos.com.ar\/2021\/#website\"},\"primaryImageOfPage\":{\"@id\":\"https:\/\/www.noticiasradioreflejos.com.ar\/2021\/para-una-filosofia-de-la-ciencia-de-datos-nuevas-fronteras-del-conocimiento\/#primaryimage\"},\"image\":{\"@id\":\"https:\/\/www.noticiasradioreflejos.com.ar\/2021\/para-una-filosofia-de-la-ciencia-de-datos-nuevas-fronteras-del-conocimiento\/#primaryimage\"},\"thumbnailUrl\":\"https:\/\/www.noticiasradioreflejos.com.ar\/2021\/wp-content\/uploads\/2024\/12\/Filosofia.png\",\"datePublished\":\"2024-12-09T10:20:21+00:00\",\"author\":{\"@id\":\"https:\/\/www.noticiasradioreflejos.com.ar\/2021\/#\/schema\/person\/ad82545263dcc5ec0996818884fd5fb1\"},\"breadcrumb\":{\"@id\":\"https:\/\/www.noticiasradioreflejos.com.ar\/2021\/para-una-filosofia-de-la-ciencia-de-datos-nuevas-fronteras-del-conocimiento\/#breadcrumb\"},\"inLanguage\":\"es\",\"potentialAction\":[{\"@type\":\"ReadAction\",\"target\":[\"https:\/\/www.noticiasradioreflejos.com.ar\/2021\/para-una-filosofia-de-la-ciencia-de-datos-nuevas-fronteras-del-conocimiento\/\"]}]},{\"@type\":\"ImageObject\",\"inLanguage\":\"es\",\"@id\":\"https:\/\/www.noticiasradioreflejos.com.ar\/2021\/para-una-filosofia-de-la-ciencia-de-datos-nuevas-fronteras-del-conocimiento\/#primaryimage\",\"url\":\"https:\/\/www.noticiasradioreflejos.com.ar\/2021\/wp-content\/uploads\/2024\/12\/Filosofia.png\",\"contentUrl\":\"https:\/\/www.noticiasradioreflejos.com.ar\/2021\/wp-content\/uploads\/2024\/12\/Filosofia.png\",\"width\":1792,\"height\":1024},{\"@type\":\"BreadcrumbList\",\"@id\":\"https:\/\/www.noticiasradioreflejos.com.ar\/2021\/para-una-filosofia-de-la-ciencia-de-datos-nuevas-fronteras-del-conocimiento\/#breadcrumb\",\"itemListElement\":[{\"@type\":\"ListItem\",\"position\":1,\"name\":\"Portada\",\"item\":\"https:\/\/www.noticiasradioreflejos.com.ar\/2021\/\"},{\"@type\":\"ListItem\",\"position\":2,\"name\":\"PARA UNA FILOSOF\u00cdA DE LA CIENCIA DE DATOS:\u00a0nuevas fronteras del conocimiento\"}]},{\"@type\":\"WebSite\",\"@id\":\"https:\/\/www.noticiasradioreflejos.com.ar\/2021\/#website\",\"url\":\"https:\/\/www.noticiasradioreflejos.com.ar\/2021\/\",\"name\":\"Noticias Radio Reflejos\",\"description\":\"Las noticias de mi comarca\",\"potentialAction\":[{\"@type\":\"SearchAction\",\"target\":{\"@type\":\"EntryPoint\",\"urlTemplate\":\"https:\/\/www.noticiasradioreflejos.com.ar\/2021\/?s={search_term_string}\"},\"query-input\":{\"@type\":\"PropertyValueSpecification\",\"valueRequired\":true,\"valueName\":\"search_term_string\"}}],\"inLanguage\":\"es\"},{\"@type\":\"Person\",\"@id\":\"https:\/\/www.noticiasradioreflejos.com.ar\/2021\/#\/schema\/person\/ad82545263dcc5ec0996818884fd5fb1\",\"name\":\"Arnaldo Botto\",\"image\":{\"@type\":\"ImageObject\",\"inLanguage\":\"es\",\"@id\":\"https:\/\/www.noticiasradioreflejos.com.ar\/2021\/#\/schema\/person\/image\/\",\"url\":\"https:\/\/secure.gravatar.com\/avatar\/55cb5e37c1efa326397366e6974cb338056df65cb50e7d64d1cf314e87504837?s=96&d=mm&r=g\",\"contentUrl\":\"https:\/\/secure.gravatar.com\/avatar\/55cb5e37c1efa326397366e6974cb338056df65cb50e7d64d1cf314e87504837?s=96&d=mm&r=g\",\"caption\":\"Arnaldo Botto\"},\"url\":\"https:\/\/www.noticiasradioreflejos.com.ar\/2021\/author\/arnaldo\/\"}]}<\/script>\n<!-- \/ Yoast SEO plugin. -->","yoast_head_json":{"title":"PARA UNA FILOSOF\u00cdA DE LA CIENCIA DE DATOS:\u00a0nuevas fronteras del conocimiento - Noticias Radio Reflejos","robots":{"index":"index","follow":"follow","max-snippet":"max-snippet:-1","max-image-preview":"max-image-preview:large","max-video-preview":"max-video-preview:-1"},"canonical":"https:\/\/www.noticiasradioreflejos.com.ar\/2021\/para-una-filosofia-de-la-ciencia-de-datos-nuevas-fronteras-del-conocimiento\/","og_locale":"es_ES","og_type":"article","og_title":"PARA UNA FILOSOF\u00cdA DE LA CIENCIA DE DATOS:\u00a0nuevas fronteras del conocimiento - Noticias Radio Reflejos","og_description":"La interacci\u00f3n entre la Filosof\u00eda y la Ciencia de Datos abre un espacio de reflexi\u00f3n profunda y necesaria, que enfrenta preguntas fundamentales sobre la naturaleza del conocimiento, la \u00e9tica y el poder de la informaci\u00f3n.","og_url":"https:\/\/www.noticiasradioreflejos.com.ar\/2021\/para-una-filosofia-de-la-ciencia-de-datos-nuevas-fronteras-del-conocimiento\/","og_site_name":"Noticias Radio Reflejos","article_published_time":"2024-12-09T10:20:21+00:00","og_image":[{"width":1024,"height":585,"url":"https:\/\/www.noticiasradioreflejos.com.ar\/2021\/wp-content\/uploads\/2024\/12\/Filosofia-1024x585.png","type":"image\/png"}],"author":"Arnaldo Botto","twitter_card":"summary_large_image","schema":{"@context":"https:\/\/schema.org","@graph":[{"@type":"WebPage","@id":"https:\/\/www.noticiasradioreflejos.com.ar\/2021\/para-una-filosofia-de-la-ciencia-de-datos-nuevas-fronteras-del-conocimiento\/","url":"https:\/\/www.noticiasradioreflejos.com.ar\/2021\/para-una-filosofia-de-la-ciencia-de-datos-nuevas-fronteras-del-conocimiento\/","name":"PARA UNA FILOSOF\u00cdA DE LA CIENCIA DE DATOS:\u00a0nuevas fronteras del conocimiento - Noticias Radio Reflejos","isPartOf":{"@id":"https:\/\/www.noticiasradioreflejos.com.ar\/2021\/#website"},"primaryImageOfPage":{"@id":"https:\/\/www.noticiasradioreflejos.com.ar\/2021\/para-una-filosofia-de-la-ciencia-de-datos-nuevas-fronteras-del-conocimiento\/#primaryimage"},"image":{"@id":"https:\/\/www.noticiasradioreflejos.com.ar\/2021\/para-una-filosofia-de-la-ciencia-de-datos-nuevas-fronteras-del-conocimiento\/#primaryimage"},"thumbnailUrl":"https:\/\/www.noticiasradioreflejos.com.ar\/2021\/wp-content\/uploads\/2024\/12\/Filosofia.png","datePublished":"2024-12-09T10:20:21+00:00","author":{"@id":"https:\/\/www.noticiasradioreflejos.com.ar\/2021\/#\/schema\/person\/ad82545263dcc5ec0996818884fd5fb1"},"breadcrumb":{"@id":"https:\/\/www.noticiasradioreflejos.com.ar\/2021\/para-una-filosofia-de-la-ciencia-de-datos-nuevas-fronteras-del-conocimiento\/#breadcrumb"},"inLanguage":"es","potentialAction":[{"@type":"ReadAction","target":["https:\/\/www.noticiasradioreflejos.com.ar\/2021\/para-una-filosofia-de-la-ciencia-de-datos-nuevas-fronteras-del-conocimiento\/"]}]},{"@type":"ImageObject","inLanguage":"es","@id":"https:\/\/www.noticiasradioreflejos.com.ar\/2021\/para-una-filosofia-de-la-ciencia-de-datos-nuevas-fronteras-del-conocimiento\/#primaryimage","url":"https:\/\/www.noticiasradioreflejos.com.ar\/2021\/wp-content\/uploads\/2024\/12\/Filosofia.png","contentUrl":"https:\/\/www.noticiasradioreflejos.com.ar\/2021\/wp-content\/uploads\/2024\/12\/Filosofia.png","width":1792,"height":1024},{"@type":"BreadcrumbList","@id":"https:\/\/www.noticiasradioreflejos.com.ar\/2021\/para-una-filosofia-de-la-ciencia-de-datos-nuevas-fronteras-del-conocimiento\/#breadcrumb","itemListElement":[{"@type":"ListItem","position":1,"name":"Portada","item":"https:\/\/www.noticiasradioreflejos.com.ar\/2021\/"},{"@type":"ListItem","position":2,"name":"PARA UNA FILOSOF\u00cdA DE LA CIENCIA DE DATOS:\u00a0nuevas fronteras del conocimiento"}]},{"@type":"WebSite","@id":"https:\/\/www.noticiasradioreflejos.com.ar\/2021\/#website","url":"https:\/\/www.noticiasradioreflejos.com.ar\/2021\/","name":"Noticias Radio Reflejos","description":"Las noticias de mi comarca","potentialAction":[{"@type":"SearchAction","target":{"@type":"EntryPoint","urlTemplate":"https:\/\/www.noticiasradioreflejos.com.ar\/2021\/?s={search_term_string}"},"query-input":{"@type":"PropertyValueSpecification","valueRequired":true,"valueName":"search_term_string"}}],"inLanguage":"es"},{"@type":"Person","@id":"https:\/\/www.noticiasradioreflejos.com.ar\/2021\/#\/schema\/person\/ad82545263dcc5ec0996818884fd5fb1","name":"Arnaldo Botto","image":{"@type":"ImageObject","inLanguage":"es","@id":"https:\/\/www.noticiasradioreflejos.com.ar\/2021\/#\/schema\/person\/image\/","url":"https:\/\/secure.gravatar.com\/avatar\/55cb5e37c1efa326397366e6974cb338056df65cb50e7d64d1cf314e87504837?s=96&d=mm&r=g","contentUrl":"https:\/\/secure.gravatar.com\/avatar\/55cb5e37c1efa326397366e6974cb338056df65cb50e7d64d1cf314e87504837?s=96&d=mm&r=g","caption":"Arnaldo Botto"},"url":"https:\/\/www.noticiasradioreflejos.com.ar\/2021\/author\/arnaldo\/"}]}},"_links":{"self":[{"href":"https:\/\/www.noticiasradioreflejos.com.ar\/2021\/wp-json\/wp\/v2\/posts\/110500","targetHints":{"allow":["GET"]}}],"collection":[{"href":"https:\/\/www.noticiasradioreflejos.com.ar\/2021\/wp-json\/wp\/v2\/posts"}],"about":[{"href":"https:\/\/www.noticiasradioreflejos.com.ar\/2021\/wp-json\/wp\/v2\/types\/post"}],"author":[{"embeddable":true,"href":"https:\/\/www.noticiasradioreflejos.com.ar\/2021\/wp-json\/wp\/v2\/users\/3"}],"replies":[{"embeddable":true,"href":"https:\/\/www.noticiasradioreflejos.com.ar\/2021\/wp-json\/wp\/v2\/comments?post=110500"}],"version-history":[{"count":1,"href":"https:\/\/www.noticiasradioreflejos.com.ar\/2021\/wp-json\/wp\/v2\/posts\/110500\/revisions"}],"predecessor-version":[{"id":110503,"href":"https:\/\/www.noticiasradioreflejos.com.ar\/2021\/wp-json\/wp\/v2\/posts\/110500\/revisions\/110503"}],"wp:featuredmedia":[{"embeddable":true,"href":"https:\/\/www.noticiasradioreflejos.com.ar\/2021\/wp-json\/wp\/v2\/media\/110502"}],"wp:attachment":[{"href":"https:\/\/www.noticiasradioreflejos.com.ar\/2021\/wp-json\/wp\/v2\/media?parent=110500"}],"wp:term":[{"taxonomy":"category","embeddable":true,"href":"https:\/\/www.noticiasradioreflejos.com.ar\/2021\/wp-json\/wp\/v2\/categories?post=110500"},{"taxonomy":"post_tag","embeddable":true,"href":"https:\/\/www.noticiasradioreflejos.com.ar\/2021\/wp-json\/wp\/v2\/tags?post=110500"}],"curies":[{"name":"wp","href":"https:\/\/api.w.org\/{rel}","templated":true}]}}