{"id":110479,"date":"2024-12-06T19:02:16","date_gmt":"2024-12-06T22:02:16","guid":{"rendered":"https:\/\/www.noticiasradioreflejos.com.ar\/2021\/?p=110479"},"modified":"2024-12-06T19:02:16","modified_gmt":"2024-12-06T22:02:16","slug":"francia-y-polonia-pero-tambien-organizaciones-sociales-en-europa-rechazan-el-acuerdo-ue-mercosur-y-anuncian-protestas","status":"publish","type":"post","link":"https:\/\/www.noticiasradioreflejos.com.ar\/2021\/francia-y-polonia-pero-tambien-organizaciones-sociales-en-europa-rechazan-el-acuerdo-ue-mercosur-y-anuncian-protestas\/","title":{"rendered":"Francia y Polonia pero tambi\u00e9n organizaciones sociales en Europa rechazan el acuerdo UE-Mercosur y anuncian protestas"},"content":{"rendered":"<p>El pacto anunciado en Montevideo a\u00fan est\u00e1 lejos de ser una realidad. Tiene que ser ratificado por el Consejo de la Uni\u00f3n Europea y el Parlamento de ese bloque regional. Rechazo total de organizaciones agrarias europeas. En cambio, en el Mercosur el consenso sobre el avance del tratado parece estar mucho m\u00e1s firme.<!--more--><\/p>\n<div class=\"news-info\" data-mrf-recirculation=\"firma\">\n<div class=\"info-wrapper\">\n<div class=\"date-comments-wrapper\">\n<p id=\"comments-number\" class=\"comments\">El anuncio del cierre de las negociaciones entre la Uni\u00f3n Europea (UE) y Mercosur\u00a0para un acuerdo comercial gener\u00f3 un\u00a0<strong>rechazo un\u00e1nime en Francia<\/strong>, donde la peleada clase pol\u00edtica se uni\u00f3 para repudiar el cierre del tratado de libre comercio, al que<strong>\u00a0tambi\u00e9n se oponen Polonia y Pa\u00edses Bajos<\/strong>, as\u00ed como por numerosas organizaciones sociales y campesinas.<\/p>\n<\/div>\n<\/div>\n<\/div>\n<div class=\"partner-wrapper article-page__body-row\">\n<div class=\"second-col\">\n<p class=\"article-text\">\u201cPu\u00f1alada por la espalda\u201d, \u201cinaceptable\u201d o \u201ctraici\u00f3n\u201d son algunos de los comentarios que generado en Francia el anuncio realizado este viernes en Montevideo por la presidenta de la Comisi\u00f3n Europea, Ursula von der Leyen, sobre el cierre del acuerdo tras casi 25 a\u00f1os de negociaciones.<\/p>\n<p class=\"article-text\">El acuerdo sigue siendo \u201cinaceptable\u201d en su estado actual y, como \u201c<strong>no est\u00e1 firmado ni ratificado\u201d<\/strong>, por ahora no tiene \u201cning\u00fan efecto jur\u00eddico\u201d, afirmaron fuentes del El\u00edseo. Desde la Presidencia francesa a\u00f1adieron que\u00a0<strong>\u201csolo los Estados\u201d miembros de la UE \u201cpodr\u00e1n autorizar la firma del acuerdo\u201d<\/strong>, y recalcaron que los 27 \u201cno est\u00e1n vinculados por el anuncio del fin de las negociaciones\u201d.<\/p>\n<p class=\"article-text\">En cambio, en el Mercosur el consenso sobre el avance del tratado parece estar mucho m\u00e1s firme y as\u00ed qued\u00f3 expresado en la \u00faltima cumbre realizada en Montevideo.<\/p>\n<p class=\"article-text\">Francia va a luchar \u201cen cada etapa\u201d del proceso dentro de la UE, advirti\u00f3 por su parte la ministra de Comercio Exterior en funciones, Sophie Dumas, quien recalc\u00f3 que lo ocurrido en Montevideo \u201cno compromete a los Estados miembros\u201d del bloque europeo.<\/p>\n<p class=\"article-text\">M\u00e1s duras a\u00fan fueron las reacciones de los l\u00edderes pol\u00edticos de la oposici\u00f3n. \u201c\u00a1Un acto de traici\u00f3n!\u201d, clam\u00f3 el secretario general del Partido Comunista, Fabien Roussel, en la red social X.\u00a0<strong>\u201cPu\u00f1alada por la espalda\u201d, fue la expresi\u00f3n de la l\u00edder de la extrema derecha, Marine Le Pen, quien lament\u00f3 que la Comisi\u00f3n Europea de \u201cimpuso su &#8216;diktat&#8217;\u201d<\/strong>. Le Pen acus\u00f3 tambi\u00e9n a la CE de \u201climpiarse los pies con el voto soberano de los diputados\u201d franceses, ya que la Asamblea Nacional rechaz\u00f3 por una mayor\u00eda aplastante la pasada semana el acuerdo de libre comercio, igual que ocurri\u00f3 en el Senado.<\/p>\n<p class=\"article-text\">Al otro extremo del arco pol\u00edtico, J\u00e9an-Luc M\u00e9lenchon, l\u00edder hist\u00f3rico del partido izquierdista La Francia Insumisa (LFI), prefiri\u00f3 atacar al presidente franc\u00e9s, Emmanuel Macron, que est\u00e1 inmerso en la tarea de buscar un nuevo primer ministro tras la moci\u00f3n de censura que derrib\u00f3 al Gobierno de Michel Barnier el pasado mi\u00e9rcoles. \u201cMientras Macron juega al monopoly pol\u00edtico, el Gobierno alem\u00e1n est\u00e1 encantado con el abuso de poder de Von der Leyen, que ha firmado el acuerdo de libre comercio con Mercosur en Uruguay. Con Macron, Francia sale de la Historia\u201d, afirm\u00f3.<\/p>\n<p class=\"article-text\">La l\u00edder ecologista Marine Tondelier tambi\u00e9n atac\u00f3 a Macron al criticar el acuerdo: \u201cEl balance del macronismo es tambi\u00e9n el debilitamiento de Francia en Europa y en el mundo\u201d. \u201cNuestros agricultores no pueden ser monedas de cambio\u201d, insisti\u00f3.<\/p>\n<p class=\"article-text\">Adem\u00e1s de entre la clase pol\u00edtica, las cr\u00edticas se multiplicaron tambi\u00e9n en las organizaciones agrarias, que en las \u00faltimas semanas protagonizaron protestas por todo el pa\u00eds contra este acuerdo y que tienen nuevas movilizaciones programadas para el lunes y el martes de la pr\u00f3xima semana.<\/p>\n<p class=\"article-text\">\u201cUrsula (von der Leyen) nos clava un pu\u00f1al por la espalda\u201d, consider\u00f3 Yohan Barbe, portavoz del principal sindicato agrario de Francia (FNSEA) en declaraciones al canal BFMTV, en las que avis\u00f3 tambi\u00e9n de m\u00e1s movilizaciones: \u201cVamos a endurecer nuestras acciones y a centrarlas en la UE\u201d.<\/p>\n<p class=\"article-text\">Von der Leyen no estar\u00e1 ma\u00f1ana en Par\u00eds, como otros l\u00edderes internacionales, para la ceremonia de reapertura de la catedral de Notre Dame, despu\u00e9s de inicialmente se informara de que asistir\u00eda, aunque su gabinete asegur\u00f3 hoy, tras el anuncio de Montevideo, que \u201cla visita no hab\u00eda sido confirmada oficialmente\u201d.<\/p>\n<h2 class=\"article-text\">La dura posici\u00f3n de Francia: entre pol\u00edtica, campo y medio ambiente<\/h2>\n<p class=\"article-text\"><strong>El rechazo franc\u00e9s al acuerdo se basa en que los agricultores y ganaderos del bloque suramericano no tienen que cumplir las mismas exigencias fitosanitarias o ambientales que los productores europeos, por lo que estos sufrir\u00edan una competencia desleal, seg\u00fan Par\u00eds.<\/strong><\/p>\n<p class=\"article-text\">Dos de los problemas que m\u00e1s se mencionan en Par\u00eds, pero no los \u00fanicos, son la utilizaci\u00f3n de hormonas y antibi\u00f3ticos para el crecimiento del ganado vacuno y de aves, o la falta de garant\u00edas en cuestiones ambientales, como el final de la deforestaci\u00f3n amaz\u00f3nica con fines agr\u00edcolas.<\/p>\n<p class=\"article-text\"><strong>Francia lider\u00f3 la oposici\u00f3n al acuerdo-incluso con el &#8216;no&#8217; de la Asamblea- junto a Holanda y Polonia por temor a que se acreciente la crisis del campo<\/strong>. Buena parte de los agricultores y ganaderos, especialmente los productores de carne de res, l\u00e1cteos y cereales, manifestaron sus recelos por la competencia a precios m\u00e1s bajos de la producci\u00f3n en los pa\u00edses de Am\u00e9rica del Sur.<\/p>\n<p class=\"article-text\"><strong>Por el momento, no hay fecha ni para la aprobaci\u00f3n ni para la entrada en vigor de un texto que afecta a 31 pa\u00edses (Bolivia a\u00fan no forma parte completa de Mercosur) y que tienen que ratificar el Consejo de la UE y el Parlamento Europeo.<\/strong><\/p>\n<p class=\"article-text\">Alemania, cuya econom\u00eda en horas bajas depende en buena medida de las exportaciones, y Espa\u00f1a fueron los pa\u00edses europeos que m\u00e1s empujaron para que el acuerdo saliera adelante.<\/p>\n<p class=\"article-text\">Italia puso objeciones hasta el \u00faltimo momento. \u201cTenemos que comprobar que los pa\u00edses del Mercosur cumplen las mismas obligaciones que nosotros imponemos a nuestros agricultores en materia de respeto de los derechos de los trabajadores y del medio ambiente\u201d, expres\u00f3 hace dos d\u00edas el ministro de Agricultura, Francesco Lollobrigida, de la extrema derecha de Fratelli d&#8217;Italia, que reclam\u00f3 ajustes para poder dar el visto bueno al texto.<\/p>\n<p class=\"article-text\">Por la parte de Mercosur, el debate hasta el \u00faltimo momento fue respecto a la \u201cflexibilidad\u201d para que los pa\u00edses que forman parte del bloque puedan llegar a acuerdos bilaterales. Ese es el objetivo \u00faltimo de Javier Milei, presidente pro tempore del Mercosur desde este viernes, que quiere negociar con China y Estados Unidos.<\/p>\n<p class=\"article-text\">Tambi\u00e9n el Parlamento Europeo tiene que validar el acuerdo. Los Verdes y La Izquierda ya manifestaron su rechazo frontal al trato. \u201cUrsula von der Leyen sell\u00f3 el acuerdo UE-Mercosur con el presidente argentino de extrema derecha, Javier Milei, en una maniobra que no satisface ni las necesidades de los europeos ni las de los ciudadanos de los pa\u00edses del Mercosur. Una vez m\u00e1s, una minor\u00eda de actores de los sectores agroalimentario, automovil\u00edstico y qu\u00edmico se beneficiar\u00e1 de esta toma de poder\u201d, se\u00f1ala en un comunicado la eurodiputada Saskia Bricmont: \u201cLas preocupaciones expresadas por los agricultores europeos, la creaci\u00f3n de empleo y la protecci\u00f3n de los derechos sociales, la salud y los bosques en los pa\u00edses del Mercosur no son prioridades para la presidenta de la Comisi\u00f3n Europea\u201d.<\/p>\n<h2 class=\"article-text\">Rechazo de las organizaciones sociales<\/h2>\n<p class=\"article-text\">Tambi\u00e9n desde el grupo de La Izquierda cuestionan el texto y advierten de la opacidad de las negociaciones. Consideran que causar\u00e1 \u201cda\u00f1os significativos tanto a las personas como al planeta\u201d al poner en peligro \u201clos derechos de los trabajadores y las empresas m\u00e1s peque\u00f1as a ambos lados del Atl\u00e1ntico, para favorecer los intereses de las grandes corporaciones\u201d.<\/p>\n<p class=\"article-text\">Las cr\u00edticas tambi\u00e9n llegan de las organizaciones sociales por la escasez respecto a los compromisos en materia medioambiental y de derechos laborales, que consideran insuficientes. La gran preocupaci\u00f3n es que se perpet\u00fae la explotaci\u00f3n laboral en el sector primario de Mercosur y que se ponga en riesgo la soberan\u00eda alimentaria de las comunidades locales al fomentarse la producci\u00f3n a gran escala al priorizarse la exportaci\u00f3n.<\/p>\n<p class=\"article-text\">\u201c25 a\u00f1os de conversaciones secretas a puerta cerrada, dejando de lado una y otra vez las preocupaciones de la opini\u00f3n p\u00fablica, han desembocado hoy en un acuerdo que aumentar\u00e1 el comercio de carne de vacuno, pesticidas y pl\u00e1sticos, con consecuencias desastrosas para la Amazonia, el clima y los derechos humanos. Es vergonzoso que los dirigentes de la UE y Mercosur sigan adelante con este acuerdo t\u00f3xico\u201d, denuncia Lis Cunha (Greenpeace).<\/p>\n<p class=\"article-text\">Tambi\u00e9n la asociaci\u00f3n de sindicatos europeos ETUC alerta en contra del acuerdo: 2Aunque el acuerdo ofrece nuevas oportunidades para la creaci\u00f3n de empleo y la cooperaci\u00f3n entre Europa y Sudam\u00e9rica, los sindicatos siguen preocupados. La falta de transparencia y legitimidad democr\u00e1tica en estas negociaciones se ha sumado a esas preocupaciones\u201c.<\/p>\n<p class=\"article-text\">El comit\u00e9 de organizaciones agrarias y cooperativas europeas (Copa-Cogeca) lament\u00f3 el anuncio del acuerdo comercial entre la Uni\u00f3n Europea y Mercosur, al entender que tendr\u00e1 \u201cprofundas consecuencias para la agricultura familiar en toda Europa\u201d y anunci\u00f3 protestas en Bruselas el pr\u00f3ximo lunes. \u201cLos temores de la comunidad agr\u00edcola se materializaron\u201d, indic\u00f3 el Copa-Cogeca en un comunicado que alerta de que, si los Estados miembros y el Parlamento Europeo aceptan el acuerdo, el impacto lo sufrir\u00e1n tambi\u00e9n 450 millones de consumidores de la UE.<\/p>\n<p class=\"article-text\">Desde la Coordinadora Europea V\u00eda Campesina (peque\u00f1os y medianos agricultores), condenaron la decisi\u00f3n de la Comisi\u00f3n Europea y de los l\u00edderes del Mercosur de concluir las negociaciones, y aseguraron que los campesinos seguir\u00e1n moviliz\u00e1ndose contra el acuerdo comercial \u201cy, de un modo u otro, le pondr\u00e1n fin\u201d. En un comunicado, se\u00f1alaron tambi\u00e9n que el pacto entre la UE y el Mercosur \u201ccontradice totalmente los compromisos de todos los gobiernos nacionales de esos bloques en materia de lucha contra el cambio clim\u00e1tico\u201d.<\/p>\n<div id=\"container-after-news-outlook\"><\/div>\n<p class=\"article-text\">\u201cAhora observaremos con atenci\u00f3n lo que realmente har\u00e1n los gobiernos y los grupos pol\u00edticos que durante la movilizaci\u00f3n hist\u00f3rica de los agricultores a principios de este a\u00f1o afirmaron estar cerca de los agricultores. Tienen que posicionarse en contra del tratado y de esta forma antidemocr\u00e1tica de negociar acuerdos comerciales\u201d, dijo Andoni Garc\u00eda, desde la Coordinaci\u00f3n Europea V\u00eda Campesina.<\/p>\n<p class=\"authors\"><strong>Fuente elDiarioAR<\/strong><\/p>\n<div class=\"date-comments-wrapper\">\n<p id=\"comments-number\" class=\"comments\">\n<\/div>\n<\/div>\n<\/div>\n","protected":false},"excerpt":{"rendered":"<p>El pacto anunciado en Montevideo a\u00fan est\u00e1 lejos de ser una realidad. Tiene que ser ratificado por el Consejo de la Uni\u00f3n Europea y el Parlamento de ese bloque regional. Rechazo total de organizaciones agrarias europeas. En cambio, en el Mercosur el consenso sobre el avance del tratado parece estar mucho m\u00e1s firme.<\/p>\n","protected":false},"author":3,"featured_media":110480,"comment_status":"closed","ping_status":"closed","sticky":false,"template":"","format":"standard","meta":{"footnotes":""},"categories":[36,24],"tags":[],"class_list":["post-110479","post","type-post","status-publish","format-standard","has-post-thumbnail","hentry","category-economia","category-politica"],"yoast_head":"<!-- This site is optimized with the Yoast SEO plugin v25.9 - https:\/\/yoast.com\/wordpress\/plugins\/seo\/ -->\n<title>Francia y Polonia pero tambi\u00e9n organizaciones sociales en Europa rechazan el acuerdo UE-Mercosur y anuncian protestas - Noticias Radio Reflejos<\/title>\n<meta name=\"robots\" content=\"index, follow, max-snippet:-1, max-image-preview:large, max-video-preview:-1\" \/>\n<link rel=\"canonical\" href=\"https:\/\/www.noticiasradioreflejos.com.ar\/2021\/francia-y-polonia-pero-tambien-organizaciones-sociales-en-europa-rechazan-el-acuerdo-ue-mercosur-y-anuncian-protestas\/\" \/>\n<meta property=\"og:locale\" content=\"es_ES\" \/>\n<meta property=\"og:type\" content=\"article\" \/>\n<meta property=\"og:title\" content=\"Francia y Polonia pero tambi\u00e9n organizaciones sociales en Europa rechazan el acuerdo UE-Mercosur y anuncian protestas - Noticias Radio Reflejos\" \/>\n<meta property=\"og:description\" content=\"El pacto anunciado en Montevideo a\u00fan est\u00e1 lejos de ser una realidad. Tiene que ser ratificado por el Consejo de la Uni\u00f3n Europea y el Parlamento de ese bloque regional. Rechazo total de organizaciones agrarias europeas. En cambio, en el Mercosur el consenso sobre el avance del tratado parece estar mucho m\u00e1s firme.\" \/>\n<meta property=\"og:url\" content=\"https:\/\/www.noticiasradioreflejos.com.ar\/2021\/francia-y-polonia-pero-tambien-organizaciones-sociales-en-europa-rechazan-el-acuerdo-ue-mercosur-y-anuncian-protestas\/\" \/>\n<meta property=\"og:site_name\" content=\"Noticias Radio Reflejos\" \/>\n<meta property=\"article:published_time\" content=\"2024-12-06T22:02:16+00:00\" \/>\n<meta property=\"og:image\" content=\"https:\/\/www.noticiasradioreflejos.com.ar\/2021\/wp-content\/uploads\/2024\/12\/UE.jpg\" \/>\n\t<meta property=\"og:image:width\" content=\"1200\" \/>\n\t<meta property=\"og:image:height\" content=\"675\" \/>\n\t<meta property=\"og:image:type\" content=\"image\/jpeg\" \/>\n<meta name=\"author\" content=\"Arnaldo Botto\" \/>\n<meta name=\"twitter:card\" content=\"summary_large_image\" \/>\n<script type=\"application\/ld+json\" class=\"yoast-schema-graph\">{\"@context\":\"https:\/\/schema.org\",\"@graph\":[{\"@type\":\"WebPage\",\"@id\":\"https:\/\/www.noticiasradioreflejos.com.ar\/2021\/francia-y-polonia-pero-tambien-organizaciones-sociales-en-europa-rechazan-el-acuerdo-ue-mercosur-y-anuncian-protestas\/\",\"url\":\"https:\/\/www.noticiasradioreflejos.com.ar\/2021\/francia-y-polonia-pero-tambien-organizaciones-sociales-en-europa-rechazan-el-acuerdo-ue-mercosur-y-anuncian-protestas\/\",\"name\":\"Francia y Polonia pero tambi\u00e9n organizaciones sociales en Europa rechazan el acuerdo UE-Mercosur y anuncian protestas - Noticias Radio Reflejos\",\"isPartOf\":{\"@id\":\"https:\/\/www.noticiasradioreflejos.com.ar\/2021\/#website\"},\"primaryImageOfPage\":{\"@id\":\"https:\/\/www.noticiasradioreflejos.com.ar\/2021\/francia-y-polonia-pero-tambien-organizaciones-sociales-en-europa-rechazan-el-acuerdo-ue-mercosur-y-anuncian-protestas\/#primaryimage\"},\"image\":{\"@id\":\"https:\/\/www.noticiasradioreflejos.com.ar\/2021\/francia-y-polonia-pero-tambien-organizaciones-sociales-en-europa-rechazan-el-acuerdo-ue-mercosur-y-anuncian-protestas\/#primaryimage\"},\"thumbnailUrl\":\"https:\/\/www.noticiasradioreflejos.com.ar\/2021\/wp-content\/uploads\/2024\/12\/UE.jpg\",\"datePublished\":\"2024-12-06T22:02:16+00:00\",\"author\":{\"@id\":\"https:\/\/www.noticiasradioreflejos.com.ar\/2021\/#\/schema\/person\/ad82545263dcc5ec0996818884fd5fb1\"},\"breadcrumb\":{\"@id\":\"https:\/\/www.noticiasradioreflejos.com.ar\/2021\/francia-y-polonia-pero-tambien-organizaciones-sociales-en-europa-rechazan-el-acuerdo-ue-mercosur-y-anuncian-protestas\/#breadcrumb\"},\"inLanguage\":\"es\",\"potentialAction\":[{\"@type\":\"ReadAction\",\"target\":[\"https:\/\/www.noticiasradioreflejos.com.ar\/2021\/francia-y-polonia-pero-tambien-organizaciones-sociales-en-europa-rechazan-el-acuerdo-ue-mercosur-y-anuncian-protestas\/\"]}]},{\"@type\":\"ImageObject\",\"inLanguage\":\"es\",\"@id\":\"https:\/\/www.noticiasradioreflejos.com.ar\/2021\/francia-y-polonia-pero-tambien-organizaciones-sociales-en-europa-rechazan-el-acuerdo-ue-mercosur-y-anuncian-protestas\/#primaryimage\",\"url\":\"https:\/\/www.noticiasradioreflejos.com.ar\/2021\/wp-content\/uploads\/2024\/12\/UE.jpg\",\"contentUrl\":\"https:\/\/www.noticiasradioreflejos.com.ar\/2021\/wp-content\/uploads\/2024\/12\/UE.jpg\",\"width\":1200,\"height\":675},{\"@type\":\"BreadcrumbList\",\"@id\":\"https:\/\/www.noticiasradioreflejos.com.ar\/2021\/francia-y-polonia-pero-tambien-organizaciones-sociales-en-europa-rechazan-el-acuerdo-ue-mercosur-y-anuncian-protestas\/#breadcrumb\",\"itemListElement\":[{\"@type\":\"ListItem\",\"position\":1,\"name\":\"Portada\",\"item\":\"https:\/\/www.noticiasradioreflejos.com.ar\/2021\/\"},{\"@type\":\"ListItem\",\"position\":2,\"name\":\"Francia y Polonia pero tambi\u00e9n organizaciones sociales en Europa rechazan el acuerdo UE-Mercosur y anuncian protestas\"}]},{\"@type\":\"WebSite\",\"@id\":\"https:\/\/www.noticiasradioreflejos.com.ar\/2021\/#website\",\"url\":\"https:\/\/www.noticiasradioreflejos.com.ar\/2021\/\",\"name\":\"Noticias Radio Reflejos\",\"description\":\"Las noticias de mi comarca\",\"potentialAction\":[{\"@type\":\"SearchAction\",\"target\":{\"@type\":\"EntryPoint\",\"urlTemplate\":\"https:\/\/www.noticiasradioreflejos.com.ar\/2021\/?s={search_term_string}\"},\"query-input\":{\"@type\":\"PropertyValueSpecification\",\"valueRequired\":true,\"valueName\":\"search_term_string\"}}],\"inLanguage\":\"es\"},{\"@type\":\"Person\",\"@id\":\"https:\/\/www.noticiasradioreflejos.com.ar\/2021\/#\/schema\/person\/ad82545263dcc5ec0996818884fd5fb1\",\"name\":\"Arnaldo Botto\",\"image\":{\"@type\":\"ImageObject\",\"inLanguage\":\"es\",\"@id\":\"https:\/\/www.noticiasradioreflejos.com.ar\/2021\/#\/schema\/person\/image\/\",\"url\":\"https:\/\/secure.gravatar.com\/avatar\/55cb5e37c1efa326397366e6974cb338056df65cb50e7d64d1cf314e87504837?s=96&d=mm&r=g\",\"contentUrl\":\"https:\/\/secure.gravatar.com\/avatar\/55cb5e37c1efa326397366e6974cb338056df65cb50e7d64d1cf314e87504837?s=96&d=mm&r=g\",\"caption\":\"Arnaldo Botto\"},\"url\":\"https:\/\/www.noticiasradioreflejos.com.ar\/2021\/author\/arnaldo\/\"}]}<\/script>\n<!-- \/ Yoast SEO plugin. -->","yoast_head_json":{"title":"Francia y Polonia pero tambi\u00e9n organizaciones sociales en Europa rechazan el acuerdo UE-Mercosur y anuncian protestas - Noticias Radio Reflejos","robots":{"index":"index","follow":"follow","max-snippet":"max-snippet:-1","max-image-preview":"max-image-preview:large","max-video-preview":"max-video-preview:-1"},"canonical":"https:\/\/www.noticiasradioreflejos.com.ar\/2021\/francia-y-polonia-pero-tambien-organizaciones-sociales-en-europa-rechazan-el-acuerdo-ue-mercosur-y-anuncian-protestas\/","og_locale":"es_ES","og_type":"article","og_title":"Francia y Polonia pero tambi\u00e9n organizaciones sociales en Europa rechazan el acuerdo UE-Mercosur y anuncian protestas - Noticias Radio Reflejos","og_description":"El pacto anunciado en Montevideo a\u00fan est\u00e1 lejos de ser una realidad. Tiene que ser ratificado por el Consejo de la Uni\u00f3n Europea y el Parlamento de ese bloque regional. Rechazo total de organizaciones agrarias europeas. En cambio, en el Mercosur el consenso sobre el avance del tratado parece estar mucho m\u00e1s firme.","og_url":"https:\/\/www.noticiasradioreflejos.com.ar\/2021\/francia-y-polonia-pero-tambien-organizaciones-sociales-en-europa-rechazan-el-acuerdo-ue-mercosur-y-anuncian-protestas\/","og_site_name":"Noticias Radio Reflejos","article_published_time":"2024-12-06T22:02:16+00:00","og_image":[{"width":1200,"height":675,"url":"https:\/\/www.noticiasradioreflejos.com.ar\/2021\/wp-content\/uploads\/2024\/12\/UE.jpg","type":"image\/jpeg"}],"author":"Arnaldo Botto","twitter_card":"summary_large_image","schema":{"@context":"https:\/\/schema.org","@graph":[{"@type":"WebPage","@id":"https:\/\/www.noticiasradioreflejos.com.ar\/2021\/francia-y-polonia-pero-tambien-organizaciones-sociales-en-europa-rechazan-el-acuerdo-ue-mercosur-y-anuncian-protestas\/","url":"https:\/\/www.noticiasradioreflejos.com.ar\/2021\/francia-y-polonia-pero-tambien-organizaciones-sociales-en-europa-rechazan-el-acuerdo-ue-mercosur-y-anuncian-protestas\/","name":"Francia y Polonia pero tambi\u00e9n organizaciones sociales en Europa rechazan el acuerdo UE-Mercosur y anuncian protestas - Noticias Radio Reflejos","isPartOf":{"@id":"https:\/\/www.noticiasradioreflejos.com.ar\/2021\/#website"},"primaryImageOfPage":{"@id":"https:\/\/www.noticiasradioreflejos.com.ar\/2021\/francia-y-polonia-pero-tambien-organizaciones-sociales-en-europa-rechazan-el-acuerdo-ue-mercosur-y-anuncian-protestas\/#primaryimage"},"image":{"@id":"https:\/\/www.noticiasradioreflejos.com.ar\/2021\/francia-y-polonia-pero-tambien-organizaciones-sociales-en-europa-rechazan-el-acuerdo-ue-mercosur-y-anuncian-protestas\/#primaryimage"},"thumbnailUrl":"https:\/\/www.noticiasradioreflejos.com.ar\/2021\/wp-content\/uploads\/2024\/12\/UE.jpg","datePublished":"2024-12-06T22:02:16+00:00","author":{"@id":"https:\/\/www.noticiasradioreflejos.com.ar\/2021\/#\/schema\/person\/ad82545263dcc5ec0996818884fd5fb1"},"breadcrumb":{"@id":"https:\/\/www.noticiasradioreflejos.com.ar\/2021\/francia-y-polonia-pero-tambien-organizaciones-sociales-en-europa-rechazan-el-acuerdo-ue-mercosur-y-anuncian-protestas\/#breadcrumb"},"inLanguage":"es","potentialAction":[{"@type":"ReadAction","target":["https:\/\/www.noticiasradioreflejos.com.ar\/2021\/francia-y-polonia-pero-tambien-organizaciones-sociales-en-europa-rechazan-el-acuerdo-ue-mercosur-y-anuncian-protestas\/"]}]},{"@type":"ImageObject","inLanguage":"es","@id":"https:\/\/www.noticiasradioreflejos.com.ar\/2021\/francia-y-polonia-pero-tambien-organizaciones-sociales-en-europa-rechazan-el-acuerdo-ue-mercosur-y-anuncian-protestas\/#primaryimage","url":"https:\/\/www.noticiasradioreflejos.com.ar\/2021\/wp-content\/uploads\/2024\/12\/UE.jpg","contentUrl":"https:\/\/www.noticiasradioreflejos.com.ar\/2021\/wp-content\/uploads\/2024\/12\/UE.jpg","width":1200,"height":675},{"@type":"BreadcrumbList","@id":"https:\/\/www.noticiasradioreflejos.com.ar\/2021\/francia-y-polonia-pero-tambien-organizaciones-sociales-en-europa-rechazan-el-acuerdo-ue-mercosur-y-anuncian-protestas\/#breadcrumb","itemListElement":[{"@type":"ListItem","position":1,"name":"Portada","item":"https:\/\/www.noticiasradioreflejos.com.ar\/2021\/"},{"@type":"ListItem","position":2,"name":"Francia y Polonia pero tambi\u00e9n organizaciones sociales en Europa rechazan el acuerdo UE-Mercosur y anuncian protestas"}]},{"@type":"WebSite","@id":"https:\/\/www.noticiasradioreflejos.com.ar\/2021\/#website","url":"https:\/\/www.noticiasradioreflejos.com.ar\/2021\/","name":"Noticias Radio Reflejos","description":"Las noticias de mi comarca","potentialAction":[{"@type":"SearchAction","target":{"@type":"EntryPoint","urlTemplate":"https:\/\/www.noticiasradioreflejos.com.ar\/2021\/?s={search_term_string}"},"query-input":{"@type":"PropertyValueSpecification","valueRequired":true,"valueName":"search_term_string"}}],"inLanguage":"es"},{"@type":"Person","@id":"https:\/\/www.noticiasradioreflejos.com.ar\/2021\/#\/schema\/person\/ad82545263dcc5ec0996818884fd5fb1","name":"Arnaldo Botto","image":{"@type":"ImageObject","inLanguage":"es","@id":"https:\/\/www.noticiasradioreflejos.com.ar\/2021\/#\/schema\/person\/image\/","url":"https:\/\/secure.gravatar.com\/avatar\/55cb5e37c1efa326397366e6974cb338056df65cb50e7d64d1cf314e87504837?s=96&d=mm&r=g","contentUrl":"https:\/\/secure.gravatar.com\/avatar\/55cb5e37c1efa326397366e6974cb338056df65cb50e7d64d1cf314e87504837?s=96&d=mm&r=g","caption":"Arnaldo Botto"},"url":"https:\/\/www.noticiasradioreflejos.com.ar\/2021\/author\/arnaldo\/"}]}},"_links":{"self":[{"href":"https:\/\/www.noticiasradioreflejos.com.ar\/2021\/wp-json\/wp\/v2\/posts\/110479","targetHints":{"allow":["GET"]}}],"collection":[{"href":"https:\/\/www.noticiasradioreflejos.com.ar\/2021\/wp-json\/wp\/v2\/posts"}],"about":[{"href":"https:\/\/www.noticiasradioreflejos.com.ar\/2021\/wp-json\/wp\/v2\/types\/post"}],"author":[{"embeddable":true,"href":"https:\/\/www.noticiasradioreflejos.com.ar\/2021\/wp-json\/wp\/v2\/users\/3"}],"replies":[{"embeddable":true,"href":"https:\/\/www.noticiasradioreflejos.com.ar\/2021\/wp-json\/wp\/v2\/comments?post=110479"}],"version-history":[{"count":1,"href":"https:\/\/www.noticiasradioreflejos.com.ar\/2021\/wp-json\/wp\/v2\/posts\/110479\/revisions"}],"predecessor-version":[{"id":110481,"href":"https:\/\/www.noticiasradioreflejos.com.ar\/2021\/wp-json\/wp\/v2\/posts\/110479\/revisions\/110481"}],"wp:featuredmedia":[{"embeddable":true,"href":"https:\/\/www.noticiasradioreflejos.com.ar\/2021\/wp-json\/wp\/v2\/media\/110480"}],"wp:attachment":[{"href":"https:\/\/www.noticiasradioreflejos.com.ar\/2021\/wp-json\/wp\/v2\/media?parent=110479"}],"wp:term":[{"taxonomy":"category","embeddable":true,"href":"https:\/\/www.noticiasradioreflejos.com.ar\/2021\/wp-json\/wp\/v2\/categories?post=110479"},{"taxonomy":"post_tag","embeddable":true,"href":"https:\/\/www.noticiasradioreflejos.com.ar\/2021\/wp-json\/wp\/v2\/tags?post=110479"}],"curies":[{"name":"wp","href":"https:\/\/api.w.org\/{rel}","templated":true}]}}