{"id":110348,"date":"2024-12-03T14:57:25","date_gmt":"2024-12-03T17:57:25","guid":{"rendered":"https:\/\/www.noticiasradioreflejos.com.ar\/2021\/?p=110348"},"modified":"2024-12-03T14:57:25","modified_gmt":"2024-12-03T17:57:25","slug":"50-anos-buscando-a-su-madre-y-una-respuesta-inesperada-si-tuve-una-hija-si-hace-mucho-tiempo-pero-nacio-muerta-fue-asi","status":"publish","type":"post","link":"https:\/\/www.noticiasradioreflejos.com.ar\/2021\/50-anos-buscando-a-su-madre-y-una-respuesta-inesperada-si-tuve-una-hija-si-hace-mucho-tiempo-pero-nacio-muerta-fue-asi\/","title":{"rendered":"50 a\u00f1os buscando a su madre y una respuesta inesperada: \u00abSi tuve una hija? S\u00ed, hace mucho tiempo, pero naci\u00f3 muerta\u00bb. \u00bfFue as\u00ed?"},"content":{"rendered":"<p style=\"font-weight: 400;\">Marcela ten\u00eda 52 a\u00f1os en septiembre de 2023 cuando tom\u00f3 contacto con el Programa de Derecho a la Identidad Biol\u00f3gica de la Defensor\u00eda del Pueblo de la Naci\u00f3n. Lleg\u00f3, como tantos otros, munida de retazos de su historia, muchas dudas y pocas certezas.<!--more--><\/p>\n<p style=\"font-weight: 400;\">Sab\u00eda que naci\u00f3 en junio de 1971, alrededor del 14, en un hospital de una isla que pertenece al municipio de San Fernando, que la hab\u00edan ido a buscar en una lancha taxi y que su mam\u00e1 biol\u00f3gica trabajaba en ese entonces como empleada dom\u00e9stica en la casa de Quien ser\u00eda su padre biol\u00f3gico. Tambi\u00e9n sobre cierta relaci\u00f3n de ambos con un determinado aserradero, ubicado en Tigre, provincia de Buenos Aires. Todo esto Marcela lo supo porque Mar\u00eda Marta, su madre de crianza se lo hab\u00eda contado.<\/p>\n<p style=\"font-weight: 400;\">Marcela no ten\u00eda otros datos y la informaci\u00f3n con que contaba no alcanzaba para encontrar su origen biol\u00f3gico, algo tan b\u00e1sico e indispensable como saber qui\u00e9n era.<\/p>\n<p style=\"font-weight: 400;\">Marcela aport\u00f3 a la Defensor\u00eda del Pueblo su partida de nacimiento que indicaba haber nacido en la Ciudad de Buenos Aires y una lista de hospitales de San Fernando, aclarando que los libros de parto de 1971 de estos hospitales se encontrar\u00edan en las oficinas de la municipalidad de San Fernando.<\/p>\n<p style=\"font-weight: 400;\">La DPN deb\u00eda poner manos a la obra. \u00bfQu\u00e9 buscar? A una mujer que hubiera dado a luz a una ni\u00f1a en junio de 1971 en uno de los hospitales de una isla de San Fernando en la provincia de Buenos Aires; y alguna relaci\u00f3n, quiz\u00e1s, con aquel aserradero.<\/p>\n<p style=\"font-weight: 400;\"><strong>Comienzo de la investigaci\u00f3n:<\/strong><\/p>\n<p style=\"font-weight: 400;\">Como primera medida se pudo dar con los libros de partos del 10 al 20 de junio de 1971 de uno de los hospitales consultados.<\/p>\n<p style=\"font-weight: 400;\">En diciembre del 2023 se recibi\u00f3 la respuesta. Entre toda la documentaci\u00f3n hubo una que destac\u00f3: en el libro del Hospital Boca Carabelas del Delta se destacan tres partos: el 20 de junio hab\u00edan dado a luz a un ni\u00f1o y a dos ni\u00f1as. Descartado el var\u00f3n, quedaban las dos ni\u00f1as, pero de una de ellas se observ\u00f3 un dato que llam\u00f3 la atenci\u00f3n de los investigadores de la DPN.<\/p>\n<p style=\"font-weight: 400;\">El 17 de junio de 1971 una mujer de 26 a\u00f1os llamada M\u00f3nica B., de estado civil soltera, hab\u00eda dado a luz a una ni\u00f1a de 3,7 kg. El domicilio que la madre hab\u00eda registrado en el Hospital Boca Carabelas era el mismo aserradero, en Carapachay, provincia de Buenos Aires.<\/p>\n<p style=\"font-weight: 400;\">\u00bfAserradero? \u00bfno se trataba del mismo que mencionara Marcela? Era el mismo y una peque\u00f1a luz de esperanza parec\u00eda abrirse en este caso; hab\u00eda que encontrar a M\u00f3nica B.<\/p>\n<p style=\"font-weight: 400;\">La DPN, entonces, solicit\u00f3 nuevos informes para dar con el paradero de una mujer llamada M\u00f3nica B., nacida entre 1943 y 1949.<\/p>\n<p style=\"font-weight: 400;\">El 31 de enero lleg\u00f3 otra respuesta que informaba sobre una mujer de nombre M\u00f3nica B., nacida en mayo de 1945 en la provincia de Entre R\u00edos y con \u00faltimo domicilio declarado en Montecarlo, Misiones. No hab\u00eda registro de n\u00famero telef\u00f3nico, s\u00ed una fotograf\u00eda y su \u00faltimo domicilio declarado.<\/p>\n<p style=\"font-weight: 400;\">El delegado de la DPN en Misiones indag\u00f3 con diversas fuentes para dar con el paradero de M\u00f3nica B., pero nadie sab\u00eda de ella. Entonces se decidi\u00f3 pedir colaboraci\u00f3n a la Polic\u00eda de la Provincia de Misiones para que ubicara a M\u00f3nica.<\/p>\n<p style=\"font-weight: 400;\">Mientras tanto, Marcela no dejaba de aportar todo cuanto pod\u00eda conseguir para nuestra investigaci\u00f3n, datos, fotos, nombres, fechas. \u00bfC\u00f3mo no comprender la ansiedad de Marcela por encontrar su identidad?<\/p>\n<p style=\"font-weight: 400;\">Era julio del 2024 cuando en la Defensor\u00eda se recibi\u00f3 un llamado: una mujer que se identific\u00f3 como la nuera de M\u00f3nica B. y que respond\u00eda al pedido de contacto que le transmiti\u00f3 la polic\u00eda.<\/p>\n<p style=\"font-weight: 400;\">La primera vez que la DPN se comunic\u00f3 con M\u00f3nica B. para consultarle sobre el caso que investigaba ella respondi\u00f3: \u00bfsi tuve una hija?, s\u00ed, hace mucho tiempo, pero naci\u00f3 muerta. Agreg\u00f3 que ella trabajaba como empleada dom\u00e9stica en el aserradero y que, por aquel entonces, hab\u00eda dado a luz una ni\u00f1a en el hospital mencionado.<\/p>\n<p style=\"font-weight: 400;\">Frente a tantas coincidencias de los relatos de ambas, M\u00f3nica B. acept\u00f3 realizarse un cotejo de ADN que confirm\u00f3 el v\u00ednculo biol\u00f3gico entre ellas.<\/p>\n<p style=\"font-weight: 400;\">Por fin, despu\u00e9s de un a\u00f1o de investigaci\u00f3n la madre de Marcela hab\u00eda sido encontrada. Un detalle en un libro de partos que hac\u00eda a\u00f1os se ocultaba en las estanter\u00edas de las oficinas de un municipio: el aserradero.<\/p>\n<p style=\"font-weight: 400;\">El resto de la historia la reconstruir\u00e1, si as\u00ed lo desea, Marcela. Seg\u00fan informaci\u00f3n que ella misma pudo recabar, su madre la dio con consentimiento sabiendo que naci\u00f3 viva, pero esa historia, haya sido de un modo o de otro, le pertenece.<\/p>\n<p style=\"font-weight: 400;\">Su origen biol\u00f3gico se abre frente a ella por primera vez despu\u00e9s de muchos a\u00f1os de b\u00fasqueda.<\/p>\n<p>&nbsp;<\/p>\n<h3 class=\"iw gFxsud\"><span class=\"qu\" tabindex=\"-1\" role=\"gridcell\" translate=\"no\"><span class=\"gD\" data-hovercard-id=\"prensa@defensor.gob.ar\" data-hovercard-owner-id=\"48\">DPN<\/span><\/span><\/h3>\n","protected":false},"excerpt":{"rendered":"<p>Marcela ten\u00eda 52 a\u00f1os en septiembre de 2023 cuando tom\u00f3 contacto con el Programa de Derecho a la Identidad Biol\u00f3gica de la Defensor\u00eda del Pueblo de la Naci\u00f3n. Lleg\u00f3, como tantos otros, munida de retazos de su historia, muchas dudas y pocas certezas.<\/p>\n","protected":false},"author":3,"featured_media":110349,"comment_status":"closed","ping_status":"closed","sticky":false,"template":"","format":"standard","meta":{"footnotes":""},"categories":[24,26],"tags":[48],"class_list":["post-110348","post","type-post","status-publish","format-standard","has-post-thumbnail","hentry","category-politica","category-sociedad","tag-destacada"],"yoast_head":"<!-- This site is optimized with the Yoast SEO plugin v25.9 - https:\/\/yoast.com\/wordpress\/plugins\/seo\/ -->\n<title>50 a\u00f1os buscando a su madre y una respuesta inesperada: &quot;Si tuve una hija? S\u00ed, hace mucho tiempo, pero naci\u00f3 muerta&quot;. \u00bfFue as\u00ed? - Noticias Radio Reflejos<\/title>\n<meta name=\"robots\" content=\"index, follow, max-snippet:-1, max-image-preview:large, max-video-preview:-1\" \/>\n<link rel=\"canonical\" href=\"https:\/\/www.noticiasradioreflejos.com.ar\/2021\/50-anos-buscando-a-su-madre-y-una-respuesta-inesperada-si-tuve-una-hija-si-hace-mucho-tiempo-pero-nacio-muerta-fue-asi\/\" \/>\n<meta property=\"og:locale\" content=\"es_ES\" \/>\n<meta property=\"og:type\" content=\"article\" \/>\n<meta property=\"og:title\" content=\"50 a\u00f1os buscando a su madre y una respuesta inesperada: &quot;Si tuve una hija? S\u00ed, hace mucho tiempo, pero naci\u00f3 muerta&quot;. \u00bfFue as\u00ed? - Noticias Radio Reflejos\" \/>\n<meta property=\"og:description\" content=\"Marcela ten\u00eda 52 a\u00f1os en septiembre de 2023 cuando tom\u00f3 contacto con el Programa de Derecho a la Identidad Biol\u00f3gica de la Defensor\u00eda del Pueblo de la Naci\u00f3n. Lleg\u00f3, como tantos otros, munida de retazos de su historia, muchas dudas y pocas certezas.\" \/>\n<meta property=\"og:url\" content=\"https:\/\/www.noticiasradioreflejos.com.ar\/2021\/50-anos-buscando-a-su-madre-y-una-respuesta-inesperada-si-tuve-una-hija-si-hace-mucho-tiempo-pero-nacio-muerta-fue-asi\/\" \/>\n<meta property=\"og:site_name\" content=\"Noticias Radio Reflejos\" \/>\n<meta property=\"article:published_time\" content=\"2024-12-03T17:57:25+00:00\" \/>\n<meta property=\"og:image\" content=\"https:\/\/www.noticiasradioreflejos.com.ar\/2021\/wp-content\/uploads\/2024\/12\/image002.jpg\" \/>\n\t<meta property=\"og:image:width\" content=\"400\" \/>\n\t<meta property=\"og:image:height\" content=\"465\" \/>\n\t<meta property=\"og:image:type\" content=\"image\/jpeg\" \/>\n<meta name=\"author\" content=\"Arnaldo Botto\" \/>\n<meta name=\"twitter:card\" content=\"summary_large_image\" \/>\n<script type=\"application\/ld+json\" class=\"yoast-schema-graph\">{\"@context\":\"https:\/\/schema.org\",\"@graph\":[{\"@type\":\"WebPage\",\"@id\":\"https:\/\/www.noticiasradioreflejos.com.ar\/2021\/50-anos-buscando-a-su-madre-y-una-respuesta-inesperada-si-tuve-una-hija-si-hace-mucho-tiempo-pero-nacio-muerta-fue-asi\/\",\"url\":\"https:\/\/www.noticiasradioreflejos.com.ar\/2021\/50-anos-buscando-a-su-madre-y-una-respuesta-inesperada-si-tuve-una-hija-si-hace-mucho-tiempo-pero-nacio-muerta-fue-asi\/\",\"name\":\"50 a\u00f1os buscando a su madre y una respuesta inesperada: \\\"Si tuve una hija? S\u00ed, hace mucho tiempo, pero naci\u00f3 muerta\\\". \u00bfFue as\u00ed? - Noticias Radio Reflejos\",\"isPartOf\":{\"@id\":\"https:\/\/www.noticiasradioreflejos.com.ar\/2021\/#website\"},\"primaryImageOfPage\":{\"@id\":\"https:\/\/www.noticiasradioreflejos.com.ar\/2021\/50-anos-buscando-a-su-madre-y-una-respuesta-inesperada-si-tuve-una-hija-si-hace-mucho-tiempo-pero-nacio-muerta-fue-asi\/#primaryimage\"},\"image\":{\"@id\":\"https:\/\/www.noticiasradioreflejos.com.ar\/2021\/50-anos-buscando-a-su-madre-y-una-respuesta-inesperada-si-tuve-una-hija-si-hace-mucho-tiempo-pero-nacio-muerta-fue-asi\/#primaryimage\"},\"thumbnailUrl\":\"https:\/\/www.noticiasradioreflejos.com.ar\/2021\/wp-content\/uploads\/2024\/12\/image002.jpg\",\"datePublished\":\"2024-12-03T17:57:25+00:00\",\"author\":{\"@id\":\"https:\/\/www.noticiasradioreflejos.com.ar\/2021\/#\/schema\/person\/ad82545263dcc5ec0996818884fd5fb1\"},\"breadcrumb\":{\"@id\":\"https:\/\/www.noticiasradioreflejos.com.ar\/2021\/50-anos-buscando-a-su-madre-y-una-respuesta-inesperada-si-tuve-una-hija-si-hace-mucho-tiempo-pero-nacio-muerta-fue-asi\/#breadcrumb\"},\"inLanguage\":\"es\",\"potentialAction\":[{\"@type\":\"ReadAction\",\"target\":[\"https:\/\/www.noticiasradioreflejos.com.ar\/2021\/50-anos-buscando-a-su-madre-y-una-respuesta-inesperada-si-tuve-una-hija-si-hace-mucho-tiempo-pero-nacio-muerta-fue-asi\/\"]}]},{\"@type\":\"ImageObject\",\"inLanguage\":\"es\",\"@id\":\"https:\/\/www.noticiasradioreflejos.com.ar\/2021\/50-anos-buscando-a-su-madre-y-una-respuesta-inesperada-si-tuve-una-hija-si-hace-mucho-tiempo-pero-nacio-muerta-fue-asi\/#primaryimage\",\"url\":\"https:\/\/www.noticiasradioreflejos.com.ar\/2021\/wp-content\/uploads\/2024\/12\/image002.jpg\",\"contentUrl\":\"https:\/\/www.noticiasradioreflejos.com.ar\/2021\/wp-content\/uploads\/2024\/12\/image002.jpg\",\"width\":400,\"height\":465},{\"@type\":\"BreadcrumbList\",\"@id\":\"https:\/\/www.noticiasradioreflejos.com.ar\/2021\/50-anos-buscando-a-su-madre-y-una-respuesta-inesperada-si-tuve-una-hija-si-hace-mucho-tiempo-pero-nacio-muerta-fue-asi\/#breadcrumb\",\"itemListElement\":[{\"@type\":\"ListItem\",\"position\":1,\"name\":\"Portada\",\"item\":\"https:\/\/www.noticiasradioreflejos.com.ar\/2021\/\"},{\"@type\":\"ListItem\",\"position\":2,\"name\":\"50 a\u00f1os buscando a su madre y una respuesta inesperada: \u00abSi tuve una hija? S\u00ed, hace mucho tiempo, pero naci\u00f3 muerta\u00bb. \u00bfFue as\u00ed?\"}]},{\"@type\":\"WebSite\",\"@id\":\"https:\/\/www.noticiasradioreflejos.com.ar\/2021\/#website\",\"url\":\"https:\/\/www.noticiasradioreflejos.com.ar\/2021\/\",\"name\":\"Noticias Radio Reflejos\",\"description\":\"Las noticias de mi comarca\",\"potentialAction\":[{\"@type\":\"SearchAction\",\"target\":{\"@type\":\"EntryPoint\",\"urlTemplate\":\"https:\/\/www.noticiasradioreflejos.com.ar\/2021\/?s={search_term_string}\"},\"query-input\":{\"@type\":\"PropertyValueSpecification\",\"valueRequired\":true,\"valueName\":\"search_term_string\"}}],\"inLanguage\":\"es\"},{\"@type\":\"Person\",\"@id\":\"https:\/\/www.noticiasradioreflejos.com.ar\/2021\/#\/schema\/person\/ad82545263dcc5ec0996818884fd5fb1\",\"name\":\"Arnaldo Botto\",\"image\":{\"@type\":\"ImageObject\",\"inLanguage\":\"es\",\"@id\":\"https:\/\/www.noticiasradioreflejos.com.ar\/2021\/#\/schema\/person\/image\/\",\"url\":\"https:\/\/secure.gravatar.com\/avatar\/55cb5e37c1efa326397366e6974cb338056df65cb50e7d64d1cf314e87504837?s=96&d=mm&r=g\",\"contentUrl\":\"https:\/\/secure.gravatar.com\/avatar\/55cb5e37c1efa326397366e6974cb338056df65cb50e7d64d1cf314e87504837?s=96&d=mm&r=g\",\"caption\":\"Arnaldo Botto\"},\"url\":\"https:\/\/www.noticiasradioreflejos.com.ar\/2021\/author\/arnaldo\/\"}]}<\/script>\n<!-- \/ Yoast SEO plugin. -->","yoast_head_json":{"title":"50 a\u00f1os buscando a su madre y una respuesta inesperada: \"Si tuve una hija? S\u00ed, hace mucho tiempo, pero naci\u00f3 muerta\". \u00bfFue as\u00ed? - Noticias Radio Reflejos","robots":{"index":"index","follow":"follow","max-snippet":"max-snippet:-1","max-image-preview":"max-image-preview:large","max-video-preview":"max-video-preview:-1"},"canonical":"https:\/\/www.noticiasradioreflejos.com.ar\/2021\/50-anos-buscando-a-su-madre-y-una-respuesta-inesperada-si-tuve-una-hija-si-hace-mucho-tiempo-pero-nacio-muerta-fue-asi\/","og_locale":"es_ES","og_type":"article","og_title":"50 a\u00f1os buscando a su madre y una respuesta inesperada: \"Si tuve una hija? S\u00ed, hace mucho tiempo, pero naci\u00f3 muerta\". \u00bfFue as\u00ed? - Noticias Radio Reflejos","og_description":"Marcela ten\u00eda 52 a\u00f1os en septiembre de 2023 cuando tom\u00f3 contacto con el Programa de Derecho a la Identidad Biol\u00f3gica de la Defensor\u00eda del Pueblo de la Naci\u00f3n. Lleg\u00f3, como tantos otros, munida de retazos de su historia, muchas dudas y pocas certezas.","og_url":"https:\/\/www.noticiasradioreflejos.com.ar\/2021\/50-anos-buscando-a-su-madre-y-una-respuesta-inesperada-si-tuve-una-hija-si-hace-mucho-tiempo-pero-nacio-muerta-fue-asi\/","og_site_name":"Noticias Radio Reflejos","article_published_time":"2024-12-03T17:57:25+00:00","og_image":[{"width":400,"height":465,"url":"https:\/\/www.noticiasradioreflejos.com.ar\/2021\/wp-content\/uploads\/2024\/12\/image002.jpg","type":"image\/jpeg"}],"author":"Arnaldo Botto","twitter_card":"summary_large_image","schema":{"@context":"https:\/\/schema.org","@graph":[{"@type":"WebPage","@id":"https:\/\/www.noticiasradioreflejos.com.ar\/2021\/50-anos-buscando-a-su-madre-y-una-respuesta-inesperada-si-tuve-una-hija-si-hace-mucho-tiempo-pero-nacio-muerta-fue-asi\/","url":"https:\/\/www.noticiasradioreflejos.com.ar\/2021\/50-anos-buscando-a-su-madre-y-una-respuesta-inesperada-si-tuve-una-hija-si-hace-mucho-tiempo-pero-nacio-muerta-fue-asi\/","name":"50 a\u00f1os buscando a su madre y una respuesta inesperada: \"Si tuve una hija? S\u00ed, hace mucho tiempo, pero naci\u00f3 muerta\". \u00bfFue as\u00ed? - Noticias Radio Reflejos","isPartOf":{"@id":"https:\/\/www.noticiasradioreflejos.com.ar\/2021\/#website"},"primaryImageOfPage":{"@id":"https:\/\/www.noticiasradioreflejos.com.ar\/2021\/50-anos-buscando-a-su-madre-y-una-respuesta-inesperada-si-tuve-una-hija-si-hace-mucho-tiempo-pero-nacio-muerta-fue-asi\/#primaryimage"},"image":{"@id":"https:\/\/www.noticiasradioreflejos.com.ar\/2021\/50-anos-buscando-a-su-madre-y-una-respuesta-inesperada-si-tuve-una-hija-si-hace-mucho-tiempo-pero-nacio-muerta-fue-asi\/#primaryimage"},"thumbnailUrl":"https:\/\/www.noticiasradioreflejos.com.ar\/2021\/wp-content\/uploads\/2024\/12\/image002.jpg","datePublished":"2024-12-03T17:57:25+00:00","author":{"@id":"https:\/\/www.noticiasradioreflejos.com.ar\/2021\/#\/schema\/person\/ad82545263dcc5ec0996818884fd5fb1"},"breadcrumb":{"@id":"https:\/\/www.noticiasradioreflejos.com.ar\/2021\/50-anos-buscando-a-su-madre-y-una-respuesta-inesperada-si-tuve-una-hija-si-hace-mucho-tiempo-pero-nacio-muerta-fue-asi\/#breadcrumb"},"inLanguage":"es","potentialAction":[{"@type":"ReadAction","target":["https:\/\/www.noticiasradioreflejos.com.ar\/2021\/50-anos-buscando-a-su-madre-y-una-respuesta-inesperada-si-tuve-una-hija-si-hace-mucho-tiempo-pero-nacio-muerta-fue-asi\/"]}]},{"@type":"ImageObject","inLanguage":"es","@id":"https:\/\/www.noticiasradioreflejos.com.ar\/2021\/50-anos-buscando-a-su-madre-y-una-respuesta-inesperada-si-tuve-una-hija-si-hace-mucho-tiempo-pero-nacio-muerta-fue-asi\/#primaryimage","url":"https:\/\/www.noticiasradioreflejos.com.ar\/2021\/wp-content\/uploads\/2024\/12\/image002.jpg","contentUrl":"https:\/\/www.noticiasradioreflejos.com.ar\/2021\/wp-content\/uploads\/2024\/12\/image002.jpg","width":400,"height":465},{"@type":"BreadcrumbList","@id":"https:\/\/www.noticiasradioreflejos.com.ar\/2021\/50-anos-buscando-a-su-madre-y-una-respuesta-inesperada-si-tuve-una-hija-si-hace-mucho-tiempo-pero-nacio-muerta-fue-asi\/#breadcrumb","itemListElement":[{"@type":"ListItem","position":1,"name":"Portada","item":"https:\/\/www.noticiasradioreflejos.com.ar\/2021\/"},{"@type":"ListItem","position":2,"name":"50 a\u00f1os buscando a su madre y una respuesta inesperada: \u00abSi tuve una hija? S\u00ed, hace mucho tiempo, pero naci\u00f3 muerta\u00bb. \u00bfFue as\u00ed?"}]},{"@type":"WebSite","@id":"https:\/\/www.noticiasradioreflejos.com.ar\/2021\/#website","url":"https:\/\/www.noticiasradioreflejos.com.ar\/2021\/","name":"Noticias Radio Reflejos","description":"Las noticias de mi comarca","potentialAction":[{"@type":"SearchAction","target":{"@type":"EntryPoint","urlTemplate":"https:\/\/www.noticiasradioreflejos.com.ar\/2021\/?s={search_term_string}"},"query-input":{"@type":"PropertyValueSpecification","valueRequired":true,"valueName":"search_term_string"}}],"inLanguage":"es"},{"@type":"Person","@id":"https:\/\/www.noticiasradioreflejos.com.ar\/2021\/#\/schema\/person\/ad82545263dcc5ec0996818884fd5fb1","name":"Arnaldo Botto","image":{"@type":"ImageObject","inLanguage":"es","@id":"https:\/\/www.noticiasradioreflejos.com.ar\/2021\/#\/schema\/person\/image\/","url":"https:\/\/secure.gravatar.com\/avatar\/55cb5e37c1efa326397366e6974cb338056df65cb50e7d64d1cf314e87504837?s=96&d=mm&r=g","contentUrl":"https:\/\/secure.gravatar.com\/avatar\/55cb5e37c1efa326397366e6974cb338056df65cb50e7d64d1cf314e87504837?s=96&d=mm&r=g","caption":"Arnaldo Botto"},"url":"https:\/\/www.noticiasradioreflejos.com.ar\/2021\/author\/arnaldo\/"}]}},"_links":{"self":[{"href":"https:\/\/www.noticiasradioreflejos.com.ar\/2021\/wp-json\/wp\/v2\/posts\/110348","targetHints":{"allow":["GET"]}}],"collection":[{"href":"https:\/\/www.noticiasradioreflejos.com.ar\/2021\/wp-json\/wp\/v2\/posts"}],"about":[{"href":"https:\/\/www.noticiasradioreflejos.com.ar\/2021\/wp-json\/wp\/v2\/types\/post"}],"author":[{"embeddable":true,"href":"https:\/\/www.noticiasradioreflejos.com.ar\/2021\/wp-json\/wp\/v2\/users\/3"}],"replies":[{"embeddable":true,"href":"https:\/\/www.noticiasradioreflejos.com.ar\/2021\/wp-json\/wp\/v2\/comments?post=110348"}],"version-history":[{"count":1,"href":"https:\/\/www.noticiasradioreflejos.com.ar\/2021\/wp-json\/wp\/v2\/posts\/110348\/revisions"}],"predecessor-version":[{"id":110350,"href":"https:\/\/www.noticiasradioreflejos.com.ar\/2021\/wp-json\/wp\/v2\/posts\/110348\/revisions\/110350"}],"wp:featuredmedia":[{"embeddable":true,"href":"https:\/\/www.noticiasradioreflejos.com.ar\/2021\/wp-json\/wp\/v2\/media\/110349"}],"wp:attachment":[{"href":"https:\/\/www.noticiasradioreflejos.com.ar\/2021\/wp-json\/wp\/v2\/media?parent=110348"}],"wp:term":[{"taxonomy":"category","embeddable":true,"href":"https:\/\/www.noticiasradioreflejos.com.ar\/2021\/wp-json\/wp\/v2\/categories?post=110348"},{"taxonomy":"post_tag","embeddable":true,"href":"https:\/\/www.noticiasradioreflejos.com.ar\/2021\/wp-json\/wp\/v2\/tags?post=110348"}],"curies":[{"name":"wp","href":"https:\/\/api.w.org\/{rel}","templated":true}]}}