{"id":110336,"date":"2024-12-03T15:42:02","date_gmt":"2024-12-03T18:42:02","guid":{"rendered":"https:\/\/www.noticiasradioreflejos.com.ar\/2021\/?p=110336"},"modified":"2024-12-03T15:52:55","modified_gmt":"2024-12-03T18:52:55","slug":"110336-2","status":"publish","type":"post","link":"https:\/\/www.noticiasradioreflejos.com.ar\/2021\/110336-2\/","title":{"rendered":"Pinos en las Sierras: \u00abno solo es la p\u00e9rdida de biodiversidad, sino tambi\u00e9n es un problema econ\u00f3mico y social\u00bb"},"content":{"rendered":"<p>En el marco de una nueva campa\u00f1a para que<a href=\"https:\/\/www.noticiasradioreflejos.com.ar\/2021\/nueva-campana-para-armar-tu-arbolito-navideno-con-pinos-invasores-que-cortaran-de-las-sierras\/\"> los vecinos de la comarca y la regi\u00f3n armen su arbolito de Navidad utilizando un pino cortado en las sierras de Ventania<\/a> y como producto de las acciones de control de especies ex\u00f3ticas invasoras, entrevistamos a la <strong>Guardaparques Noelia Galv\u00e1n<\/strong>, dependiente del Ministerio de Ambiente de a Pcia de Buenos Aires.<!--more--><\/p>\n<p>Desde hace varios a\u00f1os el personal del<strong> Parque Provincia Ernesto Tornquist<\/strong> vienen atacando invasiones biol\u00f3gicas, entre ellas los pino; algunos son <strong>Pinus halepensis<\/strong> y otras radiatas que son especies muy agresivas en el ambiente.<\/p>\n<p><strong>La Guardaparques Noelia Galv\u00e1n<\/strong> se incorpor\u00f3 hace un tiempo al personal del parque y hoy nos explica la tit\u00e1nica tarea que realizan en el control de las invasiones biol\u00f3gicas y ex\u00f3ticas dentro de la reserva natural.<\/p>\n<p>\u00abhace muchos a\u00f1os que se viene con el proyecto de especies ex\u00f3ticas e invasoras dentro del parque, donde el personal se encarga de la extracci\u00f3n de estos pinos semilleros de altura. Y el trabajo es bastante duro,\u00a0 pero muy gratificante despu\u00e9s,\u00a0 cuando ves los cerros limpios de pinos y ese trabajo tambi\u00e9n no solo es parte de conservar un ambiente, sino tambi\u00e9n es un trabajo para la comunidad\u00bb, comentaba en el inicio de la charla.<\/p>\n<p>Detallando los problemas que ocasionan en el ambiente de nuestras sierras estas ex\u00f3ticas, Noelia detallaba: \u00abTengamos en cuenta que los pinos absorben mucha agua y a donde tengamos m\u00e1s pinos menos agua va a tener la comarca, entonces esto es un trabajo de hace muchos a\u00f1os que viene llev\u00e1ndose el parque, no solo es de ahora. Un pino, es una especie ex\u00f3tica invasora, qu\u00e9 causa da\u00f1os.\u00a0 Porque no solo es la p\u00e9rdida de biodiversidad, sino tambi\u00e9n es un problema econ\u00f3mico y social\u00bb refer\u00eda.<\/p>\n<p>Ampliando sobre la problem\u00e1tica La guardaparque destac\u00f3: \u00bb El trabajo que realizamos dentro del \u00e1rea es cortar todo lo que se pueda, en el \u00e1rea natural, protegiendo al monumento natural el Cerro Ventana, donde justamente,\u00a0 vive una poblaci\u00f3n de iguana de cobre, que tambi\u00e9n es un monumento natural;\u00a0 entonces se protege toda esa \u00e1rea de altura para que no lleguen los pinos y que se pierda esta hermosa biodiversidad.\u00bb<\/p>\n<p>&nbsp;<\/p>\n<p><a title=\"Pinos Invasores (1)\" href=\"https:\/\/www.flickr.com\/photos\/182279889@N02\/54181502753\/in\/dateposted-public\/\" data-flickr-embed=\"true\" data-header=\"true\" data-footer=\"true\"><img loading=\"lazy\" decoding=\"async\" class=\"aligncenter\" src=\"https:\/\/live.staticflickr.com\/65535\/54181502753_5e20c7e37a_c.jpg\" alt=\"Pinos Invasores (1)\" width=\"600\" height=\"800\" \/><\/a><\/p>\n<p>Sobre la agotadora tarea describi\u00f3:\u00a0 \u00abCon motosierras en la espalda y subimos a los cerros a cortar. A veces arrancamos por los valles y subimos a cortar, arrancamos desde los l\u00edmites del parque muy\u00a0 arriba,\u00a0 desde el Cerro Destierro;\u00a0 y a veces hasta donde se llegue, hasta el Cerro Bah\u00eda Blanca, que es el objetivo.\u00a0 Pero es muy dif\u00edcil porque estas invasiones crecen a gran escala, es una lucha interminable, necesitamos muchas m\u00e1s manos que pueda estar en este programa porque somos, en s\u00ed somos muy poquitos, pero as\u00ed les seguimos trabajando d\u00eda tras d\u00eda con esta tarea\u00bb.<\/p>\n<p>El Parque Provincial Ernesto Tornquist resguarda\u00a0 es el \u00faltimo reducto sobre el planeta del pastizal serrano pampeano, al que Galv\u00e1n califica como: \u00bb un ecosistema muy enriquecido, muy hermoso, que se debe proteger y con este corte de los pinos, tambi\u00e9n protegemos este ecosistema, que es refugio y alimento de la v\u00eda silvestre y de nosotros.<\/p>\n<p>&nbsp;<\/p>\n<p>La pregunta fue entonces, cuantas especies invasoras azotan el ecosistema de la Reserva ?: \u00bb Y hay bastantes especies ex\u00f3ticas invasoras en todo lo que es Argentina, pero ac\u00e1 lo que tenemos nosotros es la retama y la retamilla, el tojo,\u00a0 que de a poquito va ingresando, que tambi\u00e9n es una plaga muy importante a tener en cuenta.\u00a0 Pero la retama y la retamilla no te quedan atr\u00e1s, pero es muy muy dif\u00edcil de controlar. Los pinos son f\u00e1ciles de controlar porque solamente se necesita cortarlos bien, bien de abajo y que quede un m\u00ednimo tronquito y ya no crecen, en cambio la retama, al cortarla, puede multiplicarse. Es muy dif\u00edcil de controlar a la retama y retamilla, pero bueno, nosotros en la comarca hemos pistoresca, tiene un perfume hermoso, es muy linda planta, pero tiene el mismo efecto que los pinos; Tiene esta problem\u00e1tica de que invade y no deja nada, absolutamente nada su paso. expres\u00f3.<\/p>\n<p>&nbsp;<\/p>\n<p>Otro de los temas problem\u00e1ticos pasan por la forma que las invasoras afectan la capacidad de absorci\u00f3n de agua en el medio y sobre esto\u00a0 indic\u00f3: \u00abEl tema de consumo de agua tambi\u00e9n, digamos, absorbe mucho m\u00e1s de lo que es el pastizal en este caso.\u00a0 Exactamente, desplaza el pastizal, porque el pastizal act\u00faa como esponja llenando los acu\u00edferos. En cambio la retama absorbe mucha agua y justamente la van a ver que crecen m\u00e1s, que son los bordes de los arroyos.\u00bb}<\/p>\n<p>Sobre la experiencia que se desarrolla tambi\u00e9n en la Reserva Natural Sierras Grandes en el control de los pinos la guardaparque explic\u00f3: \u00abLa semana pasada estuvimos con los chicos de Sierras Grandes,\u00a0 cortamos 1.080 pinos en una jornada, en una salida, pinos muy chiquitos, pinos\u00a0 renovales, algunos un poquito m\u00e1s grandes, pero costamos 1.080 pinos en una jornada y con 5 o 4 personas aproximadamente. Y en el parque nosotros tenemos pinos muy grandes y que est\u00e1n en ca\u00f1adones, a veces dif\u00edcil de acceder y a veces estamos cortando en una jornada entre 50, 60 pinos aproximadamente entre 6-7 horas de jornada, a veces salimos dos veces a la semana, a veces salimos una vez a la semana, dependiendo lo que est\u00e1 sucediendo en el parque, a veces tenemos muchos visitantes, entonces salimos una, dos veces en la semana. Claro, es una tarea adicional, no hay una cuadrilla para eso, digamos, y aparte tienen colaboraci\u00f3n de alg\u00fan otro grupo, as\u00ed como en este caso aportan con esta idea de poder armar el \u00e1rbol de navidad, de cortando los pinos, aliviando por un lado el ambiente y por el otro, brindando una posibilidad de decoraci\u00f3n diferente para las familias. Tengo que agradecer a mi encargado de turno, a <strong>Leo Cremaschi y al Ministerio de Ambiente de la Provincia de Buenos Aires<\/strong> que nos permite hoy trabajar en conjunto con Plan Verde Tornquist y tener esta propuesta relinda, que la gente tambi\u00e9n no solo se tenga su \u00e1rbol de navidad sino que sepa tambi\u00e9n de la problem\u00e1tica.\u00bb<\/p>\n<p>Los pinos se podr\u00e1n retirar frente a los portones del Parque Provincial en los siguientes d\u00edas y horarios:<\/p>\n<p>S\u00e1bado 7\/12 de 16 a 20 hs<br \/>\nDomingo 8\/12 de 9 a 12 hs<\/p>\n<p><iframe loading=\"lazy\" src=\"https:\/\/w.soundcloud.com\/player\/?url=https%3A\/\/api.soundcloud.com\/tracks\/1972619043&amp;color=%23ff5500&amp;auto_play=false&amp;hide_related=false&amp;show_comments=true&amp;show_user=true&amp;show_reposts=false&amp;show_teaser=true\" width=\"100%\" height=\"166\" frameborder=\"no\" scrolling=\"no\"><\/iframe><\/p>\n<div style=\"font-size: 10px; color: #cccccc; line-break: anywhere; word-break: normal; overflow: hidden; white-space: nowrap; text-overflow: ellipsis; font-family: Interstate,Lucida Grande,Lucida Sans Unicode,Lucida Sans,Garuda,Verdana,Tahoma,sans-serif; font-weight: 100;\"><a style=\"color: #cccccc; text-decoration: none;\" title=\"fmreflejos 103.7\" href=\"https:\/\/soundcloud.com\/fmreflejos-103-7\" target=\"_blank\" rel=\"noopener\">fmreflejos 103.7<\/a> \u00b7 <a style=\"color: #cccccc; text-decoration: none;\" title=\"Noelia Galvan 3-12\" href=\"https:\/\/soundcloud.com\/fmreflejos-103-7\/noelia-galvan-3-12\" target=\"_blank\" rel=\"noopener\">Noelia Galvan 3-12<\/a><\/div>\n<p>&nbsp;<\/p>\n","protected":false},"excerpt":{"rendered":"<p>En el marco de una nueva campa\u00f1a para que los vecinos de la comarca y la regi\u00f3n armen su arbolito de Navidad utilizando un pino cortado en las sierras de Ventania y como producto de las acciones de control de especies ex\u00f3ticas invasoras, entrevistamos a la Guardaparques Noelia Galv\u00e1n, dependiente del Ministerio de Ambiente de [&hellip;]<\/p>\n","protected":false},"author":3,"featured_media":0,"comment_status":"closed","ping_status":"closed","sticky":false,"template":"","format":"standard","meta":{"footnotes":""},"categories":[46],"tags":[48],"class_list":["post-110336","post","type-post","status-publish","format-standard","hentry","category-ciencia-y-tecnologia","tag-destacada"],"yoast_head":"<!-- This site is optimized with the Yoast SEO plugin v25.9 - https:\/\/yoast.com\/wordpress\/plugins\/seo\/ -->\n<title>Pinos en las Sierras: &quot;no solo es la p\u00e9rdida de biodiversidad, sino tambi\u00e9n es un problema econ\u00f3mico y social&quot; - Noticias Radio Reflejos<\/title>\n<meta name=\"robots\" content=\"index, follow, max-snippet:-1, max-image-preview:large, max-video-preview:-1\" \/>\n<link rel=\"canonical\" href=\"https:\/\/www.noticiasradioreflejos.com.ar\/2021\/110336-2\/\" \/>\n<meta property=\"og:locale\" content=\"es_ES\" \/>\n<meta property=\"og:type\" content=\"article\" \/>\n<meta property=\"og:title\" content=\"Pinos en las Sierras: &quot;no solo es la p\u00e9rdida de biodiversidad, sino tambi\u00e9n es un problema econ\u00f3mico y social&quot; - Noticias Radio Reflejos\" \/>\n<meta property=\"og:description\" content=\"En el marco de una nueva campa\u00f1a para que los vecinos de la comarca y la regi\u00f3n armen su arbolito de Navidad utilizando un pino cortado en las sierras de Ventania y como producto de las acciones de control de especies ex\u00f3ticas invasoras, entrevistamos a la Guardaparques Noelia Galv\u00e1n, dependiente del Ministerio de Ambiente de [&hellip;]\" \/>\n<meta property=\"og:url\" content=\"https:\/\/www.noticiasradioreflejos.com.ar\/2021\/110336-2\/\" \/>\n<meta property=\"og:site_name\" content=\"Noticias Radio Reflejos\" \/>\n<meta property=\"article:published_time\" content=\"2024-12-03T18:42:02+00:00\" \/>\n<meta property=\"article:modified_time\" content=\"2024-12-03T18:52:55+00:00\" \/>\n<meta property=\"og:image\" content=\"https:\/\/live.staticflickr.com\/65535\/54181502753_5e20c7e37a_c.jpg\" \/>\n<meta name=\"author\" content=\"Arnaldo Botto\" \/>\n<meta name=\"twitter:card\" content=\"summary_large_image\" \/>\n<script type=\"application\/ld+json\" class=\"yoast-schema-graph\">{\"@context\":\"https:\/\/schema.org\",\"@graph\":[{\"@type\":\"WebPage\",\"@id\":\"https:\/\/www.noticiasradioreflejos.com.ar\/2021\/110336-2\/\",\"url\":\"https:\/\/www.noticiasradioreflejos.com.ar\/2021\/110336-2\/\",\"name\":\"Pinos en las Sierras: \\\"no solo es la p\u00e9rdida de biodiversidad, sino tambi\u00e9n es un problema econ\u00f3mico y social\\\" - Noticias Radio Reflejos\",\"isPartOf\":{\"@id\":\"https:\/\/www.noticiasradioreflejos.com.ar\/2021\/#website\"},\"primaryImageOfPage\":{\"@id\":\"https:\/\/www.noticiasradioreflejos.com.ar\/2021\/110336-2\/#primaryimage\"},\"image\":{\"@id\":\"https:\/\/www.noticiasradioreflejos.com.ar\/2021\/110336-2\/#primaryimage\"},\"thumbnailUrl\":\"https:\/\/live.staticflickr.com\/65535\/54181502753_5e20c7e37a_c.jpg\",\"datePublished\":\"2024-12-03T18:42:02+00:00\",\"dateModified\":\"2024-12-03T18:52:55+00:00\",\"author\":{\"@id\":\"https:\/\/www.noticiasradioreflejos.com.ar\/2021\/#\/schema\/person\/ad82545263dcc5ec0996818884fd5fb1\"},\"breadcrumb\":{\"@id\":\"https:\/\/www.noticiasradioreflejos.com.ar\/2021\/110336-2\/#breadcrumb\"},\"inLanguage\":\"es\",\"potentialAction\":[{\"@type\":\"ReadAction\",\"target\":[\"https:\/\/www.noticiasradioreflejos.com.ar\/2021\/110336-2\/\"]}]},{\"@type\":\"ImageObject\",\"inLanguage\":\"es\",\"@id\":\"https:\/\/www.noticiasradioreflejos.com.ar\/2021\/110336-2\/#primaryimage\",\"url\":\"https:\/\/live.staticflickr.com\/65535\/54181502753_5e20c7e37a_c.jpg\",\"contentUrl\":\"https:\/\/live.staticflickr.com\/65535\/54181502753_5e20c7e37a_c.jpg\"},{\"@type\":\"BreadcrumbList\",\"@id\":\"https:\/\/www.noticiasradioreflejos.com.ar\/2021\/110336-2\/#breadcrumb\",\"itemListElement\":[{\"@type\":\"ListItem\",\"position\":1,\"name\":\"Portada\",\"item\":\"https:\/\/www.noticiasradioreflejos.com.ar\/2021\/\"},{\"@type\":\"ListItem\",\"position\":2,\"name\":\"Pinos en las Sierras: \u00abno solo es la p\u00e9rdida de biodiversidad, sino tambi\u00e9n es un problema econ\u00f3mico y social\u00bb\"}]},{\"@type\":\"WebSite\",\"@id\":\"https:\/\/www.noticiasradioreflejos.com.ar\/2021\/#website\",\"url\":\"https:\/\/www.noticiasradioreflejos.com.ar\/2021\/\",\"name\":\"Noticias Radio Reflejos\",\"description\":\"Las noticias de mi comarca\",\"potentialAction\":[{\"@type\":\"SearchAction\",\"target\":{\"@type\":\"EntryPoint\",\"urlTemplate\":\"https:\/\/www.noticiasradioreflejos.com.ar\/2021\/?s={search_term_string}\"},\"query-input\":{\"@type\":\"PropertyValueSpecification\",\"valueRequired\":true,\"valueName\":\"search_term_string\"}}],\"inLanguage\":\"es\"},{\"@type\":\"Person\",\"@id\":\"https:\/\/www.noticiasradioreflejos.com.ar\/2021\/#\/schema\/person\/ad82545263dcc5ec0996818884fd5fb1\",\"name\":\"Arnaldo Botto\",\"image\":{\"@type\":\"ImageObject\",\"inLanguage\":\"es\",\"@id\":\"https:\/\/www.noticiasradioreflejos.com.ar\/2021\/#\/schema\/person\/image\/\",\"url\":\"https:\/\/secure.gravatar.com\/avatar\/55cb5e37c1efa326397366e6974cb338056df65cb50e7d64d1cf314e87504837?s=96&d=mm&r=g\",\"contentUrl\":\"https:\/\/secure.gravatar.com\/avatar\/55cb5e37c1efa326397366e6974cb338056df65cb50e7d64d1cf314e87504837?s=96&d=mm&r=g\",\"caption\":\"Arnaldo Botto\"},\"url\":\"https:\/\/www.noticiasradioreflejos.com.ar\/2021\/author\/arnaldo\/\"}]}<\/script>\n<!-- \/ Yoast SEO plugin. -->","yoast_head_json":{"title":"Pinos en las Sierras: \"no solo es la p\u00e9rdida de biodiversidad, sino tambi\u00e9n es un problema econ\u00f3mico y social\" - Noticias Radio Reflejos","robots":{"index":"index","follow":"follow","max-snippet":"max-snippet:-1","max-image-preview":"max-image-preview:large","max-video-preview":"max-video-preview:-1"},"canonical":"https:\/\/www.noticiasradioreflejos.com.ar\/2021\/110336-2\/","og_locale":"es_ES","og_type":"article","og_title":"Pinos en las Sierras: \"no solo es la p\u00e9rdida de biodiversidad, sino tambi\u00e9n es un problema econ\u00f3mico y social\" - Noticias Radio Reflejos","og_description":"En el marco de una nueva campa\u00f1a para que los vecinos de la comarca y la regi\u00f3n armen su arbolito de Navidad utilizando un pino cortado en las sierras de Ventania y como producto de las acciones de control de especies ex\u00f3ticas invasoras, entrevistamos a la Guardaparques Noelia Galv\u00e1n, dependiente del Ministerio de Ambiente de [&hellip;]","og_url":"https:\/\/www.noticiasradioreflejos.com.ar\/2021\/110336-2\/","og_site_name":"Noticias Radio Reflejos","article_published_time":"2024-12-03T18:42:02+00:00","article_modified_time":"2024-12-03T18:52:55+00:00","og_image":[{"url":"https:\/\/live.staticflickr.com\/65535\/54181502753_5e20c7e37a_c.jpg","type":"","width":"","height":""}],"author":"Arnaldo Botto","twitter_card":"summary_large_image","schema":{"@context":"https:\/\/schema.org","@graph":[{"@type":"WebPage","@id":"https:\/\/www.noticiasradioreflejos.com.ar\/2021\/110336-2\/","url":"https:\/\/www.noticiasradioreflejos.com.ar\/2021\/110336-2\/","name":"Pinos en las Sierras: \"no solo es la p\u00e9rdida de biodiversidad, sino tambi\u00e9n es un problema econ\u00f3mico y social\" - Noticias Radio Reflejos","isPartOf":{"@id":"https:\/\/www.noticiasradioreflejos.com.ar\/2021\/#website"},"primaryImageOfPage":{"@id":"https:\/\/www.noticiasradioreflejos.com.ar\/2021\/110336-2\/#primaryimage"},"image":{"@id":"https:\/\/www.noticiasradioreflejos.com.ar\/2021\/110336-2\/#primaryimage"},"thumbnailUrl":"https:\/\/live.staticflickr.com\/65535\/54181502753_5e20c7e37a_c.jpg","datePublished":"2024-12-03T18:42:02+00:00","dateModified":"2024-12-03T18:52:55+00:00","author":{"@id":"https:\/\/www.noticiasradioreflejos.com.ar\/2021\/#\/schema\/person\/ad82545263dcc5ec0996818884fd5fb1"},"breadcrumb":{"@id":"https:\/\/www.noticiasradioreflejos.com.ar\/2021\/110336-2\/#breadcrumb"},"inLanguage":"es","potentialAction":[{"@type":"ReadAction","target":["https:\/\/www.noticiasradioreflejos.com.ar\/2021\/110336-2\/"]}]},{"@type":"ImageObject","inLanguage":"es","@id":"https:\/\/www.noticiasradioreflejos.com.ar\/2021\/110336-2\/#primaryimage","url":"https:\/\/live.staticflickr.com\/65535\/54181502753_5e20c7e37a_c.jpg","contentUrl":"https:\/\/live.staticflickr.com\/65535\/54181502753_5e20c7e37a_c.jpg"},{"@type":"BreadcrumbList","@id":"https:\/\/www.noticiasradioreflejos.com.ar\/2021\/110336-2\/#breadcrumb","itemListElement":[{"@type":"ListItem","position":1,"name":"Portada","item":"https:\/\/www.noticiasradioreflejos.com.ar\/2021\/"},{"@type":"ListItem","position":2,"name":"Pinos en las Sierras: \u00abno solo es la p\u00e9rdida de biodiversidad, sino tambi\u00e9n es un problema econ\u00f3mico y social\u00bb"}]},{"@type":"WebSite","@id":"https:\/\/www.noticiasradioreflejos.com.ar\/2021\/#website","url":"https:\/\/www.noticiasradioreflejos.com.ar\/2021\/","name":"Noticias Radio Reflejos","description":"Las noticias de mi comarca","potentialAction":[{"@type":"SearchAction","target":{"@type":"EntryPoint","urlTemplate":"https:\/\/www.noticiasradioreflejos.com.ar\/2021\/?s={search_term_string}"},"query-input":{"@type":"PropertyValueSpecification","valueRequired":true,"valueName":"search_term_string"}}],"inLanguage":"es"},{"@type":"Person","@id":"https:\/\/www.noticiasradioreflejos.com.ar\/2021\/#\/schema\/person\/ad82545263dcc5ec0996818884fd5fb1","name":"Arnaldo Botto","image":{"@type":"ImageObject","inLanguage":"es","@id":"https:\/\/www.noticiasradioreflejos.com.ar\/2021\/#\/schema\/person\/image\/","url":"https:\/\/secure.gravatar.com\/avatar\/55cb5e37c1efa326397366e6974cb338056df65cb50e7d64d1cf314e87504837?s=96&d=mm&r=g","contentUrl":"https:\/\/secure.gravatar.com\/avatar\/55cb5e37c1efa326397366e6974cb338056df65cb50e7d64d1cf314e87504837?s=96&d=mm&r=g","caption":"Arnaldo Botto"},"url":"https:\/\/www.noticiasradioreflejos.com.ar\/2021\/author\/arnaldo\/"}]}},"_links":{"self":[{"href":"https:\/\/www.noticiasradioreflejos.com.ar\/2021\/wp-json\/wp\/v2\/posts\/110336","targetHints":{"allow":["GET"]}}],"collection":[{"href":"https:\/\/www.noticiasradioreflejos.com.ar\/2021\/wp-json\/wp\/v2\/posts"}],"about":[{"href":"https:\/\/www.noticiasradioreflejos.com.ar\/2021\/wp-json\/wp\/v2\/types\/post"}],"author":[{"embeddable":true,"href":"https:\/\/www.noticiasradioreflejos.com.ar\/2021\/wp-json\/wp\/v2\/users\/3"}],"replies":[{"embeddable":true,"href":"https:\/\/www.noticiasradioreflejos.com.ar\/2021\/wp-json\/wp\/v2\/comments?post=110336"}],"version-history":[{"count":5,"href":"https:\/\/www.noticiasradioreflejos.com.ar\/2021\/wp-json\/wp\/v2\/posts\/110336\/revisions"}],"predecessor-version":[{"id":110355,"href":"https:\/\/www.noticiasradioreflejos.com.ar\/2021\/wp-json\/wp\/v2\/posts\/110336\/revisions\/110355"}],"wp:attachment":[{"href":"https:\/\/www.noticiasradioreflejos.com.ar\/2021\/wp-json\/wp\/v2\/media?parent=110336"}],"wp:term":[{"taxonomy":"category","embeddable":true,"href":"https:\/\/www.noticiasradioreflejos.com.ar\/2021\/wp-json\/wp\/v2\/categories?post=110336"},{"taxonomy":"post_tag","embeddable":true,"href":"https:\/\/www.noticiasradioreflejos.com.ar\/2021\/wp-json\/wp\/v2\/tags?post=110336"}],"curies":[{"name":"wp","href":"https:\/\/api.w.org\/{rel}","templated":true}]}}