{"id":110307,"date":"2024-12-03T06:53:50","date_gmt":"2024-12-03T09:53:50","guid":{"rendered":"https:\/\/www.noticiasradioreflejos.com.ar\/2021\/?p=110307"},"modified":"2024-12-03T06:54:23","modified_gmt":"2024-12-03T09:54:23","slug":"emprendedora-de-la-comarca-premiada-en-corrientes","status":"publish","type":"post","link":"https:\/\/www.noticiasradioreflejos.com.ar\/2021\/emprendedora-de-la-comarca-premiada-en-corrientes\/","title":{"rendered":"Emprendedora de la comarca premiada en Corrientes."},"content":{"rendered":"<p>Empresaria Campanense <strong>Carina Di Caro<\/strong> fue distinguida con los Premios Hermanas Mirabal en Corrientes.<!--more--><br \/>\nCarina Di Caro creo una empresa dedicada a elaborar productos \u00fanicos a base de distintas variedades y tipos de producciones de lavandas provenientes de campos org\u00e1nicos, agroecol\u00f3gicos y biol\u00f3gicos.<\/p>\n<p>Desde sus inicios en 2019 en la ciudad de Campana hasta su expansi\u00f3n en <strong>Saldungaray (Tornquist) en 2023<\/strong>, ha demostrado el compromiso con la calidad y la sostenibilidad pueden ir de la mano para ofrecer productos que conectan con los sentidos.<br \/>\nPor su constante labor compromiso , responsabilidad y miras de expansi\u00f3n hoy transciende los l\u00edmites de la Ciudad de campana y hasta la provincia de Buenos Aires.<br \/>\nEn la ciudad de Corrientes a los 29 d\u00edas del mes de noviembre del 2024 se llevo adelante la 4ta Edici\u00f3n de los Premios Hermanas Mirabal creados por la Dra. Nieves Cuenca presidente de la fundaci\u00f3n Mariposas Nieves y Asesora de G100 Argentina Patricia Escalante, que tiene como objetivo reconocer y resaltar el trabajo de mujeres de Argentina que con su labor en distintos \u00e1mbitos laborales y contextos sociales, generan impacto positivo, destacando su compromiso en beneficio de la comunidad y adem\u00e1s gocen de una conducta intachable en la sociedad.<br \/>\nLos premios Hermanas Mirabal fueron declarados de inter\u00e9s cultural por la Honorable C\u00e1mara de Diputados de la Naci\u00f3n.<br \/>\n&#8211; Honorable C\u00e1mara de Senadores de la Ciudad de Corrientes<br \/>\n-Honorable Concejo Deliberante de la Ciudad de Corrientes.<\/p>\n<p>Carina es la segunda mujer en la historia de los Premios Hermanas Mirabal de la Pcia de Buenos Aires en recibir este premio.<\/p>\n<p><a title=\"Aromas de campo (1)\" href=\"https:\/\/www.flickr.com\/photos\/182279889@N02\/54180670353\/in\/dateposted-public\/\" data-flickr-embed=\"true\" data-header=\"true\" data-footer=\"true\"><img loading=\"lazy\" decoding=\"async\" class=\"aligncenter\" src=\"https:\/\/live.staticflickr.com\/65535\/54180670353_3ee8203994_z.jpg\" alt=\"Aromas de campo (1)\" width=\"640\" height=\"640\" \/><\/a><\/p>\n","protected":false},"excerpt":{"rendered":"<p>Empresaria Campanense Carina Di Caro fue distinguida con los Premios Hermanas Mirabal en Corrientes.<\/p>\n","protected":false},"author":3,"featured_media":110308,"comment_status":"closed","ping_status":"closed","sticky":false,"template":"","format":"standard","meta":{"footnotes":""},"categories":[26],"tags":[48],"class_list":["post-110307","post","type-post","status-publish","format-standard","has-post-thumbnail","hentry","category-sociedad","tag-destacada"],"yoast_head":"<!-- This site is optimized with the Yoast SEO plugin v25.9 - https:\/\/yoast.com\/wordpress\/plugins\/seo\/ -->\n<title>Emprendedora de la comarca premiada en Corrientes. - Noticias Radio Reflejos<\/title>\n<meta name=\"robots\" content=\"index, follow, max-snippet:-1, max-image-preview:large, max-video-preview:-1\" \/>\n<link rel=\"canonical\" href=\"https:\/\/www.noticiasradioreflejos.com.ar\/2021\/emprendedora-de-la-comarca-premiada-en-corrientes\/\" \/>\n<meta property=\"og:locale\" content=\"es_ES\" \/>\n<meta property=\"og:type\" content=\"article\" \/>\n<meta property=\"og:title\" content=\"Emprendedora de la comarca premiada en Corrientes. - Noticias Radio Reflejos\" \/>\n<meta property=\"og:description\" content=\"Empresaria Campanense Carina Di Caro fue distinguida con los Premios Hermanas Mirabal en Corrientes.\" \/>\n<meta property=\"og:url\" content=\"https:\/\/www.noticiasradioreflejos.com.ar\/2021\/emprendedora-de-la-comarca-premiada-en-corrientes\/\" \/>\n<meta property=\"og:site_name\" content=\"Noticias Radio Reflejos\" \/>\n<meta property=\"article:published_time\" content=\"2024-12-03T09:53:50+00:00\" \/>\n<meta property=\"article:modified_time\" content=\"2024-12-03T09:54:23+00:00\" \/>\n<meta property=\"og:image\" content=\"https:\/\/www.noticiasradioreflejos.com.ar\/2021\/wp-content\/uploads\/2024\/12\/Di-Caro.jpeg\" \/>\n\t<meta property=\"og:image:width\" content=\"591\" \/>\n\t<meta property=\"og:image:height\" content=\"702\" \/>\n\t<meta property=\"og:image:type\" content=\"image\/jpeg\" \/>\n<meta name=\"author\" content=\"Arnaldo Botto\" \/>\n<meta name=\"twitter:card\" content=\"summary_large_image\" \/>\n<script type=\"application\/ld+json\" class=\"yoast-schema-graph\">{\"@context\":\"https:\/\/schema.org\",\"@graph\":[{\"@type\":\"WebPage\",\"@id\":\"https:\/\/www.noticiasradioreflejos.com.ar\/2021\/emprendedora-de-la-comarca-premiada-en-corrientes\/\",\"url\":\"https:\/\/www.noticiasradioreflejos.com.ar\/2021\/emprendedora-de-la-comarca-premiada-en-corrientes\/\",\"name\":\"Emprendedora de la comarca premiada en Corrientes. - Noticias Radio Reflejos\",\"isPartOf\":{\"@id\":\"https:\/\/www.noticiasradioreflejos.com.ar\/2021\/#website\"},\"primaryImageOfPage\":{\"@id\":\"https:\/\/www.noticiasradioreflejos.com.ar\/2021\/emprendedora-de-la-comarca-premiada-en-corrientes\/#primaryimage\"},\"image\":{\"@id\":\"https:\/\/www.noticiasradioreflejos.com.ar\/2021\/emprendedora-de-la-comarca-premiada-en-corrientes\/#primaryimage\"},\"thumbnailUrl\":\"https:\/\/www.noticiasradioreflejos.com.ar\/2021\/wp-content\/uploads\/2024\/12\/Di-Caro.jpeg\",\"datePublished\":\"2024-12-03T09:53:50+00:00\",\"dateModified\":\"2024-12-03T09:54:23+00:00\",\"author\":{\"@id\":\"https:\/\/www.noticiasradioreflejos.com.ar\/2021\/#\/schema\/person\/ad82545263dcc5ec0996818884fd5fb1\"},\"breadcrumb\":{\"@id\":\"https:\/\/www.noticiasradioreflejos.com.ar\/2021\/emprendedora-de-la-comarca-premiada-en-corrientes\/#breadcrumb\"},\"inLanguage\":\"es\",\"potentialAction\":[{\"@type\":\"ReadAction\",\"target\":[\"https:\/\/www.noticiasradioreflejos.com.ar\/2021\/emprendedora-de-la-comarca-premiada-en-corrientes\/\"]}]},{\"@type\":\"ImageObject\",\"inLanguage\":\"es\",\"@id\":\"https:\/\/www.noticiasradioreflejos.com.ar\/2021\/emprendedora-de-la-comarca-premiada-en-corrientes\/#primaryimage\",\"url\":\"https:\/\/www.noticiasradioreflejos.com.ar\/2021\/wp-content\/uploads\/2024\/12\/Di-Caro.jpeg\",\"contentUrl\":\"https:\/\/www.noticiasradioreflejos.com.ar\/2021\/wp-content\/uploads\/2024\/12\/Di-Caro.jpeg\",\"width\":591,\"height\":702},{\"@type\":\"BreadcrumbList\",\"@id\":\"https:\/\/www.noticiasradioreflejos.com.ar\/2021\/emprendedora-de-la-comarca-premiada-en-corrientes\/#breadcrumb\",\"itemListElement\":[{\"@type\":\"ListItem\",\"position\":1,\"name\":\"Portada\",\"item\":\"https:\/\/www.noticiasradioreflejos.com.ar\/2021\/\"},{\"@type\":\"ListItem\",\"position\":2,\"name\":\"Emprendedora de la comarca premiada en Corrientes.\"}]},{\"@type\":\"WebSite\",\"@id\":\"https:\/\/www.noticiasradioreflejos.com.ar\/2021\/#website\",\"url\":\"https:\/\/www.noticiasradioreflejos.com.ar\/2021\/\",\"name\":\"Noticias Radio Reflejos\",\"description\":\"Las noticias de mi comarca\",\"potentialAction\":[{\"@type\":\"SearchAction\",\"target\":{\"@type\":\"EntryPoint\",\"urlTemplate\":\"https:\/\/www.noticiasradioreflejos.com.ar\/2021\/?s={search_term_string}\"},\"query-input\":{\"@type\":\"PropertyValueSpecification\",\"valueRequired\":true,\"valueName\":\"search_term_string\"}}],\"inLanguage\":\"es\"},{\"@type\":\"Person\",\"@id\":\"https:\/\/www.noticiasradioreflejos.com.ar\/2021\/#\/schema\/person\/ad82545263dcc5ec0996818884fd5fb1\",\"name\":\"Arnaldo Botto\",\"image\":{\"@type\":\"ImageObject\",\"inLanguage\":\"es\",\"@id\":\"https:\/\/www.noticiasradioreflejos.com.ar\/2021\/#\/schema\/person\/image\/\",\"url\":\"https:\/\/secure.gravatar.com\/avatar\/55cb5e37c1efa326397366e6974cb338056df65cb50e7d64d1cf314e87504837?s=96&d=mm&r=g\",\"contentUrl\":\"https:\/\/secure.gravatar.com\/avatar\/55cb5e37c1efa326397366e6974cb338056df65cb50e7d64d1cf314e87504837?s=96&d=mm&r=g\",\"caption\":\"Arnaldo Botto\"},\"url\":\"https:\/\/www.noticiasradioreflejos.com.ar\/2021\/author\/arnaldo\/\"}]}<\/script>\n<!-- \/ Yoast SEO plugin. -->","yoast_head_json":{"title":"Emprendedora de la comarca premiada en Corrientes. - Noticias Radio Reflejos","robots":{"index":"index","follow":"follow","max-snippet":"max-snippet:-1","max-image-preview":"max-image-preview:large","max-video-preview":"max-video-preview:-1"},"canonical":"https:\/\/www.noticiasradioreflejos.com.ar\/2021\/emprendedora-de-la-comarca-premiada-en-corrientes\/","og_locale":"es_ES","og_type":"article","og_title":"Emprendedora de la comarca premiada en Corrientes. - Noticias Radio Reflejos","og_description":"Empresaria Campanense Carina Di Caro fue distinguida con los Premios Hermanas Mirabal en Corrientes.","og_url":"https:\/\/www.noticiasradioreflejos.com.ar\/2021\/emprendedora-de-la-comarca-premiada-en-corrientes\/","og_site_name":"Noticias Radio Reflejos","article_published_time":"2024-12-03T09:53:50+00:00","article_modified_time":"2024-12-03T09:54:23+00:00","og_image":[{"width":591,"height":702,"url":"https:\/\/www.noticiasradioreflejos.com.ar\/2021\/wp-content\/uploads\/2024\/12\/Di-Caro.jpeg","type":"image\/jpeg"}],"author":"Arnaldo Botto","twitter_card":"summary_large_image","schema":{"@context":"https:\/\/schema.org","@graph":[{"@type":"WebPage","@id":"https:\/\/www.noticiasradioreflejos.com.ar\/2021\/emprendedora-de-la-comarca-premiada-en-corrientes\/","url":"https:\/\/www.noticiasradioreflejos.com.ar\/2021\/emprendedora-de-la-comarca-premiada-en-corrientes\/","name":"Emprendedora de la comarca premiada en Corrientes. - Noticias Radio Reflejos","isPartOf":{"@id":"https:\/\/www.noticiasradioreflejos.com.ar\/2021\/#website"},"primaryImageOfPage":{"@id":"https:\/\/www.noticiasradioreflejos.com.ar\/2021\/emprendedora-de-la-comarca-premiada-en-corrientes\/#primaryimage"},"image":{"@id":"https:\/\/www.noticiasradioreflejos.com.ar\/2021\/emprendedora-de-la-comarca-premiada-en-corrientes\/#primaryimage"},"thumbnailUrl":"https:\/\/www.noticiasradioreflejos.com.ar\/2021\/wp-content\/uploads\/2024\/12\/Di-Caro.jpeg","datePublished":"2024-12-03T09:53:50+00:00","dateModified":"2024-12-03T09:54:23+00:00","author":{"@id":"https:\/\/www.noticiasradioreflejos.com.ar\/2021\/#\/schema\/person\/ad82545263dcc5ec0996818884fd5fb1"},"breadcrumb":{"@id":"https:\/\/www.noticiasradioreflejos.com.ar\/2021\/emprendedora-de-la-comarca-premiada-en-corrientes\/#breadcrumb"},"inLanguage":"es","potentialAction":[{"@type":"ReadAction","target":["https:\/\/www.noticiasradioreflejos.com.ar\/2021\/emprendedora-de-la-comarca-premiada-en-corrientes\/"]}]},{"@type":"ImageObject","inLanguage":"es","@id":"https:\/\/www.noticiasradioreflejos.com.ar\/2021\/emprendedora-de-la-comarca-premiada-en-corrientes\/#primaryimage","url":"https:\/\/www.noticiasradioreflejos.com.ar\/2021\/wp-content\/uploads\/2024\/12\/Di-Caro.jpeg","contentUrl":"https:\/\/www.noticiasradioreflejos.com.ar\/2021\/wp-content\/uploads\/2024\/12\/Di-Caro.jpeg","width":591,"height":702},{"@type":"BreadcrumbList","@id":"https:\/\/www.noticiasradioreflejos.com.ar\/2021\/emprendedora-de-la-comarca-premiada-en-corrientes\/#breadcrumb","itemListElement":[{"@type":"ListItem","position":1,"name":"Portada","item":"https:\/\/www.noticiasradioreflejos.com.ar\/2021\/"},{"@type":"ListItem","position":2,"name":"Emprendedora de la comarca premiada en Corrientes."}]},{"@type":"WebSite","@id":"https:\/\/www.noticiasradioreflejos.com.ar\/2021\/#website","url":"https:\/\/www.noticiasradioreflejos.com.ar\/2021\/","name":"Noticias Radio Reflejos","description":"Las noticias de mi comarca","potentialAction":[{"@type":"SearchAction","target":{"@type":"EntryPoint","urlTemplate":"https:\/\/www.noticiasradioreflejos.com.ar\/2021\/?s={search_term_string}"},"query-input":{"@type":"PropertyValueSpecification","valueRequired":true,"valueName":"search_term_string"}}],"inLanguage":"es"},{"@type":"Person","@id":"https:\/\/www.noticiasradioreflejos.com.ar\/2021\/#\/schema\/person\/ad82545263dcc5ec0996818884fd5fb1","name":"Arnaldo Botto","image":{"@type":"ImageObject","inLanguage":"es","@id":"https:\/\/www.noticiasradioreflejos.com.ar\/2021\/#\/schema\/person\/image\/","url":"https:\/\/secure.gravatar.com\/avatar\/55cb5e37c1efa326397366e6974cb338056df65cb50e7d64d1cf314e87504837?s=96&d=mm&r=g","contentUrl":"https:\/\/secure.gravatar.com\/avatar\/55cb5e37c1efa326397366e6974cb338056df65cb50e7d64d1cf314e87504837?s=96&d=mm&r=g","caption":"Arnaldo Botto"},"url":"https:\/\/www.noticiasradioreflejos.com.ar\/2021\/author\/arnaldo\/"}]}},"_links":{"self":[{"href":"https:\/\/www.noticiasradioreflejos.com.ar\/2021\/wp-json\/wp\/v2\/posts\/110307","targetHints":{"allow":["GET"]}}],"collection":[{"href":"https:\/\/www.noticiasradioreflejos.com.ar\/2021\/wp-json\/wp\/v2\/posts"}],"about":[{"href":"https:\/\/www.noticiasradioreflejos.com.ar\/2021\/wp-json\/wp\/v2\/types\/post"}],"author":[{"embeddable":true,"href":"https:\/\/www.noticiasradioreflejos.com.ar\/2021\/wp-json\/wp\/v2\/users\/3"}],"replies":[{"embeddable":true,"href":"https:\/\/www.noticiasradioreflejos.com.ar\/2021\/wp-json\/wp\/v2\/comments?post=110307"}],"version-history":[{"count":1,"href":"https:\/\/www.noticiasradioreflejos.com.ar\/2021\/wp-json\/wp\/v2\/posts\/110307\/revisions"}],"predecessor-version":[{"id":110309,"href":"https:\/\/www.noticiasradioreflejos.com.ar\/2021\/wp-json\/wp\/v2\/posts\/110307\/revisions\/110309"}],"wp:featuredmedia":[{"embeddable":true,"href":"https:\/\/www.noticiasradioreflejos.com.ar\/2021\/wp-json\/wp\/v2\/media\/110308"}],"wp:attachment":[{"href":"https:\/\/www.noticiasradioreflejos.com.ar\/2021\/wp-json\/wp\/v2\/media?parent=110307"}],"wp:term":[{"taxonomy":"category","embeddable":true,"href":"https:\/\/www.noticiasradioreflejos.com.ar\/2021\/wp-json\/wp\/v2\/categories?post=110307"},{"taxonomy":"post_tag","embeddable":true,"href":"https:\/\/www.noticiasradioreflejos.com.ar\/2021\/wp-json\/wp\/v2\/tags?post=110307"}],"curies":[{"name":"wp","href":"https:\/\/api.w.org\/{rel}","templated":true}]}}