{"id":110250,"date":"2024-11-30T08:39:20","date_gmt":"2024-11-30T11:39:20","guid":{"rendered":"https:\/\/www.noticiasradioreflejos.com.ar\/2021\/?p=110250"},"modified":"2024-11-30T08:39:20","modified_gmt":"2024-11-30T11:39:20","slug":"a-mal-puerto-fuimos-a-parar","status":"publish","type":"post","link":"https:\/\/www.noticiasradioreflejos.com.ar\/2021\/a-mal-puerto-fuimos-a-parar\/","title":{"rendered":"A mal puerto\u2026 (fuimos a parar)"},"content":{"rendered":"<p>La situaci\u00f3n ambiental es cada vez m\u00e1s ca\u00f3tica. Pero el discurso del colapso ofrece cierto rechazo y tiene poca prensa. Es lo que nadie quiere escuchar.<!--more--><\/p>\n<p>Y mucho menos se habla del colapso ambiental cuando est\u00e1 ac\u00e1, frente a nuestros ojos. Preferimos escuchar lo que pasa en Valencia, inundaciones cuyas consecuencias seg\u00fan los informes del FNCA (Fundaci\u00f3n Nueva Cultura del agua) explican que el aumento de la temperatura media del aire y los mares provocaron ese fen\u00f3meno clim\u00e1tico.<\/p>\n<p>Sin embargo, aqu\u00ed en Bah\u00eda Blanca, ya olvidamos la fuerte tormenta que pasamos en diciembre y que implic\u00f3 disponer de recursos para recuperarnos de esa tragedia, que incluso se llev\u00f3 vidas humanas.<\/p>\n<p>Relacionarlo con el impacto que provocan las actividades extractivistas del Polo Petroqu\u00edmico, parece imposible, aunque \u00a0certero. No por nada el actual intendente Susbielles, ex Presidente del Consorcio del Puerto, reclam\u00f3 al Polo Petroqu\u00edmico, \u00a0que aporte fondos para la restauraci\u00f3n de una Bah\u00eda Blanca destruida. \u00bfAcaso fue a modo de remediaci\u00f3n?<\/p>\n<p>Para los cuatro mil\u00a0 millones de d\u00f3lares que, al menos en el 2021, estaban valuados los productos petroqu\u00edmicos del Polo, con apenas unas minucias donadas, acallan las voces. Queda un resto, bastante importante, que es\u00a0 el \u00a0costo ambiental que pagamos entre todos.<\/p>\n<p>Mientras los empresarios, probablemente tengan a sus familias a resguardo, lejos de lo que ellos llaman, \u00a0<strong>ZONA<\/strong> <strong>DE SACRIFICIO,<\/strong> conformada por todo el Partido de Bah\u00eda Blanca y regi\u00f3n, \u00a0hasta que el estuario no tenga m\u00e1s que darles y se vayan. Sino porque est\u00e1n instalados all\u00ed. Es que el estuario es su plusval\u00eda, parte de la ganancia que le roban a \u00a0la naturaleza.<\/p>\n<p>Pero esto no es lo que se quiere contar. Por ello, los grupos p\u00fablicos y privados, como los especialistas de las UNS, \u00a0Grupo Grekko, \u00a0Tellus ong, \u00a0CONICET, \u00a0Estaci\u00f3n de Rescate de Fauna Marina del Consorcio del Puerto de Bah\u00eda Blanca, \u00a0entre otros, se ocupan de concentrar sus esfuerzos en cuestionar lo que sucedi\u00f3 en Tornquist con una carrera de Enduro, que se realiz\u00f3 en una propiedad privada lindante a una Reserva Natural (Parque Provincial E. Tornquist).<\/p>\n<p>Estamos de acuerdo con el reclamo. Sin embargo no se gener\u00f3 un\u00a0 mismo movimiento, un listado de doctores, bi\u00f3logos, licenciados, ongs, ni rescatistas, haciendo tal fervoroso \u00a0reclamo, de lo que sucede ac\u00e1, en su zona de influencia directa, respecto al dragado, que est\u00e1 llevando a cabo el Consorcio del Puerto de Bah\u00eda Blanca, en varios kil\u00f3metros que limitan con la Reserva Natural Bah\u00eda Blanca, Bah\u00eda Falsa, Bah\u00eda Verde (Ley provincial 12.101).<\/p>\n<p>De acuerdo a lo que se lee en el pliego de \u00a0licitaci\u00f3n, que ya fue adjudicado, las tareas de dragado implican la profundizaci\u00f3n y el ensanchamiento en algunos sectores, como en el Canal del Toro, a la altura de Isla Bermejo, que es una de las islas que integran la Reserva Natural.<\/p>\n<p>Lo que se plantea, en ese lugar, no es solo profundizar sino adem\u00e1s \u00a0aumentar su ancho en cada veril del canal a 50 mts. Se entiende entonces que el ensanchamiento del veril sur, se har\u00e1, si a\u00fan no se hizo esa parte, ingresando a la Reserva Natural.<\/p>\n<p>Un dragado de cinco campa\u00f1as de cincuenta d\u00edas cada una, con una \u201cdraga de succi\u00f3n por arrastre\u201d lastimando \u00a0la matriz del estuario, donde se reproducen peque\u00f1as especies que adem\u00e1s son alimentos de otras. Y ni hablar del aumento de los ruidos ensordecedores a la fauna marina que ya viene herida por la contaminaci\u00f3n, redes de pesca, sonidos de lanchas, barcos, etc.<\/p>\n<p>Se lastimar\u00e1 ese lecho barroso que adem\u00e1s \u00a0\u00a0contribuye a filtrar los contaminantes. \u00a1Tanto esfuerzo de la naturaleza, para que la draga los remueva y distribuya nuevamente en todo el estuario!<\/p>\n<p>Pero aquellos que tienen la palabra desde la hegemon\u00eda, por su cercan\u00eda al poder, (ongs, universidad, rescatistas) \u00a0est\u00e1n ocupados en otras cosas y le dan la espalda a nuestro estuario que seguir\u00e1 agonizando hasta que no de m\u00e1s.<\/p>\n<p>\u00bfQue hace Silice 14.8? En este caso, comenzamos, como siempre, pidiendo explicaciones p\u00fablicas al Consorcio del Puerto de Bah\u00eda Blanca y a quienes realizaron el estudio de impacto ambiental que aprueba esta obra, sobre este intolerable da\u00f1o a la Reserva Natural Bah\u00eda Blanca, Bah\u00eda Falsa, Bah\u00eda Verde.<\/p>\n<p>En otro orden, nuestra organizaci\u00f3n conservacionista, sigue esperando respuestas del Ministerio de Desarrollo Agrario y del Ministerio de Ambiente, al reclamo formal que presentamos, acerca del resto de las actividades extractivistas que se permiten en la Reserva Natural, en flagrante incumplimiento de la ley 10.907, de \u00c1reas Naturales Protegidas de la Provincia de Buenos Aires.<\/p>\n<p>&nbsp;<\/p>\n<p>&nbsp;<\/p>\n<p><em><strong>Patricia Gonzalez y Daniel Porte<\/strong><\/em><\/p>\n<p><em><strong>Presidenta y Secretario \u00a0de S\u00edlice 14.8 ONG conservacionista<\/strong><\/em><\/p>\n<p>&nbsp;<\/p>\n","protected":false},"excerpt":{"rendered":"<p>La situaci\u00f3n ambiental es cada vez m\u00e1s ca\u00f3tica. Pero el discurso del colapso ofrece cierto rechazo y tiene poca prensa. Es lo que nadie quiere escuchar.<\/p>\n","protected":false},"author":3,"featured_media":110251,"comment_status":"closed","ping_status":"closed","sticky":false,"template":"","format":"standard","meta":{"footnotes":""},"categories":[24,26],"tags":[],"class_list":["post-110250","post","type-post","status-publish","format-standard","has-post-thumbnail","hentry","category-politica","category-sociedad"],"yoast_head":"<!-- This site is optimized with the Yoast SEO plugin v25.9 - https:\/\/yoast.com\/wordpress\/plugins\/seo\/ -->\n<title>A mal puerto\u2026 (fuimos a parar) - Noticias Radio Reflejos<\/title>\n<meta name=\"robots\" content=\"index, follow, max-snippet:-1, max-image-preview:large, max-video-preview:-1\" \/>\n<link rel=\"canonical\" href=\"https:\/\/www.noticiasradioreflejos.com.ar\/2021\/a-mal-puerto-fuimos-a-parar\/\" \/>\n<meta property=\"og:locale\" content=\"es_ES\" \/>\n<meta property=\"og:type\" content=\"article\" \/>\n<meta property=\"og:title\" content=\"A mal puerto\u2026 (fuimos a parar) - Noticias Radio Reflejos\" \/>\n<meta property=\"og:description\" content=\"La situaci\u00f3n ambiental es cada vez m\u00e1s ca\u00f3tica. Pero el discurso del colapso ofrece cierto rechazo y tiene poca prensa. Es lo que nadie quiere escuchar.\" \/>\n<meta property=\"og:url\" content=\"https:\/\/www.noticiasradioreflejos.com.ar\/2021\/a-mal-puerto-fuimos-a-parar\/\" \/>\n<meta property=\"og:site_name\" content=\"Noticias Radio Reflejos\" \/>\n<meta property=\"article:published_time\" content=\"2024-11-30T11:39:20+00:00\" \/>\n<meta property=\"og:image\" content=\"https:\/\/www.noticiasradioreflejos.com.ar\/2021\/wp-content\/uploads\/2024\/11\/engranaje-S.O.S.tenible.jpeg\" \/>\n\t<meta property=\"og:image:width\" content=\"1080\" \/>\n\t<meta property=\"og:image:height\" content=\"667\" \/>\n\t<meta property=\"og:image:type\" content=\"image\/jpeg\" \/>\n<meta name=\"author\" content=\"Arnaldo Botto\" \/>\n<meta name=\"twitter:card\" content=\"summary_large_image\" \/>\n<script type=\"application\/ld+json\" class=\"yoast-schema-graph\">{\"@context\":\"https:\/\/schema.org\",\"@graph\":[{\"@type\":\"WebPage\",\"@id\":\"https:\/\/www.noticiasradioreflejos.com.ar\/2021\/a-mal-puerto-fuimos-a-parar\/\",\"url\":\"https:\/\/www.noticiasradioreflejos.com.ar\/2021\/a-mal-puerto-fuimos-a-parar\/\",\"name\":\"A mal puerto\u2026 (fuimos a parar) - Noticias Radio Reflejos\",\"isPartOf\":{\"@id\":\"https:\/\/www.noticiasradioreflejos.com.ar\/2021\/#website\"},\"primaryImageOfPage\":{\"@id\":\"https:\/\/www.noticiasradioreflejos.com.ar\/2021\/a-mal-puerto-fuimos-a-parar\/#primaryimage\"},\"image\":{\"@id\":\"https:\/\/www.noticiasradioreflejos.com.ar\/2021\/a-mal-puerto-fuimos-a-parar\/#primaryimage\"},\"thumbnailUrl\":\"https:\/\/www.noticiasradioreflejos.com.ar\/2021\/wp-content\/uploads\/2024\/11\/engranaje-S.O.S.tenible.jpeg\",\"datePublished\":\"2024-11-30T11:39:20+00:00\",\"author\":{\"@id\":\"https:\/\/www.noticiasradioreflejos.com.ar\/2021\/#\/schema\/person\/ad82545263dcc5ec0996818884fd5fb1\"},\"breadcrumb\":{\"@id\":\"https:\/\/www.noticiasradioreflejos.com.ar\/2021\/a-mal-puerto-fuimos-a-parar\/#breadcrumb\"},\"inLanguage\":\"es\",\"potentialAction\":[{\"@type\":\"ReadAction\",\"target\":[\"https:\/\/www.noticiasradioreflejos.com.ar\/2021\/a-mal-puerto-fuimos-a-parar\/\"]}]},{\"@type\":\"ImageObject\",\"inLanguage\":\"es\",\"@id\":\"https:\/\/www.noticiasradioreflejos.com.ar\/2021\/a-mal-puerto-fuimos-a-parar\/#primaryimage\",\"url\":\"https:\/\/www.noticiasradioreflejos.com.ar\/2021\/wp-content\/uploads\/2024\/11\/engranaje-S.O.S.tenible.jpeg\",\"contentUrl\":\"https:\/\/www.noticiasradioreflejos.com.ar\/2021\/wp-content\/uploads\/2024\/11\/engranaje-S.O.S.tenible.jpeg\",\"width\":1080,\"height\":667},{\"@type\":\"BreadcrumbList\",\"@id\":\"https:\/\/www.noticiasradioreflejos.com.ar\/2021\/a-mal-puerto-fuimos-a-parar\/#breadcrumb\",\"itemListElement\":[{\"@type\":\"ListItem\",\"position\":1,\"name\":\"Portada\",\"item\":\"https:\/\/www.noticiasradioreflejos.com.ar\/2021\/\"},{\"@type\":\"ListItem\",\"position\":2,\"name\":\"A mal puerto\u2026 (fuimos a parar)\"}]},{\"@type\":\"WebSite\",\"@id\":\"https:\/\/www.noticiasradioreflejos.com.ar\/2021\/#website\",\"url\":\"https:\/\/www.noticiasradioreflejos.com.ar\/2021\/\",\"name\":\"Noticias Radio Reflejos\",\"description\":\"Las noticias de mi comarca\",\"potentialAction\":[{\"@type\":\"SearchAction\",\"target\":{\"@type\":\"EntryPoint\",\"urlTemplate\":\"https:\/\/www.noticiasradioreflejos.com.ar\/2021\/?s={search_term_string}\"},\"query-input\":{\"@type\":\"PropertyValueSpecification\",\"valueRequired\":true,\"valueName\":\"search_term_string\"}}],\"inLanguage\":\"es\"},{\"@type\":\"Person\",\"@id\":\"https:\/\/www.noticiasradioreflejos.com.ar\/2021\/#\/schema\/person\/ad82545263dcc5ec0996818884fd5fb1\",\"name\":\"Arnaldo Botto\",\"image\":{\"@type\":\"ImageObject\",\"inLanguage\":\"es\",\"@id\":\"https:\/\/www.noticiasradioreflejos.com.ar\/2021\/#\/schema\/person\/image\/\",\"url\":\"https:\/\/secure.gravatar.com\/avatar\/55cb5e37c1efa326397366e6974cb338056df65cb50e7d64d1cf314e87504837?s=96&d=mm&r=g\",\"contentUrl\":\"https:\/\/secure.gravatar.com\/avatar\/55cb5e37c1efa326397366e6974cb338056df65cb50e7d64d1cf314e87504837?s=96&d=mm&r=g\",\"caption\":\"Arnaldo Botto\"},\"url\":\"https:\/\/www.noticiasradioreflejos.com.ar\/2021\/author\/arnaldo\/\"}]}<\/script>\n<!-- \/ Yoast SEO plugin. -->","yoast_head_json":{"title":"A mal puerto\u2026 (fuimos a parar) - Noticias Radio Reflejos","robots":{"index":"index","follow":"follow","max-snippet":"max-snippet:-1","max-image-preview":"max-image-preview:large","max-video-preview":"max-video-preview:-1"},"canonical":"https:\/\/www.noticiasradioreflejos.com.ar\/2021\/a-mal-puerto-fuimos-a-parar\/","og_locale":"es_ES","og_type":"article","og_title":"A mal puerto\u2026 (fuimos a parar) - Noticias Radio Reflejos","og_description":"La situaci\u00f3n ambiental es cada vez m\u00e1s ca\u00f3tica. Pero el discurso del colapso ofrece cierto rechazo y tiene poca prensa. Es lo que nadie quiere escuchar.","og_url":"https:\/\/www.noticiasradioreflejos.com.ar\/2021\/a-mal-puerto-fuimos-a-parar\/","og_site_name":"Noticias Radio Reflejos","article_published_time":"2024-11-30T11:39:20+00:00","og_image":[{"width":1080,"height":667,"url":"https:\/\/www.noticiasradioreflejos.com.ar\/2021\/wp-content\/uploads\/2024\/11\/engranaje-S.O.S.tenible.jpeg","type":"image\/jpeg"}],"author":"Arnaldo Botto","twitter_card":"summary_large_image","schema":{"@context":"https:\/\/schema.org","@graph":[{"@type":"WebPage","@id":"https:\/\/www.noticiasradioreflejos.com.ar\/2021\/a-mal-puerto-fuimos-a-parar\/","url":"https:\/\/www.noticiasradioreflejos.com.ar\/2021\/a-mal-puerto-fuimos-a-parar\/","name":"A mal puerto\u2026 (fuimos a parar) - Noticias Radio Reflejos","isPartOf":{"@id":"https:\/\/www.noticiasradioreflejos.com.ar\/2021\/#website"},"primaryImageOfPage":{"@id":"https:\/\/www.noticiasradioreflejos.com.ar\/2021\/a-mal-puerto-fuimos-a-parar\/#primaryimage"},"image":{"@id":"https:\/\/www.noticiasradioreflejos.com.ar\/2021\/a-mal-puerto-fuimos-a-parar\/#primaryimage"},"thumbnailUrl":"https:\/\/www.noticiasradioreflejos.com.ar\/2021\/wp-content\/uploads\/2024\/11\/engranaje-S.O.S.tenible.jpeg","datePublished":"2024-11-30T11:39:20+00:00","author":{"@id":"https:\/\/www.noticiasradioreflejos.com.ar\/2021\/#\/schema\/person\/ad82545263dcc5ec0996818884fd5fb1"},"breadcrumb":{"@id":"https:\/\/www.noticiasradioreflejos.com.ar\/2021\/a-mal-puerto-fuimos-a-parar\/#breadcrumb"},"inLanguage":"es","potentialAction":[{"@type":"ReadAction","target":["https:\/\/www.noticiasradioreflejos.com.ar\/2021\/a-mal-puerto-fuimos-a-parar\/"]}]},{"@type":"ImageObject","inLanguage":"es","@id":"https:\/\/www.noticiasradioreflejos.com.ar\/2021\/a-mal-puerto-fuimos-a-parar\/#primaryimage","url":"https:\/\/www.noticiasradioreflejos.com.ar\/2021\/wp-content\/uploads\/2024\/11\/engranaje-S.O.S.tenible.jpeg","contentUrl":"https:\/\/www.noticiasradioreflejos.com.ar\/2021\/wp-content\/uploads\/2024\/11\/engranaje-S.O.S.tenible.jpeg","width":1080,"height":667},{"@type":"BreadcrumbList","@id":"https:\/\/www.noticiasradioreflejos.com.ar\/2021\/a-mal-puerto-fuimos-a-parar\/#breadcrumb","itemListElement":[{"@type":"ListItem","position":1,"name":"Portada","item":"https:\/\/www.noticiasradioreflejos.com.ar\/2021\/"},{"@type":"ListItem","position":2,"name":"A mal puerto\u2026 (fuimos a parar)"}]},{"@type":"WebSite","@id":"https:\/\/www.noticiasradioreflejos.com.ar\/2021\/#website","url":"https:\/\/www.noticiasradioreflejos.com.ar\/2021\/","name":"Noticias Radio Reflejos","description":"Las noticias de mi comarca","potentialAction":[{"@type":"SearchAction","target":{"@type":"EntryPoint","urlTemplate":"https:\/\/www.noticiasradioreflejos.com.ar\/2021\/?s={search_term_string}"},"query-input":{"@type":"PropertyValueSpecification","valueRequired":true,"valueName":"search_term_string"}}],"inLanguage":"es"},{"@type":"Person","@id":"https:\/\/www.noticiasradioreflejos.com.ar\/2021\/#\/schema\/person\/ad82545263dcc5ec0996818884fd5fb1","name":"Arnaldo Botto","image":{"@type":"ImageObject","inLanguage":"es","@id":"https:\/\/www.noticiasradioreflejos.com.ar\/2021\/#\/schema\/person\/image\/","url":"https:\/\/secure.gravatar.com\/avatar\/55cb5e37c1efa326397366e6974cb338056df65cb50e7d64d1cf314e87504837?s=96&d=mm&r=g","contentUrl":"https:\/\/secure.gravatar.com\/avatar\/55cb5e37c1efa326397366e6974cb338056df65cb50e7d64d1cf314e87504837?s=96&d=mm&r=g","caption":"Arnaldo Botto"},"url":"https:\/\/www.noticiasradioreflejos.com.ar\/2021\/author\/arnaldo\/"}]}},"_links":{"self":[{"href":"https:\/\/www.noticiasradioreflejos.com.ar\/2021\/wp-json\/wp\/v2\/posts\/110250","targetHints":{"allow":["GET"]}}],"collection":[{"href":"https:\/\/www.noticiasradioreflejos.com.ar\/2021\/wp-json\/wp\/v2\/posts"}],"about":[{"href":"https:\/\/www.noticiasradioreflejos.com.ar\/2021\/wp-json\/wp\/v2\/types\/post"}],"author":[{"embeddable":true,"href":"https:\/\/www.noticiasradioreflejos.com.ar\/2021\/wp-json\/wp\/v2\/users\/3"}],"replies":[{"embeddable":true,"href":"https:\/\/www.noticiasradioreflejos.com.ar\/2021\/wp-json\/wp\/v2\/comments?post=110250"}],"version-history":[{"count":1,"href":"https:\/\/www.noticiasradioreflejos.com.ar\/2021\/wp-json\/wp\/v2\/posts\/110250\/revisions"}],"predecessor-version":[{"id":110252,"href":"https:\/\/www.noticiasradioreflejos.com.ar\/2021\/wp-json\/wp\/v2\/posts\/110250\/revisions\/110252"}],"wp:featuredmedia":[{"embeddable":true,"href":"https:\/\/www.noticiasradioreflejos.com.ar\/2021\/wp-json\/wp\/v2\/media\/110251"}],"wp:attachment":[{"href":"https:\/\/www.noticiasradioreflejos.com.ar\/2021\/wp-json\/wp\/v2\/media?parent=110250"}],"wp:term":[{"taxonomy":"category","embeddable":true,"href":"https:\/\/www.noticiasradioreflejos.com.ar\/2021\/wp-json\/wp\/v2\/categories?post=110250"},{"taxonomy":"post_tag","embeddable":true,"href":"https:\/\/www.noticiasradioreflejos.com.ar\/2021\/wp-json\/wp\/v2\/tags?post=110250"}],"curies":[{"name":"wp","href":"https:\/\/api.w.org\/{rel}","templated":true}]}}