{"id":110131,"date":"2024-11-27T18:25:10","date_gmt":"2024-11-27T21:25:10","guid":{"rendered":"https:\/\/www.noticiasradioreflejos.com.ar\/2021\/?p=110131"},"modified":"2024-11-27T18:25:51","modified_gmt":"2024-11-27T21:25:51","slug":"queres-ingresar-a-la-policia-bonaerense-ya-abrio-la-convocatoria-2025","status":"publish","type":"post","link":"https:\/\/www.noticiasradioreflejos.com.ar\/2021\/queres-ingresar-a-la-policia-bonaerense-ya-abrio-la-convocatoria-2025\/","title":{"rendered":"Quer\u00e9s ingresar a la Polic\u00eda Bonaerense: Ya abri\u00f3 la convocatoria 2025"},"content":{"rendered":"<p>La Polic\u00eda Bonaerense abri\u00f3 la convocatoria 2025: c\u00f3mo inscribirse, cu\u00e1les son los requisitos y qu\u00e9 hay que estudiar<br \/>\n<!--more--><\/p>\n<p>Los interesados pueden inscribirse online hasta completar el cupo. Los requisitos incluyen ser argentino, tener entre 17 y 29 a\u00f1os, y contar con el secundario completo. Adem\u00e1s, se deben cumplir con evaluaciones psicof\u00edsicas y no tener antecedentes penales. El video con recomendaciones y los formularios para descargar.<\/p>\n<p>La Polic\u00eda de la Provincia de Buenos Aires lanz\u00f3 la convocatoria para la incorporaci\u00f3n de nuevos aspirantes a las Escuelas de Formaci\u00f3n Policial para el ciclo lectivo 2025. Esta es una oportunidad para aquellas personas que desean formar parte de una de las fuerzas de seguridad m\u00e1s importantes de Argentina. Si est\u00e1s interesado en sumarte a la Polic\u00eda Bonaerense, a continuaci\u00f3n te brindamos todos los detalles sobre c\u00f3mo inscribirte, los requisitos necesarios y qu\u00e9 tipo de preparaci\u00f3n debes tener.<\/p>\n<h4>\u00bfC\u00f3mo inscribirse a la Polic\u00eda Bonaerense?<\/h4>\n<p>La inscripci\u00f3n para ingresar a la Polic\u00eda de la Provincia de Buenos Aires debe realizarse de manera completamente online. Los postulantes pueden acceder al formulario de inscripci\u00f3n escaneando el C\u00f3digo QR proporcionado en la convocatoria o ingresando directamente a la p\u00e1gina web oficial del Ministerio de Seguridad de la Provincia de Buenos Aires, a trav\u00e9s del siguiente enlace:\u00a0<a class=\"link\" href=\"https:\/\/l.facebook.com\/l.php?u=http%3A%2F%2Fwww.mseg.gba.gov.ar%2F%3Ffbclid%3DIwZXh0bgNhZW0CMTAAAR1ap6S9ZZSHkOVhEh0JQJupzdsiA1QvrWIyfRtPWXvz6Pm3F9w5b9J-rRM_aem_Shea0veQFIzj3_aXTsxs4Q&amp;h=AT3Ox51a5LHGF-IoH4Nuk8EzxTopTBTrDDGnmDYVSMYnCJh5o5hqkhb8CXHjrWze6kMTJ7CPeDbcFl0YNgCqYF19_h_KtM56RCWeby3kPMDJHIJlGq2O1FrQr4ebV4M-gjSj&amp;__tn__=-UK-R&amp;c[0]=AT0Guv75F8POsi5DuarD93BIu9bqfAt_Qa8ARx-aY4a8gOgo2gLbmyUgVAQGQY2o3iIM898gTpewMgv98OnyDbYPAmCYj_a5-XjiDPVVHFraPsIoOaZvWLyeth6R3vu2xkxgSahXvyOk71XLU7qigZqyIzyP3vhyiDm9iXmO_fcLDhHQk9h8LNc3k4IlToA_9T0gq9WHXQXbOL34u6P495U8tjM\" target=\"_blank\" rel=\"noopener\">www.mseg.gba.gov.ar.<\/a><\/p>\n<p>&nbsp;<\/p>\n<h4>Requisitos para la inscripci\u00f3n<\/h4>\n<p>Si bien la convocatoria est\u00e1 abierta para todos los interesados que cumplan con los requisitos establecidos, es fundamental cumplir con una serie de condiciones para poder ser considerado como aspirante a cadete. Los principales requisitos son los siguientes:<\/p>\n<p>Ser argentino\/a nativo\/a, naturalizado\/a o por opci\u00f3n.<\/p>\n<p>El postulante debe ser de nacionalidad argentina, ya sea por nacimiento o por naturalizaci\u00f3n.<\/p>\n<p>Tener entre 17 y 29 a\u00f1os de edad.<\/p>\n<p>La franja etaria para poder postularse es de 17 a 29 a\u00f1os, es decir, los aspirantes deben haber cumplido 17 a\u00f1os al momento de la inscripci\u00f3n y no superar los 29 a\u00f1os de edad al momento del inicio del curso en 2025.<\/p>\n<p>&nbsp;<\/p>\n<p><iframe loading=\"lazy\" class=\"scribd_iframe_embed\" tabindex=\"0\" title=\"Flyer 2025 - FBA Municipios\" src=\"https:\/\/www.scribd.com\/embeds\/797769179\/content?start_page=1&amp;view_mode=scroll&amp;access_key=key-PHN8LYt9wBVSDIyvtsUK\" width=\"100%\" height=\"600\" frameborder=\"0\" scrolling=\"no\" data-auto-height=\"true\" data-aspect-ratio=\"0.6172839506172839\"><\/iframe><\/p>\n<p style=\"margin: 12px auto 6px auto; font-family: Helvetica,Arial,Sans-serif; font-style: normal; font-variant: normal; font-weight: normal; font-size: 14px; line-height: normal; font-size-adjust: none; font-stretch: normal; -x-system-font: none; display: block;\"><a style=\"text-decoration: underline;\" title=\"View Flyer 2025 - FBA Municipios on Scribd\" href=\"https:\/\/www.scribd.com\/document\/797769179\/Flyer-2025-FBA-Municipios#from_embed\">Flyer 2025 &#8211; FBA Municipios<\/a> by <a style=\"text-decoration: underline;\" title=\"View FM Reflejos Sierra de la Ventana's profile on Scribd\" href=\"https:\/\/www.scribd.com\/user\/128459674\/FM-Reflejos-Sierra-de-la-Ventana#from_embed\">FM Reflejos Sierra de la Ve&#8230;<\/a><\/p>\n<p><iframe loading=\"lazy\" class=\"scribd_iframe_embed\" tabindex=\"0\" title=\"FBA 2025-\" src=\"https:\/\/www.scribd.com\/embeds\/797769180\/content?start_page=1&amp;view_mode=scroll&amp;access_key=key-cOJtHhmMeWoRw2jiyzwr\" width=\"100%\" height=\"600\" frameborder=\"0\" scrolling=\"no\" data-auto-height=\"true\" data-aspect-ratio=\"0.799645390070922\"><\/iframe><\/p>\n<p style=\"margin: 12px auto 6px auto; font-family: Helvetica,Arial,Sans-serif; font-style: normal; font-variant: normal; font-weight: normal; font-size: 14px; line-height: normal; font-size-adjust: none; font-stretch: normal; -x-system-font: none; display: block;\"><a style=\"text-decoration: underline;\" title=\"View FBA 2025- on Scribd\" href=\"https:\/\/www.scribd.com\/document\/797769180\/FBA-2025#from_embed\">FBA 2025-<\/a> by <a style=\"text-decoration: underline;\" title=\"View FM Reflejos Sierra de la Ventana's profile on Scribd\" href=\"https:\/\/www.scribd.com\/user\/128459674\/FM-Reflejos-Sierra-de-la-Ventana#from_embed\">FM Reflejos Sierra de la Ve&#8230;<\/a><\/p>\n","protected":false},"excerpt":{"rendered":"<p>La Polic\u00eda Bonaerense abri\u00f3 la convocatoria 2025: c\u00f3mo inscribirse, cu\u00e1les son los requisitos y qu\u00e9 hay que estudiar<\/p>\n","protected":false},"author":3,"featured_media":0,"comment_status":"closed","ping_status":"closed","sticky":false,"template":"","format":"standard","meta":{"footnotes":""},"categories":[29],"tags":[],"class_list":["post-110131","post","type-post","status-publish","format-standard","hentry","category-policiales"],"yoast_head":"<!-- This site is optimized with the Yoast SEO plugin v25.9 - https:\/\/yoast.com\/wordpress\/plugins\/seo\/ -->\n<title>Quer\u00e9s ingresar a la Polic\u00eda Bonaerense: Ya abri\u00f3 la convocatoria 2025 - Noticias Radio Reflejos<\/title>\n<meta name=\"robots\" content=\"index, follow, max-snippet:-1, max-image-preview:large, max-video-preview:-1\" \/>\n<link rel=\"canonical\" href=\"https:\/\/www.noticiasradioreflejos.com.ar\/2021\/queres-ingresar-a-la-policia-bonaerense-ya-abrio-la-convocatoria-2025\/\" \/>\n<meta property=\"og:locale\" content=\"es_ES\" \/>\n<meta property=\"og:type\" content=\"article\" \/>\n<meta property=\"og:title\" content=\"Quer\u00e9s ingresar a la Polic\u00eda Bonaerense: Ya abri\u00f3 la convocatoria 2025 - Noticias Radio Reflejos\" \/>\n<meta property=\"og:description\" content=\"La Polic\u00eda Bonaerense abri\u00f3 la convocatoria 2025: c\u00f3mo inscribirse, cu\u00e1les son los requisitos y qu\u00e9 hay que estudiar\" \/>\n<meta property=\"og:url\" content=\"https:\/\/www.noticiasradioreflejos.com.ar\/2021\/queres-ingresar-a-la-policia-bonaerense-ya-abrio-la-convocatoria-2025\/\" \/>\n<meta property=\"og:site_name\" content=\"Noticias Radio Reflejos\" \/>\n<meta property=\"article:published_time\" content=\"2024-11-27T21:25:10+00:00\" \/>\n<meta property=\"article:modified_time\" content=\"2024-11-27T21:25:51+00:00\" \/>\n<meta property=\"og:image\" content=\"https:\/\/www.noticiasradioreflejos.com.ar\/2021\/wp-content\/uploads\/2021\/07\/logosol300x200.png\" \/>\n\t<meta property=\"og:image:width\" content=\"300\" \/>\n\t<meta property=\"og:image:height\" content=\"200\" \/>\n\t<meta property=\"og:image:type\" content=\"image\/png\" \/>\n<meta name=\"author\" content=\"Arnaldo Botto\" \/>\n<meta name=\"twitter:card\" content=\"summary_large_image\" \/>\n<script type=\"application\/ld+json\" class=\"yoast-schema-graph\">{\"@context\":\"https:\/\/schema.org\",\"@graph\":[{\"@type\":\"WebPage\",\"@id\":\"https:\/\/www.noticiasradioreflejos.com.ar\/2021\/queres-ingresar-a-la-policia-bonaerense-ya-abrio-la-convocatoria-2025\/\",\"url\":\"https:\/\/www.noticiasradioreflejos.com.ar\/2021\/queres-ingresar-a-la-policia-bonaerense-ya-abrio-la-convocatoria-2025\/\",\"name\":\"Quer\u00e9s ingresar a la Polic\u00eda Bonaerense: Ya abri\u00f3 la convocatoria 2025 - Noticias Radio Reflejos\",\"isPartOf\":{\"@id\":\"https:\/\/www.noticiasradioreflejos.com.ar\/2021\/#website\"},\"datePublished\":\"2024-11-27T21:25:10+00:00\",\"dateModified\":\"2024-11-27T21:25:51+00:00\",\"author\":{\"@id\":\"https:\/\/www.noticiasradioreflejos.com.ar\/2021\/#\/schema\/person\/ad82545263dcc5ec0996818884fd5fb1\"},\"breadcrumb\":{\"@id\":\"https:\/\/www.noticiasradioreflejos.com.ar\/2021\/queres-ingresar-a-la-policia-bonaerense-ya-abrio-la-convocatoria-2025\/#breadcrumb\"},\"inLanguage\":\"es\",\"potentialAction\":[{\"@type\":\"ReadAction\",\"target\":[\"https:\/\/www.noticiasradioreflejos.com.ar\/2021\/queres-ingresar-a-la-policia-bonaerense-ya-abrio-la-convocatoria-2025\/\"]}]},{\"@type\":\"BreadcrumbList\",\"@id\":\"https:\/\/www.noticiasradioreflejos.com.ar\/2021\/queres-ingresar-a-la-policia-bonaerense-ya-abrio-la-convocatoria-2025\/#breadcrumb\",\"itemListElement\":[{\"@type\":\"ListItem\",\"position\":1,\"name\":\"Portada\",\"item\":\"https:\/\/www.noticiasradioreflejos.com.ar\/2021\/\"},{\"@type\":\"ListItem\",\"position\":2,\"name\":\"Quer\u00e9s ingresar a la Polic\u00eda Bonaerense: Ya abri\u00f3 la convocatoria 2025\"}]},{\"@type\":\"WebSite\",\"@id\":\"https:\/\/www.noticiasradioreflejos.com.ar\/2021\/#website\",\"url\":\"https:\/\/www.noticiasradioreflejos.com.ar\/2021\/\",\"name\":\"Noticias Radio Reflejos\",\"description\":\"Las noticias de mi comarca\",\"potentialAction\":[{\"@type\":\"SearchAction\",\"target\":{\"@type\":\"EntryPoint\",\"urlTemplate\":\"https:\/\/www.noticiasradioreflejos.com.ar\/2021\/?s={search_term_string}\"},\"query-input\":{\"@type\":\"PropertyValueSpecification\",\"valueRequired\":true,\"valueName\":\"search_term_string\"}}],\"inLanguage\":\"es\"},{\"@type\":\"Person\",\"@id\":\"https:\/\/www.noticiasradioreflejos.com.ar\/2021\/#\/schema\/person\/ad82545263dcc5ec0996818884fd5fb1\",\"name\":\"Arnaldo Botto\",\"image\":{\"@type\":\"ImageObject\",\"inLanguage\":\"es\",\"@id\":\"https:\/\/www.noticiasradioreflejos.com.ar\/2021\/#\/schema\/person\/image\/\",\"url\":\"https:\/\/secure.gravatar.com\/avatar\/55cb5e37c1efa326397366e6974cb338056df65cb50e7d64d1cf314e87504837?s=96&d=mm&r=g\",\"contentUrl\":\"https:\/\/secure.gravatar.com\/avatar\/55cb5e37c1efa326397366e6974cb338056df65cb50e7d64d1cf314e87504837?s=96&d=mm&r=g\",\"caption\":\"Arnaldo Botto\"},\"url\":\"https:\/\/www.noticiasradioreflejos.com.ar\/2021\/author\/arnaldo\/\"}]}<\/script>\n<!-- \/ Yoast SEO plugin. -->","yoast_head_json":{"title":"Quer\u00e9s ingresar a la Polic\u00eda Bonaerense: Ya abri\u00f3 la convocatoria 2025 - Noticias Radio Reflejos","robots":{"index":"index","follow":"follow","max-snippet":"max-snippet:-1","max-image-preview":"max-image-preview:large","max-video-preview":"max-video-preview:-1"},"canonical":"https:\/\/www.noticiasradioreflejos.com.ar\/2021\/queres-ingresar-a-la-policia-bonaerense-ya-abrio-la-convocatoria-2025\/","og_locale":"es_ES","og_type":"article","og_title":"Quer\u00e9s ingresar a la Polic\u00eda Bonaerense: Ya abri\u00f3 la convocatoria 2025 - Noticias Radio Reflejos","og_description":"La Polic\u00eda Bonaerense abri\u00f3 la convocatoria 2025: c\u00f3mo inscribirse, cu\u00e1les son los requisitos y qu\u00e9 hay que estudiar","og_url":"https:\/\/www.noticiasradioreflejos.com.ar\/2021\/queres-ingresar-a-la-policia-bonaerense-ya-abrio-la-convocatoria-2025\/","og_site_name":"Noticias Radio Reflejos","article_published_time":"2024-11-27T21:25:10+00:00","article_modified_time":"2024-11-27T21:25:51+00:00","og_image":[{"width":300,"height":200,"url":"https:\/\/www.noticiasradioreflejos.com.ar\/2021\/wp-content\/uploads\/2021\/07\/logosol300x200.png","type":"image\/png"}],"author":"Arnaldo Botto","twitter_card":"summary_large_image","schema":{"@context":"https:\/\/schema.org","@graph":[{"@type":"WebPage","@id":"https:\/\/www.noticiasradioreflejos.com.ar\/2021\/queres-ingresar-a-la-policia-bonaerense-ya-abrio-la-convocatoria-2025\/","url":"https:\/\/www.noticiasradioreflejos.com.ar\/2021\/queres-ingresar-a-la-policia-bonaerense-ya-abrio-la-convocatoria-2025\/","name":"Quer\u00e9s ingresar a la Polic\u00eda Bonaerense: Ya abri\u00f3 la convocatoria 2025 - Noticias Radio Reflejos","isPartOf":{"@id":"https:\/\/www.noticiasradioreflejos.com.ar\/2021\/#website"},"datePublished":"2024-11-27T21:25:10+00:00","dateModified":"2024-11-27T21:25:51+00:00","author":{"@id":"https:\/\/www.noticiasradioreflejos.com.ar\/2021\/#\/schema\/person\/ad82545263dcc5ec0996818884fd5fb1"},"breadcrumb":{"@id":"https:\/\/www.noticiasradioreflejos.com.ar\/2021\/queres-ingresar-a-la-policia-bonaerense-ya-abrio-la-convocatoria-2025\/#breadcrumb"},"inLanguage":"es","potentialAction":[{"@type":"ReadAction","target":["https:\/\/www.noticiasradioreflejos.com.ar\/2021\/queres-ingresar-a-la-policia-bonaerense-ya-abrio-la-convocatoria-2025\/"]}]},{"@type":"BreadcrumbList","@id":"https:\/\/www.noticiasradioreflejos.com.ar\/2021\/queres-ingresar-a-la-policia-bonaerense-ya-abrio-la-convocatoria-2025\/#breadcrumb","itemListElement":[{"@type":"ListItem","position":1,"name":"Portada","item":"https:\/\/www.noticiasradioreflejos.com.ar\/2021\/"},{"@type":"ListItem","position":2,"name":"Quer\u00e9s ingresar a la Polic\u00eda Bonaerense: Ya abri\u00f3 la convocatoria 2025"}]},{"@type":"WebSite","@id":"https:\/\/www.noticiasradioreflejos.com.ar\/2021\/#website","url":"https:\/\/www.noticiasradioreflejos.com.ar\/2021\/","name":"Noticias Radio Reflejos","description":"Las noticias de mi comarca","potentialAction":[{"@type":"SearchAction","target":{"@type":"EntryPoint","urlTemplate":"https:\/\/www.noticiasradioreflejos.com.ar\/2021\/?s={search_term_string}"},"query-input":{"@type":"PropertyValueSpecification","valueRequired":true,"valueName":"search_term_string"}}],"inLanguage":"es"},{"@type":"Person","@id":"https:\/\/www.noticiasradioreflejos.com.ar\/2021\/#\/schema\/person\/ad82545263dcc5ec0996818884fd5fb1","name":"Arnaldo Botto","image":{"@type":"ImageObject","inLanguage":"es","@id":"https:\/\/www.noticiasradioreflejos.com.ar\/2021\/#\/schema\/person\/image\/","url":"https:\/\/secure.gravatar.com\/avatar\/55cb5e37c1efa326397366e6974cb338056df65cb50e7d64d1cf314e87504837?s=96&d=mm&r=g","contentUrl":"https:\/\/secure.gravatar.com\/avatar\/55cb5e37c1efa326397366e6974cb338056df65cb50e7d64d1cf314e87504837?s=96&d=mm&r=g","caption":"Arnaldo Botto"},"url":"https:\/\/www.noticiasradioreflejos.com.ar\/2021\/author\/arnaldo\/"}]}},"_links":{"self":[{"href":"https:\/\/www.noticiasradioreflejos.com.ar\/2021\/wp-json\/wp\/v2\/posts\/110131","targetHints":{"allow":["GET"]}}],"collection":[{"href":"https:\/\/www.noticiasradioreflejos.com.ar\/2021\/wp-json\/wp\/v2\/posts"}],"about":[{"href":"https:\/\/www.noticiasradioreflejos.com.ar\/2021\/wp-json\/wp\/v2\/types\/post"}],"author":[{"embeddable":true,"href":"https:\/\/www.noticiasradioreflejos.com.ar\/2021\/wp-json\/wp\/v2\/users\/3"}],"replies":[{"embeddable":true,"href":"https:\/\/www.noticiasradioreflejos.com.ar\/2021\/wp-json\/wp\/v2\/comments?post=110131"}],"version-history":[{"count":2,"href":"https:\/\/www.noticiasradioreflejos.com.ar\/2021\/wp-json\/wp\/v2\/posts\/110131\/revisions"}],"predecessor-version":[{"id":110134,"href":"https:\/\/www.noticiasradioreflejos.com.ar\/2021\/wp-json\/wp\/v2\/posts\/110131\/revisions\/110134"}],"wp:attachment":[{"href":"https:\/\/www.noticiasradioreflejos.com.ar\/2021\/wp-json\/wp\/v2\/media?parent=110131"}],"wp:term":[{"taxonomy":"category","embeddable":true,"href":"https:\/\/www.noticiasradioreflejos.com.ar\/2021\/wp-json\/wp\/v2\/categories?post=110131"},{"taxonomy":"post_tag","embeddable":true,"href":"https:\/\/www.noticiasradioreflejos.com.ar\/2021\/wp-json\/wp\/v2\/tags?post=110131"}],"curies":[{"name":"wp","href":"https:\/\/api.w.org\/{rel}","templated":true}]}}