{"id":110112,"date":"2024-11-27T14:24:45","date_gmt":"2024-11-27T17:24:45","guid":{"rendered":"https:\/\/www.noticiasradioreflejos.com.ar\/2021\/?p=110112"},"modified":"2024-11-27T14:27:12","modified_gmt":"2024-11-27T17:27:12","slug":"se-amplia-la-vacunacion-para-prevenir-el-dengue","status":"publish","type":"post","link":"https:\/\/www.noticiasradioreflejos.com.ar\/2021\/se-amplia-la-vacunacion-para-prevenir-el-dengue\/","title":{"rendered":"Se ampl\u00eda la vacunaci\u00f3n para prevenir el dengue"},"content":{"rendered":"<p>La Secretar\u00eda de Salud informa que se ampli\u00f3 la convocatoria para vacunar contra el dengue a todas las personas que hayan tenido la enfermedad.<!--more--><\/p>\n<p>En ese sentido, quienes tuvieron dengue, esta semana recibir\u00e1n por mail un turno para la inoculaci\u00f3n. Quienes no lo hayan recibido, pero est\u00e9n en condiciones de vacunarse, podr\u00e1n inscribirse ingresando a Mi Salud Digital: <a href=\"https:\/\/www.ms.gba.gov.ar\/sitios\/saluddigitalbonaerense\/\" target=\"_blank\">https:\/\/www.ms.gba.gov.ar\/sitios\/saluddigitalbonaerense\/<\/a>.<\/p>\n<p>Podr\u00e1n vacunarse las personas que tienen entre 15 y 59 a\u00f1os y tuvieron la enfermedad. Sin embargo, quienes hayan tenido dengue hace poco tiempo deber\u00e1n esperar seis meses para recibir la vacuna. <\/p>\n<p>La inmunizaci\u00f3n est\u00e1 contraindicada durante el embarazo y la lactancia, en personas inmunocomprometidas o en quienes reciben tratamiento de quimioterapia o corticoides a altas dosis. Para m\u00e1s informaci\u00f3n, ingresar a www.gba.gob.ar\/dengue o llamar al 148.<\/p>\n<p>La medida m\u00e1s efectiva contra el dengue consiste en descacharrar durante todo el a\u00f1o, es decir, eliminar los posibles criaderos de mosquitos y, de este modo, el riesgo de que se reproduzcan y transmitan la enfermedad. <\/p>\n<p><strong>Las tareas de descacharrado en domicilios, fondos, patios y jardines incluyen: <\/p>\n<p>-Tapar: es necesario cubrir los objetos que est\u00e1n a la intemperie en fondos, patios o jardines y que puedan acumular agua, como tanques, tachos y dep\u00f3sitos.<br \/>\n-Lavar: tambi\u00e9n hay que lavar con cepillo o esponja los recipientes, canaletas y desag\u00fces para desprender los huevos de mosquito.<br \/>\n-Tirar: Es importante desechar todos los recipientes en desuso, mantener los patios y jardines limpios y las cubiertas de autom\u00f3viles bajo techo.<br \/>\n-Girar: se recomienda girar o dar vuelta los objetos que pueden acumular agua cada vez que llueve, como baldes, colectores de aire acondicionado, porta macetas o envases. (Para m\u00e1s informaci\u00f3n, ingresar a www.gba.gob.ar\/dengue, o llamar al 148).<\/strong><\/p>\n<p><a data-flickr-embed=\"true\" href=\"https:\/\/www.flickr.com\/photos\/182279889@N02\/54168293671\/in\/dateposted-public\/\" title=\"Vacunacion dengue (2)\"><img loading=\"lazy\" decoding=\"async\" src=\"https:\/\/live.staticflickr.com\/65535\/54168293671_d2b9d20733_o.png\" width=\"2251\" height=\"2251\" alt=\"Vacunacion dengue (2)\"\/><\/a><script async src=\"\/\/embedr.flickr.com\/assets\/client-code.js\" charset=\"utf-8\"><\/script><\/p>\n<p><a data-flickr-embed=\"true\" href=\"https:\/\/www.flickr.com\/photos\/182279889@N02\/54168599689\/in\/dateposted-public\/\" title=\"Vacunacion dengue (3)\"><img loading=\"lazy\" decoding=\"async\" src=\"https:\/\/live.staticflickr.com\/65535\/54168599689_d0f61b5a73_o.png\" width=\"2251\" height=\"2251\" alt=\"Vacunacion dengue (3)\"\/><\/a><script async src=\"\/\/embedr.flickr.com\/assets\/client-code.js\" charset=\"utf-8\"><\/script><\/p>\n<p><a data-flickr-embed=\"true\" href=\"https:\/\/www.flickr.com\/photos\/182279889@N02\/54168293641\/in\/dateposted-public\/\" title=\"Vacunacion dengue (4)\"><img loading=\"lazy\" decoding=\"async\" src=\"https:\/\/live.staticflickr.com\/65535\/54168293641_0bc1969f09_o.png\" width=\"2251\" height=\"2251\" alt=\"Vacunacion dengue (4)\"\/><\/a><script async src=\"\/\/embedr.flickr.com\/assets\/client-code.js\" charset=\"utf-8\"><\/script><\/p>\n<p><a data-flickr-embed=\"true\" href=\"https:\/\/www.flickr.com\/photos\/182279889@N02\/54168293651\/in\/dateposted-public\/\" title=\"Vacunacion dengue (5)\"><img loading=\"lazy\" decoding=\"async\" src=\"https:\/\/live.staticflickr.com\/65535\/54168293651_8ebd7d6548_o.png\" width=\"2251\" height=\"2251\" alt=\"Vacunacion dengue (5)\"\/><\/a><script async src=\"\/\/embedr.flickr.com\/assets\/client-code.js\" charset=\"utf-8\"><\/script><\/p>\n","protected":false},"excerpt":{"rendered":"<p>La Secretar\u00eda de Salud informa que se ampli\u00f3 la convocatoria para vacunar contra el dengue a todas las personas que hayan tenido la enfermedad.<\/p>\n","protected":false},"author":3,"featured_media":0,"comment_status":"closed","ping_status":"closed","sticky":false,"template":"","format":"standard","meta":{"footnotes":""},"categories":[30],"tags":[],"class_list":["post-110112","post","type-post","status-publish","format-standard","hentry","category-salud"],"yoast_head":"<!-- This site is optimized with the Yoast SEO plugin v25.9 - https:\/\/yoast.com\/wordpress\/plugins\/seo\/ -->\n<title>Se ampl\u00eda la vacunaci\u00f3n para prevenir el dengue - Noticias Radio Reflejos<\/title>\n<meta name=\"robots\" content=\"index, follow, max-snippet:-1, max-image-preview:large, max-video-preview:-1\" \/>\n<link rel=\"canonical\" href=\"https:\/\/www.noticiasradioreflejos.com.ar\/2021\/se-amplia-la-vacunacion-para-prevenir-el-dengue\/\" \/>\n<meta property=\"og:locale\" content=\"es_ES\" \/>\n<meta property=\"og:type\" content=\"article\" \/>\n<meta property=\"og:title\" content=\"Se ampl\u00eda la vacunaci\u00f3n para prevenir el dengue - Noticias Radio Reflejos\" \/>\n<meta property=\"og:description\" content=\"La Secretar\u00eda de Salud informa que se ampli\u00f3 la convocatoria para vacunar contra el dengue a todas las personas que hayan tenido la enfermedad.\" \/>\n<meta property=\"og:url\" content=\"https:\/\/www.noticiasradioreflejos.com.ar\/2021\/se-amplia-la-vacunacion-para-prevenir-el-dengue\/\" \/>\n<meta property=\"og:site_name\" content=\"Noticias Radio Reflejos\" \/>\n<meta property=\"article:published_time\" content=\"2024-11-27T17:24:45+00:00\" \/>\n<meta property=\"article:modified_time\" content=\"2024-11-27T17:27:12+00:00\" \/>\n<meta property=\"og:image\" content=\"https:\/\/live.staticflickr.com\/65535\/54168293671_d2b9d20733_o.png\" \/>\n<meta name=\"author\" content=\"Arnaldo Botto\" \/>\n<meta name=\"twitter:card\" content=\"summary_large_image\" \/>\n<script type=\"application\/ld+json\" class=\"yoast-schema-graph\">{\"@context\":\"https:\/\/schema.org\",\"@graph\":[{\"@type\":\"WebPage\",\"@id\":\"https:\/\/www.noticiasradioreflejos.com.ar\/2021\/se-amplia-la-vacunacion-para-prevenir-el-dengue\/\",\"url\":\"https:\/\/www.noticiasradioreflejos.com.ar\/2021\/se-amplia-la-vacunacion-para-prevenir-el-dengue\/\",\"name\":\"Se ampl\u00eda la vacunaci\u00f3n para prevenir el dengue - Noticias Radio Reflejos\",\"isPartOf\":{\"@id\":\"https:\/\/www.noticiasradioreflejos.com.ar\/2021\/#website\"},\"primaryImageOfPage\":{\"@id\":\"https:\/\/www.noticiasradioreflejos.com.ar\/2021\/se-amplia-la-vacunacion-para-prevenir-el-dengue\/#primaryimage\"},\"image\":{\"@id\":\"https:\/\/www.noticiasradioreflejos.com.ar\/2021\/se-amplia-la-vacunacion-para-prevenir-el-dengue\/#primaryimage\"},\"thumbnailUrl\":\"https:\/\/live.staticflickr.com\/65535\/54168293671_d2b9d20733_o.png\",\"datePublished\":\"2024-11-27T17:24:45+00:00\",\"dateModified\":\"2024-11-27T17:27:12+00:00\",\"author\":{\"@id\":\"https:\/\/www.noticiasradioreflejos.com.ar\/2021\/#\/schema\/person\/ad82545263dcc5ec0996818884fd5fb1\"},\"breadcrumb\":{\"@id\":\"https:\/\/www.noticiasradioreflejos.com.ar\/2021\/se-amplia-la-vacunacion-para-prevenir-el-dengue\/#breadcrumb\"},\"inLanguage\":\"es\",\"potentialAction\":[{\"@type\":\"ReadAction\",\"target\":[\"https:\/\/www.noticiasradioreflejos.com.ar\/2021\/se-amplia-la-vacunacion-para-prevenir-el-dengue\/\"]}]},{\"@type\":\"ImageObject\",\"inLanguage\":\"es\",\"@id\":\"https:\/\/www.noticiasradioreflejos.com.ar\/2021\/se-amplia-la-vacunacion-para-prevenir-el-dengue\/#primaryimage\",\"url\":\"https:\/\/live.staticflickr.com\/65535\/54168293671_d2b9d20733_o.png\",\"contentUrl\":\"https:\/\/live.staticflickr.com\/65535\/54168293671_d2b9d20733_o.png\"},{\"@type\":\"BreadcrumbList\",\"@id\":\"https:\/\/www.noticiasradioreflejos.com.ar\/2021\/se-amplia-la-vacunacion-para-prevenir-el-dengue\/#breadcrumb\",\"itemListElement\":[{\"@type\":\"ListItem\",\"position\":1,\"name\":\"Portada\",\"item\":\"https:\/\/www.noticiasradioreflejos.com.ar\/2021\/\"},{\"@type\":\"ListItem\",\"position\":2,\"name\":\"Se ampl\u00eda la vacunaci\u00f3n para prevenir el dengue\"}]},{\"@type\":\"WebSite\",\"@id\":\"https:\/\/www.noticiasradioreflejos.com.ar\/2021\/#website\",\"url\":\"https:\/\/www.noticiasradioreflejos.com.ar\/2021\/\",\"name\":\"Noticias Radio Reflejos\",\"description\":\"Las noticias de mi comarca\",\"potentialAction\":[{\"@type\":\"SearchAction\",\"target\":{\"@type\":\"EntryPoint\",\"urlTemplate\":\"https:\/\/www.noticiasradioreflejos.com.ar\/2021\/?s={search_term_string}\"},\"query-input\":{\"@type\":\"PropertyValueSpecification\",\"valueRequired\":true,\"valueName\":\"search_term_string\"}}],\"inLanguage\":\"es\"},{\"@type\":\"Person\",\"@id\":\"https:\/\/www.noticiasradioreflejos.com.ar\/2021\/#\/schema\/person\/ad82545263dcc5ec0996818884fd5fb1\",\"name\":\"Arnaldo Botto\",\"image\":{\"@type\":\"ImageObject\",\"inLanguage\":\"es\",\"@id\":\"https:\/\/www.noticiasradioreflejos.com.ar\/2021\/#\/schema\/person\/image\/\",\"url\":\"https:\/\/secure.gravatar.com\/avatar\/55cb5e37c1efa326397366e6974cb338056df65cb50e7d64d1cf314e87504837?s=96&d=mm&r=g\",\"contentUrl\":\"https:\/\/secure.gravatar.com\/avatar\/55cb5e37c1efa326397366e6974cb338056df65cb50e7d64d1cf314e87504837?s=96&d=mm&r=g\",\"caption\":\"Arnaldo Botto\"},\"url\":\"https:\/\/www.noticiasradioreflejos.com.ar\/2021\/author\/arnaldo\/\"}]}<\/script>\n<!-- \/ Yoast SEO plugin. -->","yoast_head_json":{"title":"Se ampl\u00eda la vacunaci\u00f3n para prevenir el dengue - Noticias Radio Reflejos","robots":{"index":"index","follow":"follow","max-snippet":"max-snippet:-1","max-image-preview":"max-image-preview:large","max-video-preview":"max-video-preview:-1"},"canonical":"https:\/\/www.noticiasradioreflejos.com.ar\/2021\/se-amplia-la-vacunacion-para-prevenir-el-dengue\/","og_locale":"es_ES","og_type":"article","og_title":"Se ampl\u00eda la vacunaci\u00f3n para prevenir el dengue - Noticias Radio Reflejos","og_description":"La Secretar\u00eda de Salud informa que se ampli\u00f3 la convocatoria para vacunar contra el dengue a todas las personas que hayan tenido la enfermedad.","og_url":"https:\/\/www.noticiasradioreflejos.com.ar\/2021\/se-amplia-la-vacunacion-para-prevenir-el-dengue\/","og_site_name":"Noticias Radio Reflejos","article_published_time":"2024-11-27T17:24:45+00:00","article_modified_time":"2024-11-27T17:27:12+00:00","og_image":[{"url":"https:\/\/live.staticflickr.com\/65535\/54168293671_d2b9d20733_o.png","type":"","width":"","height":""}],"author":"Arnaldo Botto","twitter_card":"summary_large_image","schema":{"@context":"https:\/\/schema.org","@graph":[{"@type":"WebPage","@id":"https:\/\/www.noticiasradioreflejos.com.ar\/2021\/se-amplia-la-vacunacion-para-prevenir-el-dengue\/","url":"https:\/\/www.noticiasradioreflejos.com.ar\/2021\/se-amplia-la-vacunacion-para-prevenir-el-dengue\/","name":"Se ampl\u00eda la vacunaci\u00f3n para prevenir el dengue - Noticias Radio Reflejos","isPartOf":{"@id":"https:\/\/www.noticiasradioreflejos.com.ar\/2021\/#website"},"primaryImageOfPage":{"@id":"https:\/\/www.noticiasradioreflejos.com.ar\/2021\/se-amplia-la-vacunacion-para-prevenir-el-dengue\/#primaryimage"},"image":{"@id":"https:\/\/www.noticiasradioreflejos.com.ar\/2021\/se-amplia-la-vacunacion-para-prevenir-el-dengue\/#primaryimage"},"thumbnailUrl":"https:\/\/live.staticflickr.com\/65535\/54168293671_d2b9d20733_o.png","datePublished":"2024-11-27T17:24:45+00:00","dateModified":"2024-11-27T17:27:12+00:00","author":{"@id":"https:\/\/www.noticiasradioreflejos.com.ar\/2021\/#\/schema\/person\/ad82545263dcc5ec0996818884fd5fb1"},"breadcrumb":{"@id":"https:\/\/www.noticiasradioreflejos.com.ar\/2021\/se-amplia-la-vacunacion-para-prevenir-el-dengue\/#breadcrumb"},"inLanguage":"es","potentialAction":[{"@type":"ReadAction","target":["https:\/\/www.noticiasradioreflejos.com.ar\/2021\/se-amplia-la-vacunacion-para-prevenir-el-dengue\/"]}]},{"@type":"ImageObject","inLanguage":"es","@id":"https:\/\/www.noticiasradioreflejos.com.ar\/2021\/se-amplia-la-vacunacion-para-prevenir-el-dengue\/#primaryimage","url":"https:\/\/live.staticflickr.com\/65535\/54168293671_d2b9d20733_o.png","contentUrl":"https:\/\/live.staticflickr.com\/65535\/54168293671_d2b9d20733_o.png"},{"@type":"BreadcrumbList","@id":"https:\/\/www.noticiasradioreflejos.com.ar\/2021\/se-amplia-la-vacunacion-para-prevenir-el-dengue\/#breadcrumb","itemListElement":[{"@type":"ListItem","position":1,"name":"Portada","item":"https:\/\/www.noticiasradioreflejos.com.ar\/2021\/"},{"@type":"ListItem","position":2,"name":"Se ampl\u00eda la vacunaci\u00f3n para prevenir el dengue"}]},{"@type":"WebSite","@id":"https:\/\/www.noticiasradioreflejos.com.ar\/2021\/#website","url":"https:\/\/www.noticiasradioreflejos.com.ar\/2021\/","name":"Noticias Radio Reflejos","description":"Las noticias de mi comarca","potentialAction":[{"@type":"SearchAction","target":{"@type":"EntryPoint","urlTemplate":"https:\/\/www.noticiasradioreflejos.com.ar\/2021\/?s={search_term_string}"},"query-input":{"@type":"PropertyValueSpecification","valueRequired":true,"valueName":"search_term_string"}}],"inLanguage":"es"},{"@type":"Person","@id":"https:\/\/www.noticiasradioreflejos.com.ar\/2021\/#\/schema\/person\/ad82545263dcc5ec0996818884fd5fb1","name":"Arnaldo Botto","image":{"@type":"ImageObject","inLanguage":"es","@id":"https:\/\/www.noticiasradioreflejos.com.ar\/2021\/#\/schema\/person\/image\/","url":"https:\/\/secure.gravatar.com\/avatar\/55cb5e37c1efa326397366e6974cb338056df65cb50e7d64d1cf314e87504837?s=96&d=mm&r=g","contentUrl":"https:\/\/secure.gravatar.com\/avatar\/55cb5e37c1efa326397366e6974cb338056df65cb50e7d64d1cf314e87504837?s=96&d=mm&r=g","caption":"Arnaldo Botto"},"url":"https:\/\/www.noticiasradioreflejos.com.ar\/2021\/author\/arnaldo\/"}]}},"_links":{"self":[{"href":"https:\/\/www.noticiasradioreflejos.com.ar\/2021\/wp-json\/wp\/v2\/posts\/110112","targetHints":{"allow":["GET"]}}],"collection":[{"href":"https:\/\/www.noticiasradioreflejos.com.ar\/2021\/wp-json\/wp\/v2\/posts"}],"about":[{"href":"https:\/\/www.noticiasradioreflejos.com.ar\/2021\/wp-json\/wp\/v2\/types\/post"}],"author":[{"embeddable":true,"href":"https:\/\/www.noticiasradioreflejos.com.ar\/2021\/wp-json\/wp\/v2\/users\/3"}],"replies":[{"embeddable":true,"href":"https:\/\/www.noticiasradioreflejos.com.ar\/2021\/wp-json\/wp\/v2\/comments?post=110112"}],"version-history":[{"count":1,"href":"https:\/\/www.noticiasradioreflejos.com.ar\/2021\/wp-json\/wp\/v2\/posts\/110112\/revisions"}],"predecessor-version":[{"id":110114,"href":"https:\/\/www.noticiasradioreflejos.com.ar\/2021\/wp-json\/wp\/v2\/posts\/110112\/revisions\/110114"}],"wp:attachment":[{"href":"https:\/\/www.noticiasradioreflejos.com.ar\/2021\/wp-json\/wp\/v2\/media?parent=110112"}],"wp:term":[{"taxonomy":"category","embeddable":true,"href":"https:\/\/www.noticiasradioreflejos.com.ar\/2021\/wp-json\/wp\/v2\/categories?post=110112"},{"taxonomy":"post_tag","embeddable":true,"href":"https:\/\/www.noticiasradioreflejos.com.ar\/2021\/wp-json\/wp\/v2\/tags?post=110112"}],"curies":[{"name":"wp","href":"https:\/\/api.w.org\/{rel}","templated":true}]}}