{"id":110105,"date":"2024-11-27T14:51:43","date_gmt":"2024-11-27T17:51:43","guid":{"rendered":"https:\/\/www.noticiasradioreflejos.com.ar\/2021\/?p=110105"},"modified":"2024-11-27T14:53:18","modified_gmt":"2024-11-27T17:53:18","slug":"salio-la-primera-parte-de-la-edicion-gigante-de-estrellas-radio","status":"publish","type":"post","link":"https:\/\/www.noticiasradioreflejos.com.ar\/2021\/salio-la-primera-parte-de-la-edicion-gigante-de-estrellas-radio\/","title":{"rendered":"Sali\u00f3 la primera parte de la edici\u00f3n gigante de Estrellas Radio"},"content":{"rendered":"<p>Despidiendo el a\u00f1o los alumnos de la Secundaria N\u00b0 4 de Saldungaray tiraron la casa por la ventana e hicieron un micro gigante.<!--more--><\/p>\n<p>En esta entrega, realizada \u00edntegramente desde la delegaci\u00f3n municipal, sumaron varias entrevistas, las cuales se ir\u00e1n escuchando a lo largo de los dos cap\u00edtulos.<\/p>\n<p>En el primero de estos, donde adelantaron que el proyecto seguir\u00e1 el a\u00f1o entrante, la emisi\u00f3n se centr\u00f3 en dos aspectos.<\/p>\n<p>Por un lado, el recorrido que ha tenido la Biblioteca Jos\u00e9 de San Mart\u00edn, en la voz de Antonella Pellorosso, y por el otro, todo el camino recorrido por parte de Nora G\u00f3mez, autora del himno y el libro de Saldungaray.<\/p>\n<p>No pierdas m\u00e1s tiempo y dale play a la primera de las dos entregas de esta creaci\u00f3n de los entusiastas alumnos de la secundaria de \u201cSaldunga\u201d.<\/p>\n<p>&nbsp;<br \/>\n<iframe loading=\"lazy\" width=\"100%\" height=\"166\" scrolling=\"no\" frameborder=\"no\" allow=\"autoplay\" src=\"https:\/\/w.soundcloud.com\/player\/?url=https%3A\/\/api.soundcloud.com\/tracks\/1968192423&#038;color=%23ff5500&#038;auto_play=false&#038;hide_related=false&#038;show_comments=true&#038;show_user=true&#038;show_reposts=false&#038;show_teaser=true\"><\/iframe><\/p>\n<div style=\"font-size: 10px; color: #cccccc;line-break: anywhere;word-break: normal;overflow: hidden;white-space: nowrap;text-overflow: ellipsis; font-family: Interstate,Lucida Grande,Lucida Sans Unicode,Lucida Sans,Garuda,Verdana,Tahoma,sans-serif;font-weight: 100;\"><a href=\"https:\/\/soundcloud.com\/fmreflejos-103-7\" title=\"fmreflejos 103.7\" target=\"_blank\" style=\"color: #cccccc; text-decoration: none;\">fmreflejos 103.7<\/a> \u00b7 <a href=\"https:\/\/soundcloud.com\/fmreflejos-103-7\/parte-1-programa-9-desde-la\" title=\"Parte 1. Programa 9 Estrellas Radio\" target=\"_blank\" style=\"color: #cccccc; text-decoration: none;\">Parte 1. Programa 9 Estrellas Radio<\/a><\/div>\n<p>&nbsp;<\/p>\n","protected":false},"excerpt":{"rendered":"<p>Despidiendo el a\u00f1o los alumnos de la Secundaria N\u00b0 4 de Saldungaray tiraron la casa por la ventana e hicieron un micro gigante.<\/p>\n","protected":false},"author":3,"featured_media":0,"comment_status":"closed","ping_status":"closed","sticky":false,"template":"","format":"standard","meta":{"footnotes":""},"categories":[34,60],"tags":[],"class_list":["post-110105","post","type-post","status-publish","format-standard","hentry","category-educacion","category-programas-radiales"],"yoast_head":"<!-- This site is optimized with the Yoast SEO plugin v25.9 - https:\/\/yoast.com\/wordpress\/plugins\/seo\/ -->\n<title>Sali\u00f3 la primera parte de la edici\u00f3n gigante de Estrellas Radio - Noticias Radio Reflejos<\/title>\n<meta name=\"robots\" content=\"index, follow, max-snippet:-1, max-image-preview:large, max-video-preview:-1\" \/>\n<link rel=\"canonical\" href=\"https:\/\/www.noticiasradioreflejos.com.ar\/2021\/salio-la-primera-parte-de-la-edicion-gigante-de-estrellas-radio\/\" \/>\n<meta property=\"og:locale\" content=\"es_ES\" \/>\n<meta property=\"og:type\" content=\"article\" \/>\n<meta property=\"og:title\" content=\"Sali\u00f3 la primera parte de la edici\u00f3n gigante de Estrellas Radio - Noticias Radio Reflejos\" \/>\n<meta property=\"og:description\" content=\"Despidiendo el a\u00f1o los alumnos de la Secundaria N\u00b0 4 de Saldungaray tiraron la casa por la ventana e hicieron un micro gigante.\" \/>\n<meta property=\"og:url\" content=\"https:\/\/www.noticiasradioreflejos.com.ar\/2021\/salio-la-primera-parte-de-la-edicion-gigante-de-estrellas-radio\/\" \/>\n<meta property=\"og:site_name\" content=\"Noticias Radio Reflejos\" \/>\n<meta property=\"article:published_time\" content=\"2024-11-27T17:51:43+00:00\" \/>\n<meta property=\"article:modified_time\" content=\"2024-11-27T17:53:18+00:00\" \/>\n<meta property=\"og:image\" content=\"https:\/\/www.noticiasradioreflejos.com.ar\/2021\/wp-content\/uploads\/2021\/07\/logosol300x200.png\" \/>\n\t<meta property=\"og:image:width\" content=\"300\" \/>\n\t<meta property=\"og:image:height\" content=\"200\" \/>\n\t<meta property=\"og:image:type\" content=\"image\/png\" \/>\n<meta name=\"author\" content=\"Arnaldo Botto\" \/>\n<meta name=\"twitter:card\" content=\"summary_large_image\" \/>\n<script type=\"application\/ld+json\" class=\"yoast-schema-graph\">{\"@context\":\"https:\/\/schema.org\",\"@graph\":[{\"@type\":\"WebPage\",\"@id\":\"https:\/\/www.noticiasradioreflejos.com.ar\/2021\/salio-la-primera-parte-de-la-edicion-gigante-de-estrellas-radio\/\",\"url\":\"https:\/\/www.noticiasradioreflejos.com.ar\/2021\/salio-la-primera-parte-de-la-edicion-gigante-de-estrellas-radio\/\",\"name\":\"Sali\u00f3 la primera parte de la edici\u00f3n gigante de Estrellas Radio - Noticias Radio Reflejos\",\"isPartOf\":{\"@id\":\"https:\/\/www.noticiasradioreflejos.com.ar\/2021\/#website\"},\"datePublished\":\"2024-11-27T17:51:43+00:00\",\"dateModified\":\"2024-11-27T17:53:18+00:00\",\"author\":{\"@id\":\"https:\/\/www.noticiasradioreflejos.com.ar\/2021\/#\/schema\/person\/ad82545263dcc5ec0996818884fd5fb1\"},\"breadcrumb\":{\"@id\":\"https:\/\/www.noticiasradioreflejos.com.ar\/2021\/salio-la-primera-parte-de-la-edicion-gigante-de-estrellas-radio\/#breadcrumb\"},\"inLanguage\":\"es\",\"potentialAction\":[{\"@type\":\"ReadAction\",\"target\":[\"https:\/\/www.noticiasradioreflejos.com.ar\/2021\/salio-la-primera-parte-de-la-edicion-gigante-de-estrellas-radio\/\"]}]},{\"@type\":\"BreadcrumbList\",\"@id\":\"https:\/\/www.noticiasradioreflejos.com.ar\/2021\/salio-la-primera-parte-de-la-edicion-gigante-de-estrellas-radio\/#breadcrumb\",\"itemListElement\":[{\"@type\":\"ListItem\",\"position\":1,\"name\":\"Portada\",\"item\":\"https:\/\/www.noticiasradioreflejos.com.ar\/2021\/\"},{\"@type\":\"ListItem\",\"position\":2,\"name\":\"Sali\u00f3 la primera parte de la edici\u00f3n gigante de Estrellas Radio\"}]},{\"@type\":\"WebSite\",\"@id\":\"https:\/\/www.noticiasradioreflejos.com.ar\/2021\/#website\",\"url\":\"https:\/\/www.noticiasradioreflejos.com.ar\/2021\/\",\"name\":\"Noticias Radio Reflejos\",\"description\":\"Las noticias de mi comarca\",\"potentialAction\":[{\"@type\":\"SearchAction\",\"target\":{\"@type\":\"EntryPoint\",\"urlTemplate\":\"https:\/\/www.noticiasradioreflejos.com.ar\/2021\/?s={search_term_string}\"},\"query-input\":{\"@type\":\"PropertyValueSpecification\",\"valueRequired\":true,\"valueName\":\"search_term_string\"}}],\"inLanguage\":\"es\"},{\"@type\":\"Person\",\"@id\":\"https:\/\/www.noticiasradioreflejos.com.ar\/2021\/#\/schema\/person\/ad82545263dcc5ec0996818884fd5fb1\",\"name\":\"Arnaldo Botto\",\"image\":{\"@type\":\"ImageObject\",\"inLanguage\":\"es\",\"@id\":\"https:\/\/www.noticiasradioreflejos.com.ar\/2021\/#\/schema\/person\/image\/\",\"url\":\"https:\/\/secure.gravatar.com\/avatar\/55cb5e37c1efa326397366e6974cb338056df65cb50e7d64d1cf314e87504837?s=96&d=mm&r=g\",\"contentUrl\":\"https:\/\/secure.gravatar.com\/avatar\/55cb5e37c1efa326397366e6974cb338056df65cb50e7d64d1cf314e87504837?s=96&d=mm&r=g\",\"caption\":\"Arnaldo Botto\"},\"url\":\"https:\/\/www.noticiasradioreflejos.com.ar\/2021\/author\/arnaldo\/\"}]}<\/script>\n<!-- \/ Yoast SEO plugin. -->","yoast_head_json":{"title":"Sali\u00f3 la primera parte de la edici\u00f3n gigante de Estrellas Radio - Noticias Radio Reflejos","robots":{"index":"index","follow":"follow","max-snippet":"max-snippet:-1","max-image-preview":"max-image-preview:large","max-video-preview":"max-video-preview:-1"},"canonical":"https:\/\/www.noticiasradioreflejos.com.ar\/2021\/salio-la-primera-parte-de-la-edicion-gigante-de-estrellas-radio\/","og_locale":"es_ES","og_type":"article","og_title":"Sali\u00f3 la primera parte de la edici\u00f3n gigante de Estrellas Radio - Noticias Radio Reflejos","og_description":"Despidiendo el a\u00f1o los alumnos de la Secundaria N\u00b0 4 de Saldungaray tiraron la casa por la ventana e hicieron un micro gigante.","og_url":"https:\/\/www.noticiasradioreflejos.com.ar\/2021\/salio-la-primera-parte-de-la-edicion-gigante-de-estrellas-radio\/","og_site_name":"Noticias Radio Reflejos","article_published_time":"2024-11-27T17:51:43+00:00","article_modified_time":"2024-11-27T17:53:18+00:00","og_image":[{"width":300,"height":200,"url":"https:\/\/www.noticiasradioreflejos.com.ar\/2021\/wp-content\/uploads\/2021\/07\/logosol300x200.png","type":"image\/png"}],"author":"Arnaldo Botto","twitter_card":"summary_large_image","schema":{"@context":"https:\/\/schema.org","@graph":[{"@type":"WebPage","@id":"https:\/\/www.noticiasradioreflejos.com.ar\/2021\/salio-la-primera-parte-de-la-edicion-gigante-de-estrellas-radio\/","url":"https:\/\/www.noticiasradioreflejos.com.ar\/2021\/salio-la-primera-parte-de-la-edicion-gigante-de-estrellas-radio\/","name":"Sali\u00f3 la primera parte de la edici\u00f3n gigante de Estrellas Radio - Noticias Radio Reflejos","isPartOf":{"@id":"https:\/\/www.noticiasradioreflejos.com.ar\/2021\/#website"},"datePublished":"2024-11-27T17:51:43+00:00","dateModified":"2024-11-27T17:53:18+00:00","author":{"@id":"https:\/\/www.noticiasradioreflejos.com.ar\/2021\/#\/schema\/person\/ad82545263dcc5ec0996818884fd5fb1"},"breadcrumb":{"@id":"https:\/\/www.noticiasradioreflejos.com.ar\/2021\/salio-la-primera-parte-de-la-edicion-gigante-de-estrellas-radio\/#breadcrumb"},"inLanguage":"es","potentialAction":[{"@type":"ReadAction","target":["https:\/\/www.noticiasradioreflejos.com.ar\/2021\/salio-la-primera-parte-de-la-edicion-gigante-de-estrellas-radio\/"]}]},{"@type":"BreadcrumbList","@id":"https:\/\/www.noticiasradioreflejos.com.ar\/2021\/salio-la-primera-parte-de-la-edicion-gigante-de-estrellas-radio\/#breadcrumb","itemListElement":[{"@type":"ListItem","position":1,"name":"Portada","item":"https:\/\/www.noticiasradioreflejos.com.ar\/2021\/"},{"@type":"ListItem","position":2,"name":"Sali\u00f3 la primera parte de la edici\u00f3n gigante de Estrellas Radio"}]},{"@type":"WebSite","@id":"https:\/\/www.noticiasradioreflejos.com.ar\/2021\/#website","url":"https:\/\/www.noticiasradioreflejos.com.ar\/2021\/","name":"Noticias Radio Reflejos","description":"Las noticias de mi comarca","potentialAction":[{"@type":"SearchAction","target":{"@type":"EntryPoint","urlTemplate":"https:\/\/www.noticiasradioreflejos.com.ar\/2021\/?s={search_term_string}"},"query-input":{"@type":"PropertyValueSpecification","valueRequired":true,"valueName":"search_term_string"}}],"inLanguage":"es"},{"@type":"Person","@id":"https:\/\/www.noticiasradioreflejos.com.ar\/2021\/#\/schema\/person\/ad82545263dcc5ec0996818884fd5fb1","name":"Arnaldo Botto","image":{"@type":"ImageObject","inLanguage":"es","@id":"https:\/\/www.noticiasradioreflejos.com.ar\/2021\/#\/schema\/person\/image\/","url":"https:\/\/secure.gravatar.com\/avatar\/55cb5e37c1efa326397366e6974cb338056df65cb50e7d64d1cf314e87504837?s=96&d=mm&r=g","contentUrl":"https:\/\/secure.gravatar.com\/avatar\/55cb5e37c1efa326397366e6974cb338056df65cb50e7d64d1cf314e87504837?s=96&d=mm&r=g","caption":"Arnaldo Botto"},"url":"https:\/\/www.noticiasradioreflejos.com.ar\/2021\/author\/arnaldo\/"}]}},"_links":{"self":[{"href":"https:\/\/www.noticiasradioreflejos.com.ar\/2021\/wp-json\/wp\/v2\/posts\/110105","targetHints":{"allow":["GET"]}}],"collection":[{"href":"https:\/\/www.noticiasradioreflejos.com.ar\/2021\/wp-json\/wp\/v2\/posts"}],"about":[{"href":"https:\/\/www.noticiasradioreflejos.com.ar\/2021\/wp-json\/wp\/v2\/types\/post"}],"author":[{"embeddable":true,"href":"https:\/\/www.noticiasradioreflejos.com.ar\/2021\/wp-json\/wp\/v2\/users\/3"}],"replies":[{"embeddable":true,"href":"https:\/\/www.noticiasradioreflejos.com.ar\/2021\/wp-json\/wp\/v2\/comments?post=110105"}],"version-history":[{"count":2,"href":"https:\/\/www.noticiasradioreflejos.com.ar\/2021\/wp-json\/wp\/v2\/posts\/110105\/revisions"}],"predecessor-version":[{"id":110128,"href":"https:\/\/www.noticiasradioreflejos.com.ar\/2021\/wp-json\/wp\/v2\/posts\/110105\/revisions\/110128"}],"wp:attachment":[{"href":"https:\/\/www.noticiasradioreflejos.com.ar\/2021\/wp-json\/wp\/v2\/media?parent=110105"}],"wp:term":[{"taxonomy":"category","embeddable":true,"href":"https:\/\/www.noticiasradioreflejos.com.ar\/2021\/wp-json\/wp\/v2\/categories?post=110105"},{"taxonomy":"post_tag","embeddable":true,"href":"https:\/\/www.noticiasradioreflejos.com.ar\/2021\/wp-json\/wp\/v2\/tags?post=110105"}],"curies":[{"name":"wp","href":"https:\/\/api.w.org\/{rel}","templated":true}]}}