{"id":110096,"date":"2024-11-27T08:39:41","date_gmt":"2024-11-27T11:39:41","guid":{"rendered":"https:\/\/www.noticiasradioreflejos.com.ar\/2021\/?p=110096"},"modified":"2024-11-27T09:25:59","modified_gmt":"2024-11-27T12:25:59","slug":"el-gnl-bajo-la-lupa-transicion-energetica-o-trampa-climatica","status":"publish","type":"post","link":"https:\/\/www.noticiasradioreflejos.com.ar\/2021\/el-gnl-bajo-la-lupa-transicion-energetica-o-trampa-climatica\/","title":{"rendered":"El GNL bajo la lupa: \u00bfTransici\u00f3n energ\u00e9tica o trampa clim\u00e1tica?"},"content":{"rendered":"<p>Un reciente estudio de la Universidad de Cornell revela que la huella de carbono del Gas Natural Licuado es un 33% mayor que la del carb\u00f3n, cuestionando su rol como combustible puente en la transici\u00f3n energ\u00e9tica.<!--more--><strong>Un reciente estudio de la Universidad de Cornell revela que la huella de carbono del Gas Natural Licuado es un 33% mayor que la del carb\u00f3n, cuestionando su rol como combustible puente en la transici\u00f3n energ\u00e9tica. Mientras Europa lidia con su dependencia del GNL tras la crisis energ\u00e9tica, Argentina enfrenta el desaf\u00edo de desarrollar Vaca Muerta sin comprometer sus objetivos clim\u00e1ticos ni su biodiversidad.<\/strong><\/p>\n<div class=\"columns\" data-tadevel-template=\"web\/article-columns\">\n<div class=\"column-main\">\n<div class=\"article-body\" data-tadevel-template=\"web\/article-body\">\n<div class=\"article-body-content\">\n<h3><strong>El desaf\u00edo ambiental del GNL: \u00bfSoluci\u00f3n energ\u00e9tica o problema clim\u00e1tico?<\/strong><\/h3>\n<p>El\u00a0<strong>Gas Natural Licuado (GNL)<\/strong>\u00a0ha sido presentado como una alternativa m\u00e1s limpia en la transici\u00f3n energ\u00e9tica global. Sin embargo, un reciente estudio de la\u00a0<strong>Universidad de Cornell<\/strong>\u00a0cuestiona esta percepci\u00f3n, al se\u00f1alar que la huella de carbono del GNL es un 33% mayor que la del carb\u00f3n, cuando se consideran factores como el procesamiento, transporte y licuefacci\u00f3n. Este hallazgo tiene profundas implicancias para pa\u00edses como Argentina, que apuestan al desarrollo del GNL, y para Europa, que depende cada vez m\u00e1s de este recurso ante la crisis energ\u00e9tica.<\/p>\n<h3><strong>El impacto ambiental del GNL seg\u00fan Cornell<\/strong><\/h3>\n<p>La investigaci\u00f3n, titulada\u00a0<i>\u201cLa huella de gases de efecto invernadero del gas natural licuado (GNL) exportado desde Estados Unidos\u201d<\/i>, publicada en\u00a0<i>Energy Science &amp; Engineering<\/i>, revela que las emisiones de metano y di\u00f3xido de carbono asociadas al ciclo de vida del GNL representan cerca de la mitad de su huella total de gases de efecto invernadero.<\/p>\n<p>El autor del estudio,\u00a0<strong>Robert Howarth<\/strong>, destaca que el proceso de licuefacci\u00f3n del gas natural, necesario para transportarlo en estado l\u00edquido, y las fugas de metano durante el almacenamiento y transporte, amplifican su impacto clim\u00e1tico. El metano, m\u00e1s de 80 veces m\u00e1s da\u00f1ino que el di\u00f3xido de carbono en un per\u00edodo de 20 a\u00f1os, es una de las principales preocupaciones. Incluso con avances tecnol\u00f3gicos en los buques cisterna que utilizan motores m\u00e1s eficientes, las emisiones de metano durante el transporte hacen que el GNL sea m\u00e1s perjudicial para el clima que el carb\u00f3n.<\/p>\n<h3><strong>El GNL en Argentina: promesas y desaf\u00edos<\/strong><\/h3>\n<p>Argentina, con sus vastas reservas de gas no convencional en\u00a0<strong>Vaca Muerta<\/strong>, ha apostado al desarrollo del GNL como una estrategia para incrementar sus exportaciones y posicionarse en el mercado energ\u00e9tico global. Proyectos como la planta de GNL en Punta Colorada, en la provincia de R\u00edo Negro, buscan captar inversiones y generar ingresos en un contexto de creciente demanda global.<\/p>\n<p>Sin embargo, el desarrollo de estas instalaciones plantea serias preocupaciones ambientales. \u00c1reas como el Golfo San Mat\u00edas y la Pen\u00ednsula Vald\u00e9s, de alto valor ecol\u00f3gico, podr\u00edan verse afectadas por derrames, contaminaci\u00f3n ac\u00fastica, y la destrucci\u00f3n de h\u00e1bitats marinos. Adem\u00e1s, las emisiones de metano durante el proceso de licuefacci\u00f3n y transporte comprometen el cumplimiento de objetivos clim\u00e1ticos internacionales.<\/p>\n<h3><strong>Europa: lecciones de una transici\u00f3n energ\u00e9tica basada en GNL<\/strong><\/h3>\n<p>Europa, como uno de los principales consumidores de GNL tras la crisis energ\u00e9tica desatada por la guerra en Ucrania, sirve como un caso ilustrativo de los desaf\u00edos asociados a este combustible. Pa\u00edses como Alemania, Francia y Espa\u00f1a han invertido fuertemente en infraestructura de regasificaci\u00f3n para suplir el gas natural ruso. Si bien esta transici\u00f3n ha proporcionado seguridad energ\u00e9tica, tambi\u00e9n ha puesto de manifiesto las limitaciones del GNL como recurso sostenible.<\/p>\n<p>El transporte desde Estados Unidos y Oriente Medio ha incrementado las emisiones globales, exacerbando el impacto clim\u00e1tico del GNL. Esto ha generado presiones en la Uni\u00f3n Europea para acelerar su transici\u00f3n hacia energ\u00edas renovables y reducir su dependencia de combustibles f\u00f3siles.<\/p>\n<h3><strong>El esquisto norteamericano y el GNL como problema global<\/strong><\/h3>\n<p>En Estados Unidos, el mayor exportador de GNL, casi todo el aumento de producci\u00f3n desde 2005 proviene de gas de esquisto. Este gas, extra\u00eddo mediante fractura hidr\u00e1ulica (fracking), est\u00e1 vinculado a emisiones significativas de metano incluso antes de su procesamiento. Seg\u00fan el estudio de Cornell, las emisiones de metano durante la extracci\u00f3n y licuefacci\u00f3n alcanzan el 8,8% del total de la huella clim\u00e1tica del GNL.<\/p>\n<p>Adem\u00e1s, los buques cisterna que transportan GNL liberan entre el 3,9% y el 8,1% de metano como gases de escape, contribuyendo al calentamiento global. Este impacto ambiental se suma a la energ\u00eda intensiva requerida para licuar el gas a -260 \u00b0F, haciendo que el GNL sea m\u00e1s perjudicial que el carb\u00f3n, incluso en horizontes temporales m\u00e1s indulgentes como 100 a\u00f1os.<\/p>\n<h3><strong>El desaf\u00edo de una transici\u00f3n energ\u00e9tica sostenible<\/strong><\/h3>\n<p>Tanto en Argentina como en Europa, el GNL es presentado como un\u00a0<i>\u201ccombustible puente\u201d<\/i>\u00a0hacia energ\u00edas renovables. Sin embargo, la evidencia cient\u00edfica sugiere que este recurso podr\u00eda ser una trampa clim\u00e1tica. El GNL no solo enfrenta problemas de emisiones, sino tambi\u00e9n cuestionamientos sobre su viabilidad a largo plazo en un mundo que avanza hacia objetivos de carbono neutral.<\/p>\n<p>En Argentina, el desarrollo de proyectos de GNL como los de Vaca Muerta debe incluir un an\u00e1lisis exhaustivo del impacto ambiental y econ\u00f3mico. La inversi\u00f3n en tecnolog\u00edas que reduzcan las emisiones de metano y en energ\u00edas renovables ser\u00e1 crucial para evitar que el pa\u00eds se quede atrapado en una infraestructura obsoleta y altamente contaminante.<\/p>\n<h3><strong>Lecciones para Argentina y el mundo<\/strong><\/h3>\n<p>El estudio de Cornell subraya que el GNL no puede considerarse una soluci\u00f3n clim\u00e1tica. Para pa\u00edses como Argentina, la apuesta por el GNL debe ser acompa\u00f1ada por estrategias que minimicen su impacto ambiental y fomenten una transici\u00f3n real hacia energ\u00edas limpias. Europa, mientras tanto, ofrece un ejemplo claro de las limitaciones del GNL como respuesta a crisis energ\u00e9ticas, destacando la necesidad urgente de inversiones en tecnolog\u00edas sostenibles.<\/p>\n<p>El futuro energ\u00e9tico global depender\u00e1 de decisiones estrat\u00e9gicas que equilibren las necesidades econ\u00f3micas, ambientales y sociales. Para Argentina, aprovechar los recursos de Vaca Muerta sin comprometer el medio ambiente ser\u00e1 un desaf\u00edo tan grande como su vasto potencial energ\u00e9tico.<\/p>\n<p>(Art\u00edculo realizado por el Servicio de Noticias de Canal 7 Neuqu\u00e9n).<\/p>\n<\/div>\n<\/div>\n<\/div>\n<\/div>\n","protected":false},"excerpt":{"rendered":"<p>Un reciente estudio de la Universidad de Cornell revela que la huella de carbono del Gas Natural Licuado es un 33% mayor que la del carb\u00f3n, cuestionando su rol como combustible puente en la transici\u00f3n energ\u00e9tica.<\/p>\n","protected":false},"author":3,"featured_media":105319,"comment_status":"closed","ping_status":"closed","sticky":false,"template":"","format":"standard","meta":{"footnotes":""},"categories":[46],"tags":[],"class_list":["post-110096","post","type-post","status-publish","format-standard","has-post-thumbnail","hentry","category-ciencia-y-tecnologia"],"yoast_head":"<!-- This site is optimized with the Yoast SEO plugin v25.9 - https:\/\/yoast.com\/wordpress\/plugins\/seo\/ -->\n<title>El GNL bajo la lupa: \u00bfTransici\u00f3n energ\u00e9tica o trampa clim\u00e1tica? - Noticias Radio Reflejos<\/title>\n<meta name=\"robots\" content=\"index, follow, max-snippet:-1, max-image-preview:large, max-video-preview:-1\" \/>\n<link rel=\"canonical\" href=\"https:\/\/www.noticiasradioreflejos.com.ar\/2021\/el-gnl-bajo-la-lupa-transicion-energetica-o-trampa-climatica\/\" \/>\n<meta property=\"og:locale\" content=\"es_ES\" \/>\n<meta property=\"og:type\" content=\"article\" \/>\n<meta property=\"og:title\" content=\"El GNL bajo la lupa: \u00bfTransici\u00f3n energ\u00e9tica o trampa clim\u00e1tica? - Noticias Radio Reflejos\" \/>\n<meta property=\"og:description\" content=\"Un reciente estudio de la Universidad de Cornell revela que la huella de carbono del Gas Natural Licuado es un 33% mayor que la del carb\u00f3n, cuestionando su rol como combustible puente en la transici\u00f3n energ\u00e9tica.\" \/>\n<meta property=\"og:url\" content=\"https:\/\/www.noticiasradioreflejos.com.ar\/2021\/el-gnl-bajo-la-lupa-transicion-energetica-o-trampa-climatica\/\" \/>\n<meta property=\"og:site_name\" content=\"Noticias Radio Reflejos\" \/>\n<meta property=\"article:published_time\" content=\"2024-11-27T11:39:41+00:00\" \/>\n<meta property=\"article:modified_time\" content=\"2024-11-27T12:25:59+00:00\" \/>\n<meta property=\"og:image\" content=\"https:\/\/www.noticiasradioreflejos.com.ar\/2021\/wp-content\/uploads\/2024\/07\/planta-gnl.jpg\" \/>\n\t<meta property=\"og:image:width\" content=\"660\" \/>\n\t<meta property=\"og:image:height\" content=\"400\" \/>\n\t<meta property=\"og:image:type\" content=\"image\/jpeg\" \/>\n<meta name=\"author\" content=\"Arnaldo Botto\" \/>\n<meta name=\"twitter:card\" content=\"summary_large_image\" \/>\n<script type=\"application\/ld+json\" class=\"yoast-schema-graph\">{\"@context\":\"https:\/\/schema.org\",\"@graph\":[{\"@type\":\"WebPage\",\"@id\":\"https:\/\/www.noticiasradioreflejos.com.ar\/2021\/el-gnl-bajo-la-lupa-transicion-energetica-o-trampa-climatica\/\",\"url\":\"https:\/\/www.noticiasradioreflejos.com.ar\/2021\/el-gnl-bajo-la-lupa-transicion-energetica-o-trampa-climatica\/\",\"name\":\"El GNL bajo la lupa: \u00bfTransici\u00f3n energ\u00e9tica o trampa clim\u00e1tica? - Noticias Radio Reflejos\",\"isPartOf\":{\"@id\":\"https:\/\/www.noticiasradioreflejos.com.ar\/2021\/#website\"},\"primaryImageOfPage\":{\"@id\":\"https:\/\/www.noticiasradioreflejos.com.ar\/2021\/el-gnl-bajo-la-lupa-transicion-energetica-o-trampa-climatica\/#primaryimage\"},\"image\":{\"@id\":\"https:\/\/www.noticiasradioreflejos.com.ar\/2021\/el-gnl-bajo-la-lupa-transicion-energetica-o-trampa-climatica\/#primaryimage\"},\"thumbnailUrl\":\"https:\/\/www.noticiasradioreflejos.com.ar\/2021\/wp-content\/uploads\/2024\/07\/planta-gnl.jpg\",\"datePublished\":\"2024-11-27T11:39:41+00:00\",\"dateModified\":\"2024-11-27T12:25:59+00:00\",\"author\":{\"@id\":\"https:\/\/www.noticiasradioreflejos.com.ar\/2021\/#\/schema\/person\/ad82545263dcc5ec0996818884fd5fb1\"},\"breadcrumb\":{\"@id\":\"https:\/\/www.noticiasradioreflejos.com.ar\/2021\/el-gnl-bajo-la-lupa-transicion-energetica-o-trampa-climatica\/#breadcrumb\"},\"inLanguage\":\"es\",\"potentialAction\":[{\"@type\":\"ReadAction\",\"target\":[\"https:\/\/www.noticiasradioreflejos.com.ar\/2021\/el-gnl-bajo-la-lupa-transicion-energetica-o-trampa-climatica\/\"]}]},{\"@type\":\"ImageObject\",\"inLanguage\":\"es\",\"@id\":\"https:\/\/www.noticiasradioreflejos.com.ar\/2021\/el-gnl-bajo-la-lupa-transicion-energetica-o-trampa-climatica\/#primaryimage\",\"url\":\"https:\/\/www.noticiasradioreflejos.com.ar\/2021\/wp-content\/uploads\/2024\/07\/planta-gnl.jpg\",\"contentUrl\":\"https:\/\/www.noticiasradioreflejos.com.ar\/2021\/wp-content\/uploads\/2024\/07\/planta-gnl.jpg\",\"width\":660,\"height\":400},{\"@type\":\"BreadcrumbList\",\"@id\":\"https:\/\/www.noticiasradioreflejos.com.ar\/2021\/el-gnl-bajo-la-lupa-transicion-energetica-o-trampa-climatica\/#breadcrumb\",\"itemListElement\":[{\"@type\":\"ListItem\",\"position\":1,\"name\":\"Portada\",\"item\":\"https:\/\/www.noticiasradioreflejos.com.ar\/2021\/\"},{\"@type\":\"ListItem\",\"position\":2,\"name\":\"El GNL bajo la lupa: \u00bfTransici\u00f3n energ\u00e9tica o trampa clim\u00e1tica?\"}]},{\"@type\":\"WebSite\",\"@id\":\"https:\/\/www.noticiasradioreflejos.com.ar\/2021\/#website\",\"url\":\"https:\/\/www.noticiasradioreflejos.com.ar\/2021\/\",\"name\":\"Noticias Radio Reflejos\",\"description\":\"Las noticias de mi comarca\",\"potentialAction\":[{\"@type\":\"SearchAction\",\"target\":{\"@type\":\"EntryPoint\",\"urlTemplate\":\"https:\/\/www.noticiasradioreflejos.com.ar\/2021\/?s={search_term_string}\"},\"query-input\":{\"@type\":\"PropertyValueSpecification\",\"valueRequired\":true,\"valueName\":\"search_term_string\"}}],\"inLanguage\":\"es\"},{\"@type\":\"Person\",\"@id\":\"https:\/\/www.noticiasradioreflejos.com.ar\/2021\/#\/schema\/person\/ad82545263dcc5ec0996818884fd5fb1\",\"name\":\"Arnaldo Botto\",\"image\":{\"@type\":\"ImageObject\",\"inLanguage\":\"es\",\"@id\":\"https:\/\/www.noticiasradioreflejos.com.ar\/2021\/#\/schema\/person\/image\/\",\"url\":\"https:\/\/secure.gravatar.com\/avatar\/55cb5e37c1efa326397366e6974cb338056df65cb50e7d64d1cf314e87504837?s=96&d=mm&r=g\",\"contentUrl\":\"https:\/\/secure.gravatar.com\/avatar\/55cb5e37c1efa326397366e6974cb338056df65cb50e7d64d1cf314e87504837?s=96&d=mm&r=g\",\"caption\":\"Arnaldo Botto\"},\"url\":\"https:\/\/www.noticiasradioreflejos.com.ar\/2021\/author\/arnaldo\/\"}]}<\/script>\n<!-- \/ Yoast SEO plugin. -->","yoast_head_json":{"title":"El GNL bajo la lupa: \u00bfTransici\u00f3n energ\u00e9tica o trampa clim\u00e1tica? - Noticias Radio Reflejos","robots":{"index":"index","follow":"follow","max-snippet":"max-snippet:-1","max-image-preview":"max-image-preview:large","max-video-preview":"max-video-preview:-1"},"canonical":"https:\/\/www.noticiasradioreflejos.com.ar\/2021\/el-gnl-bajo-la-lupa-transicion-energetica-o-trampa-climatica\/","og_locale":"es_ES","og_type":"article","og_title":"El GNL bajo la lupa: \u00bfTransici\u00f3n energ\u00e9tica o trampa clim\u00e1tica? - Noticias Radio Reflejos","og_description":"Un reciente estudio de la Universidad de Cornell revela que la huella de carbono del Gas Natural Licuado es un 33% mayor que la del carb\u00f3n, cuestionando su rol como combustible puente en la transici\u00f3n energ\u00e9tica.","og_url":"https:\/\/www.noticiasradioreflejos.com.ar\/2021\/el-gnl-bajo-la-lupa-transicion-energetica-o-trampa-climatica\/","og_site_name":"Noticias Radio Reflejos","article_published_time":"2024-11-27T11:39:41+00:00","article_modified_time":"2024-11-27T12:25:59+00:00","og_image":[{"width":660,"height":400,"url":"https:\/\/www.noticiasradioreflejos.com.ar\/2021\/wp-content\/uploads\/2024\/07\/planta-gnl.jpg","type":"image\/jpeg"}],"author":"Arnaldo Botto","twitter_card":"summary_large_image","schema":{"@context":"https:\/\/schema.org","@graph":[{"@type":"WebPage","@id":"https:\/\/www.noticiasradioreflejos.com.ar\/2021\/el-gnl-bajo-la-lupa-transicion-energetica-o-trampa-climatica\/","url":"https:\/\/www.noticiasradioreflejos.com.ar\/2021\/el-gnl-bajo-la-lupa-transicion-energetica-o-trampa-climatica\/","name":"El GNL bajo la lupa: \u00bfTransici\u00f3n energ\u00e9tica o trampa clim\u00e1tica? - Noticias Radio Reflejos","isPartOf":{"@id":"https:\/\/www.noticiasradioreflejos.com.ar\/2021\/#website"},"primaryImageOfPage":{"@id":"https:\/\/www.noticiasradioreflejos.com.ar\/2021\/el-gnl-bajo-la-lupa-transicion-energetica-o-trampa-climatica\/#primaryimage"},"image":{"@id":"https:\/\/www.noticiasradioreflejos.com.ar\/2021\/el-gnl-bajo-la-lupa-transicion-energetica-o-trampa-climatica\/#primaryimage"},"thumbnailUrl":"https:\/\/www.noticiasradioreflejos.com.ar\/2021\/wp-content\/uploads\/2024\/07\/planta-gnl.jpg","datePublished":"2024-11-27T11:39:41+00:00","dateModified":"2024-11-27T12:25:59+00:00","author":{"@id":"https:\/\/www.noticiasradioreflejos.com.ar\/2021\/#\/schema\/person\/ad82545263dcc5ec0996818884fd5fb1"},"breadcrumb":{"@id":"https:\/\/www.noticiasradioreflejos.com.ar\/2021\/el-gnl-bajo-la-lupa-transicion-energetica-o-trampa-climatica\/#breadcrumb"},"inLanguage":"es","potentialAction":[{"@type":"ReadAction","target":["https:\/\/www.noticiasradioreflejos.com.ar\/2021\/el-gnl-bajo-la-lupa-transicion-energetica-o-trampa-climatica\/"]}]},{"@type":"ImageObject","inLanguage":"es","@id":"https:\/\/www.noticiasradioreflejos.com.ar\/2021\/el-gnl-bajo-la-lupa-transicion-energetica-o-trampa-climatica\/#primaryimage","url":"https:\/\/www.noticiasradioreflejos.com.ar\/2021\/wp-content\/uploads\/2024\/07\/planta-gnl.jpg","contentUrl":"https:\/\/www.noticiasradioreflejos.com.ar\/2021\/wp-content\/uploads\/2024\/07\/planta-gnl.jpg","width":660,"height":400},{"@type":"BreadcrumbList","@id":"https:\/\/www.noticiasradioreflejos.com.ar\/2021\/el-gnl-bajo-la-lupa-transicion-energetica-o-trampa-climatica\/#breadcrumb","itemListElement":[{"@type":"ListItem","position":1,"name":"Portada","item":"https:\/\/www.noticiasradioreflejos.com.ar\/2021\/"},{"@type":"ListItem","position":2,"name":"El GNL bajo la lupa: \u00bfTransici\u00f3n energ\u00e9tica o trampa clim\u00e1tica?"}]},{"@type":"WebSite","@id":"https:\/\/www.noticiasradioreflejos.com.ar\/2021\/#website","url":"https:\/\/www.noticiasradioreflejos.com.ar\/2021\/","name":"Noticias Radio Reflejos","description":"Las noticias de mi comarca","potentialAction":[{"@type":"SearchAction","target":{"@type":"EntryPoint","urlTemplate":"https:\/\/www.noticiasradioreflejos.com.ar\/2021\/?s={search_term_string}"},"query-input":{"@type":"PropertyValueSpecification","valueRequired":true,"valueName":"search_term_string"}}],"inLanguage":"es"},{"@type":"Person","@id":"https:\/\/www.noticiasradioreflejos.com.ar\/2021\/#\/schema\/person\/ad82545263dcc5ec0996818884fd5fb1","name":"Arnaldo Botto","image":{"@type":"ImageObject","inLanguage":"es","@id":"https:\/\/www.noticiasradioreflejos.com.ar\/2021\/#\/schema\/person\/image\/","url":"https:\/\/secure.gravatar.com\/avatar\/55cb5e37c1efa326397366e6974cb338056df65cb50e7d64d1cf314e87504837?s=96&d=mm&r=g","contentUrl":"https:\/\/secure.gravatar.com\/avatar\/55cb5e37c1efa326397366e6974cb338056df65cb50e7d64d1cf314e87504837?s=96&d=mm&r=g","caption":"Arnaldo Botto"},"url":"https:\/\/www.noticiasradioreflejos.com.ar\/2021\/author\/arnaldo\/"}]}},"_links":{"self":[{"href":"https:\/\/www.noticiasradioreflejos.com.ar\/2021\/wp-json\/wp\/v2\/posts\/110096","targetHints":{"allow":["GET"]}}],"collection":[{"href":"https:\/\/www.noticiasradioreflejos.com.ar\/2021\/wp-json\/wp\/v2\/posts"}],"about":[{"href":"https:\/\/www.noticiasradioreflejos.com.ar\/2021\/wp-json\/wp\/v2\/types\/post"}],"author":[{"embeddable":true,"href":"https:\/\/www.noticiasradioreflejos.com.ar\/2021\/wp-json\/wp\/v2\/users\/3"}],"replies":[{"embeddable":true,"href":"https:\/\/www.noticiasradioreflejos.com.ar\/2021\/wp-json\/wp\/v2\/comments?post=110096"}],"version-history":[{"count":1,"href":"https:\/\/www.noticiasradioreflejos.com.ar\/2021\/wp-json\/wp\/v2\/posts\/110096\/revisions"}],"predecessor-version":[{"id":110097,"href":"https:\/\/www.noticiasradioreflejos.com.ar\/2021\/wp-json\/wp\/v2\/posts\/110096\/revisions\/110097"}],"wp:featuredmedia":[{"embeddable":true,"href":"https:\/\/www.noticiasradioreflejos.com.ar\/2021\/wp-json\/wp\/v2\/media\/105319"}],"wp:attachment":[{"href":"https:\/\/www.noticiasradioreflejos.com.ar\/2021\/wp-json\/wp\/v2\/media?parent=110096"}],"wp:term":[{"taxonomy":"category","embeddable":true,"href":"https:\/\/www.noticiasradioreflejos.com.ar\/2021\/wp-json\/wp\/v2\/categories?post=110096"},{"taxonomy":"post_tag","embeddable":true,"href":"https:\/\/www.noticiasradioreflejos.com.ar\/2021\/wp-json\/wp\/v2\/tags?post=110096"}],"curies":[{"name":"wp","href":"https:\/\/api.w.org\/{rel}","templated":true}]}}