{"id":110075,"date":"2024-11-26T19:57:10","date_gmt":"2024-11-26T22:57:10","guid":{"rendered":"https:\/\/www.noticiasradioreflejos.com.ar\/2021\/?p=110075"},"modified":"2024-11-26T19:57:10","modified_gmt":"2024-11-26T22:57:10","slug":"animaludicas-arte-en-circo-este-sabado-en-centro-cultural-de-sierra-de-la-ventana","status":"publish","type":"post","link":"https:\/\/www.noticiasradioreflejos.com.ar\/2021\/animaludicas-arte-en-circo-este-sabado-en-centro-cultural-de-sierra-de-la-ventana\/","title":{"rendered":"\u2018Animal\u00fadicas\u2019, arte en circo, este s\u00e1bado en Centro Cultural de Sierra de la Ventana"},"content":{"rendered":"<p>Un imperdible show tendr\u00e1 lugar este s\u00e1bado 30 en el Centro Cultural de Sierra de la Ventana, a trav\u00e9s del programa provincial \u2018Circuitos Culturales\u2019, al que Tornquist est\u00e1 adherido dentro del Corredor del Sudoeste.<!--more--><\/p>\n<p><a data-flickr-embed=\"true\" href=\"https:\/\/www.flickr.com\/photos\/182279889@N02\/54167259435\/in\/dateposted-public\/\" title=\"Animaludicas\"><img loading=\"lazy\" decoding=\"async\" src=\"https:\/\/live.staticflickr.com\/65535\/54167259435_e30f4a99f3_b.jpg\" width=\"1024\" height=\"1024\" alt=\"Animaludicas\"\/><\/a><script async src=\"\/\/embedr.flickr.com\/assets\/client-code.js\" charset=\"utf-8\"><\/script><\/p>\n<p>Se trata de \u2018Animal\u00fadicas\u2019, un espect\u00e1culo que lleva escondido en su nombre, su propio significado: historias de juegos con animales; y desde su origen inspira a crear una nueva mirada y una nueva forma de jugar el circo. <\/p>\n<p>Comenzar\u00e1 a las 18.30 hs y ser\u00e1 con entrada libre y gratuita.<\/p>\n<p>Mediante \u2018Circuitos Culturales\u2019, el distrito de Tornquist recibir\u00e1 espect\u00e1culos durante cuatro fines de semana, a fin de promover y fortalecer la constituci\u00f3n de circuitos de actividad esc\u00e9nica que abarquen y potencien los entramados productivos de las industrias culturales en las localidades participantes.<\/p>\n","protected":false},"excerpt":{"rendered":"<p>Un imperdible show tendr\u00e1 lugar este s\u00e1bado 30 en el Centro Cultural de Sierra de la Ventana, a trav\u00e9s del programa provincial \u2018Circuitos Culturales\u2019, al que Tornquist est\u00e1 adherido dentro del Corredor del Sudoeste.<\/p>\n","protected":false},"author":3,"featured_media":0,"comment_status":"closed","ping_status":"closed","sticky":false,"template":"","format":"standard","meta":{"footnotes":""},"categories":[35],"tags":[],"class_list":["post-110075","post","type-post","status-publish","format-standard","hentry","category-cultura"],"yoast_head":"<!-- This site is optimized with the Yoast SEO plugin v25.9 - https:\/\/yoast.com\/wordpress\/plugins\/seo\/ -->\n<title>\u2018Animal\u00fadicas\u2019, arte en circo, este s\u00e1bado en Centro Cultural de Sierra de la Ventana - Noticias Radio Reflejos<\/title>\n<meta name=\"robots\" content=\"index, follow, max-snippet:-1, max-image-preview:large, max-video-preview:-1\" \/>\n<link rel=\"canonical\" href=\"https:\/\/www.noticiasradioreflejos.com.ar\/2021\/animaludicas-arte-en-circo-este-sabado-en-centro-cultural-de-sierra-de-la-ventana\/\" \/>\n<meta property=\"og:locale\" content=\"es_ES\" \/>\n<meta property=\"og:type\" content=\"article\" \/>\n<meta property=\"og:title\" content=\"\u2018Animal\u00fadicas\u2019, arte en circo, este s\u00e1bado en Centro Cultural de Sierra de la Ventana - Noticias Radio Reflejos\" \/>\n<meta property=\"og:description\" content=\"Un imperdible show tendr\u00e1 lugar este s\u00e1bado 30 en el Centro Cultural de Sierra de la Ventana, a trav\u00e9s del programa provincial \u2018Circuitos Culturales\u2019, al que Tornquist est\u00e1 adherido dentro del Corredor del Sudoeste.\" \/>\n<meta property=\"og:url\" content=\"https:\/\/www.noticiasradioreflejos.com.ar\/2021\/animaludicas-arte-en-circo-este-sabado-en-centro-cultural-de-sierra-de-la-ventana\/\" \/>\n<meta property=\"og:site_name\" content=\"Noticias Radio Reflejos\" \/>\n<meta property=\"article:published_time\" content=\"2024-11-26T22:57:10+00:00\" \/>\n<meta property=\"og:image\" content=\"https:\/\/live.staticflickr.com\/65535\/54167259435_e30f4a99f3_b.jpg\" \/>\n<meta name=\"author\" content=\"Arnaldo Botto\" \/>\n<meta name=\"twitter:card\" content=\"summary_large_image\" \/>\n<script type=\"application\/ld+json\" class=\"yoast-schema-graph\">{\"@context\":\"https:\/\/schema.org\",\"@graph\":[{\"@type\":\"WebPage\",\"@id\":\"https:\/\/www.noticiasradioreflejos.com.ar\/2021\/animaludicas-arte-en-circo-este-sabado-en-centro-cultural-de-sierra-de-la-ventana\/\",\"url\":\"https:\/\/www.noticiasradioreflejos.com.ar\/2021\/animaludicas-arte-en-circo-este-sabado-en-centro-cultural-de-sierra-de-la-ventana\/\",\"name\":\"\u2018Animal\u00fadicas\u2019, arte en circo, este s\u00e1bado en Centro Cultural de Sierra de la Ventana - Noticias Radio Reflejos\",\"isPartOf\":{\"@id\":\"https:\/\/www.noticiasradioreflejos.com.ar\/2021\/#website\"},\"primaryImageOfPage\":{\"@id\":\"https:\/\/www.noticiasradioreflejos.com.ar\/2021\/animaludicas-arte-en-circo-este-sabado-en-centro-cultural-de-sierra-de-la-ventana\/#primaryimage\"},\"image\":{\"@id\":\"https:\/\/www.noticiasradioreflejos.com.ar\/2021\/animaludicas-arte-en-circo-este-sabado-en-centro-cultural-de-sierra-de-la-ventana\/#primaryimage\"},\"thumbnailUrl\":\"https:\/\/live.staticflickr.com\/65535\/54167259435_e30f4a99f3_b.jpg\",\"datePublished\":\"2024-11-26T22:57:10+00:00\",\"author\":{\"@id\":\"https:\/\/www.noticiasradioreflejos.com.ar\/2021\/#\/schema\/person\/ad82545263dcc5ec0996818884fd5fb1\"},\"breadcrumb\":{\"@id\":\"https:\/\/www.noticiasradioreflejos.com.ar\/2021\/animaludicas-arte-en-circo-este-sabado-en-centro-cultural-de-sierra-de-la-ventana\/#breadcrumb\"},\"inLanguage\":\"es\",\"potentialAction\":[{\"@type\":\"ReadAction\",\"target\":[\"https:\/\/www.noticiasradioreflejos.com.ar\/2021\/animaludicas-arte-en-circo-este-sabado-en-centro-cultural-de-sierra-de-la-ventana\/\"]}]},{\"@type\":\"ImageObject\",\"inLanguage\":\"es\",\"@id\":\"https:\/\/www.noticiasradioreflejos.com.ar\/2021\/animaludicas-arte-en-circo-este-sabado-en-centro-cultural-de-sierra-de-la-ventana\/#primaryimage\",\"url\":\"https:\/\/live.staticflickr.com\/65535\/54167259435_e30f4a99f3_b.jpg\",\"contentUrl\":\"https:\/\/live.staticflickr.com\/65535\/54167259435_e30f4a99f3_b.jpg\"},{\"@type\":\"BreadcrumbList\",\"@id\":\"https:\/\/www.noticiasradioreflejos.com.ar\/2021\/animaludicas-arte-en-circo-este-sabado-en-centro-cultural-de-sierra-de-la-ventana\/#breadcrumb\",\"itemListElement\":[{\"@type\":\"ListItem\",\"position\":1,\"name\":\"Portada\",\"item\":\"https:\/\/www.noticiasradioreflejos.com.ar\/2021\/\"},{\"@type\":\"ListItem\",\"position\":2,\"name\":\"\u2018Animal\u00fadicas\u2019, arte en circo, este s\u00e1bado en Centro Cultural de Sierra de la Ventana\"}]},{\"@type\":\"WebSite\",\"@id\":\"https:\/\/www.noticiasradioreflejos.com.ar\/2021\/#website\",\"url\":\"https:\/\/www.noticiasradioreflejos.com.ar\/2021\/\",\"name\":\"Noticias Radio Reflejos\",\"description\":\"Las noticias de mi comarca\",\"potentialAction\":[{\"@type\":\"SearchAction\",\"target\":{\"@type\":\"EntryPoint\",\"urlTemplate\":\"https:\/\/www.noticiasradioreflejos.com.ar\/2021\/?s={search_term_string}\"},\"query-input\":{\"@type\":\"PropertyValueSpecification\",\"valueRequired\":true,\"valueName\":\"search_term_string\"}}],\"inLanguage\":\"es\"},{\"@type\":\"Person\",\"@id\":\"https:\/\/www.noticiasradioreflejos.com.ar\/2021\/#\/schema\/person\/ad82545263dcc5ec0996818884fd5fb1\",\"name\":\"Arnaldo Botto\",\"image\":{\"@type\":\"ImageObject\",\"inLanguage\":\"es\",\"@id\":\"https:\/\/www.noticiasradioreflejos.com.ar\/2021\/#\/schema\/person\/image\/\",\"url\":\"https:\/\/secure.gravatar.com\/avatar\/55cb5e37c1efa326397366e6974cb338056df65cb50e7d64d1cf314e87504837?s=96&d=mm&r=g\",\"contentUrl\":\"https:\/\/secure.gravatar.com\/avatar\/55cb5e37c1efa326397366e6974cb338056df65cb50e7d64d1cf314e87504837?s=96&d=mm&r=g\",\"caption\":\"Arnaldo Botto\"},\"url\":\"https:\/\/www.noticiasradioreflejos.com.ar\/2021\/author\/arnaldo\/\"}]}<\/script>\n<!-- \/ Yoast SEO plugin. -->","yoast_head_json":{"title":"\u2018Animal\u00fadicas\u2019, arte en circo, este s\u00e1bado en Centro Cultural de Sierra de la Ventana - Noticias Radio Reflejos","robots":{"index":"index","follow":"follow","max-snippet":"max-snippet:-1","max-image-preview":"max-image-preview:large","max-video-preview":"max-video-preview:-1"},"canonical":"https:\/\/www.noticiasradioreflejos.com.ar\/2021\/animaludicas-arte-en-circo-este-sabado-en-centro-cultural-de-sierra-de-la-ventana\/","og_locale":"es_ES","og_type":"article","og_title":"\u2018Animal\u00fadicas\u2019, arte en circo, este s\u00e1bado en Centro Cultural de Sierra de la Ventana - Noticias Radio Reflejos","og_description":"Un imperdible show tendr\u00e1 lugar este s\u00e1bado 30 en el Centro Cultural de Sierra de la Ventana, a trav\u00e9s del programa provincial \u2018Circuitos Culturales\u2019, al que Tornquist est\u00e1 adherido dentro del Corredor del Sudoeste.","og_url":"https:\/\/www.noticiasradioreflejos.com.ar\/2021\/animaludicas-arte-en-circo-este-sabado-en-centro-cultural-de-sierra-de-la-ventana\/","og_site_name":"Noticias Radio Reflejos","article_published_time":"2024-11-26T22:57:10+00:00","og_image":[{"url":"https:\/\/live.staticflickr.com\/65535\/54167259435_e30f4a99f3_b.jpg","type":"","width":"","height":""}],"author":"Arnaldo Botto","twitter_card":"summary_large_image","schema":{"@context":"https:\/\/schema.org","@graph":[{"@type":"WebPage","@id":"https:\/\/www.noticiasradioreflejos.com.ar\/2021\/animaludicas-arte-en-circo-este-sabado-en-centro-cultural-de-sierra-de-la-ventana\/","url":"https:\/\/www.noticiasradioreflejos.com.ar\/2021\/animaludicas-arte-en-circo-este-sabado-en-centro-cultural-de-sierra-de-la-ventana\/","name":"\u2018Animal\u00fadicas\u2019, arte en circo, este s\u00e1bado en Centro Cultural de Sierra de la Ventana - Noticias Radio Reflejos","isPartOf":{"@id":"https:\/\/www.noticiasradioreflejos.com.ar\/2021\/#website"},"primaryImageOfPage":{"@id":"https:\/\/www.noticiasradioreflejos.com.ar\/2021\/animaludicas-arte-en-circo-este-sabado-en-centro-cultural-de-sierra-de-la-ventana\/#primaryimage"},"image":{"@id":"https:\/\/www.noticiasradioreflejos.com.ar\/2021\/animaludicas-arte-en-circo-este-sabado-en-centro-cultural-de-sierra-de-la-ventana\/#primaryimage"},"thumbnailUrl":"https:\/\/live.staticflickr.com\/65535\/54167259435_e30f4a99f3_b.jpg","datePublished":"2024-11-26T22:57:10+00:00","author":{"@id":"https:\/\/www.noticiasradioreflejos.com.ar\/2021\/#\/schema\/person\/ad82545263dcc5ec0996818884fd5fb1"},"breadcrumb":{"@id":"https:\/\/www.noticiasradioreflejos.com.ar\/2021\/animaludicas-arte-en-circo-este-sabado-en-centro-cultural-de-sierra-de-la-ventana\/#breadcrumb"},"inLanguage":"es","potentialAction":[{"@type":"ReadAction","target":["https:\/\/www.noticiasradioreflejos.com.ar\/2021\/animaludicas-arte-en-circo-este-sabado-en-centro-cultural-de-sierra-de-la-ventana\/"]}]},{"@type":"ImageObject","inLanguage":"es","@id":"https:\/\/www.noticiasradioreflejos.com.ar\/2021\/animaludicas-arte-en-circo-este-sabado-en-centro-cultural-de-sierra-de-la-ventana\/#primaryimage","url":"https:\/\/live.staticflickr.com\/65535\/54167259435_e30f4a99f3_b.jpg","contentUrl":"https:\/\/live.staticflickr.com\/65535\/54167259435_e30f4a99f3_b.jpg"},{"@type":"BreadcrumbList","@id":"https:\/\/www.noticiasradioreflejos.com.ar\/2021\/animaludicas-arte-en-circo-este-sabado-en-centro-cultural-de-sierra-de-la-ventana\/#breadcrumb","itemListElement":[{"@type":"ListItem","position":1,"name":"Portada","item":"https:\/\/www.noticiasradioreflejos.com.ar\/2021\/"},{"@type":"ListItem","position":2,"name":"\u2018Animal\u00fadicas\u2019, arte en circo, este s\u00e1bado en Centro Cultural de Sierra de la Ventana"}]},{"@type":"WebSite","@id":"https:\/\/www.noticiasradioreflejos.com.ar\/2021\/#website","url":"https:\/\/www.noticiasradioreflejos.com.ar\/2021\/","name":"Noticias Radio Reflejos","description":"Las noticias de mi comarca","potentialAction":[{"@type":"SearchAction","target":{"@type":"EntryPoint","urlTemplate":"https:\/\/www.noticiasradioreflejos.com.ar\/2021\/?s={search_term_string}"},"query-input":{"@type":"PropertyValueSpecification","valueRequired":true,"valueName":"search_term_string"}}],"inLanguage":"es"},{"@type":"Person","@id":"https:\/\/www.noticiasradioreflejos.com.ar\/2021\/#\/schema\/person\/ad82545263dcc5ec0996818884fd5fb1","name":"Arnaldo Botto","image":{"@type":"ImageObject","inLanguage":"es","@id":"https:\/\/www.noticiasradioreflejos.com.ar\/2021\/#\/schema\/person\/image\/","url":"https:\/\/secure.gravatar.com\/avatar\/55cb5e37c1efa326397366e6974cb338056df65cb50e7d64d1cf314e87504837?s=96&d=mm&r=g","contentUrl":"https:\/\/secure.gravatar.com\/avatar\/55cb5e37c1efa326397366e6974cb338056df65cb50e7d64d1cf314e87504837?s=96&d=mm&r=g","caption":"Arnaldo Botto"},"url":"https:\/\/www.noticiasradioreflejos.com.ar\/2021\/author\/arnaldo\/"}]}},"_links":{"self":[{"href":"https:\/\/www.noticiasradioreflejos.com.ar\/2021\/wp-json\/wp\/v2\/posts\/110075","targetHints":{"allow":["GET"]}}],"collection":[{"href":"https:\/\/www.noticiasradioreflejos.com.ar\/2021\/wp-json\/wp\/v2\/posts"}],"about":[{"href":"https:\/\/www.noticiasradioreflejos.com.ar\/2021\/wp-json\/wp\/v2\/types\/post"}],"author":[{"embeddable":true,"href":"https:\/\/www.noticiasradioreflejos.com.ar\/2021\/wp-json\/wp\/v2\/users\/3"}],"replies":[{"embeddable":true,"href":"https:\/\/www.noticiasradioreflejos.com.ar\/2021\/wp-json\/wp\/v2\/comments?post=110075"}],"version-history":[{"count":1,"href":"https:\/\/www.noticiasradioreflejos.com.ar\/2021\/wp-json\/wp\/v2\/posts\/110075\/revisions"}],"predecessor-version":[{"id":110077,"href":"https:\/\/www.noticiasradioreflejos.com.ar\/2021\/wp-json\/wp\/v2\/posts\/110075\/revisions\/110077"}],"wp:attachment":[{"href":"https:\/\/www.noticiasradioreflejos.com.ar\/2021\/wp-json\/wp\/v2\/media?parent=110075"}],"wp:term":[{"taxonomy":"category","embeddable":true,"href":"https:\/\/www.noticiasradioreflejos.com.ar\/2021\/wp-json\/wp\/v2\/categories?post=110075"},{"taxonomy":"post_tag","embeddable":true,"href":"https:\/\/www.noticiasradioreflejos.com.ar\/2021\/wp-json\/wp\/v2\/tags?post=110075"}],"curies":[{"name":"wp","href":"https:\/\/api.w.org\/{rel}","templated":true}]}}