{"id":110059,"date":"2024-11-26T09:56:34","date_gmt":"2024-11-26T12:56:34","guid":{"rendered":"https:\/\/www.noticiasradioreflejos.com.ar\/2021\/?p=110059"},"modified":"2024-11-26T09:56:34","modified_gmt":"2024-11-26T12:56:34","slug":"asignaciones-familiares-confirman-el-aumento-del-269-para-diciembre","status":"publish","type":"post","link":"https:\/\/www.noticiasradioreflejos.com.ar\/2021\/asignaciones-familiares-confirman-el-aumento-del-269-para-diciembre\/","title":{"rendered":"Asignaciones familiares: confirman el aumento del 2,69% para diciembre"},"content":{"rendered":"<p>ANSES oficializ\u00f3 este martes la suba para el \u00faltimo mes del a\u00f1o.<!--more--><\/p>\n<div class=\"columns\" data-tadevel-template=\"web\/article-columns\">\n<div class=\"column-main\">\n<div class=\"article-body\" data-tadevel-template=\"web\/article-body\">\n<div class=\"article-body-content\">\n<p>La Administraci\u00f3n Nacional de la Seguridad Social (ANSES) oficializ\u00f3 este martes\u00a0<strong>el aumento del 2,69% en los montos de las asignaciones familiares<\/strong>\u00a0y en los l\u00edmites y rangos de ingresos del grupo familiar a partir de diciembre, mediante la Resoluci\u00f3n 1124\/2024, publicada en el Bolet\u00edn Oficial.<\/p>\n<p>La actualizaci\u00f3n de los valores que estar\u00e1n vigentes para el \u00faltimo mes del a\u00f1o, se da en l\u00ednea con el dato de inflaci\u00f3n de octubre, al igual que sucede mensualmente con el ajuste en los haberes jubilatorios.<\/p>\n<p>Con la suba oficializada, la Asignaci\u00f3n Universal por Hijo (AUH) y por Embarazo,\u00a0<strong>alcanzar\u00e1n en diciembre los $93.281<\/strong>\u00a0para la mayor\u00eda de los beneficiarios, mientras que ser\u00e1 de $121.266 para los que residen en la Zona I (La Pampa, Chubut, Neuqu\u00e9n, R\u00edo Negro, Santa Cruz, Tierra del Fuego, Ant\u00e1rtida e Islas del Atl\u00e1ntico Sur y el Partido de Patagones, en la provincia de Buenos Aires).<\/p>\n<p>En lo que respecta a los trabajadores del sector formal, en caso de que el ingreso familiar no supere los $722.224, se cobrar\u00e1 por hijo $46.642, mientras que si el ingreso familiar es superior a $722.224 y de hasta $1.059.216, se cobrar\u00e1 por hijo $31.460. En tanto que si el ingreso familiar es superior a $1.059.216 y de hasta $1.222.902, se percibir\u00e1 por hijo $19.025. Cuando el monto percibido en el hogar es mayor a $1.222.902 y de hasta $3.824.554, se cobrar\u00e1 por hijo $9.813.<\/p>\n<p>Los mismos montos y topes se aplican en la Asignaci\u00f3n Familiar Prenatal. En tanto que los valores aumentan para quienes perciban la prestaci\u00f3n por hijo con discapacidad, ya que si el ingreso familiar no supera los $722.224, cobran por hijo $151.874, mientras que si el ingreso familiar es superior a $722.224 y de hasta $1.059.216, cobrar\u00e1n por hijo $107.440 y si est\u00e1n por encima de $1.059.216, recibir\u00e1n $67.809 por hijo.<\/p>\n<p>En el caso de los contribuyentes del Monotributo, el monto a cobrar de las asignaciones familiares por hijo var\u00edan seg\u00fan la categor\u00eda:<\/p>\n<ul>\n<li>Categor\u00edas A: $46.642<\/li>\n<li>Categor\u00eda B: $31.460<\/li>\n<li>Categor\u00eda C: $19.025<\/li>\n<li>Categor\u00edas D, E, F, G y H: $9.813<\/li>\n<\/ul>\n<p>En cuanto a las asignaciones que la ANSES abona por \u00fanica vez, entra las que est\u00e1n Matrimonio, Nacimiento y Adopci\u00f3n, a partir del mes que viene otorgar\u00e1n los siguientes montos:<\/p>\n<ul>\n<li>Nacimiento: $54.367<\/li>\n<li>Adopci\u00f3n: $325.086<\/li>\n<li>Matrimonio: $81.408<\/li>\n<li>Ayuda Escolar Anual: $124.245<\/li>\n<\/ul>\n<p>La suba que actualiza los montos detallados\u00a0<strong>alcanza de igual manera a los veteranos de guerra, a los titulares del sistema previsional integrado argentino y a los de la prestaci\u00f3n por desempleo<\/strong>, entre otros programas de asistencia econ\u00f3mica.<\/p>\n<p>En el art\u00edculo 4 de la normativa se aclar\u00f3 que<i>\u00a0\u201cla percepci\u00f3n de un ingreso\u00a0<strong>superior a $1.912.277<\/strong>\u00a0por parte de una de las personas integrantes del grupo familiar, excluye a dicho grupo del cobro de las asignaciones familiares, aun cuando la suma de sus ingresos no supere el l\u00edmite m\u00e1ximo de ingresos establecido\u201d.<\/i><\/p>\n<p>Asimismo, se determin\u00f3 que cuando, por aplicaci\u00f3n del incremento dispuesto,\u00a0<i>\u201cel monto de las asignaciones familiares y\/o el valor de los l\u00edmites y rangos de ingresos del grupo familiar resulten con decimales, se aplicar\u00e1 redondeo al valor entero siguiente\u201d.<\/i><\/p>\n<p>La actualizaci\u00f3n de los montos se ampara en el tercer p\u00e1rrafo del art\u00edculo 1\u00b0 de la Ley N\u00b0 27.160, que\u00a0<i>\u201cdispone que la movilidad se aplicar\u00e1 al monto de las asignaciones familiares y a la actualizaci\u00f3n de los l\u00edmites y rangos de ingresos del grupo familiar que determinan el cobro, en los casos en que corresponde su utilizaci\u00f3n\u201d.<\/i><\/p>\n<\/div>\n<\/div>\n<\/div>\n<\/div>\n","protected":false},"excerpt":{"rendered":"<p>ANSES oficializ\u00f3 este martes la suba para el \u00faltimo mes del a\u00f1o.<\/p>\n","protected":false},"author":3,"featured_media":94915,"comment_status":"closed","ping_status":"closed","sticky":false,"template":"","format":"standard","meta":{"footnotes":""},"categories":[36],"tags":[],"class_list":["post-110059","post","type-post","status-publish","format-standard","has-post-thumbnail","hentry","category-economia"],"yoast_head":"<!-- This site is optimized with the Yoast SEO plugin v25.9 - https:\/\/yoast.com\/wordpress\/plugins\/seo\/ -->\n<title>Asignaciones familiares: confirman el aumento del 2,69% para diciembre - Noticias Radio Reflejos<\/title>\n<meta name=\"robots\" content=\"index, follow, max-snippet:-1, max-image-preview:large, max-video-preview:-1\" \/>\n<link rel=\"canonical\" href=\"https:\/\/www.noticiasradioreflejos.com.ar\/2021\/asignaciones-familiares-confirman-el-aumento-del-269-para-diciembre\/\" \/>\n<meta property=\"og:locale\" content=\"es_ES\" \/>\n<meta property=\"og:type\" content=\"article\" \/>\n<meta property=\"og:title\" content=\"Asignaciones familiares: confirman el aumento del 2,69% para diciembre - Noticias Radio Reflejos\" \/>\n<meta property=\"og:description\" content=\"ANSES oficializ\u00f3 este martes la suba para el \u00faltimo mes del a\u00f1o.\" \/>\n<meta property=\"og:url\" content=\"https:\/\/www.noticiasradioreflejos.com.ar\/2021\/asignaciones-familiares-confirman-el-aumento-del-269-para-diciembre\/\" \/>\n<meta property=\"og:site_name\" content=\"Noticias Radio Reflejos\" \/>\n<meta property=\"article:published_time\" content=\"2024-11-26T12:56:34+00:00\" \/>\n<meta property=\"og:image\" content=\"https:\/\/www.noticiasradioreflejos.com.ar\/2021\/wp-content\/uploads\/2023\/11\/anses-creditos-78.jpg\" \/>\n\t<meta property=\"og:image:width\" content=\"850\" \/>\n\t<meta property=\"og:image:height\" content=\"479\" \/>\n\t<meta property=\"og:image:type\" content=\"image\/jpeg\" \/>\n<meta name=\"author\" content=\"Arnaldo Botto\" \/>\n<meta name=\"twitter:card\" content=\"summary_large_image\" \/>\n<script type=\"application\/ld+json\" class=\"yoast-schema-graph\">{\"@context\":\"https:\/\/schema.org\",\"@graph\":[{\"@type\":\"WebPage\",\"@id\":\"https:\/\/www.noticiasradioreflejos.com.ar\/2021\/asignaciones-familiares-confirman-el-aumento-del-269-para-diciembre\/\",\"url\":\"https:\/\/www.noticiasradioreflejos.com.ar\/2021\/asignaciones-familiares-confirman-el-aumento-del-269-para-diciembre\/\",\"name\":\"Asignaciones familiares: confirman el aumento del 2,69% para diciembre - Noticias Radio Reflejos\",\"isPartOf\":{\"@id\":\"https:\/\/www.noticiasradioreflejos.com.ar\/2021\/#website\"},\"primaryImageOfPage\":{\"@id\":\"https:\/\/www.noticiasradioreflejos.com.ar\/2021\/asignaciones-familiares-confirman-el-aumento-del-269-para-diciembre\/#primaryimage\"},\"image\":{\"@id\":\"https:\/\/www.noticiasradioreflejos.com.ar\/2021\/asignaciones-familiares-confirman-el-aumento-del-269-para-diciembre\/#primaryimage\"},\"thumbnailUrl\":\"https:\/\/www.noticiasradioreflejos.com.ar\/2021\/wp-content\/uploads\/2023\/11\/anses-creditos-78.jpg\",\"datePublished\":\"2024-11-26T12:56:34+00:00\",\"author\":{\"@id\":\"https:\/\/www.noticiasradioreflejos.com.ar\/2021\/#\/schema\/person\/ad82545263dcc5ec0996818884fd5fb1\"},\"breadcrumb\":{\"@id\":\"https:\/\/www.noticiasradioreflejos.com.ar\/2021\/asignaciones-familiares-confirman-el-aumento-del-269-para-diciembre\/#breadcrumb\"},\"inLanguage\":\"es\",\"potentialAction\":[{\"@type\":\"ReadAction\",\"target\":[\"https:\/\/www.noticiasradioreflejos.com.ar\/2021\/asignaciones-familiares-confirman-el-aumento-del-269-para-diciembre\/\"]}]},{\"@type\":\"ImageObject\",\"inLanguage\":\"es\",\"@id\":\"https:\/\/www.noticiasradioreflejos.com.ar\/2021\/asignaciones-familiares-confirman-el-aumento-del-269-para-diciembre\/#primaryimage\",\"url\":\"https:\/\/www.noticiasradioreflejos.com.ar\/2021\/wp-content\/uploads\/2023\/11\/anses-creditos-78.jpg\",\"contentUrl\":\"https:\/\/www.noticiasradioreflejos.com.ar\/2021\/wp-content\/uploads\/2023\/11\/anses-creditos-78.jpg\",\"width\":850,\"height\":479},{\"@type\":\"BreadcrumbList\",\"@id\":\"https:\/\/www.noticiasradioreflejos.com.ar\/2021\/asignaciones-familiares-confirman-el-aumento-del-269-para-diciembre\/#breadcrumb\",\"itemListElement\":[{\"@type\":\"ListItem\",\"position\":1,\"name\":\"Portada\",\"item\":\"https:\/\/www.noticiasradioreflejos.com.ar\/2021\/\"},{\"@type\":\"ListItem\",\"position\":2,\"name\":\"Asignaciones familiares: confirman el aumento del 2,69% para diciembre\"}]},{\"@type\":\"WebSite\",\"@id\":\"https:\/\/www.noticiasradioreflejos.com.ar\/2021\/#website\",\"url\":\"https:\/\/www.noticiasradioreflejos.com.ar\/2021\/\",\"name\":\"Noticias Radio Reflejos\",\"description\":\"Las noticias de mi comarca\",\"potentialAction\":[{\"@type\":\"SearchAction\",\"target\":{\"@type\":\"EntryPoint\",\"urlTemplate\":\"https:\/\/www.noticiasradioreflejos.com.ar\/2021\/?s={search_term_string}\"},\"query-input\":{\"@type\":\"PropertyValueSpecification\",\"valueRequired\":true,\"valueName\":\"search_term_string\"}}],\"inLanguage\":\"es\"},{\"@type\":\"Person\",\"@id\":\"https:\/\/www.noticiasradioreflejos.com.ar\/2021\/#\/schema\/person\/ad82545263dcc5ec0996818884fd5fb1\",\"name\":\"Arnaldo Botto\",\"image\":{\"@type\":\"ImageObject\",\"inLanguage\":\"es\",\"@id\":\"https:\/\/www.noticiasradioreflejos.com.ar\/2021\/#\/schema\/person\/image\/\",\"url\":\"https:\/\/secure.gravatar.com\/avatar\/55cb5e37c1efa326397366e6974cb338056df65cb50e7d64d1cf314e87504837?s=96&d=mm&r=g\",\"contentUrl\":\"https:\/\/secure.gravatar.com\/avatar\/55cb5e37c1efa326397366e6974cb338056df65cb50e7d64d1cf314e87504837?s=96&d=mm&r=g\",\"caption\":\"Arnaldo Botto\"},\"url\":\"https:\/\/www.noticiasradioreflejos.com.ar\/2021\/author\/arnaldo\/\"}]}<\/script>\n<!-- \/ Yoast SEO plugin. -->","yoast_head_json":{"title":"Asignaciones familiares: confirman el aumento del 2,69% para diciembre - Noticias Radio Reflejos","robots":{"index":"index","follow":"follow","max-snippet":"max-snippet:-1","max-image-preview":"max-image-preview:large","max-video-preview":"max-video-preview:-1"},"canonical":"https:\/\/www.noticiasradioreflejos.com.ar\/2021\/asignaciones-familiares-confirman-el-aumento-del-269-para-diciembre\/","og_locale":"es_ES","og_type":"article","og_title":"Asignaciones familiares: confirman el aumento del 2,69% para diciembre - Noticias Radio Reflejos","og_description":"ANSES oficializ\u00f3 este martes la suba para el \u00faltimo mes del a\u00f1o.","og_url":"https:\/\/www.noticiasradioreflejos.com.ar\/2021\/asignaciones-familiares-confirman-el-aumento-del-269-para-diciembre\/","og_site_name":"Noticias Radio Reflejos","article_published_time":"2024-11-26T12:56:34+00:00","og_image":[{"width":850,"height":479,"url":"https:\/\/www.noticiasradioreflejos.com.ar\/2021\/wp-content\/uploads\/2023\/11\/anses-creditos-78.jpg","type":"image\/jpeg"}],"author":"Arnaldo Botto","twitter_card":"summary_large_image","schema":{"@context":"https:\/\/schema.org","@graph":[{"@type":"WebPage","@id":"https:\/\/www.noticiasradioreflejos.com.ar\/2021\/asignaciones-familiares-confirman-el-aumento-del-269-para-diciembre\/","url":"https:\/\/www.noticiasradioreflejos.com.ar\/2021\/asignaciones-familiares-confirman-el-aumento-del-269-para-diciembre\/","name":"Asignaciones familiares: confirman el aumento del 2,69% para diciembre - Noticias Radio Reflejos","isPartOf":{"@id":"https:\/\/www.noticiasradioreflejos.com.ar\/2021\/#website"},"primaryImageOfPage":{"@id":"https:\/\/www.noticiasradioreflejos.com.ar\/2021\/asignaciones-familiares-confirman-el-aumento-del-269-para-diciembre\/#primaryimage"},"image":{"@id":"https:\/\/www.noticiasradioreflejos.com.ar\/2021\/asignaciones-familiares-confirman-el-aumento-del-269-para-diciembre\/#primaryimage"},"thumbnailUrl":"https:\/\/www.noticiasradioreflejos.com.ar\/2021\/wp-content\/uploads\/2023\/11\/anses-creditos-78.jpg","datePublished":"2024-11-26T12:56:34+00:00","author":{"@id":"https:\/\/www.noticiasradioreflejos.com.ar\/2021\/#\/schema\/person\/ad82545263dcc5ec0996818884fd5fb1"},"breadcrumb":{"@id":"https:\/\/www.noticiasradioreflejos.com.ar\/2021\/asignaciones-familiares-confirman-el-aumento-del-269-para-diciembre\/#breadcrumb"},"inLanguage":"es","potentialAction":[{"@type":"ReadAction","target":["https:\/\/www.noticiasradioreflejos.com.ar\/2021\/asignaciones-familiares-confirman-el-aumento-del-269-para-diciembre\/"]}]},{"@type":"ImageObject","inLanguage":"es","@id":"https:\/\/www.noticiasradioreflejos.com.ar\/2021\/asignaciones-familiares-confirman-el-aumento-del-269-para-diciembre\/#primaryimage","url":"https:\/\/www.noticiasradioreflejos.com.ar\/2021\/wp-content\/uploads\/2023\/11\/anses-creditos-78.jpg","contentUrl":"https:\/\/www.noticiasradioreflejos.com.ar\/2021\/wp-content\/uploads\/2023\/11\/anses-creditos-78.jpg","width":850,"height":479},{"@type":"BreadcrumbList","@id":"https:\/\/www.noticiasradioreflejos.com.ar\/2021\/asignaciones-familiares-confirman-el-aumento-del-269-para-diciembre\/#breadcrumb","itemListElement":[{"@type":"ListItem","position":1,"name":"Portada","item":"https:\/\/www.noticiasradioreflejos.com.ar\/2021\/"},{"@type":"ListItem","position":2,"name":"Asignaciones familiares: confirman el aumento del 2,69% para diciembre"}]},{"@type":"WebSite","@id":"https:\/\/www.noticiasradioreflejos.com.ar\/2021\/#website","url":"https:\/\/www.noticiasradioreflejos.com.ar\/2021\/","name":"Noticias Radio Reflejos","description":"Las noticias de mi comarca","potentialAction":[{"@type":"SearchAction","target":{"@type":"EntryPoint","urlTemplate":"https:\/\/www.noticiasradioreflejos.com.ar\/2021\/?s={search_term_string}"},"query-input":{"@type":"PropertyValueSpecification","valueRequired":true,"valueName":"search_term_string"}}],"inLanguage":"es"},{"@type":"Person","@id":"https:\/\/www.noticiasradioreflejos.com.ar\/2021\/#\/schema\/person\/ad82545263dcc5ec0996818884fd5fb1","name":"Arnaldo Botto","image":{"@type":"ImageObject","inLanguage":"es","@id":"https:\/\/www.noticiasradioreflejos.com.ar\/2021\/#\/schema\/person\/image\/","url":"https:\/\/secure.gravatar.com\/avatar\/55cb5e37c1efa326397366e6974cb338056df65cb50e7d64d1cf314e87504837?s=96&d=mm&r=g","contentUrl":"https:\/\/secure.gravatar.com\/avatar\/55cb5e37c1efa326397366e6974cb338056df65cb50e7d64d1cf314e87504837?s=96&d=mm&r=g","caption":"Arnaldo Botto"},"url":"https:\/\/www.noticiasradioreflejos.com.ar\/2021\/author\/arnaldo\/"}]}},"_links":{"self":[{"href":"https:\/\/www.noticiasradioreflejos.com.ar\/2021\/wp-json\/wp\/v2\/posts\/110059","targetHints":{"allow":["GET"]}}],"collection":[{"href":"https:\/\/www.noticiasradioreflejos.com.ar\/2021\/wp-json\/wp\/v2\/posts"}],"about":[{"href":"https:\/\/www.noticiasradioreflejos.com.ar\/2021\/wp-json\/wp\/v2\/types\/post"}],"author":[{"embeddable":true,"href":"https:\/\/www.noticiasradioreflejos.com.ar\/2021\/wp-json\/wp\/v2\/users\/3"}],"replies":[{"embeddable":true,"href":"https:\/\/www.noticiasradioreflejos.com.ar\/2021\/wp-json\/wp\/v2\/comments?post=110059"}],"version-history":[{"count":1,"href":"https:\/\/www.noticiasradioreflejos.com.ar\/2021\/wp-json\/wp\/v2\/posts\/110059\/revisions"}],"predecessor-version":[{"id":110060,"href":"https:\/\/www.noticiasradioreflejos.com.ar\/2021\/wp-json\/wp\/v2\/posts\/110059\/revisions\/110060"}],"wp:featuredmedia":[{"embeddable":true,"href":"https:\/\/www.noticiasradioreflejos.com.ar\/2021\/wp-json\/wp\/v2\/media\/94915"}],"wp:attachment":[{"href":"https:\/\/www.noticiasradioreflejos.com.ar\/2021\/wp-json\/wp\/v2\/media?parent=110059"}],"wp:term":[{"taxonomy":"category","embeddable":true,"href":"https:\/\/www.noticiasradioreflejos.com.ar\/2021\/wp-json\/wp\/v2\/categories?post=110059"},{"taxonomy":"post_tag","embeddable":true,"href":"https:\/\/www.noticiasradioreflejos.com.ar\/2021\/wp-json\/wp\/v2\/tags?post=110059"}],"curies":[{"name":"wp","href":"https:\/\/api.w.org\/{rel}","templated":true}]}}