{"id":110055,"date":"2024-11-26T08:40:44","date_gmt":"2024-11-26T11:40:44","guid":{"rendered":"https:\/\/www.noticiasradioreflejos.com.ar\/2021\/?p=110055"},"modified":"2024-11-26T08:40:44","modified_gmt":"2024-11-26T11:40:44","slug":"navego-15-kilometros-sin-timon-ni-tripulacion-el-misterio-del-barco-fantasma-de-mar-del-plata","status":"publish","type":"post","link":"https:\/\/www.noticiasradioreflejos.com.ar\/2021\/navego-15-kilometros-sin-timon-ni-tripulacion-el-misterio-del-barco-fantasma-de-mar-del-plata\/","title":{"rendered":"Naveg\u00f3 15 kil\u00f3metros sin tim\u00f3n ni tripulaci\u00f3n: el misterio del \u201cbarco fantasma\u201d de Mar del Plata"},"content":{"rendered":"<p>Qued\u00f3 a la deriva, enfrent\u00f3 olas de 10 metros y encall\u00f3 en un lugar muy conocido de la ciudad.<!--more--><\/p>\n<div class=\"columns\" data-tadevel-template=\"web\/article-columns\">\n<div class=\"column-main\">\n<div class=\"article-body\" data-tadevel-template=\"web\/article-body\">\n<div class=\"article-body-content\">\n<p>En la retina de los<strong>\u00a0turistas argentinos<\/strong>\u00a0que visitaron\u00a0<a href=\"https:\/\/noticiasargentinas.com\/sociedad\/desde-hoy-se-pueden-comprar-los-pasajes-a-la-costa-atlantica-en-tren--cuanto-cuestan_a67443f06224e1d19cfea2f78?srsltid=AfmBOoosIHxi1qifcs1cfktrDv4jZBjh7OAqF3POSPlsDx7SyyzHtEz-\"><strong>Mar del Plata<\/strong><\/a>\u00a0durante la d\u00e9cada el 90\u00b4 existe la imagen imborrable de un\u00a0<strong>barco oxidado, encallado y abandonado<\/strong>\u00a0que se pod\u00eda vislumbrar en la rotonda de Avenida Constituci\u00f3n y la Avenida F\u00e9lix Camet.<\/p>\n<p>Esta embarcaci\u00f3n, conocida como el\u00a0<strong>\u201cbarco fantasma\u201d de Mar del Plata,<\/strong>\u00a0se convirti\u00f3 en un \u00edcono ineludible de la ciudad hasta que poco a poco, y despu\u00e9s de que se la trague la marea, desapareci\u00f3 bajo las olas.<\/p>\n<p>Estamos hablando del buque\u00a0<strong>Marcelina de Ciriza<\/strong>, que estaba amarrado en el Puerto de Mar del Plata y el 20 de junio de 1991\u00a0<strong>cort\u00f3 sus calabrotes\u00a0<\/strong>a causa de las intensas lluvias y el fuerte viento que gener\u00f3 la\u00a0<strong>cola de un hurac\u00e1n\u00a0<\/strong>que azot\u00f3 Mar del Plata y que dej\u00f3 medio centenar de heridos y decenas de casas sin techo.<\/p>\n<p><strong>Sin motor ni tim\u00f3n<\/strong>, y gracias a esta libre de lastre, este barco imponente de\u00a0<strong>90 metros de eslora<\/strong>\u00a0inici\u00f3 un\u00a0<strong>viaje de 15 kil\u00f3metros\u00a0<\/strong>en plena tempestad, sorteando milagrosamente las escolleras Sur y Norte. Enfrent\u00f3\u00a0<strong>olas de 10 metros de altura<\/strong>, super\u00f3 la desafiante zona de Cabo Corrientes y finalmente\u00a0<strong>encall\u00f3\u00a0<\/strong>frente a la\u00a0<strong>rotonda de Constituci\u00f3n<\/strong>.<\/p>\n<p>&nbsp;<\/p>\n<figure class=\"multimedia\" data-type=\"photo\" data-tadevel-template=\"web\/multimedia\">\n<div class=\"content\">\n<div class=\"content\">\n<div class=\"sizer\" data-sizer=\"aspect-ratio\" data-tadevel-template=\"web\/aspect-ratio\">\n<p><a title=\"Barco fantasma a\" href=\"https:\/\/www.flickr.com\/photos\/182279889@N02\/54165611466\/in\/dateposted-public\/\" data-flickr-embed=\"true\"><img loading=\"lazy\" decoding=\"async\" class=\"\" src=\"https:\/\/live.staticflickr.com\/65535\/54165611466_3839853e44_o.jpg\" alt=\"Barco fantasma a\" width=\"758\" height=\"441\" \/><\/a><\/p>\n<\/div>\n<\/div>\n<\/div><figcaption class=\"caption\">\n<div class=\"description\"><em>Cientos de turistas se agolpaban frente a la costa de Mar del Plata para observar al \u00abbarco fantasma\u00bb encallado.<\/em><\/div>\n<div class=\"attribution\"><\/div>\n<\/figcaption><div class=\"content\">\n<div class=\"sizer\" data-sizer=\"aspect-ratio\" data-tadevel-template=\"web\/aspect-ratio\"><\/div>\n<\/div>\n<\/figure>\n<p>Las teor\u00edas conspirativas no tardaron en aparecer: algunos lugare\u00f1os incluso llegaron a asegurar que las amarras fueron cortadas intencionalmente.<\/p>\n<p>Cuenta la leyenda que este buque habr\u00eda tenido un solo \u201ctripulante\u201d:\u00a0<strong>el perro del sereno, llamado \u201cTuque\u201d<\/strong>, que no lleg\u00f3 a bajarse antes de que cortara amarras. Las cr\u00f3nicas de la \u00e9poca rememoran que el \u201cCan\u201d\u00a0<strong>fue rescatado<\/strong>\u00a0una vez que encall\u00f3 el barco en la costa y fue restituido a su due\u00f1o.<\/p>\n<p>Circularon muchas historias sobre el destino que podr\u00eda haber tenido el buque. Se habl\u00f3 de convertirlo en un boliche, una confiter\u00eda e incluso un casino flotante. Incluso hubo consultas a la prefectura sobre la posibilidad de aplicar la normativa mar\u00edtima que permite quedarse con una embarcaci\u00f3n a la deriva si se la remolca. Sin embargo, reflotarlo resultaba econ\u00f3micamente inviable.<\/p>\n<p>As\u00ed, el barco qued\u00f3 varado, deterior\u00e1ndose lentamente hasta desaparecer casi por completo. Se dice que en d\u00edas de marea baja, a\u00fan pueden verse algunos restos.<\/p>\n<h3><strong>Construido en Espa\u00f1a e incendiado en Argentina, los detalles del \u201cbarco fantasma\u201d marplatense<\/strong><\/h3>\n<p><a title=\"Barco fantasma 1\" href=\"https:\/\/www.flickr.com\/photos\/182279889@N02\/54166065430\/in\/dateposted-public\/\" data-flickr-embed=\"true\"><img loading=\"lazy\" decoding=\"async\" src=\"https:\/\/live.staticflickr.com\/65535\/54166065430_dcbfff7f00_c.jpg\" alt=\"Barco fantasma 1\" width=\"800\" height=\"480\" \/><\/a><\/p>\n<p><em>El Marcelina de Ciriza encall\u00f3 en la costa marplatense luego de un fuerte temporal.<\/em><\/p>\n<p>&nbsp;<\/p>\n<p>Construido en los astilleros de Bilbao, Espa\u00f1a, a fines de la d\u00e9cada de 1950, <strong>el Marcelina de Ciriza fue un pesquero que naveg\u00f3 por mares europeos antes de llegar a Argentina en 1977. Comprado por la empresa Sasetru, brind\u00f3 servicio hasta 1980, cuando un incendio lo dej\u00f3 inutilizable<\/strong>.<\/p>\n<p>La empresa, en bancarrota, abandon\u00f3 la nave en el puerto. Durante los 11 a\u00f1os que permaneci\u00f3 all\u00ed, marineros se llevaron todo lo de valor, incluyendo instrumentos y partes del casco.<\/p>\n<p>Una leyenda local cuenta que la embarcaci\u00f3n ten\u00eda un \u00fanico \u201ctripulante\u201d aquel d\u00eda: Tuque, el perro del sereno. Se dice que el can qued\u00f3 atrapado a bordo, pero fue rescatado cuando el buque encall\u00f3, para alegr\u00eda de su due\u00f1o.<\/p>\n<p>Durante casi una d\u00e9cada, la silueta del \u201cbarco fantasma\u201d fue parte del paisaje marplatense, atrayendo a miles de turistas que lo fotografiaron y convirtieron en una leyenda urbana. La cobertura de los medios nacionales desat\u00f3 un torbellino de especulaciones sobre su destino. Hoy, los restos del Marcelina de Ciriza yacen bajo las aguas del Mar Argentino, frente a la rotonda de Constituci\u00f3n, como un testimonio silencioso de aquella inolvidable tormenta de 1991.<\/p>\n<\/div>\n<\/div>\n<\/div>\n<\/div>\n","protected":false},"excerpt":{"rendered":"<p>Qued\u00f3 a la deriva, enfrent\u00f3 olas de 10 metros y encall\u00f3 en un lugar muy conocido de la ciudad.<\/p>\n","protected":false},"author":3,"featured_media":110056,"comment_status":"closed","ping_status":"closed","sticky":false,"template":"","format":"standard","meta":{"footnotes":""},"categories":[26],"tags":[],"class_list":["post-110055","post","type-post","status-publish","format-standard","has-post-thumbnail","hentry","category-sociedad"],"yoast_head":"<!-- This site is optimized with the Yoast SEO plugin v25.9 - https:\/\/yoast.com\/wordpress\/plugins\/seo\/ -->\n<title>Naveg\u00f3 15 kil\u00f3metros sin tim\u00f3n ni tripulaci\u00f3n: el misterio del \u201cbarco fantasma\u201d de Mar del Plata - Noticias Radio Reflejos<\/title>\n<meta name=\"robots\" content=\"index, follow, max-snippet:-1, max-image-preview:large, max-video-preview:-1\" \/>\n<link rel=\"canonical\" href=\"https:\/\/www.noticiasradioreflejos.com.ar\/2021\/navego-15-kilometros-sin-timon-ni-tripulacion-el-misterio-del-barco-fantasma-de-mar-del-plata\/\" \/>\n<meta property=\"og:locale\" content=\"es_ES\" \/>\n<meta property=\"og:type\" content=\"article\" \/>\n<meta property=\"og:title\" content=\"Naveg\u00f3 15 kil\u00f3metros sin tim\u00f3n ni tripulaci\u00f3n: el misterio del \u201cbarco fantasma\u201d de Mar del Plata - Noticias Radio Reflejos\" \/>\n<meta property=\"og:description\" content=\"Qued\u00f3 a la deriva, enfrent\u00f3 olas de 10 metros y encall\u00f3 en un lugar muy conocido de la ciudad.\" \/>\n<meta property=\"og:url\" content=\"https:\/\/www.noticiasradioreflejos.com.ar\/2021\/navego-15-kilometros-sin-timon-ni-tripulacion-el-misterio-del-barco-fantasma-de-mar-del-plata\/\" \/>\n<meta property=\"og:site_name\" content=\"Noticias Radio Reflejos\" \/>\n<meta property=\"article:published_time\" content=\"2024-11-26T11:40:44+00:00\" \/>\n<meta property=\"og:image\" content=\"https:\/\/www.noticiasradioreflejos.com.ar\/2021\/wp-content\/uploads\/2024\/11\/Barco-fantasma.jpg\" \/>\n\t<meta property=\"og:image:width\" content=\"640\" \/>\n\t<meta property=\"og:image:height\" content=\"316\" \/>\n\t<meta property=\"og:image:type\" content=\"image\/jpeg\" \/>\n<meta name=\"author\" content=\"Arnaldo Botto\" \/>\n<meta name=\"twitter:card\" content=\"summary_large_image\" \/>\n<script type=\"application\/ld+json\" class=\"yoast-schema-graph\">{\"@context\":\"https:\/\/schema.org\",\"@graph\":[{\"@type\":\"WebPage\",\"@id\":\"https:\/\/www.noticiasradioreflejos.com.ar\/2021\/navego-15-kilometros-sin-timon-ni-tripulacion-el-misterio-del-barco-fantasma-de-mar-del-plata\/\",\"url\":\"https:\/\/www.noticiasradioreflejos.com.ar\/2021\/navego-15-kilometros-sin-timon-ni-tripulacion-el-misterio-del-barco-fantasma-de-mar-del-plata\/\",\"name\":\"Naveg\u00f3 15 kil\u00f3metros sin tim\u00f3n ni tripulaci\u00f3n: el misterio del \u201cbarco fantasma\u201d de Mar del Plata - Noticias Radio Reflejos\",\"isPartOf\":{\"@id\":\"https:\/\/www.noticiasradioreflejos.com.ar\/2021\/#website\"},\"primaryImageOfPage\":{\"@id\":\"https:\/\/www.noticiasradioreflejos.com.ar\/2021\/navego-15-kilometros-sin-timon-ni-tripulacion-el-misterio-del-barco-fantasma-de-mar-del-plata\/#primaryimage\"},\"image\":{\"@id\":\"https:\/\/www.noticiasradioreflejos.com.ar\/2021\/navego-15-kilometros-sin-timon-ni-tripulacion-el-misterio-del-barco-fantasma-de-mar-del-plata\/#primaryimage\"},\"thumbnailUrl\":\"https:\/\/www.noticiasradioreflejos.com.ar\/2021\/wp-content\/uploads\/2024\/11\/Barco-fantasma.jpg\",\"datePublished\":\"2024-11-26T11:40:44+00:00\",\"author\":{\"@id\":\"https:\/\/www.noticiasradioreflejos.com.ar\/2021\/#\/schema\/person\/ad82545263dcc5ec0996818884fd5fb1\"},\"breadcrumb\":{\"@id\":\"https:\/\/www.noticiasradioreflejos.com.ar\/2021\/navego-15-kilometros-sin-timon-ni-tripulacion-el-misterio-del-barco-fantasma-de-mar-del-plata\/#breadcrumb\"},\"inLanguage\":\"es\",\"potentialAction\":[{\"@type\":\"ReadAction\",\"target\":[\"https:\/\/www.noticiasradioreflejos.com.ar\/2021\/navego-15-kilometros-sin-timon-ni-tripulacion-el-misterio-del-barco-fantasma-de-mar-del-plata\/\"]}]},{\"@type\":\"ImageObject\",\"inLanguage\":\"es\",\"@id\":\"https:\/\/www.noticiasradioreflejos.com.ar\/2021\/navego-15-kilometros-sin-timon-ni-tripulacion-el-misterio-del-barco-fantasma-de-mar-del-plata\/#primaryimage\",\"url\":\"https:\/\/www.noticiasradioreflejos.com.ar\/2021\/wp-content\/uploads\/2024\/11\/Barco-fantasma.jpg\",\"contentUrl\":\"https:\/\/www.noticiasradioreflejos.com.ar\/2021\/wp-content\/uploads\/2024\/11\/Barco-fantasma.jpg\",\"width\":640,\"height\":316},{\"@type\":\"BreadcrumbList\",\"@id\":\"https:\/\/www.noticiasradioreflejos.com.ar\/2021\/navego-15-kilometros-sin-timon-ni-tripulacion-el-misterio-del-barco-fantasma-de-mar-del-plata\/#breadcrumb\",\"itemListElement\":[{\"@type\":\"ListItem\",\"position\":1,\"name\":\"Portada\",\"item\":\"https:\/\/www.noticiasradioreflejos.com.ar\/2021\/\"},{\"@type\":\"ListItem\",\"position\":2,\"name\":\"Naveg\u00f3 15 kil\u00f3metros sin tim\u00f3n ni tripulaci\u00f3n: el misterio del \u201cbarco fantasma\u201d de Mar del Plata\"}]},{\"@type\":\"WebSite\",\"@id\":\"https:\/\/www.noticiasradioreflejos.com.ar\/2021\/#website\",\"url\":\"https:\/\/www.noticiasradioreflejos.com.ar\/2021\/\",\"name\":\"Noticias Radio Reflejos\",\"description\":\"Las noticias de mi comarca\",\"potentialAction\":[{\"@type\":\"SearchAction\",\"target\":{\"@type\":\"EntryPoint\",\"urlTemplate\":\"https:\/\/www.noticiasradioreflejos.com.ar\/2021\/?s={search_term_string}\"},\"query-input\":{\"@type\":\"PropertyValueSpecification\",\"valueRequired\":true,\"valueName\":\"search_term_string\"}}],\"inLanguage\":\"es\"},{\"@type\":\"Person\",\"@id\":\"https:\/\/www.noticiasradioreflejos.com.ar\/2021\/#\/schema\/person\/ad82545263dcc5ec0996818884fd5fb1\",\"name\":\"Arnaldo Botto\",\"image\":{\"@type\":\"ImageObject\",\"inLanguage\":\"es\",\"@id\":\"https:\/\/www.noticiasradioreflejos.com.ar\/2021\/#\/schema\/person\/image\/\",\"url\":\"https:\/\/secure.gravatar.com\/avatar\/55cb5e37c1efa326397366e6974cb338056df65cb50e7d64d1cf314e87504837?s=96&d=mm&r=g\",\"contentUrl\":\"https:\/\/secure.gravatar.com\/avatar\/55cb5e37c1efa326397366e6974cb338056df65cb50e7d64d1cf314e87504837?s=96&d=mm&r=g\",\"caption\":\"Arnaldo Botto\"},\"url\":\"https:\/\/www.noticiasradioreflejos.com.ar\/2021\/author\/arnaldo\/\"}]}<\/script>\n<!-- \/ Yoast SEO plugin. -->","yoast_head_json":{"title":"Naveg\u00f3 15 kil\u00f3metros sin tim\u00f3n ni tripulaci\u00f3n: el misterio del \u201cbarco fantasma\u201d de Mar del Plata - Noticias Radio Reflejos","robots":{"index":"index","follow":"follow","max-snippet":"max-snippet:-1","max-image-preview":"max-image-preview:large","max-video-preview":"max-video-preview:-1"},"canonical":"https:\/\/www.noticiasradioreflejos.com.ar\/2021\/navego-15-kilometros-sin-timon-ni-tripulacion-el-misterio-del-barco-fantasma-de-mar-del-plata\/","og_locale":"es_ES","og_type":"article","og_title":"Naveg\u00f3 15 kil\u00f3metros sin tim\u00f3n ni tripulaci\u00f3n: el misterio del \u201cbarco fantasma\u201d de Mar del Plata - Noticias Radio Reflejos","og_description":"Qued\u00f3 a la deriva, enfrent\u00f3 olas de 10 metros y encall\u00f3 en un lugar muy conocido de la ciudad.","og_url":"https:\/\/www.noticiasradioreflejos.com.ar\/2021\/navego-15-kilometros-sin-timon-ni-tripulacion-el-misterio-del-barco-fantasma-de-mar-del-plata\/","og_site_name":"Noticias Radio Reflejos","article_published_time":"2024-11-26T11:40:44+00:00","og_image":[{"width":640,"height":316,"url":"https:\/\/www.noticiasradioreflejos.com.ar\/2021\/wp-content\/uploads\/2024\/11\/Barco-fantasma.jpg","type":"image\/jpeg"}],"author":"Arnaldo Botto","twitter_card":"summary_large_image","schema":{"@context":"https:\/\/schema.org","@graph":[{"@type":"WebPage","@id":"https:\/\/www.noticiasradioreflejos.com.ar\/2021\/navego-15-kilometros-sin-timon-ni-tripulacion-el-misterio-del-barco-fantasma-de-mar-del-plata\/","url":"https:\/\/www.noticiasradioreflejos.com.ar\/2021\/navego-15-kilometros-sin-timon-ni-tripulacion-el-misterio-del-barco-fantasma-de-mar-del-plata\/","name":"Naveg\u00f3 15 kil\u00f3metros sin tim\u00f3n ni tripulaci\u00f3n: el misterio del \u201cbarco fantasma\u201d de Mar del Plata - Noticias Radio Reflejos","isPartOf":{"@id":"https:\/\/www.noticiasradioreflejos.com.ar\/2021\/#website"},"primaryImageOfPage":{"@id":"https:\/\/www.noticiasradioreflejos.com.ar\/2021\/navego-15-kilometros-sin-timon-ni-tripulacion-el-misterio-del-barco-fantasma-de-mar-del-plata\/#primaryimage"},"image":{"@id":"https:\/\/www.noticiasradioreflejos.com.ar\/2021\/navego-15-kilometros-sin-timon-ni-tripulacion-el-misterio-del-barco-fantasma-de-mar-del-plata\/#primaryimage"},"thumbnailUrl":"https:\/\/www.noticiasradioreflejos.com.ar\/2021\/wp-content\/uploads\/2024\/11\/Barco-fantasma.jpg","datePublished":"2024-11-26T11:40:44+00:00","author":{"@id":"https:\/\/www.noticiasradioreflejos.com.ar\/2021\/#\/schema\/person\/ad82545263dcc5ec0996818884fd5fb1"},"breadcrumb":{"@id":"https:\/\/www.noticiasradioreflejos.com.ar\/2021\/navego-15-kilometros-sin-timon-ni-tripulacion-el-misterio-del-barco-fantasma-de-mar-del-plata\/#breadcrumb"},"inLanguage":"es","potentialAction":[{"@type":"ReadAction","target":["https:\/\/www.noticiasradioreflejos.com.ar\/2021\/navego-15-kilometros-sin-timon-ni-tripulacion-el-misterio-del-barco-fantasma-de-mar-del-plata\/"]}]},{"@type":"ImageObject","inLanguage":"es","@id":"https:\/\/www.noticiasradioreflejos.com.ar\/2021\/navego-15-kilometros-sin-timon-ni-tripulacion-el-misterio-del-barco-fantasma-de-mar-del-plata\/#primaryimage","url":"https:\/\/www.noticiasradioreflejos.com.ar\/2021\/wp-content\/uploads\/2024\/11\/Barco-fantasma.jpg","contentUrl":"https:\/\/www.noticiasradioreflejos.com.ar\/2021\/wp-content\/uploads\/2024\/11\/Barco-fantasma.jpg","width":640,"height":316},{"@type":"BreadcrumbList","@id":"https:\/\/www.noticiasradioreflejos.com.ar\/2021\/navego-15-kilometros-sin-timon-ni-tripulacion-el-misterio-del-barco-fantasma-de-mar-del-plata\/#breadcrumb","itemListElement":[{"@type":"ListItem","position":1,"name":"Portada","item":"https:\/\/www.noticiasradioreflejos.com.ar\/2021\/"},{"@type":"ListItem","position":2,"name":"Naveg\u00f3 15 kil\u00f3metros sin tim\u00f3n ni tripulaci\u00f3n: el misterio del \u201cbarco fantasma\u201d de Mar del Plata"}]},{"@type":"WebSite","@id":"https:\/\/www.noticiasradioreflejos.com.ar\/2021\/#website","url":"https:\/\/www.noticiasradioreflejos.com.ar\/2021\/","name":"Noticias Radio Reflejos","description":"Las noticias de mi comarca","potentialAction":[{"@type":"SearchAction","target":{"@type":"EntryPoint","urlTemplate":"https:\/\/www.noticiasradioreflejos.com.ar\/2021\/?s={search_term_string}"},"query-input":{"@type":"PropertyValueSpecification","valueRequired":true,"valueName":"search_term_string"}}],"inLanguage":"es"},{"@type":"Person","@id":"https:\/\/www.noticiasradioreflejos.com.ar\/2021\/#\/schema\/person\/ad82545263dcc5ec0996818884fd5fb1","name":"Arnaldo Botto","image":{"@type":"ImageObject","inLanguage":"es","@id":"https:\/\/www.noticiasradioreflejos.com.ar\/2021\/#\/schema\/person\/image\/","url":"https:\/\/secure.gravatar.com\/avatar\/55cb5e37c1efa326397366e6974cb338056df65cb50e7d64d1cf314e87504837?s=96&d=mm&r=g","contentUrl":"https:\/\/secure.gravatar.com\/avatar\/55cb5e37c1efa326397366e6974cb338056df65cb50e7d64d1cf314e87504837?s=96&d=mm&r=g","caption":"Arnaldo Botto"},"url":"https:\/\/www.noticiasradioreflejos.com.ar\/2021\/author\/arnaldo\/"}]}},"_links":{"self":[{"href":"https:\/\/www.noticiasradioreflejos.com.ar\/2021\/wp-json\/wp\/v2\/posts\/110055","targetHints":{"allow":["GET"]}}],"collection":[{"href":"https:\/\/www.noticiasradioreflejos.com.ar\/2021\/wp-json\/wp\/v2\/posts"}],"about":[{"href":"https:\/\/www.noticiasradioreflejos.com.ar\/2021\/wp-json\/wp\/v2\/types\/post"}],"author":[{"embeddable":true,"href":"https:\/\/www.noticiasradioreflejos.com.ar\/2021\/wp-json\/wp\/v2\/users\/3"}],"replies":[{"embeddable":true,"href":"https:\/\/www.noticiasradioreflejos.com.ar\/2021\/wp-json\/wp\/v2\/comments?post=110055"}],"version-history":[{"count":2,"href":"https:\/\/www.noticiasradioreflejos.com.ar\/2021\/wp-json\/wp\/v2\/posts\/110055\/revisions"}],"predecessor-version":[{"id":110058,"href":"https:\/\/www.noticiasradioreflejos.com.ar\/2021\/wp-json\/wp\/v2\/posts\/110055\/revisions\/110058"}],"wp:featuredmedia":[{"embeddable":true,"href":"https:\/\/www.noticiasradioreflejos.com.ar\/2021\/wp-json\/wp\/v2\/media\/110056"}],"wp:attachment":[{"href":"https:\/\/www.noticiasradioreflejos.com.ar\/2021\/wp-json\/wp\/v2\/media?parent=110055"}],"wp:term":[{"taxonomy":"category","embeddable":true,"href":"https:\/\/www.noticiasradioreflejos.com.ar\/2021\/wp-json\/wp\/v2\/categories?post=110055"},{"taxonomy":"post_tag","embeddable":true,"href":"https:\/\/www.noticiasradioreflejos.com.ar\/2021\/wp-json\/wp\/v2\/tags?post=110055"}],"curies":[{"name":"wp","href":"https:\/\/api.w.org\/{rel}","templated":true}]}}