{"id":110038,"date":"2024-11-25T14:16:10","date_gmt":"2024-11-25T17:16:10","guid":{"rendered":"https:\/\/www.noticiasradioreflejos.com.ar\/2021\/?p=110038"},"modified":"2024-11-25T14:16:10","modified_gmt":"2024-11-25T17:16:10","slug":"25n-se-proyectara-en-el-teatro-romper-el-circulo-la-pelicula-mas-vista-en-cines-en-2024","status":"publish","type":"post","link":"https:\/\/www.noticiasradioreflejos.com.ar\/2021\/25n-se-proyectara-en-el-teatro-romper-el-circulo-la-pelicula-mas-vista-en-cines-en-2024\/","title":{"rendered":"25N: Se proyectar\u00e1 en el teatro \u2018Romper el C\u00edrculo\u2019, la pel\u00edcula m\u00e1s vista en cines en 2024"},"content":{"rendered":"<p>En el marco del D\u00eda Internacional de la Eliminaci\u00f3n de la Violencia contra la Mujer, que se conmemora cada 25 de noviembre, se proyectar\u00e1 en el Teatro Municipal \u2018Rodolfo Funke\u2019 la pel\u00edcula \u2018Romper el C\u00edrculo\u2019.<!--more--><\/p>\n<p><a data-flickr-embed=\"true\" href=\"https:\/\/www.flickr.com\/photos\/182279889@N02\/54164381105\/in\/dateposted-public\/\" title=\"Flyer - Romper el C\u00edrculo - 1\"><img loading=\"lazy\" decoding=\"async\" src=\"https:\/\/live.staticflickr.com\/65535\/54164381105_8b34ff72aa_o.png\" width=\"1080\" height=\"1920\" alt=\"Flyer - Romper el C\u00edrculo - 1\"\/><\/a><script async src=\"\/\/embedr.flickr.com\/assets\/client-code.js\" charset=\"utf-8\"><\/script><\/p>\n<p>Ser\u00e1 el jueves 29 a las 16 hs, con la organizaci\u00f3n de la Oficina de Violencia por Razones de G\u00e9nero, entrada gratuita y abierta a personas mayores de 13 a\u00f1os.<\/p>\n<p>\u2018Romper el C\u00edrculo\u2019 es el film m\u00e1s visto en cines durante 2024 y aborda la situaci\u00f3n de una mujer que reeval\u00faa su relaci\u00f3n actual cuando empiezan a surgir conductas perturbadoras que le recuerdan la violencia dom\u00e9stica sufrida por su madre a manos de su padre.<\/p>\n","protected":false},"excerpt":{"rendered":"<p>En el marco del D\u00eda Internacional de la Eliminaci\u00f3n de la Violencia contra la Mujer, que se conmemora cada 25 de noviembre, se proyectar\u00e1 en el Teatro Municipal \u2018Rodolfo Funke\u2019 la pel\u00edcula \u2018Romper el C\u00edrculo\u2019.<\/p>\n","protected":false},"author":3,"featured_media":110039,"comment_status":"closed","ping_status":"closed","sticky":false,"template":"","format":"standard","meta":{"footnotes":""},"categories":[35],"tags":[],"class_list":["post-110038","post","type-post","status-publish","format-standard","has-post-thumbnail","hentry","category-cultura"],"yoast_head":"<!-- This site is optimized with the Yoast SEO plugin v25.9 - https:\/\/yoast.com\/wordpress\/plugins\/seo\/ -->\n<title>25N: Se proyectar\u00e1 en el teatro \u2018Romper el C\u00edrculo\u2019, la pel\u00edcula m\u00e1s vista en cines en 2024 - Noticias Radio Reflejos<\/title>\n<meta name=\"robots\" content=\"index, follow, max-snippet:-1, max-image-preview:large, max-video-preview:-1\" \/>\n<link rel=\"canonical\" href=\"https:\/\/www.noticiasradioreflejos.com.ar\/2021\/25n-se-proyectara-en-el-teatro-romper-el-circulo-la-pelicula-mas-vista-en-cines-en-2024\/\" \/>\n<meta property=\"og:locale\" content=\"es_ES\" \/>\n<meta property=\"og:type\" content=\"article\" \/>\n<meta property=\"og:title\" content=\"25N: Se proyectar\u00e1 en el teatro \u2018Romper el C\u00edrculo\u2019, la pel\u00edcula m\u00e1s vista en cines en 2024 - Noticias Radio Reflejos\" \/>\n<meta property=\"og:description\" content=\"En el marco del D\u00eda Internacional de la Eliminaci\u00f3n de la Violencia contra la Mujer, que se conmemora cada 25 de noviembre, se proyectar\u00e1 en el Teatro Municipal \u2018Rodolfo Funke\u2019 la pel\u00edcula \u2018Romper el C\u00edrculo\u2019.\" \/>\n<meta property=\"og:url\" content=\"https:\/\/www.noticiasradioreflejos.com.ar\/2021\/25n-se-proyectara-en-el-teatro-romper-el-circulo-la-pelicula-mas-vista-en-cines-en-2024\/\" \/>\n<meta property=\"og:site_name\" content=\"Noticias Radio Reflejos\" \/>\n<meta property=\"article:published_time\" content=\"2024-11-25T17:16:10+00:00\" \/>\n<meta property=\"og:image\" content=\"https:\/\/www.noticiasradioreflejos.com.ar\/2021\/wp-content\/uploads\/2024\/11\/romperelcirculo.jpg\" \/>\n\t<meta property=\"og:image:width\" content=\"1200\" \/>\n\t<meta property=\"og:image:height\" content=\"837\" \/>\n\t<meta property=\"og:image:type\" content=\"image\/jpeg\" \/>\n<meta name=\"author\" content=\"Arnaldo Botto\" \/>\n<meta name=\"twitter:card\" content=\"summary_large_image\" \/>\n<script type=\"application\/ld+json\" class=\"yoast-schema-graph\">{\"@context\":\"https:\/\/schema.org\",\"@graph\":[{\"@type\":\"WebPage\",\"@id\":\"https:\/\/www.noticiasradioreflejos.com.ar\/2021\/25n-se-proyectara-en-el-teatro-romper-el-circulo-la-pelicula-mas-vista-en-cines-en-2024\/\",\"url\":\"https:\/\/www.noticiasradioreflejos.com.ar\/2021\/25n-se-proyectara-en-el-teatro-romper-el-circulo-la-pelicula-mas-vista-en-cines-en-2024\/\",\"name\":\"25N: Se proyectar\u00e1 en el teatro \u2018Romper el C\u00edrculo\u2019, la pel\u00edcula m\u00e1s vista en cines en 2024 - Noticias Radio Reflejos\",\"isPartOf\":{\"@id\":\"https:\/\/www.noticiasradioreflejos.com.ar\/2021\/#website\"},\"primaryImageOfPage\":{\"@id\":\"https:\/\/www.noticiasradioreflejos.com.ar\/2021\/25n-se-proyectara-en-el-teatro-romper-el-circulo-la-pelicula-mas-vista-en-cines-en-2024\/#primaryimage\"},\"image\":{\"@id\":\"https:\/\/www.noticiasradioreflejos.com.ar\/2021\/25n-se-proyectara-en-el-teatro-romper-el-circulo-la-pelicula-mas-vista-en-cines-en-2024\/#primaryimage\"},\"thumbnailUrl\":\"https:\/\/www.noticiasradioreflejos.com.ar\/2021\/wp-content\/uploads\/2024\/11\/romperelcirculo.jpg\",\"datePublished\":\"2024-11-25T17:16:10+00:00\",\"author\":{\"@id\":\"https:\/\/www.noticiasradioreflejos.com.ar\/2021\/#\/schema\/person\/ad82545263dcc5ec0996818884fd5fb1\"},\"breadcrumb\":{\"@id\":\"https:\/\/www.noticiasradioreflejos.com.ar\/2021\/25n-se-proyectara-en-el-teatro-romper-el-circulo-la-pelicula-mas-vista-en-cines-en-2024\/#breadcrumb\"},\"inLanguage\":\"es\",\"potentialAction\":[{\"@type\":\"ReadAction\",\"target\":[\"https:\/\/www.noticiasradioreflejos.com.ar\/2021\/25n-se-proyectara-en-el-teatro-romper-el-circulo-la-pelicula-mas-vista-en-cines-en-2024\/\"]}]},{\"@type\":\"ImageObject\",\"inLanguage\":\"es\",\"@id\":\"https:\/\/www.noticiasradioreflejos.com.ar\/2021\/25n-se-proyectara-en-el-teatro-romper-el-circulo-la-pelicula-mas-vista-en-cines-en-2024\/#primaryimage\",\"url\":\"https:\/\/www.noticiasradioreflejos.com.ar\/2021\/wp-content\/uploads\/2024\/11\/romperelcirculo.jpg\",\"contentUrl\":\"https:\/\/www.noticiasradioreflejos.com.ar\/2021\/wp-content\/uploads\/2024\/11\/romperelcirculo.jpg\",\"width\":1200,\"height\":837},{\"@type\":\"BreadcrumbList\",\"@id\":\"https:\/\/www.noticiasradioreflejos.com.ar\/2021\/25n-se-proyectara-en-el-teatro-romper-el-circulo-la-pelicula-mas-vista-en-cines-en-2024\/#breadcrumb\",\"itemListElement\":[{\"@type\":\"ListItem\",\"position\":1,\"name\":\"Portada\",\"item\":\"https:\/\/www.noticiasradioreflejos.com.ar\/2021\/\"},{\"@type\":\"ListItem\",\"position\":2,\"name\":\"25N: Se proyectar\u00e1 en el teatro \u2018Romper el C\u00edrculo\u2019, la pel\u00edcula m\u00e1s vista en cines en 2024\"}]},{\"@type\":\"WebSite\",\"@id\":\"https:\/\/www.noticiasradioreflejos.com.ar\/2021\/#website\",\"url\":\"https:\/\/www.noticiasradioreflejos.com.ar\/2021\/\",\"name\":\"Noticias Radio Reflejos\",\"description\":\"Las noticias de mi comarca\",\"potentialAction\":[{\"@type\":\"SearchAction\",\"target\":{\"@type\":\"EntryPoint\",\"urlTemplate\":\"https:\/\/www.noticiasradioreflejos.com.ar\/2021\/?s={search_term_string}\"},\"query-input\":{\"@type\":\"PropertyValueSpecification\",\"valueRequired\":true,\"valueName\":\"search_term_string\"}}],\"inLanguage\":\"es\"},{\"@type\":\"Person\",\"@id\":\"https:\/\/www.noticiasradioreflejos.com.ar\/2021\/#\/schema\/person\/ad82545263dcc5ec0996818884fd5fb1\",\"name\":\"Arnaldo Botto\",\"image\":{\"@type\":\"ImageObject\",\"inLanguage\":\"es\",\"@id\":\"https:\/\/www.noticiasradioreflejos.com.ar\/2021\/#\/schema\/person\/image\/\",\"url\":\"https:\/\/secure.gravatar.com\/avatar\/55cb5e37c1efa326397366e6974cb338056df65cb50e7d64d1cf314e87504837?s=96&d=mm&r=g\",\"contentUrl\":\"https:\/\/secure.gravatar.com\/avatar\/55cb5e37c1efa326397366e6974cb338056df65cb50e7d64d1cf314e87504837?s=96&d=mm&r=g\",\"caption\":\"Arnaldo Botto\"},\"url\":\"https:\/\/www.noticiasradioreflejos.com.ar\/2021\/author\/arnaldo\/\"}]}<\/script>\n<!-- \/ Yoast SEO plugin. -->","yoast_head_json":{"title":"25N: Se proyectar\u00e1 en el teatro \u2018Romper el C\u00edrculo\u2019, la pel\u00edcula m\u00e1s vista en cines en 2024 - Noticias Radio Reflejos","robots":{"index":"index","follow":"follow","max-snippet":"max-snippet:-1","max-image-preview":"max-image-preview:large","max-video-preview":"max-video-preview:-1"},"canonical":"https:\/\/www.noticiasradioreflejos.com.ar\/2021\/25n-se-proyectara-en-el-teatro-romper-el-circulo-la-pelicula-mas-vista-en-cines-en-2024\/","og_locale":"es_ES","og_type":"article","og_title":"25N: Se proyectar\u00e1 en el teatro \u2018Romper el C\u00edrculo\u2019, la pel\u00edcula m\u00e1s vista en cines en 2024 - Noticias Radio Reflejos","og_description":"En el marco del D\u00eda Internacional de la Eliminaci\u00f3n de la Violencia contra la Mujer, que se conmemora cada 25 de noviembre, se proyectar\u00e1 en el Teatro Municipal \u2018Rodolfo Funke\u2019 la pel\u00edcula \u2018Romper el C\u00edrculo\u2019.","og_url":"https:\/\/www.noticiasradioreflejos.com.ar\/2021\/25n-se-proyectara-en-el-teatro-romper-el-circulo-la-pelicula-mas-vista-en-cines-en-2024\/","og_site_name":"Noticias Radio Reflejos","article_published_time":"2024-11-25T17:16:10+00:00","og_image":[{"width":1200,"height":837,"url":"https:\/\/www.noticiasradioreflejos.com.ar\/2021\/wp-content\/uploads\/2024\/11\/romperelcirculo.jpg","type":"image\/jpeg"}],"author":"Arnaldo Botto","twitter_card":"summary_large_image","schema":{"@context":"https:\/\/schema.org","@graph":[{"@type":"WebPage","@id":"https:\/\/www.noticiasradioreflejos.com.ar\/2021\/25n-se-proyectara-en-el-teatro-romper-el-circulo-la-pelicula-mas-vista-en-cines-en-2024\/","url":"https:\/\/www.noticiasradioreflejos.com.ar\/2021\/25n-se-proyectara-en-el-teatro-romper-el-circulo-la-pelicula-mas-vista-en-cines-en-2024\/","name":"25N: Se proyectar\u00e1 en el teatro \u2018Romper el C\u00edrculo\u2019, la pel\u00edcula m\u00e1s vista en cines en 2024 - Noticias Radio Reflejos","isPartOf":{"@id":"https:\/\/www.noticiasradioreflejos.com.ar\/2021\/#website"},"primaryImageOfPage":{"@id":"https:\/\/www.noticiasradioreflejos.com.ar\/2021\/25n-se-proyectara-en-el-teatro-romper-el-circulo-la-pelicula-mas-vista-en-cines-en-2024\/#primaryimage"},"image":{"@id":"https:\/\/www.noticiasradioreflejos.com.ar\/2021\/25n-se-proyectara-en-el-teatro-romper-el-circulo-la-pelicula-mas-vista-en-cines-en-2024\/#primaryimage"},"thumbnailUrl":"https:\/\/www.noticiasradioreflejos.com.ar\/2021\/wp-content\/uploads\/2024\/11\/romperelcirculo.jpg","datePublished":"2024-11-25T17:16:10+00:00","author":{"@id":"https:\/\/www.noticiasradioreflejos.com.ar\/2021\/#\/schema\/person\/ad82545263dcc5ec0996818884fd5fb1"},"breadcrumb":{"@id":"https:\/\/www.noticiasradioreflejos.com.ar\/2021\/25n-se-proyectara-en-el-teatro-romper-el-circulo-la-pelicula-mas-vista-en-cines-en-2024\/#breadcrumb"},"inLanguage":"es","potentialAction":[{"@type":"ReadAction","target":["https:\/\/www.noticiasradioreflejos.com.ar\/2021\/25n-se-proyectara-en-el-teatro-romper-el-circulo-la-pelicula-mas-vista-en-cines-en-2024\/"]}]},{"@type":"ImageObject","inLanguage":"es","@id":"https:\/\/www.noticiasradioreflejos.com.ar\/2021\/25n-se-proyectara-en-el-teatro-romper-el-circulo-la-pelicula-mas-vista-en-cines-en-2024\/#primaryimage","url":"https:\/\/www.noticiasradioreflejos.com.ar\/2021\/wp-content\/uploads\/2024\/11\/romperelcirculo.jpg","contentUrl":"https:\/\/www.noticiasradioreflejos.com.ar\/2021\/wp-content\/uploads\/2024\/11\/romperelcirculo.jpg","width":1200,"height":837},{"@type":"BreadcrumbList","@id":"https:\/\/www.noticiasradioreflejos.com.ar\/2021\/25n-se-proyectara-en-el-teatro-romper-el-circulo-la-pelicula-mas-vista-en-cines-en-2024\/#breadcrumb","itemListElement":[{"@type":"ListItem","position":1,"name":"Portada","item":"https:\/\/www.noticiasradioreflejos.com.ar\/2021\/"},{"@type":"ListItem","position":2,"name":"25N: Se proyectar\u00e1 en el teatro \u2018Romper el C\u00edrculo\u2019, la pel\u00edcula m\u00e1s vista en cines en 2024"}]},{"@type":"WebSite","@id":"https:\/\/www.noticiasradioreflejos.com.ar\/2021\/#website","url":"https:\/\/www.noticiasradioreflejos.com.ar\/2021\/","name":"Noticias Radio Reflejos","description":"Las noticias de mi comarca","potentialAction":[{"@type":"SearchAction","target":{"@type":"EntryPoint","urlTemplate":"https:\/\/www.noticiasradioreflejos.com.ar\/2021\/?s={search_term_string}"},"query-input":{"@type":"PropertyValueSpecification","valueRequired":true,"valueName":"search_term_string"}}],"inLanguage":"es"},{"@type":"Person","@id":"https:\/\/www.noticiasradioreflejos.com.ar\/2021\/#\/schema\/person\/ad82545263dcc5ec0996818884fd5fb1","name":"Arnaldo Botto","image":{"@type":"ImageObject","inLanguage":"es","@id":"https:\/\/www.noticiasradioreflejos.com.ar\/2021\/#\/schema\/person\/image\/","url":"https:\/\/secure.gravatar.com\/avatar\/55cb5e37c1efa326397366e6974cb338056df65cb50e7d64d1cf314e87504837?s=96&d=mm&r=g","contentUrl":"https:\/\/secure.gravatar.com\/avatar\/55cb5e37c1efa326397366e6974cb338056df65cb50e7d64d1cf314e87504837?s=96&d=mm&r=g","caption":"Arnaldo Botto"},"url":"https:\/\/www.noticiasradioreflejos.com.ar\/2021\/author\/arnaldo\/"}]}},"_links":{"self":[{"href":"https:\/\/www.noticiasradioreflejos.com.ar\/2021\/wp-json\/wp\/v2\/posts\/110038","targetHints":{"allow":["GET"]}}],"collection":[{"href":"https:\/\/www.noticiasradioreflejos.com.ar\/2021\/wp-json\/wp\/v2\/posts"}],"about":[{"href":"https:\/\/www.noticiasradioreflejos.com.ar\/2021\/wp-json\/wp\/v2\/types\/post"}],"author":[{"embeddable":true,"href":"https:\/\/www.noticiasradioreflejos.com.ar\/2021\/wp-json\/wp\/v2\/users\/3"}],"replies":[{"embeddable":true,"href":"https:\/\/www.noticiasradioreflejos.com.ar\/2021\/wp-json\/wp\/v2\/comments?post=110038"}],"version-history":[{"count":1,"href":"https:\/\/www.noticiasradioreflejos.com.ar\/2021\/wp-json\/wp\/v2\/posts\/110038\/revisions"}],"predecessor-version":[{"id":110040,"href":"https:\/\/www.noticiasradioreflejos.com.ar\/2021\/wp-json\/wp\/v2\/posts\/110038\/revisions\/110040"}],"wp:featuredmedia":[{"embeddable":true,"href":"https:\/\/www.noticiasradioreflejos.com.ar\/2021\/wp-json\/wp\/v2\/media\/110039"}],"wp:attachment":[{"href":"https:\/\/www.noticiasradioreflejos.com.ar\/2021\/wp-json\/wp\/v2\/media?parent=110038"}],"wp:term":[{"taxonomy":"category","embeddable":true,"href":"https:\/\/www.noticiasradioreflejos.com.ar\/2021\/wp-json\/wp\/v2\/categories?post=110038"},{"taxonomy":"post_tag","embeddable":true,"href":"https:\/\/www.noticiasradioreflejos.com.ar\/2021\/wp-json\/wp\/v2\/tags?post=110038"}],"curies":[{"name":"wp","href":"https:\/\/api.w.org\/{rel}","templated":true}]}}