{"id":110036,"date":"2024-11-25T14:05:51","date_gmt":"2024-11-25T17:05:51","guid":{"rendered":"https:\/\/www.noticiasradioreflejos.com.ar\/2021\/?p=110036"},"modified":"2024-11-25T14:11:12","modified_gmt":"2024-11-25T17:11:12","slug":"sierra-de-la-ventana-solicitan-priorizar-el-agua-para-consumo-humano","status":"publish","type":"post","link":"https:\/\/www.noticiasradioreflejos.com.ar\/2021\/sierra-de-la-ventana-solicitan-priorizar-el-agua-para-consumo-humano\/","title":{"rendered":"Sierra de la Ventana: solicitan priorizar el agua para consumo humano"},"content":{"rendered":"<p>La Delegaci\u00f3n Municipal de Sierra de la Ventana, solicita a la comunidad hacer uso responsable del agua en la localidad, debido a que, frente al alto consumo, las cisternas demoran m\u00e1s de lo habitual en recuperar su caudal.<!--more--><\/p>\n<p>En ese sentido, se recuerda que se debe priorizar el recurso para consumo humano, no utilizarlo para llenado de piletas ni riego, excepto en el sistema por goteo, y lavar veh\u00edculos y veredas \u00fanicamente con recipientes, cubos o baldes, en el horario de 22 a 7.<\/p>\n<p>Cabe destacar que el uso del agua corriente se encuentra regulado por la Ordenanza 3445\/22, mediante la cual se establecen infracciones econ\u00f3micas ante su incumplimiento. En tal sentido, desde la Secretar\u00eda de Seguridad se reforzar\u00e1 el control respectivo.<\/p>\n","protected":false},"excerpt":{"rendered":"<p>La Delegaci\u00f3n Municipal de Sierra de la Ventana, solicita a la comunidad hacer uso responsable del agua en la localidad, debido a que, frente al alto consumo, las cisternas demoran m\u00e1s de lo habitual en recuperar su caudal.<\/p>\n","protected":false},"author":3,"featured_media":66410,"comment_status":"closed","ping_status":"closed","sticky":false,"template":"","format":"standard","meta":{"footnotes":""},"categories":[28],"tags":[],"class_list":["post-110036","post","type-post","status-publish","format-standard","has-post-thumbnail","hentry","category-municipales"],"yoast_head":"<!-- This site is optimized with the Yoast SEO plugin v25.9 - https:\/\/yoast.com\/wordpress\/plugins\/seo\/ -->\n<title>Sierra de la Ventana: solicitan priorizar el agua para consumo humano - Noticias Radio Reflejos<\/title>\n<meta name=\"robots\" content=\"index, follow, max-snippet:-1, max-image-preview:large, max-video-preview:-1\" \/>\n<link rel=\"canonical\" href=\"https:\/\/www.noticiasradioreflejos.com.ar\/2021\/sierra-de-la-ventana-solicitan-priorizar-el-agua-para-consumo-humano\/\" \/>\n<meta property=\"og:locale\" content=\"es_ES\" \/>\n<meta property=\"og:type\" content=\"article\" \/>\n<meta property=\"og:title\" content=\"Sierra de la Ventana: solicitan priorizar el agua para consumo humano - Noticias Radio Reflejos\" \/>\n<meta property=\"og:description\" content=\"La Delegaci\u00f3n Municipal de Sierra de la Ventana, solicita a la comunidad hacer uso responsable del agua en la localidad, debido a que, frente al alto consumo, las cisternas demoran m\u00e1s de lo habitual en recuperar su caudal.\" \/>\n<meta property=\"og:url\" content=\"https:\/\/www.noticiasradioreflejos.com.ar\/2021\/sierra-de-la-ventana-solicitan-priorizar-el-agua-para-consumo-humano\/\" \/>\n<meta property=\"og:site_name\" content=\"Noticias Radio Reflejos\" \/>\n<meta property=\"article:published_time\" content=\"2024-11-25T17:05:51+00:00\" \/>\n<meta property=\"article:modified_time\" content=\"2024-11-25T17:11:12+00:00\" \/>\n<meta property=\"og:image\" content=\"https:\/\/www.noticiasradioreflejos.com.ar\/2021\/wp-content\/uploads\/2021\/12\/cuidado-agua-3.jpeg\" \/>\n\t<meta property=\"og:image:width\" content=\"1080\" \/>\n\t<meta property=\"og:image:height\" content=\"1080\" \/>\n\t<meta property=\"og:image:type\" content=\"image\/jpeg\" \/>\n<meta name=\"author\" content=\"Arnaldo Botto\" \/>\n<meta name=\"twitter:card\" content=\"summary_large_image\" \/>\n<script type=\"application\/ld+json\" class=\"yoast-schema-graph\">{\"@context\":\"https:\/\/schema.org\",\"@graph\":[{\"@type\":\"WebPage\",\"@id\":\"https:\/\/www.noticiasradioreflejos.com.ar\/2021\/sierra-de-la-ventana-solicitan-priorizar-el-agua-para-consumo-humano\/\",\"url\":\"https:\/\/www.noticiasradioreflejos.com.ar\/2021\/sierra-de-la-ventana-solicitan-priorizar-el-agua-para-consumo-humano\/\",\"name\":\"Sierra de la Ventana: solicitan priorizar el agua para consumo humano - Noticias Radio Reflejos\",\"isPartOf\":{\"@id\":\"https:\/\/www.noticiasradioreflejos.com.ar\/2021\/#website\"},\"primaryImageOfPage\":{\"@id\":\"https:\/\/www.noticiasradioreflejos.com.ar\/2021\/sierra-de-la-ventana-solicitan-priorizar-el-agua-para-consumo-humano\/#primaryimage\"},\"image\":{\"@id\":\"https:\/\/www.noticiasradioreflejos.com.ar\/2021\/sierra-de-la-ventana-solicitan-priorizar-el-agua-para-consumo-humano\/#primaryimage\"},\"thumbnailUrl\":\"https:\/\/www.noticiasradioreflejos.com.ar\/2021\/wp-content\/uploads\/2021\/12\/cuidado-agua-3.jpeg\",\"datePublished\":\"2024-11-25T17:05:51+00:00\",\"dateModified\":\"2024-11-25T17:11:12+00:00\",\"author\":{\"@id\":\"https:\/\/www.noticiasradioreflejos.com.ar\/2021\/#\/schema\/person\/ad82545263dcc5ec0996818884fd5fb1\"},\"breadcrumb\":{\"@id\":\"https:\/\/www.noticiasradioreflejos.com.ar\/2021\/sierra-de-la-ventana-solicitan-priorizar-el-agua-para-consumo-humano\/#breadcrumb\"},\"inLanguage\":\"es\",\"potentialAction\":[{\"@type\":\"ReadAction\",\"target\":[\"https:\/\/www.noticiasradioreflejos.com.ar\/2021\/sierra-de-la-ventana-solicitan-priorizar-el-agua-para-consumo-humano\/\"]}]},{\"@type\":\"ImageObject\",\"inLanguage\":\"es\",\"@id\":\"https:\/\/www.noticiasradioreflejos.com.ar\/2021\/sierra-de-la-ventana-solicitan-priorizar-el-agua-para-consumo-humano\/#primaryimage\",\"url\":\"https:\/\/www.noticiasradioreflejos.com.ar\/2021\/wp-content\/uploads\/2021\/12\/cuidado-agua-3.jpeg\",\"contentUrl\":\"https:\/\/www.noticiasradioreflejos.com.ar\/2021\/wp-content\/uploads\/2021\/12\/cuidado-agua-3.jpeg\",\"width\":1080,\"height\":1080},{\"@type\":\"BreadcrumbList\",\"@id\":\"https:\/\/www.noticiasradioreflejos.com.ar\/2021\/sierra-de-la-ventana-solicitan-priorizar-el-agua-para-consumo-humano\/#breadcrumb\",\"itemListElement\":[{\"@type\":\"ListItem\",\"position\":1,\"name\":\"Portada\",\"item\":\"https:\/\/www.noticiasradioreflejos.com.ar\/2021\/\"},{\"@type\":\"ListItem\",\"position\":2,\"name\":\"Sierra de la Ventana: solicitan priorizar el agua para consumo humano\"}]},{\"@type\":\"WebSite\",\"@id\":\"https:\/\/www.noticiasradioreflejos.com.ar\/2021\/#website\",\"url\":\"https:\/\/www.noticiasradioreflejos.com.ar\/2021\/\",\"name\":\"Noticias Radio Reflejos\",\"description\":\"Las noticias de mi comarca\",\"potentialAction\":[{\"@type\":\"SearchAction\",\"target\":{\"@type\":\"EntryPoint\",\"urlTemplate\":\"https:\/\/www.noticiasradioreflejos.com.ar\/2021\/?s={search_term_string}\"},\"query-input\":{\"@type\":\"PropertyValueSpecification\",\"valueRequired\":true,\"valueName\":\"search_term_string\"}}],\"inLanguage\":\"es\"},{\"@type\":\"Person\",\"@id\":\"https:\/\/www.noticiasradioreflejos.com.ar\/2021\/#\/schema\/person\/ad82545263dcc5ec0996818884fd5fb1\",\"name\":\"Arnaldo Botto\",\"image\":{\"@type\":\"ImageObject\",\"inLanguage\":\"es\",\"@id\":\"https:\/\/www.noticiasradioreflejos.com.ar\/2021\/#\/schema\/person\/image\/\",\"url\":\"https:\/\/secure.gravatar.com\/avatar\/55cb5e37c1efa326397366e6974cb338056df65cb50e7d64d1cf314e87504837?s=96&d=mm&r=g\",\"contentUrl\":\"https:\/\/secure.gravatar.com\/avatar\/55cb5e37c1efa326397366e6974cb338056df65cb50e7d64d1cf314e87504837?s=96&d=mm&r=g\",\"caption\":\"Arnaldo Botto\"},\"url\":\"https:\/\/www.noticiasradioreflejos.com.ar\/2021\/author\/arnaldo\/\"}]}<\/script>\n<!-- \/ Yoast SEO plugin. -->","yoast_head_json":{"title":"Sierra de la Ventana: solicitan priorizar el agua para consumo humano - Noticias Radio Reflejos","robots":{"index":"index","follow":"follow","max-snippet":"max-snippet:-1","max-image-preview":"max-image-preview:large","max-video-preview":"max-video-preview:-1"},"canonical":"https:\/\/www.noticiasradioreflejos.com.ar\/2021\/sierra-de-la-ventana-solicitan-priorizar-el-agua-para-consumo-humano\/","og_locale":"es_ES","og_type":"article","og_title":"Sierra de la Ventana: solicitan priorizar el agua para consumo humano - Noticias Radio Reflejos","og_description":"La Delegaci\u00f3n Municipal de Sierra de la Ventana, solicita a la comunidad hacer uso responsable del agua en la localidad, debido a que, frente al alto consumo, las cisternas demoran m\u00e1s de lo habitual en recuperar su caudal.","og_url":"https:\/\/www.noticiasradioreflejos.com.ar\/2021\/sierra-de-la-ventana-solicitan-priorizar-el-agua-para-consumo-humano\/","og_site_name":"Noticias Radio Reflejos","article_published_time":"2024-11-25T17:05:51+00:00","article_modified_time":"2024-11-25T17:11:12+00:00","og_image":[{"width":1080,"height":1080,"url":"https:\/\/www.noticiasradioreflejos.com.ar\/2021\/wp-content\/uploads\/2021\/12\/cuidado-agua-3.jpeg","type":"image\/jpeg"}],"author":"Arnaldo Botto","twitter_card":"summary_large_image","schema":{"@context":"https:\/\/schema.org","@graph":[{"@type":"WebPage","@id":"https:\/\/www.noticiasradioreflejos.com.ar\/2021\/sierra-de-la-ventana-solicitan-priorizar-el-agua-para-consumo-humano\/","url":"https:\/\/www.noticiasradioreflejos.com.ar\/2021\/sierra-de-la-ventana-solicitan-priorizar-el-agua-para-consumo-humano\/","name":"Sierra de la Ventana: solicitan priorizar el agua para consumo humano - Noticias Radio Reflejos","isPartOf":{"@id":"https:\/\/www.noticiasradioreflejos.com.ar\/2021\/#website"},"primaryImageOfPage":{"@id":"https:\/\/www.noticiasradioreflejos.com.ar\/2021\/sierra-de-la-ventana-solicitan-priorizar-el-agua-para-consumo-humano\/#primaryimage"},"image":{"@id":"https:\/\/www.noticiasradioreflejos.com.ar\/2021\/sierra-de-la-ventana-solicitan-priorizar-el-agua-para-consumo-humano\/#primaryimage"},"thumbnailUrl":"https:\/\/www.noticiasradioreflejos.com.ar\/2021\/wp-content\/uploads\/2021\/12\/cuidado-agua-3.jpeg","datePublished":"2024-11-25T17:05:51+00:00","dateModified":"2024-11-25T17:11:12+00:00","author":{"@id":"https:\/\/www.noticiasradioreflejos.com.ar\/2021\/#\/schema\/person\/ad82545263dcc5ec0996818884fd5fb1"},"breadcrumb":{"@id":"https:\/\/www.noticiasradioreflejos.com.ar\/2021\/sierra-de-la-ventana-solicitan-priorizar-el-agua-para-consumo-humano\/#breadcrumb"},"inLanguage":"es","potentialAction":[{"@type":"ReadAction","target":["https:\/\/www.noticiasradioreflejos.com.ar\/2021\/sierra-de-la-ventana-solicitan-priorizar-el-agua-para-consumo-humano\/"]}]},{"@type":"ImageObject","inLanguage":"es","@id":"https:\/\/www.noticiasradioreflejos.com.ar\/2021\/sierra-de-la-ventana-solicitan-priorizar-el-agua-para-consumo-humano\/#primaryimage","url":"https:\/\/www.noticiasradioreflejos.com.ar\/2021\/wp-content\/uploads\/2021\/12\/cuidado-agua-3.jpeg","contentUrl":"https:\/\/www.noticiasradioreflejos.com.ar\/2021\/wp-content\/uploads\/2021\/12\/cuidado-agua-3.jpeg","width":1080,"height":1080},{"@type":"BreadcrumbList","@id":"https:\/\/www.noticiasradioreflejos.com.ar\/2021\/sierra-de-la-ventana-solicitan-priorizar-el-agua-para-consumo-humano\/#breadcrumb","itemListElement":[{"@type":"ListItem","position":1,"name":"Portada","item":"https:\/\/www.noticiasradioreflejos.com.ar\/2021\/"},{"@type":"ListItem","position":2,"name":"Sierra de la Ventana: solicitan priorizar el agua para consumo humano"}]},{"@type":"WebSite","@id":"https:\/\/www.noticiasradioreflejos.com.ar\/2021\/#website","url":"https:\/\/www.noticiasradioreflejos.com.ar\/2021\/","name":"Noticias Radio Reflejos","description":"Las noticias de mi comarca","potentialAction":[{"@type":"SearchAction","target":{"@type":"EntryPoint","urlTemplate":"https:\/\/www.noticiasradioreflejos.com.ar\/2021\/?s={search_term_string}"},"query-input":{"@type":"PropertyValueSpecification","valueRequired":true,"valueName":"search_term_string"}}],"inLanguage":"es"},{"@type":"Person","@id":"https:\/\/www.noticiasradioreflejos.com.ar\/2021\/#\/schema\/person\/ad82545263dcc5ec0996818884fd5fb1","name":"Arnaldo Botto","image":{"@type":"ImageObject","inLanguage":"es","@id":"https:\/\/www.noticiasradioreflejos.com.ar\/2021\/#\/schema\/person\/image\/","url":"https:\/\/secure.gravatar.com\/avatar\/55cb5e37c1efa326397366e6974cb338056df65cb50e7d64d1cf314e87504837?s=96&d=mm&r=g","contentUrl":"https:\/\/secure.gravatar.com\/avatar\/55cb5e37c1efa326397366e6974cb338056df65cb50e7d64d1cf314e87504837?s=96&d=mm&r=g","caption":"Arnaldo Botto"},"url":"https:\/\/www.noticiasradioreflejos.com.ar\/2021\/author\/arnaldo\/"}]}},"_links":{"self":[{"href":"https:\/\/www.noticiasradioreflejos.com.ar\/2021\/wp-json\/wp\/v2\/posts\/110036","targetHints":{"allow":["GET"]}}],"collection":[{"href":"https:\/\/www.noticiasradioreflejos.com.ar\/2021\/wp-json\/wp\/v2\/posts"}],"about":[{"href":"https:\/\/www.noticiasradioreflejos.com.ar\/2021\/wp-json\/wp\/v2\/types\/post"}],"author":[{"embeddable":true,"href":"https:\/\/www.noticiasradioreflejos.com.ar\/2021\/wp-json\/wp\/v2\/users\/3"}],"replies":[{"embeddable":true,"href":"https:\/\/www.noticiasradioreflejos.com.ar\/2021\/wp-json\/wp\/v2\/comments?post=110036"}],"version-history":[{"count":1,"href":"https:\/\/www.noticiasradioreflejos.com.ar\/2021\/wp-json\/wp\/v2\/posts\/110036\/revisions"}],"predecessor-version":[{"id":110037,"href":"https:\/\/www.noticiasradioreflejos.com.ar\/2021\/wp-json\/wp\/v2\/posts\/110036\/revisions\/110037"}],"wp:featuredmedia":[{"embeddable":true,"href":"https:\/\/www.noticiasradioreflejos.com.ar\/2021\/wp-json\/wp\/v2\/media\/66410"}],"wp:attachment":[{"href":"https:\/\/www.noticiasradioreflejos.com.ar\/2021\/wp-json\/wp\/v2\/media?parent=110036"}],"wp:term":[{"taxonomy":"category","embeddable":true,"href":"https:\/\/www.noticiasradioreflejos.com.ar\/2021\/wp-json\/wp\/v2\/categories?post=110036"},{"taxonomy":"post_tag","embeddable":true,"href":"https:\/\/www.noticiasradioreflejos.com.ar\/2021\/wp-json\/wp\/v2\/tags?post=110036"}],"curies":[{"name":"wp","href":"https:\/\/api.w.org\/{rel}","templated":true}]}}