{"id":109970,"date":"2024-11-24T15:46:25","date_gmt":"2024-11-24T18:46:25","guid":{"rendered":"https:\/\/www.noticiasradioreflejos.com.ar\/2021\/?p=109970"},"modified":"2024-11-24T15:50:31","modified_gmt":"2024-11-24T18:50:31","slug":"por-las-lluvias-cierran-provisoriamente-el-acceso-al-dique-san-bernardo","status":"publish","type":"post","link":"https:\/\/www.noticiasradioreflejos.com.ar\/2021\/por-las-lluvias-cierran-provisoriamente-el-acceso-al-dique-san-bernardo\/","title":{"rendered":"Por las lluvias: Cierran provisoriamente el acceso al Dique San Bernardo"},"content":{"rendered":"<p>Debido a las lluvias reinantes y para preservar las calles internas del dique San Bernardo,<!--more--><\/p>\n<p>&nbsp;<\/p>\n<p style=\"padding-left: 40px;\"><a href=\"https:\/\/www.noticiasradioreflejos.com.ar\/2021\/por-las-lluvias-cierran-provisoriamente-el-acceso-al-dique-san-bernardo\/img-20241124-wa0013\/\" rel=\"attachment wp-att-109971\"><img loading=\"lazy\" decoding=\"async\" class=\"aligncenter size-full wp-image-109971\" src=\"https:\/\/www.noticiasradioreflejos.com.ar\/2021\/wp-content\/uploads\/2024\/11\/IMG-20241124-WA0013.jpg\" alt=\"\" width=\"720\" height=\"1600\" srcset=\"https:\/\/www.noticiasradioreflejos.com.ar\/2021\/wp-content\/uploads\/2024\/11\/IMG-20241124-WA0013.jpg 720w, https:\/\/www.noticiasradioreflejos.com.ar\/2021\/wp-content\/uploads\/2024\/11\/IMG-20241124-WA0013-135x300.jpg 135w, https:\/\/www.noticiasradioreflejos.com.ar\/2021\/wp-content\/uploads\/2024\/11\/IMG-20241124-WA0013-461x1024.jpg 461w, https:\/\/www.noticiasradioreflejos.com.ar\/2021\/wp-content\/uploads\/2024\/11\/IMG-20241124-WA0013-691x1536.jpg 691w\" sizes=\"auto, (max-width: 720px) 100vw, 720px\" \/><\/a>(Las cuales fueron reacondicionadas recientemente por la delegaci\u00f3n municipal)y para evitar ademas que alg\u00fan veh\u00edculo quede encajado, las bajadas al mismo se hallaran cerradas para el acceso vehicular ..Solo se podr\u00e1 acceder peatonalmente..<\/p>\n<p>Sepan disculpar las molestias<\/p>\n","protected":false},"excerpt":{"rendered":"<p>Debido a las lluvias reinantes y para preservar las calles internas del dique San Bernardo,<\/p>\n","protected":false},"author":3,"featured_media":109972,"comment_status":"closed","ping_status":"closed","sticky":false,"template":"","format":"standard","meta":{"footnotes":""},"categories":[26,33],"tags":[48],"class_list":["post-109970","post","type-post","status-publish","format-standard","has-post-thumbnail","hentry","category-sociedad","category-turismo","tag-destacada"],"yoast_head":"<!-- This site is optimized with the Yoast SEO plugin v25.9 - https:\/\/yoast.com\/wordpress\/plugins\/seo\/ -->\n<title>Por las lluvias: Cierran provisoriamente el acceso al Dique San Bernardo - Noticias Radio Reflejos<\/title>\n<meta name=\"robots\" content=\"index, follow, max-snippet:-1, max-image-preview:large, max-video-preview:-1\" \/>\n<link rel=\"canonical\" href=\"https:\/\/www.noticiasradioreflejos.com.ar\/2021\/por-las-lluvias-cierran-provisoriamente-el-acceso-al-dique-san-bernardo\/\" \/>\n<meta property=\"og:locale\" content=\"es_ES\" \/>\n<meta property=\"og:type\" content=\"article\" \/>\n<meta property=\"og:title\" content=\"Por las lluvias: Cierran provisoriamente el acceso al Dique San Bernardo - Noticias Radio Reflejos\" \/>\n<meta property=\"og:description\" content=\"Debido a las lluvias reinantes y para preservar las calles internas del dique San Bernardo,\" \/>\n<meta property=\"og:url\" content=\"https:\/\/www.noticiasradioreflejos.com.ar\/2021\/por-las-lluvias-cierran-provisoriamente-el-acceso-al-dique-san-bernardo\/\" \/>\n<meta property=\"og:site_name\" content=\"Noticias Radio Reflejos\" \/>\n<meta property=\"article:published_time\" content=\"2024-11-24T18:46:25+00:00\" \/>\n<meta property=\"article:modified_time\" content=\"2024-11-24T18:50:31+00:00\" \/>\n<meta property=\"og:image\" content=\"https:\/\/www.noticiasradioreflejos.com.ar\/2021\/wp-content\/uploads\/2024\/11\/IMG-20241124-WA0009.jpg\" \/>\n\t<meta property=\"og:image:width\" content=\"720\" \/>\n\t<meta property=\"og:image:height\" content=\"1600\" \/>\n\t<meta property=\"og:image:type\" content=\"image\/jpeg\" \/>\n<meta name=\"author\" content=\"Arnaldo Botto\" \/>\n<meta name=\"twitter:card\" content=\"summary_large_image\" \/>\n<script type=\"application\/ld+json\" class=\"yoast-schema-graph\">{\"@context\":\"https:\/\/schema.org\",\"@graph\":[{\"@type\":\"WebPage\",\"@id\":\"https:\/\/www.noticiasradioreflejos.com.ar\/2021\/por-las-lluvias-cierran-provisoriamente-el-acceso-al-dique-san-bernardo\/\",\"url\":\"https:\/\/www.noticiasradioreflejos.com.ar\/2021\/por-las-lluvias-cierran-provisoriamente-el-acceso-al-dique-san-bernardo\/\",\"name\":\"Por las lluvias: Cierran provisoriamente el acceso al Dique San Bernardo - Noticias Radio Reflejos\",\"isPartOf\":{\"@id\":\"https:\/\/www.noticiasradioreflejos.com.ar\/2021\/#website\"},\"primaryImageOfPage\":{\"@id\":\"https:\/\/www.noticiasradioreflejos.com.ar\/2021\/por-las-lluvias-cierran-provisoriamente-el-acceso-al-dique-san-bernardo\/#primaryimage\"},\"image\":{\"@id\":\"https:\/\/www.noticiasradioreflejos.com.ar\/2021\/por-las-lluvias-cierran-provisoriamente-el-acceso-al-dique-san-bernardo\/#primaryimage\"},\"thumbnailUrl\":\"https:\/\/www.noticiasradioreflejos.com.ar\/2021\/wp-content\/uploads\/2024\/11\/IMG-20241124-WA0009.jpg\",\"datePublished\":\"2024-11-24T18:46:25+00:00\",\"dateModified\":\"2024-11-24T18:50:31+00:00\",\"author\":{\"@id\":\"https:\/\/www.noticiasradioreflejos.com.ar\/2021\/#\/schema\/person\/ad82545263dcc5ec0996818884fd5fb1\"},\"breadcrumb\":{\"@id\":\"https:\/\/www.noticiasradioreflejos.com.ar\/2021\/por-las-lluvias-cierran-provisoriamente-el-acceso-al-dique-san-bernardo\/#breadcrumb\"},\"inLanguage\":\"es\",\"potentialAction\":[{\"@type\":\"ReadAction\",\"target\":[\"https:\/\/www.noticiasradioreflejos.com.ar\/2021\/por-las-lluvias-cierran-provisoriamente-el-acceso-al-dique-san-bernardo\/\"]}]},{\"@type\":\"ImageObject\",\"inLanguage\":\"es\",\"@id\":\"https:\/\/www.noticiasradioreflejos.com.ar\/2021\/por-las-lluvias-cierran-provisoriamente-el-acceso-al-dique-san-bernardo\/#primaryimage\",\"url\":\"https:\/\/www.noticiasradioreflejos.com.ar\/2021\/wp-content\/uploads\/2024\/11\/IMG-20241124-WA0009.jpg\",\"contentUrl\":\"https:\/\/www.noticiasradioreflejos.com.ar\/2021\/wp-content\/uploads\/2024\/11\/IMG-20241124-WA0009.jpg\",\"width\":720,\"height\":1600},{\"@type\":\"BreadcrumbList\",\"@id\":\"https:\/\/www.noticiasradioreflejos.com.ar\/2021\/por-las-lluvias-cierran-provisoriamente-el-acceso-al-dique-san-bernardo\/#breadcrumb\",\"itemListElement\":[{\"@type\":\"ListItem\",\"position\":1,\"name\":\"Portada\",\"item\":\"https:\/\/www.noticiasradioreflejos.com.ar\/2021\/\"},{\"@type\":\"ListItem\",\"position\":2,\"name\":\"Por las lluvias: Cierran provisoriamente el acceso al Dique San Bernardo\"}]},{\"@type\":\"WebSite\",\"@id\":\"https:\/\/www.noticiasradioreflejos.com.ar\/2021\/#website\",\"url\":\"https:\/\/www.noticiasradioreflejos.com.ar\/2021\/\",\"name\":\"Noticias Radio Reflejos\",\"description\":\"Las noticias de mi comarca\",\"potentialAction\":[{\"@type\":\"SearchAction\",\"target\":{\"@type\":\"EntryPoint\",\"urlTemplate\":\"https:\/\/www.noticiasradioreflejos.com.ar\/2021\/?s={search_term_string}\"},\"query-input\":{\"@type\":\"PropertyValueSpecification\",\"valueRequired\":true,\"valueName\":\"search_term_string\"}}],\"inLanguage\":\"es\"},{\"@type\":\"Person\",\"@id\":\"https:\/\/www.noticiasradioreflejos.com.ar\/2021\/#\/schema\/person\/ad82545263dcc5ec0996818884fd5fb1\",\"name\":\"Arnaldo Botto\",\"image\":{\"@type\":\"ImageObject\",\"inLanguage\":\"es\",\"@id\":\"https:\/\/www.noticiasradioreflejos.com.ar\/2021\/#\/schema\/person\/image\/\",\"url\":\"https:\/\/secure.gravatar.com\/avatar\/55cb5e37c1efa326397366e6974cb338056df65cb50e7d64d1cf314e87504837?s=96&d=mm&r=g\",\"contentUrl\":\"https:\/\/secure.gravatar.com\/avatar\/55cb5e37c1efa326397366e6974cb338056df65cb50e7d64d1cf314e87504837?s=96&d=mm&r=g\",\"caption\":\"Arnaldo Botto\"},\"url\":\"https:\/\/www.noticiasradioreflejos.com.ar\/2021\/author\/arnaldo\/\"}]}<\/script>\n<!-- \/ Yoast SEO plugin. -->","yoast_head_json":{"title":"Por las lluvias: Cierran provisoriamente el acceso al Dique San Bernardo - Noticias Radio Reflejos","robots":{"index":"index","follow":"follow","max-snippet":"max-snippet:-1","max-image-preview":"max-image-preview:large","max-video-preview":"max-video-preview:-1"},"canonical":"https:\/\/www.noticiasradioreflejos.com.ar\/2021\/por-las-lluvias-cierran-provisoriamente-el-acceso-al-dique-san-bernardo\/","og_locale":"es_ES","og_type":"article","og_title":"Por las lluvias: Cierran provisoriamente el acceso al Dique San Bernardo - Noticias Radio Reflejos","og_description":"Debido a las lluvias reinantes y para preservar las calles internas del dique San Bernardo,","og_url":"https:\/\/www.noticiasradioreflejos.com.ar\/2021\/por-las-lluvias-cierran-provisoriamente-el-acceso-al-dique-san-bernardo\/","og_site_name":"Noticias Radio Reflejos","article_published_time":"2024-11-24T18:46:25+00:00","article_modified_time":"2024-11-24T18:50:31+00:00","og_image":[{"width":720,"height":1600,"url":"https:\/\/www.noticiasradioreflejos.com.ar\/2021\/wp-content\/uploads\/2024\/11\/IMG-20241124-WA0009.jpg","type":"image\/jpeg"}],"author":"Arnaldo Botto","twitter_card":"summary_large_image","schema":{"@context":"https:\/\/schema.org","@graph":[{"@type":"WebPage","@id":"https:\/\/www.noticiasradioreflejos.com.ar\/2021\/por-las-lluvias-cierran-provisoriamente-el-acceso-al-dique-san-bernardo\/","url":"https:\/\/www.noticiasradioreflejos.com.ar\/2021\/por-las-lluvias-cierran-provisoriamente-el-acceso-al-dique-san-bernardo\/","name":"Por las lluvias: Cierran provisoriamente el acceso al Dique San Bernardo - Noticias Radio Reflejos","isPartOf":{"@id":"https:\/\/www.noticiasradioreflejos.com.ar\/2021\/#website"},"primaryImageOfPage":{"@id":"https:\/\/www.noticiasradioreflejos.com.ar\/2021\/por-las-lluvias-cierran-provisoriamente-el-acceso-al-dique-san-bernardo\/#primaryimage"},"image":{"@id":"https:\/\/www.noticiasradioreflejos.com.ar\/2021\/por-las-lluvias-cierran-provisoriamente-el-acceso-al-dique-san-bernardo\/#primaryimage"},"thumbnailUrl":"https:\/\/www.noticiasradioreflejos.com.ar\/2021\/wp-content\/uploads\/2024\/11\/IMG-20241124-WA0009.jpg","datePublished":"2024-11-24T18:46:25+00:00","dateModified":"2024-11-24T18:50:31+00:00","author":{"@id":"https:\/\/www.noticiasradioreflejos.com.ar\/2021\/#\/schema\/person\/ad82545263dcc5ec0996818884fd5fb1"},"breadcrumb":{"@id":"https:\/\/www.noticiasradioreflejos.com.ar\/2021\/por-las-lluvias-cierran-provisoriamente-el-acceso-al-dique-san-bernardo\/#breadcrumb"},"inLanguage":"es","potentialAction":[{"@type":"ReadAction","target":["https:\/\/www.noticiasradioreflejos.com.ar\/2021\/por-las-lluvias-cierran-provisoriamente-el-acceso-al-dique-san-bernardo\/"]}]},{"@type":"ImageObject","inLanguage":"es","@id":"https:\/\/www.noticiasradioreflejos.com.ar\/2021\/por-las-lluvias-cierran-provisoriamente-el-acceso-al-dique-san-bernardo\/#primaryimage","url":"https:\/\/www.noticiasradioreflejos.com.ar\/2021\/wp-content\/uploads\/2024\/11\/IMG-20241124-WA0009.jpg","contentUrl":"https:\/\/www.noticiasradioreflejos.com.ar\/2021\/wp-content\/uploads\/2024\/11\/IMG-20241124-WA0009.jpg","width":720,"height":1600},{"@type":"BreadcrumbList","@id":"https:\/\/www.noticiasradioreflejos.com.ar\/2021\/por-las-lluvias-cierran-provisoriamente-el-acceso-al-dique-san-bernardo\/#breadcrumb","itemListElement":[{"@type":"ListItem","position":1,"name":"Portada","item":"https:\/\/www.noticiasradioreflejos.com.ar\/2021\/"},{"@type":"ListItem","position":2,"name":"Por las lluvias: Cierran provisoriamente el acceso al Dique San Bernardo"}]},{"@type":"WebSite","@id":"https:\/\/www.noticiasradioreflejos.com.ar\/2021\/#website","url":"https:\/\/www.noticiasradioreflejos.com.ar\/2021\/","name":"Noticias Radio Reflejos","description":"Las noticias de mi comarca","potentialAction":[{"@type":"SearchAction","target":{"@type":"EntryPoint","urlTemplate":"https:\/\/www.noticiasradioreflejos.com.ar\/2021\/?s={search_term_string}"},"query-input":{"@type":"PropertyValueSpecification","valueRequired":true,"valueName":"search_term_string"}}],"inLanguage":"es"},{"@type":"Person","@id":"https:\/\/www.noticiasradioreflejos.com.ar\/2021\/#\/schema\/person\/ad82545263dcc5ec0996818884fd5fb1","name":"Arnaldo Botto","image":{"@type":"ImageObject","inLanguage":"es","@id":"https:\/\/www.noticiasradioreflejos.com.ar\/2021\/#\/schema\/person\/image\/","url":"https:\/\/secure.gravatar.com\/avatar\/55cb5e37c1efa326397366e6974cb338056df65cb50e7d64d1cf314e87504837?s=96&d=mm&r=g","contentUrl":"https:\/\/secure.gravatar.com\/avatar\/55cb5e37c1efa326397366e6974cb338056df65cb50e7d64d1cf314e87504837?s=96&d=mm&r=g","caption":"Arnaldo Botto"},"url":"https:\/\/www.noticiasradioreflejos.com.ar\/2021\/author\/arnaldo\/"}]}},"_links":{"self":[{"href":"https:\/\/www.noticiasradioreflejos.com.ar\/2021\/wp-json\/wp\/v2\/posts\/109970","targetHints":{"allow":["GET"]}}],"collection":[{"href":"https:\/\/www.noticiasradioreflejos.com.ar\/2021\/wp-json\/wp\/v2\/posts"}],"about":[{"href":"https:\/\/www.noticiasradioreflejos.com.ar\/2021\/wp-json\/wp\/v2\/types\/post"}],"author":[{"embeddable":true,"href":"https:\/\/www.noticiasradioreflejos.com.ar\/2021\/wp-json\/wp\/v2\/users\/3"}],"replies":[{"embeddable":true,"href":"https:\/\/www.noticiasradioreflejos.com.ar\/2021\/wp-json\/wp\/v2\/comments?post=109970"}],"version-history":[{"count":2,"href":"https:\/\/www.noticiasradioreflejos.com.ar\/2021\/wp-json\/wp\/v2\/posts\/109970\/revisions"}],"predecessor-version":[{"id":109974,"href":"https:\/\/www.noticiasradioreflejos.com.ar\/2021\/wp-json\/wp\/v2\/posts\/109970\/revisions\/109974"}],"wp:featuredmedia":[{"embeddable":true,"href":"https:\/\/www.noticiasradioreflejos.com.ar\/2021\/wp-json\/wp\/v2\/media\/109972"}],"wp:attachment":[{"href":"https:\/\/www.noticiasradioreflejos.com.ar\/2021\/wp-json\/wp\/v2\/media?parent=109970"}],"wp:term":[{"taxonomy":"category","embeddable":true,"href":"https:\/\/www.noticiasradioreflejos.com.ar\/2021\/wp-json\/wp\/v2\/categories?post=109970"},{"taxonomy":"post_tag","embeddable":true,"href":"https:\/\/www.noticiasradioreflejos.com.ar\/2021\/wp-json\/wp\/v2\/tags?post=109970"}],"curies":[{"name":"wp","href":"https:\/\/api.w.org\/{rel}","templated":true}]}}