{"id":109929,"date":"2024-11-22T08:21:54","date_gmt":"2024-11-22T11:21:54","guid":{"rendered":"https:\/\/www.noticiasradioreflejos.com.ar\/2021\/?p=109929"},"modified":"2024-11-22T08:21:54","modified_gmt":"2024-11-22T11:21:54","slug":"mas-de-40-000-empleados-publicos-deberan-rendir-examen-para-trabajar-en-el-estado-como-sera-la-evaluacion","status":"publish","type":"post","link":"https:\/\/www.noticiasradioreflejos.com.ar\/2021\/mas-de-40-000-empleados-publicos-deberan-rendir-examen-para-trabajar-en-el-estado-como-sera-la-evaluacion\/","title":{"rendered":"M\u00e1s de 40.000 empleados p\u00fablicos deber\u00e1n rendir examen para trabajar en el Estado: c\u00f3mo ser\u00e1 la evaluaci\u00f3n"},"content":{"rendered":"<p>El examen ser\u00e1 \u201cdigital, an\u00f3nimo y presencial\u201d y \u201cun requisito obligatorio para poder trabajar en la Administraci\u00f3n P\u00fablica Nacional\u201d, inform\u00f3 el Ministerio de Desregulaci\u00f3n y Transformaci\u00f3n del Estado, a cargo de Federico Sturzenegger. Los detalles y ejemplos de preguntas.<!--more--><\/p>\n<div class=\"c-content\">\n<div class=\"partner-wrapper opening\" data-mrf-recirculation=\"Apertura\">\n<div class=\"second-col\">\n<figure class=\"ni-figure\"><picture class=\"news-image\"><source srcset=\"https:\/\/static.eldiario.es\/clip\/2df0207e-5a28-4a94-896c-e1b9217616dc_16-9-discover-aspect-ratio_50p_0.webp\" type=\"image\/webp\" media=\"(max-width: 576px)\" \/><source srcset=\"https:\/\/static.eldiario.es\/clip\/2df0207e-5a28-4a94-896c-e1b9217616dc_16-9-discover-aspect-ratio_50p_0.jpg\" type=\"image\/jpg\" media=\"(max-width: 576px)\" \/><source srcset=\"https:\/\/static.eldiario.es\/clip\/2df0207e-5a28-4a94-896c-e1b9217616dc_16-9-discover-aspect-ratio_75p_0.webp\" type=\"image\/webp\" media=\"(max-width: 767px)\" \/><source srcset=\"https:\/\/static.eldiario.es\/clip\/2df0207e-5a28-4a94-896c-e1b9217616dc_16-9-discover-aspect-ratio_75p_0.jpg\" type=\"image\/jpg\" media=\"(max-width: 767px)\" \/><source srcset=\"https:\/\/static.eldiario.es\/clip\/2df0207e-5a28-4a94-896c-e1b9217616dc_16-9-discover-aspect-ratio_default_0.webp\" type=\"image\/webp\" \/><source srcset=\"https:\/\/static.eldiario.es\/clip\/2df0207e-5a28-4a94-896c-e1b9217616dc_16-9-discover-aspect-ratio_default_0.jpg\" type=\"image\/jpg\" \/><\/picture><figcaption class=\"image-footer\"><span class=\"title\">Empleados p\u00fablicos deber\u00e1n rendir examen para trabajar en el estado.\u00a0<span class=\"author\">Ben Spray<\/span><\/span><\/figcaption><\/figure>\n<\/div>\n<div class=\"news-info\" data-mrf-recirculation=\"firma\">\n<div class=\"info-wrapper\"><\/div>\n<div class=\"twitter-wrapper\"><\/div>\n<\/div>\n<\/div>\n<div class=\"partner-wrapper article-page__body-row\">\n<div class=\"second-col\">\n<p class=\"article-text\">El Gobierno implementar\u00e1\u00a0<strong>desde el 1\u00b0 de diciembre<\/strong>\u00a0los ex\u00e1menes de idoneidad para 40 mil\u00a0empleados p\u00fablicos, cuyos contratos finalizan el \u00faltimo d\u00eda del a\u00f1o, y se conocieron detalles de la evaluaci\u00f3n.<\/p>\n<p class=\"article-text\">El Ministerio de Desregulaci\u00f3n y Transformaci\u00f3n del Estado, a cargo de Federico Sturzenegger, pondr\u00e1 as\u00ed en marcha el\u00a0<a class=\"link\" href=\"https:\/\/www.argentina.gob.ar\/sistema-de-evaluacion-publica\" target=\"_blank\" rel=\"noopener\" data-mrf-recirculation=\"links-noticia\" data-mrf-link=\"https:\/\/www.argentina.gob.ar\/sistema-de-evaluacion-publica\">Sistema de Evaluaci\u00f3n P\u00fablica (SEP)<\/a>, destinado a evaluar a los trabajadores sobre sus conocimientos en\u00a0<strong>comprensi\u00f3n lectora, razonamiento l\u00f3gico-matem\u00e1tico y administraci\u00f3n p\u00fablica<\/strong>.<\/p>\n<p>&nbsp;<\/p>\n<p class=\"article-text\">El examen ser\u00e1 \u201c<strong>digital, an\u00f3nimo y presencial<\/strong>\u201d y \u201cun requisito obligatorio para poder trabajar en la Administraci\u00f3n P\u00fablica Nacional\u201d, inform\u00f3 esa cartera.<\/p>\n<p class=\"article-text\">\u201cEl Sistema contar\u00e1 con una\u00a0<strong>evaluaci\u00f3n general de conocimientos y competencias\u00a0<\/strong>orientado a los empleados contratados de la Administraci\u00f3n P\u00fablica Nacional con el objetivo de fortalecer el\u00a0Empleo P\u00fablico, se detall\u00f3.<\/p>\n<p class=\"article-text\">El mismo con\u00a0<strong>preguntas de opci\u00f3n m\u00faltiple<\/strong>\u00a0y tendr\u00e1\u00a0<strong>una duraci\u00f3n de una hora<\/strong>. Cada empleado dispondr\u00e1 de<strong>\u00a0tres oportunidades de rendirla<\/strong>\u00a0para aprobarla. El sistema generar\u00e1 para cada trabajador un usuario y una contrase\u00f1a personalizados que servir\u00e1n como modo de garantizar transparencia y evitar subjetividades.<\/p>\n<p class=\"article-text\">Los ejercicios de comprensi\u00f3n lectora est\u00e1n dise\u00f1ados para trabajadores de las tres \u00e1reas involucradas. Los de razonamiento l\u00f3gico-matem\u00e1tico incluyen c\u00e1lculos sobre probabilidades, an\u00e1lisis de gr\u00e1ficos y c\u00e1lculos b\u00e1sicos. Los de conocimientos en administraci\u00f3n p\u00fablica abarcar\u00e1n temas como los derechos c\u00edvicos y normativas aplicables a la funci\u00f3n p\u00fablica.<\/p>\n<p class=\"article-text\">En la web figuran una gu\u00eda orientativa con 20 preguntas similares a las que estar\u00e1n incluidas en cada uno de los tres rubros.<\/p>\n<p class=\"article-text\">Uno de los ejemplos de pregunta es: \u201cRazonamiento l\u00f3gico-matem\u00e1tico. Pregunta: En una sala de cine hay un total de 350 clientes. Si la probabilidad de estar en el teatro A es 0,48, y en\u00a0el teatro B es 0,24, \u00bfcu\u00e1ntos clientes est\u00e1n en el teatro C?. Opciones: 1. 28\/2. 40\/3. 84\/4. 98 (Respuesta correcta)\u201d.<\/p>\n<p class=\"article-text\">Otro ejemplo: \u201cComprensi\u00f3n lectora. Enunciado: Me costaba mucho esfuerzo no repetirme, sufr\u00eda con cada entrega. Cuando uno tapa el \u00faltimo cuadrito de una historieta y ya sabe cu\u00e1l va a ser el final, es porque sabe que la cosa no va. De acuerdo al contenido del texto, marcar la opci\u00f3n correcta. 1. \u201dLa cosa no va\u201c porque la historieta pas\u00f3 de moda. 2. \u201dla cosa no va\u201c, por enfermedad del historietista. 3. \u201dLa cosa no va\u201c, por el riesgo de repetir las ideas\u201d.<\/p>\n<h2 class=\"article-text\">\u00bfQu\u00e9 es el SEP?<\/h2>\n<p class=\"article-text\">El Sistema de Evaluaci\u00f3n P\u00fablica (SEP) se encuentra establecido en los principios enunciados por intermedio del\u00a0<a class=\"link\" href=\"https:\/\/www.argentina.gob.ar\/normativa\/nacional\/decreto-1421-2002-76700\" target=\"_blank\" rel=\"noopener\" data-mrf-recirculation=\"links-noticia\" data-mrf-link=\"https:\/\/www.argentina.gob.ar\/normativa\/nacional\/decreto-1421-2002-76700\">Decreto N\u00b0 1421\/02<\/a>, reglamentario de la Ley N\u00b0 25.164 Marco de Regulaci\u00f3n de Empleo P\u00fablico Nacional, y sus modificatorios. En este marco, se incorpora la aprobaci\u00f3n de esta Evaluaci\u00f3n General de Conocimientos y Competencias, como un requisito obligatorio para poder trabajar en la Administraci\u00f3n P\u00fablica Nacional.<\/p>\n<div class=\"list\">\n<ul>\n<li>El Sistema de Evaluaci\u00f3n P\u00fablica (SEP) se encuentra orientado a brindar mayor calidad al empleo p\u00fablico, a trav\u00e9s de una Evaluaci\u00f3n General de Conocimientos y Competencias con lineamientos objetivos.<\/li>\n<li>La SECRETAR\u00cdA DE TRANSFORMACI\u00d3N DEL ESTADO Y FUNCI\u00d3N P\u00daBLICA del MINISTERIO DE DESREGULACI\u00d3N Y TRANSFORMACI\u00d3N DEL ESTADO, es el \u00f3rgano rector en materia de empleo p\u00fablico y autoridad de aplicaci\u00f3n, a cargo de coordinar e implementar el Sistema de Evaluaci\u00f3n P\u00fablica (SEP).<\/li>\n<li>El Sistema de Evaluaci\u00f3n P\u00fablica (SEP) es de car\u00e1cter obligatorio, presencial y se implementar\u00e1 mediante herramientas inform\u00e1ticas digitales.<\/li>\n<li>Las personas que acrediten Certificado \u00danico de Discapacidad (C.U.D), se encuentran exceptuados de acreditar este requisito hasta tanto se adecuen los materiales, para la correcta implementaci\u00f3n de la presente Evaluaci\u00f3n, a fin de garantizar accesibilidad.<\/li>\n<li>A trav\u00e9s de la plataforma SEP.gob.ar, las personas interesadas, podr\u00e1n registrarse y gestionar los turnos para presentarse a rendir el examen, y acceder a los certificados correspondientes, conforme las indicaciones que se formulen en cada instancia.<\/li>\n<\/ul>\n<\/div>\n<h2 class=\"article-text\">El examen<\/h2>\n<div class=\"list\">\n<ul>\n<li>La Evaluaci\u00f3n tendr\u00e1 las siguientes caracter\u00edsticas: ser\u00e1 presencial, an\u00f3nima, con preguntas de opci\u00f3n m\u00faltiple y tendr\u00e1 una duraci\u00f3n de UNA (1) hora.<\/li>\n<li>Habr\u00e1 TRES (3) tipos de evaluaciones orientadas a: Servicios Generales, Administrativos y Profesionales.<\/li>\n<li>El examen estar\u00e1 compuesto por TRES (3) ejes tem\u00e1ticos: Comprensi\u00f3n Lectora, Razonamiento L\u00f3gico-Matem\u00e1tico y Administraci\u00f3n P\u00fablica Nacional. El eje tem\u00e1tico de Administraci\u00f3n P\u00fablica Nacional, ser\u00e1 de aplicaci\u00f3n \u00fanicamente para el tipo de Evaluaci\u00f3n orientada a Profesionales.<\/li>\n<li>Cada persona, contar\u00e1 con TRES (3) intentos para aprobar el examen. Para cada intento, se deber\u00e1 solicitar un nuevo turno.<\/li>\n<li>Todos los datos registrados por la persona interesada en la plataforma SEP.gob.ar, poseen car\u00e1cter de Declaraci\u00f3n Jurada.<\/li>\n<li>En el d\u00eda solicitado, de acuerdo a las fechas establecidas en el cronograma de turnos, se deber\u00e1 concurrir en el horario y direcci\u00f3n que se recibir\u00e1n en el correo electr\u00f3nico informado al momento del registro en la plataforma, siendo obligatoria la concurrencia con el Documento Nacional de Identidad (D.N.I.).<\/li>\n<li>El proceso de Evaluaci\u00f3n se iniciar\u00e1 en el mes de diciembre de 2024, y se implementar\u00e1 mediante distintas etapas. En la primera fase, se llevar\u00e1 a cabo para Jurisdicciones y Entidades que tengan su asiento habitual de trabajo en el \u00c1rea Metropolitana de Buenos Aires (AMBA).<\/li>\n<li>La segunda fase, se encuentra planificada para dar inicio durante el transcurso del a\u00f1o 2025. Las Jurisdicciones y Entidades Nacionales ubicadas en las diferentes provincias, estar\u00e1n contempladas en esta segunda instancia, de acuerdo al cronograma que a tal efecto establezca la SECRETAR\u00cdA DE TRANSFORMACI\u00d3N DEL ESTADO Y FUNCI\u00d3N P\u00daBLICA.<\/li>\n<\/ul>\n<\/div>\n<h2 class=\"article-text\">SEP &#8211; Preguntas Frecuentes<\/h2>\n<p class=\"article-text\"><strong>\u00bfDe qu\u00e9 se trata el SEP?<\/strong><\/p>\n<p class=\"article-text\">El Sistema de Evaluaci\u00f3n P\u00fablica (SEP) se encuentra establecido en los principios enunciados por intermedio del\u00a0<a class=\"link\" href=\"https:\/\/www.argentina.gob.ar\/normativa\/nacional\/decreto-1421-2002-76700\" target=\"_blank\" rel=\"noopener\" data-mrf-recirculation=\"links-noticia\" data-mrf-link=\"https:\/\/www.argentina.gob.ar\/normativa\/nacional\/decreto-1421-2002-76700\">Decreto N\u00b0 1421\/02<\/a>, reglamentario de la\u00a0<a class=\"link\" href=\"https:\/\/www.argentina.gob.ar\/normativa\/nacional\/ley-25164-60458\" target=\"_blank\" rel=\"noopener\" data-mrf-recirculation=\"links-noticia\" data-mrf-link=\"https:\/\/www.argentina.gob.ar\/normativa\/nacional\/ley-25164-60458\">Ley N\u00b0 25.164<\/a>\u00a0Marco de Regulaci\u00f3n de Empleo P\u00fablico Nacional, y sus modificatorios. En este marco, se incorpora la aprobaci\u00f3n de esta Evaluaci\u00f3n General de Conocimientos y Competencias, como un requisito para poder trabajar en la Administraci\u00f3n P\u00fablica Nacional. Se constituye como un hito hist\u00f3rico en la calidad del empleo en la Administraci\u00f3n P\u00fablica Nacional<\/p>\n<p class=\"article-text\"><strong>\u00bfCu\u00e1ndo se podr\u00e1 comenzar a rendir la evaluaci\u00f3n?<\/strong><\/p>\n<p class=\"article-text\">El proceso de Evaluaci\u00f3n se iniciar\u00e1 en el mes de diciembre de 2024, y comenzar\u00e1 en la primera fase para Jurisdicciones y Entidades que tengan su asiento habitual de trabajo en el \u00c1rea Metropolitana de Buenos Aires (AMBA).<\/p>\n<p class=\"article-text\"><strong>\u00bfCu\u00e1les son los tipos de evaluaciones que existen?<\/strong><\/p>\n<p class=\"article-text\">El examen cuenta con TRES (3) tipos de evaluaciones orientadas a: Servicios Generales, Administrativos y Profesionales. Deber\u00e1s elegir una de las opciones al momento de solicitar el turno.<\/p>\n<p class=\"article-text\"><strong>\u00bfQu\u00e9 conocimientos se evaluar\u00e1n?<\/strong><\/p>\n<p class=\"article-text\">Se evaluar\u00e1n conocimientos y competencias generales sobre TRES (3) ejes tem\u00e1ticos: Comprensi\u00f3n Lectora, Razonamiento L\u00f3gico-Matem\u00e1tico y Administraci\u00f3n P\u00fablica Nacional. El eje tem\u00e1tico de Administraci\u00f3n P\u00fablica Nacional, ser\u00e1 de aplicaci\u00f3n \u00fanicamente para el tipo de Evaluaci\u00f3n orientada a Profesionales. Dentro de la p\u00e1gina, encontrar\u00e1s preguntas sobre cada eje, que te permitir\u00e1n tener una primera aproximaci\u00f3n al tipo de preguntas de la evaluaci\u00f3n. Te recordamos que las mismas, son orientativas y no necesariamente comprenden todas las preguntas a ser evaluadas.<\/p>\n<p class=\"article-text\"><strong>\u00bfC\u00f3mo me entero si est\u00e1 confirmado mi turno?<\/strong><\/p>\n<p class=\"article-text\">Una vez solicitado el turno, por medio de la plataforma SEP.gob.ar, recibir\u00e1s el mail de confirmaci\u00f3n con indicaciones y recomendaciones para asistir en la fecha y horario confirmados. Asimismo, recibir\u00e1s la informaci\u00f3n de usuario y contrase\u00f1a, para acceder a la evaluaci\u00f3n, que s\u00f3lo ser\u00e1 de tu conocimiento. Record\u00e1 tener esta informaci\u00f3n el d\u00eda que te presentes a rendir el examen.<\/p>\n<p class=\"article-text\">El DNI se solicitar\u00e1 \u00fanicamente para verificar tu identidad y registrar asistencia. La persona evaluada solo ser\u00e1 identificada luego de su calificaci\u00f3n.<\/p>\n<p class=\"article-text\"><strong>\u00bfCu\u00e1ntos intentos tengo para rendir el examen?<\/strong><\/p>\n<p class=\"article-text\">En total contar\u00e1s con TRES (3) intentos para aprobar el examen.<\/p>\n<p class=\"article-text\"><strong>\u00bfPierdo UNO (1) de los TRES (3) intentos si por alguna raz\u00f3n no asisto al turno?<\/strong><\/p>\n<p class=\"article-text\">Dentro de las SETENTA Y DOS (72) horas previas al d\u00eda y horario asignado, podr\u00e1s cancelar el turno solicitado, si tuvieras un inconveniente para asistir. Esto no implicar\u00e1 la p\u00e9rdida de uno de los intentos para rendir el examen. De la misma manera, tampoco ser\u00e1 contabilizado como uno de los intentos, si por alguna raz\u00f3n perdieras el turno asignado o no pudieras concurrir.<\/p>\n<p class=\"article-text\"><strong>\u00bfCon qu\u00e9 herramientas\/materiales debo asistir a rendir el examen?<\/strong><\/p>\n<p class=\"article-text\">Deber\u00e1s concurrir obligatoriamente con el Documento Nacional de Identidad (D.N.I) vigente. Asimismo, te informamos que podr\u00e1s concurrir con lapicera\/l\u00e1piz y\/o calculadora, dado que estos materiales podr\u00e1n ser utilizados en el momento del examen, aunque los mismos no resulten obligatorios. Sin embargo, te informamos, que no estar\u00e1 habilitado el uso del tel\u00e9fono m\u00f3vil durante el examen.<\/p>\n<h2 class=\"article-text\">Gu\u00eda orientativa de estudio del SEP<\/h2>\n<p class=\"article-text\">El examen se compone de\u00a0<strong>tres tipos de evaluaciones<\/strong>, dirigidas a:<\/p>\n<p class=\"article-text\">1. Servicios Generales<\/p>\n<p class=\"article-text\">2. Administrativos<\/p>\n<p class=\"article-text\">3. Profesionales<\/p>\n<p class=\"article-text\"><strong>Ejes tem\u00e1ticos evaluados<\/strong>:<\/p>\n<p class=\"article-text\">&#8211; Comprensi\u00f3n Lectora<\/p>\n<p class=\"article-text\">&#8211; Razonamiento L\u00f3gico-Matem\u00e1tico<\/p>\n<p class=\"article-text\">&#8211; Administraci\u00f3n P\u00fablica Nacional<\/p>\n<p class=\"article-text\"><strong>Detalles de las evaluaciones<\/strong>:<\/p>\n<p class=\"article-text\">&#8211; Administraci\u00f3n y Servicios Generales ser\u00e1n evaluados \u00fanicamente en Comprensi\u00f3n Lectora y Razonamiento L\u00f3gico-Matem\u00e1tico.<\/p>\n<p class=\"article-text\">&#8211; Profesionales ser\u00e1n evaluados en los tres ejes tem\u00e1ticos.<\/p>\n<h2 class=\"article-text\">Ejemplos de evaluaciones<\/h2>\n<h2 class=\"article-text\"><strong>1- Comprensi\u00f3n lectora<\/strong><\/h2>\n<h4 class=\"article-text\">Tipo de examen: servicios generales<\/h4>\n<p class=\"article-text\"><strong>PREGUNTA:\u00a0<\/strong>Me costaba mucho esfuerzo no repetirme, sufr\u00eda con cada entrega. Cuando uno tapa el \u00faltimo cuadrito de una historieta y ya sabe cu\u00e1l va a ser el final es porque la cosa no va.<\/p>\n<p class=\"article-text\">De acuerdo al contenido del texto, marcar la opci\u00f3n correcta<\/p>\n<p class=\"article-text\">A. \u201cla cosa no va\u201d porque la historieta pas\u00f3 de moda<\/p>\n<p class=\"article-text\">B. \u201cla cosa no va\u201d por enfermedad del historietista<\/p>\n<p class=\"article-text\">C. \u201cla cosa no va\u201d por el riesgo de repetir las ideas<\/p>\n<p class=\"article-text\">Respuesta: C<\/p>\n<p class=\"article-text\"><strong>PREGUNTA:\u00a0<\/strong>El zumbido en el circuito el\u00e9ctrico o en el panel, es generado por un circuito de conmutaci\u00f3n de alta velocidad, que suministra una gran cantidad de corriente para que un producto pueda funcionar. Esto no afecta el rendimiento ni la fiabilidad del producto.<\/p>\n<p class=\"article-text\">Analice el contenido del texto y marque la respuesta correcta<\/p>\n<p class=\"article-text\">A. El zumbido en el circuito el\u00e9ctrico se debe al mal funcionamiento del aparato.<\/p>\n<p class=\"article-text\">B. El zumbido en el circuito el\u00e9ctrico es una alerta de cortocircuito.<\/p>\n<p class=\"article-text\">C. El zumbido en el circuito el\u00e9ctrico no da\u00f1a el producto.<\/p>\n<p class=\"article-text\">Respuesta: C<\/p>\n<p class=\"article-text\"><strong>PREGUNTA:\u00a0<\/strong>El zumbido en el circuito el\u00e9ctrico o en el panel, es generado por un circuito de conmutaci\u00f3n de alta velocidad, que suministra una gran cantidad de corriente para que un producto pueda funcionar. Este _____ no afecta el rendimiento ni la fiabilidad del producto.<\/p>\n<p class=\"article-text\">Marcar la palabra que falta para completar el texto presentado<\/p>\n<p class=\"article-text\">A. estruendo<\/p>\n<p class=\"article-text\">B. ruido<\/p>\n<p class=\"article-text\">C. estallido<\/p>\n<p class=\"article-text\">Respuesta: B<\/p>\n<p class=\"article-text\"><strong>PREGUNTA:\u00a0<\/strong>En caso de evacuaci\u00f3n del edificio: no obstruir los pasillos, escaleras, puertas o salidas de emergencia; utilizar las escaleras tom\u00e1ndose del pasamanos. En caso de incendios, usar las salidas de emergencia, nunca ascensores o montacargas<\/p>\n<p class=\"article-text\">Analice el contenido del texto y marque la respuesta correcta<\/p>\n<p class=\"article-text\">A. T\u00f3mese del pasamanos en las escaleras<\/p>\n<p class=\"article-text\">B. Evite circular por los pasillos.<\/p>\n<p class=\"article-text\">C. Salga velozmente por los montacargas disponibles<\/p>\n<p class=\"article-text\">Respuesta: A<\/p>\n<p class=\"article-text\"><strong>PREGUNTA:\u00a0<\/strong>Si en tu trabajo ten\u00e9s que aplicar la t\u00e9cnica de recuperaci\u00f3n cardiopulmonar (RCP ) a una persona, record\u00e1 arrodillarte al costado de su t\u00f3rax y colocar el tal\u00f3n de una de tus manos sobre el centro del t\u00f3rax. Pon\u00e9 tu otra mano encima de la anterior. S\u00f3lo el tal\u00f3n de la mano inferior apoya sobre el estern\u00f3n.<\/p>\n<p class=\"article-text\">De acuerdo al contenido del texto marcar la respuesta correcta:<\/p>\n<p class=\"article-text\">A. La RCP se practica con ambas manos<\/p>\n<p class=\"article-text\">B. La RCP requiere apoyar el tal\u00f3n del pie sobre el estern\u00f3n.<\/p>\n<p class=\"article-text\">C. La RCP requiere oprimir el abdomen de la persona<\/p>\n<p class=\"article-text\">Respuesta: A<\/p>\n<p class=\"article-text\"><strong>PREGUNTA:\u00a0<\/strong>Las \u00e1reas de mantenimiento se ocupan del cuidado del patrimonio f\u00edsico de la organizaci\u00f3n. Ellas desarrollan tareas de _____ de muebles; inmuebles; espacios comunes e instalaciones, sobre la base de los diagn\u00f3sticos y evaluaciones que se realicen sobre las obras y reparaciones necesarias en el organismo<\/p>\n<p class=\"article-text\">Marcar la palabra que falta en el texto presentado:<\/p>\n<p class=\"article-text\">A. adquisici\u00f3n<\/p>\n<p class=\"article-text\">B. entrega<\/p>\n<p class=\"article-text\">C. reparaci\u00f3n<\/p>\n<p class=\"article-text\">Respuesta: C<\/p>\n<p class=\"article-text\"><strong>PREGUNTA:\u00a0<\/strong>Esta receta es ideal cuando ten\u00e9s muchos comensales y no sab\u00e9s que cocinar. Para darle un sabor diferente pod\u00e9s reemplazar o agregar otras verduras como batata, zapallitos verdes, calabaza\u2026. Si te gusta m\u00e1s cremosa pod\u00e9s agregarle crema de leche para potenciar tu pollo al disco.<\/p>\n<p class=\"article-text\">De acuerdo al contenido del texto, marcar la respuesta incorrecta.<\/p>\n<p class=\"article-text\">A. Se trata de una comida vegetariana<\/p>\n<p class=\"article-text\">B. Se trata de una cocci\u00f3n con disco.<\/p>\n<p class=\"article-text\">C. Se trata de una forma de cocinar pollo.<\/p>\n<p class=\"article-text\">Respuesta: A<\/p>\n<p class=\"article-text\"><strong>PREGUNTA:\u00a0<\/strong>Toda persona a partir de los 5 a\u00f1os debe acreditar 2 dosis de vacuna doble o triple viral, con componente contra sarampi\u00f3n y rub\u00e9ola aplicadas despu\u00e9s del a\u00f1o de vida. Se exime a las personas nacidas antes del a\u00f1o 1965 puesto que ya han estado expuestas a ambos virus.<\/p>\n<p class=\"article-text\">De acuerdo al contenido del texto marcar la respuesta incorrecta<\/p>\n<p class=\"article-text\">A. Si usted cumpli\u00f3 21 a\u00f1os necesita estar vacunado contra sarampi\u00f3n y rubeola.<\/p>\n<p class=\"article-text\">B. Si usted naci\u00f3 en 1969 no necesita estar vacunado con la vacuna doble o triple viral<\/p>\n<p class=\"article-text\">C. Si usted naci\u00f3 en 1991 necesita estar vacunado con la vacuna doble o triple viral<\/p>\n<p class=\"article-text\">Respuesta: B<\/p>\n<p class=\"article-text\"><strong>PREGUNTA:\u00a0<\/strong>Las personas que manipulan alimentos deben cocinarlos a temperaturas seguras (al menos 75 \u00b0C para productos c\u00e1rnicos) para eliminar pat\u00f3genos. En el caso de recalentar alimentos, asegurarse un calor no menor a 74 \u00b0C.<\/p>\n<p class=\"article-text\">De acuerdo al contenido del texto, marcar la respuesta correcta<\/p>\n<p class=\"article-text\">A. recalentar churrascos a 70 grados de temperatura es una cocci\u00f3n segura<\/p>\n<p class=\"article-text\">B. es segura la cocci\u00f3n de churrascos a 74 grados de temperatura<\/p>\n<p class=\"article-text\">C. es una cocci\u00f3n segura recalentar una tortilla a 74 grados de temperatura<\/p>\n<p class=\"article-text\">Respuesta: C<\/p>\n<p class=\"article-text\"><strong>PREGUNTA:\u00a0<\/strong>Hay quienes creen que el color rosado de la Casa de Gobierno se debe al deseo de Sarmiento de representar la uni\u00f3n de las facciones enfrentadas en las guerras civiles del siglo XIX, con la mezcla de los colores blanco y rojo que eran propios del uniforme de los bandos enfrentados, unitarios y federales; pero en verdad los unitarios vest\u00edan de celeste y, adem\u00e1s, el color rosa era entonces muy utilizado por el efecto impermeabilizante y fijador que aportaba la sangre de vaca al mezclarla con pintura a la cal.<\/p>\n<p class=\"article-text\">De acuerdo al contenido del texto, marcar la respuesta correcta<\/p>\n<p class=\"article-text\">A. El Presidente Sarmiento eligi\u00f3 el color rosado por lo que representaba.<\/p>\n<p class=\"article-text\">B. La Casa de Gobierno se pint\u00f3 en rosa porque era com\u00fan utilizar esa pintura.<\/p>\n<p class=\"article-text\">C. En las guerras civiles del siglo XX se enfrentaban unitarios y federales.<\/p>\n<p class=\"article-text\">Respuesta: B<\/p>\n<p class=\"article-text\"><strong>PREGUNTA:\u00a0<\/strong>El personal de seguridad se encarga de pedir las credenciales a toda persona que quiera ingresar al edificio para alguna reparaci\u00f3n o revisi\u00f3n t\u00e9cnica, que adem\u00e1s deben ser autorizadas por el \u00e1rea responsable del tema. Es tambi\u00e9n indispensable que el personal de seguridad tenga acceso a un recorrido por pasillos y salas de uso com\u00fan.<\/p>\n<p class=\"article-text\">De acuerdo al texto marcar la respuesta correcta<\/p>\n<p class=\"article-text\">A. El personal de seguridad controla el ingreso y los lugares comunes del edificio.<\/p>\n<p class=\"article-text\">B. El personal de seguridad exime de control a t\u00e9cnicos de la empresa telef\u00f3nica.<\/p>\n<p class=\"article-text\">C. El personal de seguridad se limita al control de ingresos al edificio.<\/p>\n<p class=\"article-text\">Respuesta: A<\/p>\n<p class=\"article-text\"><strong>PREGUNTA:\u00a0<\/strong>_____ respeto no se va a ninguna parte. Para poder respetar a las personas hay que entender que todos somos diferentes, lo que no significa que alguien sea superior o inferior a nosotros. Por ello, es clave dirigirse a los dem\u00e1s con consideraci\u00f3n y amabilidad.<\/p>\n<p class=\"article-text\">Marcar la respuesta que completa el texto<\/p>\n<p class=\"article-text\">A. Con<\/p>\n<p class=\"article-text\">B. Poco<\/p>\n<p class=\"article-text\">C. Sin<\/p>\n<p class=\"article-text\">Respuesta: C<\/p>\n<p class=\"article-text\"><strong>PREGUNTA:\u00a0<\/strong>La _____ entre los miembros de un equipo de trabajo es fundamental. Es importante cuidar el lenguaje verbal y corporal (no verbal) para transmitir correctamente lo que quieres decir en cada momento y situaci\u00f3n determinada. Gracias a ello, sabr\u00e1s transmitir mensajes de una manera clara y coherente para generar una imagen de respeto y confianza.<\/p>\n<p class=\"article-text\">Marcar la respuesta que completa el texto<\/p>\n<p class=\"article-text\">A. comunicaci\u00f3n<\/p>\n<p class=\"article-text\">B. compa\u00f1\u00eda<\/p>\n<p class=\"article-text\">C. simpat\u00eda<\/p>\n<p class=\"article-text\">Respuesta: A<\/p>\n<p class=\"article-text\"><strong>PREGUNTA:\u00a0<\/strong>El clima de respeto hace m\u00e1s f\u00e1cil organizar el trabajo. Para poder respetar a las personas hay que entender que todos somos diferentes, lo que no significa que alguien sea superior o inferior a nosotros. Por ello, es clave dirigirse a los dem\u00e1s con consideraci\u00f3n y amabilidad.<\/p>\n<p class=\"article-text\">De acuerdo al texto marcar la respuesta correcta<\/p>\n<p class=\"article-text\">A. El clima de respeto influye en nuestro trabajo.<\/p>\n<p class=\"article-text\">B. Es clave ser amables con quienes son personas iguales a nosotros.<\/p>\n<p class=\"article-text\">C. Todas las personas somos iguales<\/p>\n<p class=\"article-text\">Respuesta: A<\/p>\n<p class=\"article-text\"><strong>PREGUNTA:\u00a0<\/strong>Hay quienes creen que el color rosado de la Casa de Gobierno se debe al deseo de Sarmiento de representar la uni\u00f3n de las facciones enfrentadas en las guerras civiles del siglo XIX, con la mezcla del blanco de los unitarios y del _____ de los federales, pero en verdad los unitarios vest\u00edan de celeste y, adem\u00e1s, el color rosa era entonces muy utilizado por el efecto impermeabilizante y fijador que aportaba la sangre bovina al mezclarla con pintura a la cal.<\/p>\n<p class=\"article-text\">Marcar la palabra que falta en el texto presentado<\/p>\n<p class=\"article-text\">A. plateado<\/p>\n<p class=\"article-text\">B. azul<\/p>\n<p class=\"article-text\">C. rojo<\/p>\n<p class=\"article-text\">Respuesta: C<\/p>\n<p class=\"article-text\"><strong>Preguntas modelo para el personal administrativo y profesional<\/strong><\/p>\n<p class=\"article-text\"><strong>PREGUNTA:\u00a0<\/strong>No puedo ense\u00f1arte violencia, ya que no creo en ella. Solo puedo ense\u00f1arte a no inclinarte ante ella. (Mahatma Gandhi) \u00bfCu\u00e1l de las siguientes afirmaciones sobre esta frase resulta falsa?<\/p>\n<p class=\"article-text\">A. Gandhi ense\u00f1aba a resistir sin recurrir a la violencia<\/p>\n<p class=\"article-text\">B. Gandhi bogaba por la no violencia<\/p>\n<p class=\"article-text\">C. Gandhi consideraba la violencia necesaria en casos extremos<\/p>\n<p class=\"article-text\">Respuesta: C<\/p>\n<p class=\"article-text\"><strong>PREGUNTA:\u00a0<\/strong>El beneficio otorgado por la DADSE, Direcci\u00f3n de Asistencia Directa por Situaciones Especiales, consiste en la entrega de medicamentos y\/o elementos de tecnolog\u00eda sanitaria a todas aquellas personas en situaci\u00f3n de vulnerabilidad que presenten un problema agudo o grave de salud en el que corre riesgo cierto su vida y que no cuenten con obra social, medicina prepaga, Incluir Salud, PAMI o cualquier otro tipo de cobertura o programa de salud, que no puedan satisfacer su necesidad por medio de los ministerios provinciales y\/o secretar\u00edas de salud municipales.<\/p>\n<p class=\"article-text\">Marque la \u00fanica opci\u00f3n que resulta falsa:<\/p>\n<p class=\"article-text\">A. La DADSE proporciona medicamentos y elementos de tecnolog\u00eda sanitaria a personas en situaci\u00f3n de vulnerabilidad.<\/p>\n<p class=\"article-text\">B. El beneficio de la DADSE est\u00e1 destinado a personas que tengan problemas de salud grave sin ning\u00fan tipo de cobertura de salud.<\/p>\n<p class=\"article-text\">C. La DADSE ayuda a quienes enfrentan problemas de salud leves y no tienen acceso a otras formas de asistencia m\u00e9dica.<\/p>\n<p class=\"article-text\">Respuesta: C<\/p>\n<p class=\"article-text\"><strong>PREGUNTA:\u00a0<\/strong>La vacunaci\u00f3n durante el embarazo protege a la persona embarazada, ya que se producen cambios en el organismo que pueden aumentar la susceptibilidad y la gravedad de algunas enfermedades, como, por ejemplo, la gripe o COVID-19. Tambi\u00e9n protege al futuro reci\u00e9n nacido, gracias al paso por la placenta de los anticuerpos maternos, que lo protegen de enfermedades que pueden ser muy graves en los primeros meses de la vida, como, por ejemplo, la tos convulsa o la bronquiolitis.<\/p>\n<p class=\"article-text\">De acuerdo al texto, marque la opci\u00f3n correcta:<\/p>\n<p class=\"article-text\">A. La vacunaci\u00f3n durante el embarazo aumenta la susceptibilidad a enfermedades.<\/p>\n<p class=\"article-text\">B. La vacunaci\u00f3n durante el embarazo protege de enfermedades que pueden ser m\u00e1s graves debido a cambios en el organismo.<\/p>\n<p class=\"article-text\">C. La vacunaci\u00f3n durante el embarazo desarrolla inmunidad permanente contra las posibles enfermedades del reci\u00e9n nacido.<\/p>\n<p class=\"article-text\">Respuesta: B<\/p>\n<p class=\"article-text\"><strong>PREGUNTA:\u00a0<\/strong>A partir del 1ro de julio de 2024 entra en vigencia la nueva reglamentaci\u00f3n de la Ley Nacional de Receta Electr\u00f3nica. A trav\u00e9s del Decreto 345\/2024, la normativa establece la necesidad de cambiar la modalidad de las prescripciones, hoy indicadas en papel, a recetarios de plataformas digitales.<\/p>\n<p class=\"article-text\">De acuerdo al texto, marque la opci\u00f3n correcta:<\/p>\n<p class=\"article-text\">A. La normativa del Decreto 345\/2024 establece que las recetas deber\u00e1n ser impresas con firma digital.<\/p>\n<p class=\"article-text\">B. La normativa del Decreto 345\/2024 establece que pasar\u00e1 al uso de recetarios en plataformas digitales en lugar de prescripciones en papel.<\/p>\n<p class=\"article-text\">C. La normativa del Decreto 345\/2024 establece que se aplazar\u00e1n los cambios en la forma de prescripci\u00f3n actual.<\/p>\n<p class=\"article-text\">Respuesta: B<\/p>\n<p class=\"article-text\"><strong>PREGUNTA:\u00a0<\/strong>El golpe de calor es un trastorno ocasionado por el aumento de la temperatura del cuerpo como consecuencia de la exposici\u00f3n prolongada a altas temperaturas y humedad o el esfuerzo f\u00edsico intenso en altas temperaturas. El golpe de calor es una forma grave de lesi\u00f3n por calor y la temperatura del cuerpo alcanza los 40\u00b0 C o m\u00e1s.<\/p>\n<p class=\"article-text\">De acuerdo al texto, marque la \u00fanica opci\u00f3n falsa:<\/p>\n<p class=\"article-text\">A. El golpe de calor es un trastorno leve por exposici\u00f3n al calor durante mucho tiempo.<\/p>\n<p class=\"article-text\">B. El golpe de calor implica una exposici\u00f3n sostenida en el tiempo a altas temperaturas.<\/p>\n<p class=\"article-text\">C. El golpe de calor tiene como s\u00edntoma principal el aumento de la temperatura corporal<\/p>\n<p class=\"article-text\">Respuesta: A<\/p>\n<p class=\"article-text\"><strong>PREGUNTA:\u00a0<\/strong>El Parque Nacional Los Glaciares se encuentra emplazado en las ecorregiones de la Estepa Patag\u00f3nica y los Bosques Patag\u00f3nicos. Su nombre evoca la magnitud de los numerosos glaciares que contornean el paisaje de la cordillera austral. En sus lentos movimientos estos gigantes r\u00edos _____ forman constantemente siluetas caprichosas que avanzan y retroceden. Incluso, algunas de ellas recuerdan a puentes, diques y cavernas.<\/p>\n<p class=\"article-text\">Marque la palabra faltante:<\/p>\n<p class=\"article-text\">A. congelados<\/p>\n<p class=\"article-text\">B. oscilantes<\/p>\n<p class=\"article-text\">C. tumultuosos<\/p>\n<p class=\"article-text\">Respuesta: A<\/p>\n<p class=\"article-text\"><strong>PREGUNTA:\u00a0<\/strong>La salud de los trabajadores constituye uno de los polos de la riqueza de un pa\u00eds. Siendo un elemento de alta interdependencia con aquellos factores que determinan el grado de desarrollo de una naci\u00f3n, sus fluctuaciones a lo largo del tiempo son un _____ de este desarrollo. Marque la palabra faltante:<\/p>\n<p class=\"article-text\">A. resultado<\/p>\n<p class=\"article-text\">B. rol<\/p>\n<p class=\"article-text\">C. indicador<\/p>\n<p class=\"article-text\">Respuesta: C<\/p>\n<p class=\"article-text\"><strong>PREGUNTA:\u00a0<\/strong>Escritorio \u00danico (EU): Interfaz que permite navegar por todos los m\u00f3dulos que integran el sistema GDE, por ello, se lo considera la cara visible del GDE. Desde el EU se configura el acceso al Sistema de Gesti\u00f3n Documental Electr\u00f3nica (GDE). Muestra un resumen de todas las tareas pendientes que el agente tiene en cada m\u00f3dulo y las organiza seg\u00fan un rango de antig\u00fcedad en d\u00edas. Entre otras funcionalidades, permite visualizar las tareas en desarrollo y pendientes propias y de los supervisados. De acuerdo a este fragmento, marque la respuesta correcta:<\/p>\n<p class=\"article-text\">A. El EU permite gestionar \u00fanicamente el acceso al m\u00f3dulo de Gesti\u00f3n de Tareas Pendientes.<\/p>\n<p class=\"article-text\">B. El EU ofrece una interfaz que permite navegar por todos los m\u00f3dulos del sistema y muestra un resumen de tareas pendientes.<\/p>\n<p class=\"article-text\">C. El EU funciona como una herramienta independiente que no se integra con el resto del sistema GDE.<\/p>\n<p class=\"article-text\">Respuesta: B<\/p>\n<p class=\"article-text\"><strong>PREGUNTA:\u00a0<\/strong>Legajo \u00danico Electr\u00f3nico (LUE): \u00danico medio de creaci\u00f3n, registro, guarda y archivo de la totalidad de la documentaci\u00f3n y datos correspondientes a las personas que prestan servicios en virtud de cualquier modalidad en el \u00e1mbito establecido en el art\u00edculo 8 de la Ley N\u00b0 24.156 de ADMINISTRACI\u00d3N FINANCIERA Y DE LOS SISTEMAS DE CONTROL DEL SECTOR P\u00daBLICO NACIONAL y sus modificatorias. \u00bfCu\u00e1l es la funci\u00f3n principal del Legajo \u00danico Electr\u00f3nico?<\/p>\n<p class=\"article-text\">A. Proveer servicios de salud a los empleados<\/p>\n<p class=\"article-text\">B. Crear, registrar, guardar y archivar documentaci\u00f3n de personas que prestan servicios<\/p>\n<p class=\"article-text\">C. Supervisar el cumplimiento de leyes laborales<\/p>\n<p class=\"article-text\">Respuesta: B<\/p>\n<p class=\"article-text\"><strong>PREGUNTA:\u00a0<\/strong>Gestor de Asistencias y Transferencias (GAT): \u00danico medio de registro, tramitaci\u00f3n y pago de todas las prestaciones, beneficios, subsidios, exenciones, y toda otra transferencia y asistencia que las entidades y jurisdicciones contempladas en el art\u00edculo 8 de la Ley de Administraci\u00f3n Financiera N\u00b0 24.156 y sus modificatorias otorguen a personas humanas o personas jur\u00eddicas p\u00fablicas o privadas, independientemente de su fuente de financiamiento. \u00bfCu\u00e1l es la funci\u00f3n principal del GAT?<\/p>\n<p class=\"article-text\">A. Supervisar el cumplimiento de la ley de administraci\u00f3n financiera.<\/p>\n<p class=\"article-text\">B. Registrar, tramitar y pagar prestaciones, beneficios y subsidios.<\/p>\n<p class=\"article-text\">C. Controlar la calidad de servicios p\u00fablicos.<\/p>\n<p class=\"article-text\">Respuesta: B<\/p>\n<p class=\"article-text\"><strong>PREGUNTA:\u00a0<\/strong>Registro Propiedad Inmueble (RPI): \u00danico medio electr\u00f3nico de tramitaci\u00f3n y registraci\u00f3n de documentaci\u00f3n en el REGISTRO DE LA PROPIEDAD INMUEBLE DE LA CAPITAL FEDERAL del MINISTERIO DE JUSTICIA Y DERECHOS HUMANOS, en el marco de lo dispuesto por la Ley N\u00b0 17.801 y por el Decreto N\u00b0 466 del 5 de Mayo de 1999 y sus modificatorios. De acuerdo al texto, marque la \u00fanica respuesta que resulta falsa:<\/p>\n<p class=\"article-text\">A. El RPI solo opera para propiedades en la Ciudad de Buenos Aires.<\/p>\n<p class=\"article-text\">B. El RPI fue establecido en 1999.<\/p>\n<p class=\"article-text\">C. El RPI permite la gesti\u00f3n de documentaci\u00f3n relacionada con la compraventa de bienes muebles en la Capital Federal.<\/p>\n<p class=\"article-text\">Respuesta: C<\/p>\n<p class=\"article-text\"><strong>PREGUNTA:\u00a0<\/strong>Porta Firma (PF): Administra la firma de los documentos electr\u00f3nicos. A su vez, brinda la posibilidad de firmar varios documentos electr\u00f3nicos al mismo tiempo y filtrar por lotes los documentos digitales a firmar.<\/p>\n<p class=\"article-text\">De acuerdo al texto, marque la \u00fanica respuesta que resulta falsa:<\/p>\n<p class=\"article-text\">A. El Porta Firma permite la firma simult\u00e1nea de documentos.<\/p>\n<p class=\"article-text\">B. El Porta Firma facilita el filtrado por lotes.<\/p>\n<p class=\"article-text\">C. El Porta Firma admite la firma de documentos en papel.<\/p>\n<p class=\"article-text\">Respuesta: C<\/p>\n<p class=\"article-text\"><strong>PREGUNTA:\u00a0<\/strong>Tr\u00e1mites a Distancia (TAD): Plataforma que facilita la interacci\u00f3n entre los ciudadanos y la administraci\u00f3n mediante la recepci\u00f3n y env\u00edo _____ de presentaciones, solicitudes, escritos, notificaciones y comunicaciones, entre otros.<\/p>\n<p class=\"article-text\">Marque la palabra faltante:<\/p>\n<p class=\"article-text\">A. electr\u00f3nico<\/p>\n<p class=\"article-text\">B. f\u00edsico<\/p>\n<p class=\"article-text\">C. r\u00e1pido<\/p>\n<p class=\"article-text\">Respuesta: A<\/p>\n<p class=\"article-text\"><strong>PREGUNTA:\u00a0<\/strong>El art\u00edculo 112 del Convenio Colectivo de Trabajo General para la Administraci\u00f3n P\u00fablica Nacional, aprobado por el Decreto N\u00ba 214\/2006, establece las directrices para los derechos y condiciones de trabajo de los empleados de la administraci\u00f3n p\u00fablica en Argentina. Este art\u00edculo, junto a otros del mismo convenio, orienta temas como la estabilidad laboral, las pol\u00edticas de igualdad de oportunidades y trato, y las condiciones para la organizaci\u00f3n y representaci\u00f3n sindical en el \u00e1mbito p\u00fablico. \u00bfQu\u00e9 regula el art\u00edculo 112 del Convenio Colectivo de Trabajo General para la Administraci\u00f3n P\u00fablica Nacional?<\/p>\n<p class=\"article-text\">A. La contrataci\u00f3n temporal en la administraci\u00f3n p\u00fablica<\/p>\n<p class=\"article-text\">B. Los derechos y condiciones de trabajo de los empleados p\u00fablicos<\/p>\n<p class=\"article-text\">C. La gesti\u00f3n de recursos financieros en la administraci\u00f3n p\u00fablica<\/p>\n<p class=\"article-text\">Respuesta: B<\/p>\n<p class=\"article-text\"><strong>PREGUNTA:\u00a0<\/strong>La ley 25188 de \u00c9tica en el ejercicio de la Funci\u00f3n P\u00fablica establece un conjunto de deberes, prohibiciones e incompatibilidades aplicables, sin excepci\u00f3n, a todas las personas que se desempe\u00f1en en la funci\u00f3n p\u00fablica en todos sus niveles y jerarqu\u00edas, en forma permanente o transitoria, por elecci\u00f3n popular, designaci\u00f3n directa, por concurso o por cualquier otro medio legal, extendi\u00e9ndose su aplicaci\u00f3n a todos los magistrados, funcionarios y empleados del Estado. De acuerdo al texto, marque la \u00fanica respuesta falsa:<\/p>\n<p class=\"article-text\">A. La ley de \u00c9tica busca promover la transparencia y la integridad en el ejercicio de la funci\u00f3n p\u00fablica.<\/p>\n<p class=\"article-text\">B. La ley de \u00c9tica aplica para todo el empleo formal en el pa\u00eds.<\/p>\n<p class=\"article-text\">C. La ley de \u00c9tica establece un marco de deberes y prohibiciones que regule el comportamiento de los funcionarios p\u00fablicos.<\/p>\n<p class=\"article-text\">Respuesta: B<\/p>\n<h2 class=\"article-text\">SEP &#8211; Gu\u00eda orientativa de estudio &#8211; Administraci\u00f3n P\u00fablica Nacional<\/h2>\n<p class=\"article-text\"><strong>Preguntas modelo<\/strong><\/p>\n<p class=\"article-text\"><strong>\u00bfQu\u00e9 forma de gobierno adopta la Naci\u00f3n Argentina?<\/strong><\/p>\n<p class=\"article-text\">A. Representativa, Republicana y Federal<\/p>\n<p class=\"article-text\">B. Democr\u00e1tica, Popular y Federal<\/p>\n<p class=\"article-text\">C. Democr\u00e1tica, Republicana y Federal<\/p>\n<p class=\"article-text\">D. Democr\u00e1tica, Representativa y Republicana<\/p>\n<p class=\"article-text\">Respuesta: A (Constituci\u00f3n Nacional art.1)<\/p>\n<p class=\"article-text\"><strong>\u00bfCu\u00e1l es el mecanismo para reformar la Constituci\u00f3n Nacional?<\/strong><\/p>\n<p class=\"article-text\">A. A trav\u00e9s de un decreto del presidente<\/p>\n<p class=\"article-text\">B. Por decisi\u00f3n del Poder Judicial<\/p>\n<p class=\"article-text\">C. Mediante la convocatoria a una Convenci\u00f3n Constituyente<\/p>\n<p class=\"article-text\">D. Por una consulta popular sin intervenci\u00f3n del Congreso<\/p>\n<p class=\"article-text\">Respuesta: C (Constituci\u00f3n Nacional art. 30)<\/p>\n<p class=\"article-text\"><strong>\u00bfCu\u00e1ntos a\u00f1os dura el mandato de los senadores?<\/strong><\/p>\n<p class=\"article-text\">A. 4 a\u00f1os<\/p>\n<p class=\"article-text\">B. 6 a\u00f1os<\/p>\n<p class=\"article-text\">C. 8 a\u00f1os<\/p>\n<p class=\"article-text\">D. 2 a\u00f1os<\/p>\n<p class=\"article-text\">Respuesta: B (Constituci\u00f3n Nacional art. 56)<\/p>\n<p class=\"article-text\"><strong>\u00bfC\u00f3mo puede vetar el Poder Ejecutivo una ley?<\/strong><\/p>\n<p class=\"article-text\">A. No puede vetar<\/p>\n<p class=\"article-text\">B. S\u00f3lo puede vetar la ley en su totalidad<\/p>\n<p class=\"article-text\">C. S\u00f3lo puede vetar algunos art\u00edculos de las leyes<\/p>\n<p class=\"article-text\">D. Puede vetar total y parcialmente las leyes<\/p>\n<p class=\"article-text\">Respuesta: D (Constituci\u00f3n Nacional art. 83)<\/p>\n<p class=\"article-text\"><strong>\u00bfEn qu\u00e9 circunstancias pueden las personas solicitar un h\u00e1beas corpus?<\/strong><\/p>\n<p class=\"article-text\">A. Cuando se viola su derecho a la privacidad<\/p>\n<p class=\"article-text\">B. Cuando desean impugnar una ley que consideran injusta<\/p>\n<p class=\"article-text\">C. Cuando se afecta su libertad f\u00edsica o son maltratadas mientras est\u00e1n detenidas<\/p>\n<p class=\"article-text\">D. Cuando buscan obtener una revisi\u00f3n r\u00e1pida de cualquier sentencia judicial<\/p>\n<p class=\"article-text\">Respuesta: C (Constituci\u00f3n Nacional art. 43)<\/p>\n<p class=\"article-text\"><strong>\u00bfQu\u00e9 constituye un distrito electoral en Argentina seg\u00fan el C\u00f3digo Electoral Nacional?<\/strong><\/p>\n<p class=\"article-text\">A. Cada departamento y comuna del pa\u00eds<\/p>\n<p class=\"article-text\">B. La Ciudad Aut\u00f3noma de Buenos Aires y cada provincia<\/p>\n<p class=\"article-text\">C. Las subdivisiones de los municipios<\/p>\n<p class=\"article-text\">D. Las agrupaciones de electores seg\u00fan su domicilio<\/p>\n<p class=\"article-text\">Respuesta: B (C\u00f3digo Electoral art. 39)<\/p>\n<p class=\"article-text\"><strong>Seg\u00fan el C\u00f3digo Electoral Nacional, \u00bfqui\u00e9n tiene la responsabilidad de designar a los fiscales en el proceso electoral?<\/strong><\/p>\n<p class=\"article-text\">A. El presidente de la Naci\u00f3n<\/p>\n<p class=\"article-text\">B. Los partidos pol\u00edticos<\/p>\n<p class=\"article-text\">C. La C\u00e1mara Nacional Electoral<\/p>\n<p class=\"article-text\">D. Los votantes en cada distrito<\/p>\n<p class=\"article-text\">Respuesta: B (C\u00f3digo Electora art. 56)<\/p>\n<p class=\"article-text\"><strong>\u00bfCu\u00e1ndo se considera positivo el silencio de la administraci\u00f3n?<\/strong><\/p>\n<p class=\"article-text\">A. Cuando la administraci\u00f3n emite una resoluci\u00f3n expresa en el plazo previsto<\/p>\n<p class=\"article-text\">B. Cuando una norma exige una autorizaci\u00f3n administrativa para que los particulares puedan realizar una conducta y el plazo vence sin resoluci\u00f3n expresa<\/p>\n<p class=\"article-text\">C. Cuando el plazo para la resoluci\u00f3n expresa a\u00fan no ha vencido<\/p>\n<p class=\"article-text\">D. Cuando se trate de pretensiones que no sean autorizaciones y requieran que la Administraci\u00f3n se pronuncie<\/p>\n<p class=\"article-text\">Respuesta: B (Ley de procedimiento Administrativo art.10)<\/p>\n<p class=\"article-text\"><strong>\u00bfCu\u00e1l es la restricci\u00f3n aplicable a los funcionarios que hayan intervenido en la privatizaci\u00f3n o concesi\u00f3n de empresas o servicios p\u00fablicos?<\/strong><\/p>\n<p class=\"article-text\">A. No pueden trabajar en empresas privadas durante los tres a\u00f1os siguientes a su intervenci\u00f3n<\/p>\n<p class=\"article-text\">B. No pueden participar en ning\u00fan tipo de actividad p\u00fablica durante tres a\u00f1os<\/p>\n<p class=\"article-text\">C. Tienen prohibido actuar en los entes o comisiones reguladoras de las empresas o servicios privatizados durante tres a\u00f1os despu\u00e9s de la \u00faltima adjudicaci\u00f3n en la que hayan participado<\/p>\n<p class=\"article-text\">D. Deben esperar cinco a\u00f1os para poder actuar en cualquier ente regulador relacionado con sus actividades anteriores<\/p>\n<p class=\"article-text\">Respuesta: C (Ley de \u00c9tica P\u00fablica art. 14)<\/p>\n<p class=\"article-text\"><strong>\u00bfQu\u00e9 regla general se establece respecto a los funcionarios p\u00fablicos y la recepci\u00f3n de obsequios?<\/strong><\/p>\n<p class=\"article-text\">A. Los funcionarios p\u00fablicos pueden recibir obsequios siempre que no superen un valor determinado<\/p>\n<p class=\"article-text\">B. Los funcionarios p\u00fablicos no podr\u00e1n recibir regalos, obsequios o donaciones en ocasi\u00f3n del desempe\u00f1o de sus funciones<\/p>\n<p class=\"article-text\">C. Los funcionarios p\u00fablicos pueden recibir obsequios si son de cortes\u00eda diplom\u00e1tica, sin necesidad de registrarlos<\/p>\n<p class=\"article-text\">D. Los funcionarios p\u00fablicos pueden recibir obsequios, siempre que los declaren ante la autoridad competente<\/p>\n<p class=\"article-text\">Respuesta: B (Ley de \u00c9tica P\u00fablica art. 18)<\/p>\n<p class=\"article-text\"><strong>\u00bfC\u00f3mo se prueba la calidad de elector para ejercer el derecho al voto seg\u00fan el C\u00f3digo Electoral?<\/strong><\/p>\n<p class=\"article-text\">A. Demostrando tener m\u00e1s de 16 a\u00f1os<\/p>\n<p class=\"article-text\">B. Mediante la inclusi\u00f3n del elector en el registro electoral<\/p>\n<p class=\"article-text\">C. A trav\u00e9s de una certificaci\u00f3n emitida por el Poder Ejecutivo<\/p>\n<p class=\"article-text\">D. Presentando el Documento Nacional de Identidad (DNI) el d\u00eda de la elecci\u00f3n<\/p>\n<p class=\"article-text\">Respuesta: B (C\u00f3digo electoral art. 2)<\/p>\n<p class=\"article-text\"><strong>\u00bfC\u00f3mo est\u00e1 conformado el sistema de control interno?<\/strong><\/p>\n<p class=\"article-text\">A. Por la Sindicatura General de la Naci\u00f3n y las unidades de auditor\u00eda externa<\/p>\n<p class=\"article-text\">B. Por la Sindicatura General de la Naci\u00f3n y las unidades de auditor\u00eda interna en cada jurisdicci\u00f3n<\/p>\n<p class=\"article-text\">C. Por la Auditor\u00eda General de la Naci\u00f3n y las unidades de control financiero<\/p>\n<p class=\"article-text\">D. Por la Sindicatura General de la Naci\u00f3n y el Congreso de la Naci\u00f3n<\/p>\n<p class=\"article-text\">Respuesta: B (Ley ADMINISTRACI\u00d3N FINANCIERA Y DE LOS SISTEMAS DE CONTROL DEL SECTOR PUBLICO NACIONAL art. 100)<\/p>\n<p class=\"article-text\"><strong>\u00bfQui\u00e9n es la autoridad de mesa en las elecciones seg\u00fan el C\u00f3digo Electoral Argentino?<\/strong><\/p>\n<p class=\"article-text\">A. Un elector designado como presidente de la mesa<\/p>\n<p class=\"article-text\">B. Un elector designado como presidente de la mesa y un vicepresidente nombrado para asistirlo<\/p>\n<p class=\"article-text\">C. Un miembro de la Junta Electoral que supervisa el proceso de votaci\u00f3n<\/p>\n<p class=\"article-text\">D. Un delegado de cada partido pol\u00edtico presente en la mesa<\/p>\n<p class=\"article-text\">Respuesta: A (C\u00f3digo Electoral art. 72)<\/p>\n<p class=\"article-text\"><strong>\u00bfQu\u00e9 es un voto recurrido seg\u00fan el C\u00f3digo Electoral Argentino?<\/strong><\/p>\n<p class=\"article-text\">A. Un voto emitido por un elector que no est\u00e1 registrado en el padr\u00f3n electoral<\/p>\n<p class=\"article-text\">B. Un voto cuya validez o nulidad es cuestionada por un fiscal<\/p>\n<p class=\"article-text\">C. Un voto que contiene marcas en m\u00e1s de una opci\u00f3n electoral<\/p>\n<p class=\"article-text\">D. Un voto que no fue emitido dentro del horario oficial de la elecci\u00f3n<\/p>\n<p class=\"article-text\">Respuesta: B (C\u00f3digo Electoral art. 101)<\/p>\n<p class=\"article-text\"><strong>\u00bfQu\u00e9 sanci\u00f3n le corresponde a un funcionario p\u00fablico que acepta dinero para firmar un expediente?<\/strong><\/p>\n<p class=\"article-text\">A. Inhabilitaci\u00f3n especial temporal sin prisi\u00f3n<\/p>\n<p class=\"article-text\">B. Prisi\u00f3n y multa econ\u00f3mica<\/p>\n<p class=\"article-text\">C. Prisi\u00f3n e inhabilitaci\u00f3n especial perpetua<\/p>\n<p class=\"article-text\">D. Multa econ\u00f3mica y suspensi\u00f3n de sus funciones<\/p>\n<p class=\"article-text\">Respuesta: C (Ley de \u00c9tica P\u00fablica art. 31)<\/p>\n<p class=\"article-text\"><strong>\u00bfQu\u00e9 condiciones deben cumplirse para que un acto administrativo de alcance particular y uno de alcance general adquieran eficacia?<\/strong><\/p>\n<p class=\"article-text\">A. El acto de alcance particular debe ser publicado en el Bolet\u00edn Oficial y el de alcance general debe ser notificado al interesado<\/p>\n<p class=\"article-text\">B. Ambos tipos de actos deben ser notificados al interesado y publicados en el Bolet\u00edn Oficial<\/p>\n<p class=\"article-text\">C. El acto de alcance particular debe ser notificado al interesado, y el de alcance general debe ser publicado en el Bolet\u00edn Oficial<\/p>\n<p class=\"article-text\">D. Ninguno de los actos necesita cumplir con un procedimiento espec\u00edfico para adquirir eficacia<\/p>\n<p class=\"article-text\">Respuesta: C (Ley de procedimiento Administrativo art.10)<\/p>\n<p class=\"article-text\"><strong>\u00bfCu\u00e1les son los \u00f3rganos rectores de los sistemas de control interno y externo del sector p\u00fablico nacional?<\/strong><\/p>\n<p class=\"article-text\">A. La Auditor\u00eda General de la Naci\u00f3n para el control interno y la Sindicatura General de la Naci\u00f3n para el control externo<\/p>\n<p class=\"article-text\">B. La Sindicatura General de la Naci\u00f3n para el control interno y la Auditor\u00eda General de la Naci\u00f3n para el control externo<\/p>\n<p class=\"article-text\">C. El Ministerio de Econom\u00eda para el control interno y la Auditor\u00eda General de la Naci\u00f3n para el control externo<\/p>\n<p class=\"article-text\">D. La Secretar\u00eda de Hacienda para el control interno y el Tribunal de Cuentas para el control externo<\/p>\n<p class=\"article-text\">Respuesta: B (Ley de Administraci\u00f3n Financiera art. 7)<\/p>\n<p class=\"article-text\"><strong>\u00bfQu\u00e9 organismos est\u00e1n incluidos en el art. 8 inciso a) de la Ley de Administraci\u00f3n Financiera y de los Sistemas de Control del Sector P\u00fablico Nacional?<\/strong><\/p>\n<p class=\"article-text\">A. La Administraci\u00f3n Nacional, conformada por la Administraci\u00f3n Central y los Organismos Descentralizados<\/p>\n<p class=\"article-text\">B. Empresas y Sociedades del Estado<\/p>\n<p class=\"article-text\">C. Entes P\u00fablicos con autarqu\u00eda financiera y personalidad jur\u00eddica propia<\/p>\n<p class=\"article-text\">D. Fondos Fiduciarios del Estado nacional<\/p>\n<p class=\"article-text\">Respuesta: A (Ley de Administraci\u00f3n Financiera art. 8)<\/p>\n<p class=\"article-text\"><strong>\u00bfEn cu\u00e1l de los siguientes casos se considera que un acto administrativo es de nulidad absoluta e insanable?<\/strong><\/p>\n<p class=\"article-text\">A. Cuando se dicta con errores menores de procedimiento<\/p>\n<p class=\"article-text\">B. Cuando careciere de causa por no existir o ser falsos los hechos o el derecho invocado<\/p>\n<p class=\"article-text\">C. Cuando el acto administrativo tiene errores de ortograf\u00eda<\/p>\n<p class=\"article-text\">D. Cuando el acto es emitido por una autoridad de menor rango que la requerida<\/p>\n<p class=\"article-text\">Respuesta: B (Ley de procedimiento Administrativo art.14)<\/p>\n<p class=\"article-text\"><strong>\u00bfQu\u00e9 tipo de nulidades pueden tener los actos administrativos?<\/strong><\/p>\n<p class=\"article-text\">A. Absoluta o relativa<\/p>\n<p class=\"article-text\">B. Absoluta o contundente<\/p>\n<p class=\"article-text\">C. Relativa o contundente<\/p>\n<p class=\"article-text\">D. Absoluta o provisoria<\/p>\n<p class=\"article-text\">Respuesta: A (Ley de procedimiento Administrativo art.14)<\/p>\n<h2 class=\"article-text\">SEP &#8211; Razonamiento L\u00f3gico Matem\u00e1tico<\/h2>\n<p class=\"article-text\">Para ver los ejemplos del examen referente a ejercicios matem\u00e1ticos,\u00a0<a class=\"link\" href=\"https:\/\/www.argentina.gob.ar\/sep-razonamiento-logico-matematico\" target=\"_blank\" rel=\"noopener\" data-mrf-recirculation=\"links-noticia\" data-mrf-link=\"https:\/\/www.argentina.gob.ar\/sep-razonamiento-logico-matematico\">ingresar aqu\u00ed<\/a>.<\/p>\n<p class=\"article-text\">Adem\u00e1s, se brinda material orientativo de estudio para practicar m\u00e1s:<\/p>\n<div class=\"list\">\n<ul>\n<li><a href=\"https:\/\/www.argentina.gob.ar\/sites\/default\/files\/2022\/07\/actividades_de_matematica_para_estudiantes.pdf\" target=\"_blank\" rel=\"noopener\" data-mrf-recirculation=\"links-noticia\" data-mrf-link=\"https:\/\/www.argentina.gob.ar\/sites\/default\/files\/2022\/07\/actividades_de_matematica_para_estudiantes.pdf\">Ejercicios de matem\u00e1tica para estudiantes<\/a><\/li>\n<li><a href=\"http:\/\/www.bnm.me.gov.ar\/giga1\/documentos\/EL004341.pdf\" target=\"_blank\" rel=\"noopener\" data-mrf-recirculation=\"links-noticia\" data-mrf-link=\"http:\/\/www.bnm.me.gov.ar\/giga1\/documentos\/EL004341.pdf\">Ejercicios de Matem\u00e1tica &#8211; M\u00f3dulo 1<\/a><\/li>\n<li><a href=\"http:\/\/www.bnm.me.gov.ar\/giga1\/documentos\/EL004342.pdf\" target=\"_blank\" rel=\"noopener\" data-mrf-recirculation=\"links-noticia\" data-mrf-link=\"http:\/\/www.bnm.me.gov.ar\/giga1\/documentos\/EL004342.pdf\">Ejercicios de Matem\u00e1tica &#8211; M\u00f3dulo 2<\/a><\/li>\n<li><a href=\"http:\/\/www.bnm.me.gov.ar\/giga1\/documentos\/EL004343.pdf\" target=\"_blank\" rel=\"noopener\" data-mrf-recirculation=\"links-noticia\" data-mrf-link=\"http:\/\/www.bnm.me.gov.ar\/giga1\/documentos\/EL004343.pdf\">Ejercicios de Matem\u00e1tica &#8211; M\u00f3dulo 3<\/a><\/li>\n<\/ul>\n<\/div>\n<p class=\"article-text\">Servicios generales y administrativos: m\u00f3dulo 1 unidad II sin potencia ni radicaci\u00f3n, unidad III, unidad V.<\/p>\n<p class=\"article-text\">Profesionales: m\u00f3dulo 1 unidad V, m\u00f3dulo 2 unidad 1 ecuaciones, unidad 4 funciones, m\u00f3dulo 3 unidad 3 proporcionalidad num\u00e9rica, unidad 4 estad\u00edstica descriptiva, unidad 5 proporcionalidad.<\/p>\n<h2 class=\"article-text\">Ejemplos<\/h2>\n<p class=\"article-text\"><strong>PREGUNTA:\u00a0<\/strong>La profundidad de los escalones depende de la altura de los escalones, y viceversa. Para calcular la profundidad o la altura, pod\u00e9s aplicar la \u201cf\u00f3rmula para escaleras\u201d: 2 alturas de escal\u00f3n + 1 profundidad de escal\u00f3n = 63 cm.<\/p>\n<p class=\"article-text\">\u00bfCu\u00e1l deber\u00eda ser la profundidad del escal\u00f3n cuando la altura del escal\u00f3n es 14 cm?<\/p>\n<p class=\"article-text\">A. 33<\/p>\n<p class=\"article-text\">B. 36<\/p>\n<p class=\"article-text\">C. 35<\/p>\n<p class=\"article-text\">D. 37<\/p>\n<p class=\"article-text\"><strong>Respuesta<\/strong>: C<\/p>\n<p class=\"article-text\">Sabemos que la altura del escal\u00f3n es 14, por lo cual, podemos meter este valor en la \u201cf\u00f3rmula para escaleras\u201d:<\/p>\n<p class=\"article-text\">2 x 14 cm + 1 profundidad de escal\u00f3n = 63 cm.<\/p>\n<p class=\"article-text\">28 cm + 1 profundidad de escal\u00f3n = 63 cm.<\/p>\n<p class=\"article-text\">1 profundidad de escal\u00f3n = 63 cm &#8211; 28 cm<\/p>\n<p class=\"article-text\">1 profundidad de escal\u00f3n = 35 cm<\/p>\n<p class=\"article-text\">Fuente: PISA, matem\u00e1ticas, actividades de simulaci\u00f3n.<\/p>\n<p class=\"article-text\"><strong>PREGUNTA:\u00a0<\/strong>El primer t\u00e9rmino en la secuencia de arriba es x, y los t\u00e9rminos subsiguientes son iguales al doble del anterior. \u00bfCu\u00e1l es la suma de los 5 primeros t\u00e9rminos de la secuencia?<\/p>\n<p class=\"article-text\">A. 10x<\/p>\n<p class=\"article-text\">B. 15x<\/p>\n<p class=\"article-text\">C. 30x<\/p>\n<p class=\"article-text\">D. 31x<\/p>\n<p class=\"article-text\"><strong>Respuesta<\/strong>: D. Primero hay que encontrar los primeros 5 t\u00e9rminos de la secuencia. Ya tenemos x, 2x, 4x. Los siguientes dos tienen que seguir cumpliendo la regla de que los t\u00e9rminos subsiguientes sean el doble que el anterior, por lo que el 4to t\u00e9rmino es 8x, y el 5to t\u00e9rmino es 16x.<\/p>\n<p class=\"article-text\">x + 2x + 4x + 8x + 16x = 31x<\/p>\n<p class=\"article-text\">Fuente: Erikthered, SAT examen de pr\u00e1ctica secci\u00f3n matem\u00e1tica nivel f\u00e1cil<\/p>\n<p class=\"article-text\"><strong>PREGUNTA:\u00a0<\/strong>Un n\u00famero es dividido por 4. Ese resultado es dividido por 4, llegando al resultado final de 2. \u00bfCu\u00e1l fue el n\u00famero original?<\/p>\n<p class=\"article-text\">A.2<\/p>\n<p class=\"article-text\">B.8<\/p>\n<p class=\"article-text\">C.16<\/p>\n<p class=\"article-text\">D.32<\/p>\n<p class=\"article-text\"><strong>Respuesta<\/strong>: D.<\/p>\n<p class=\"article-text\">Si tomo el 2 y lo multiplico dos veces por 4, llego al valor inicial. Por ende, el n\u00famero inicial es 2 x 4 x 4 = 32.<\/p>\n<p class=\"article-text\">Fuente: College Board, examen de pr\u00e1ctica SAT matem\u00e1ticas.<\/p>\n<p class=\"article-text\">abcdeabcdeabc\u2026<\/p>\n<p class=\"article-text\"><strong>PREGUNTA:\u00a0<\/strong>En la siguiente secuencia de letras la primera letra es la a, seguida de la b, c, d y e. Luego el patr\u00f3n vuelve a repetirse. \u00bfCu\u00e1l de las siguientes letras ocupa el lugar 31 en la secuencia?<\/p>\n<p class=\"article-text\">A. a<\/p>\n<p class=\"article-text\">B. b<\/p>\n<p class=\"article-text\">C. c<\/p>\n<p class=\"article-text\">D. d<\/p>\n<p class=\"article-text\">E. e<\/p>\n<p class=\"article-text\"><strong>Respuesta<\/strong>: A. Se ve que a cada 5 letras se repite el patr\u00f3n. Por ende, la primera letra va a ser igual a la sexta, a la und\u00e9cima, la decimosexta, la vigesimoprimera, la vigesimosexta y la trigesimoprimera. Por ende, la letra \u201ca\u201d ocupa el lugar 31 de la secuencia.<\/p>\n<p class=\"article-text\">Fuente: Erikthered, SAT examen de pr\u00e1ctica secci\u00f3n matem\u00e1tica nivel f\u00e1cil<\/p>\n<p class=\"article-text\"><strong>PREGUNTA:\u00a0<\/strong>Un granjero puede recoger 12 repollos en una hora. Trabajando al mismo ritmo \u00bfcu\u00e1ntas horas le llevar\u00eda a 2 granjeros recoger 48 repollos?<\/p>\n<p class=\"article-text\">A.1<\/p>\n<p class=\"article-text\">B.2<\/p>\n<p class=\"article-text\">C.4<\/p>\n<p class=\"article-text\">D.6<\/p>\n<p class=\"article-text\"><strong>Respuesta<\/strong>: B. Si un granjero recoge 12 repollos en una hora, 2 granjeros recogen el doble, es decir, 24. Al mismo ritmo, en 2 horas recoger\u00e1n 48 repollos.<\/p>\n<p class=\"article-text\">Fuente: Erikthered, SAT examen de pr\u00e1ctica secci\u00f3n matem\u00e1tica nivel f\u00e1cil<\/p>\n<p class=\"article-text\"><strong>PREGUNTA:\u00a0<\/strong>El mes de Julio tiene 31 d\u00edas \u00bfCu\u00e1l es la cantidad m\u00e1xima de s\u00e1bados que puede tener Julio?<\/p>\n<p class=\"article-text\">A:2<\/p>\n<p class=\"article-text\">B.3<\/p>\n<p class=\"article-text\">C.4<\/p>\n<p class=\"article-text\">D.5<\/p>\n<p class=\"article-text\"><strong>Respuesta<\/strong>: D.<\/p>\n<p class=\"article-text\">Necesitas saber que la semana tiene siete d\u00edas, lo que significa que despu\u00e9s de 28 d\u00edas, han habido 4 s\u00e1bados. De los 3 d\u00edas extras uno podr\u00eda ser un s\u00e1bado.<\/p>\n<p class=\"article-text\">Fuente: Erikthered, SAT examen de pr\u00e1ctica secci\u00f3n matem\u00e1tica nivel f\u00e1cil<\/p>\n<p class=\"article-text\"><strong>PREGUNTA:\u00a0<\/strong>Patricia es 27 a\u00f1os m\u00e1s grande que Maximiliano, que es 38 a\u00f1os m\u00e1s j\u00f3ven que Guillermo. \u00bfEn cuantos a\u00f1os Patricia tendr\u00e1 la edad que Guillermo tiene ahora?<\/p>\n<p class=\"article-text\">A.11<\/p>\n<p class=\"article-text\">B.10<\/p>\n<p class=\"article-text\">C.9<\/p>\n<p class=\"article-text\">D.13<\/p>\n<p class=\"article-text\"><strong>Respuesta<\/strong>: A. Como Guillermo es 38 a\u00f1os m\u00e1s grande que Maximiliano, y Patricia es 27 a\u00f1os m\u00e1s grande que Maximiliano, Guillemo es 11 a\u00f1os m\u00e1s grande que Patricia.<\/p>\n<p class=\"article-text\">Fuente: Erikthered, SAT examen de pr\u00e1ctica secci\u00f3n matem\u00e1tica nivel f\u00e1cil<\/p>\n<p class=\"article-text\"><strong>PREGUNTA:\u00a0<\/strong>Luis camina 600 metros en 10 minutos. Caminando al mismo ritmo \u00bfcu\u00e1ntos metros puede caminar en 10 segundos?<\/p>\n<p class=\"article-text\">A.4<\/p>\n<p class=\"article-text\">B.5<\/p>\n<p class=\"article-text\">C.10<\/p>\n<p class=\"article-text\">D.12<\/p>\n<p class=\"article-text\"><strong>Respuesta<\/strong>: C. Si hace 600 metros en 10 minutos, hace 60 metros por minuto. Como hay 60 segundos en un minuto, hace 1 metro por segundo. En 10 segundos hace 10 metros.<\/p>\n<p class=\"article-text\">Fuente: Erikthered, SAT examen de pr\u00e1ctica secci\u00f3n matem\u00e1tica nivel f\u00e1cil<\/p>\n<p class=\"article-text\"><strong>PREGUNTA:\u00a0<\/strong>Todos los repollos son rojos<\/p>\n<p class=\"article-text\">A. \u00bfCu\u00e1l de las siguientes afirmaciones muestra que la afirmaci\u00f3n es falsa?<\/p>\n<p class=\"article-text\">B. Cecilia est\u00e1 comiendo una manzana verde<\/p>\n<p class=\"article-text\">C. Theo no est\u00e1 comiendo un repollo rojo<\/p>\n<p class=\"article-text\">D. Valent\u00edn est\u00e1 comiendo un repollo verde<\/p>\n<p class=\"article-text\"><strong>Respuesta<\/strong>: D. Si Valent\u00edn est\u00e1 comiendo un repollo verde, no todos los repollos son rojos.<\/p>\n<p class=\"article-text\">Fuente: Erikthered, SAT examen de pr\u00e1ctica secci\u00f3n matem\u00e1tica nivel f\u00e1cil<\/p>\n<p class=\"article-text\">2 \u00e1rboles de pino crecen perpendiculares a un suelo liso. Uno de los 2 \u00e1rboles mide 10 metros y tiene una sombra de 5 metros. Al mismo tiempo, la sombra del otro \u00e1rbol es de 2 metros. \u00bfCu\u00e1n alto es, en metros, el otro \u00e1rbol?<\/p>\n<p class=\"article-text\">A. 3<\/p>\n<p class=\"article-text\">B. 4<\/p>\n<p class=\"article-text\">C. 8<\/p>\n<p class=\"article-text\">D. 27<\/p>\n<p class=\"article-text\"><strong>Respuesta<\/strong>: B<\/p>\n<p class=\"article-text\">Como el suelo es liso y no hay inclinaciones, al ser la sombra del primer \u00e1rbol la mitad de su altura podemos asumir lo mismo del segundo. Por lo cual, si la sombra es 2 metros su doble es 4 metros, siendo 4 la altura del \u00e1rbol.<\/p>\n<p class=\"article-text\">Fuente: College Board, examen de pr\u00e1ctica SAT matem\u00e1ticas.<\/p>\n<p class=\"article-text\"><strong>PREGUNTA:\u00a0<\/strong>De 300 semillas que se plantaron, brotaron m\u00e1s de la mitad. \u00bfQu\u00e9 total de semillas pudieron haber brotado?<\/p>\n<p class=\"article-text\">A. 20<\/p>\n<p class=\"article-text\">B. 140<\/p>\n<p class=\"article-text\">C. 250<\/p>\n<p class=\"article-text\">D. 320<\/p>\n<p class=\"article-text\"><strong>Respuesta<\/strong>: C. 20 y 140 son menos que la mitad, por lo cual no podr\u00edan ser el total. 320 es m\u00e1s que el total de semillas, por lo que la \u00fanica respuesta correcta es 250.<\/p>\n<p class=\"article-text\">Fuente: College Board, examen de pr\u00e1ctica SAT matem\u00e1ticas.<\/p>\n<p class=\"article-text\"><strong>PREGUNTA:\u00a0<\/strong>Un cliente gast\u00f3 $27 en comprar naranjas a $3 cada una. \u00bfCu\u00e1ntas naranjas compr\u00f3?<\/p>\n<p class=\"article-text\">A. 9<\/p>\n<p class=\"article-text\">B. 6<\/p>\n<p class=\"article-text\">C. 7<\/p>\n<p class=\"article-text\">D. 8<\/p>\n<p class=\"article-text\"><strong>Respuesta<\/strong>: A. 27 dividido 3 es 9.<\/p>\n<p class=\"article-text\">Fuente: College Board, examen de pr\u00e1ctica SAT matem\u00e1ticas.<\/p>\n<p class=\"article-text\"><strong>PREGUNTA:\u00a0<\/strong>13 es el valor p% de 25. \u00bfCu\u00e1l es el valor de p?<\/p>\n<p class=\"article-text\">A. 50<\/p>\n<p class=\"article-text\">B. 49<\/p>\n<p class=\"article-text\">C. 51<\/p>\n<p class=\"article-text\">D. 52<\/p>\n<p class=\"article-text\">Respuesta: D. 13 dividido 25 es 0.52. Es decir, 13 es el 52% de 25.<\/p>\n<p class=\"article-text\">Fuente: College Board, examen de pr\u00e1ctica SAT matem\u00e1ticas.<\/p>\n<p class=\"article-text\"><strong>PREGUNTA:\u00a0<\/strong>\u00bfQu\u00e9 longitud, en cent\u00edmetros, equivale a una longitud de 51 metros?<\/p>\n<p class=\"article-text\">(1 metros = 100 centimetros)<\/p>\n<p class=\"article-text\">A. 0,051<\/p>\n<p class=\"article-text\">B. 0,51<\/p>\n<p class=\"article-text\">C. 5.100<\/p>\n<p class=\"article-text\">D. 51.000<\/p>\n<div id=\"container-after-news-outlook\"><\/div>\n<p class=\"article-text\"><strong>Respuesta<\/strong>: C. 51 x 100 = 5.100<\/p>\n<p class=\"article-text\">Fuente: College Board, examen de pr\u00e1ctica SAT matem\u00e1ticas.<\/p>\n<\/div>\n<\/div>\n<\/div>\n","protected":false},"excerpt":{"rendered":"<p>El examen ser\u00e1 \u201cdigital, an\u00f3nimo y presencial\u201d y \u201cun requisito obligatorio para poder trabajar en la Administraci\u00f3n P\u00fablica Nacional\u201d, inform\u00f3 el Ministerio de Desregulaci\u00f3n y Transformaci\u00f3n del Estado, a cargo de Federico Sturzenegger. Los detalles y ejemplos de preguntas.<\/p>\n","protected":false},"author":3,"featured_media":109930,"comment_status":"closed","ping_status":"closed","sticky":false,"template":"","format":"standard","meta":{"footnotes":""},"categories":[24],"tags":[],"class_list":["post-109929","post","type-post","status-publish","format-standard","has-post-thumbnail","hentry","category-politica"],"yoast_head":"<!-- This site is optimized with the Yoast SEO plugin v25.9 - https:\/\/yoast.com\/wordpress\/plugins\/seo\/ -->\n<title>M\u00e1s de 40.000 empleados p\u00fablicos deber\u00e1n rendir examen para trabajar en el Estado: c\u00f3mo ser\u00e1 la evaluaci\u00f3n - Noticias Radio Reflejos<\/title>\n<meta name=\"robots\" content=\"index, follow, max-snippet:-1, max-image-preview:large, max-video-preview:-1\" \/>\n<link rel=\"canonical\" href=\"https:\/\/www.noticiasradioreflejos.com.ar\/2021\/mas-de-40-000-empleados-publicos-deberan-rendir-examen-para-trabajar-en-el-estado-como-sera-la-evaluacion\/\" \/>\n<meta property=\"og:locale\" content=\"es_ES\" \/>\n<meta property=\"og:type\" content=\"article\" \/>\n<meta property=\"og:title\" content=\"M\u00e1s de 40.000 empleados p\u00fablicos deber\u00e1n rendir examen para trabajar en el Estado: c\u00f3mo ser\u00e1 la evaluaci\u00f3n - Noticias Radio Reflejos\" \/>\n<meta property=\"og:description\" content=\"El examen ser\u00e1 \u201cdigital, an\u00f3nimo y presencial\u201d y \u201cun requisito obligatorio para poder trabajar en la Administraci\u00f3n P\u00fablica Nacional\u201d, inform\u00f3 el Ministerio de Desregulaci\u00f3n y Transformaci\u00f3n del Estado, a cargo de Federico Sturzenegger. Los detalles y ejemplos de preguntas.\" \/>\n<meta property=\"og:url\" content=\"https:\/\/www.noticiasradioreflejos.com.ar\/2021\/mas-de-40-000-empleados-publicos-deberan-rendir-examen-para-trabajar-en-el-estado-como-sera-la-evaluacion\/\" \/>\n<meta property=\"og:site_name\" content=\"Noticias Radio Reflejos\" \/>\n<meta property=\"article:published_time\" content=\"2024-11-22T11:21:54+00:00\" \/>\n<meta property=\"og:image\" content=\"https:\/\/www.noticiasradioreflejos.com.ar\/2021\/wp-content\/uploads\/2024\/11\/Empleados-publi.jpg\" \/>\n\t<meta property=\"og:image:width\" content=\"1200\" \/>\n\t<meta property=\"og:image:height\" content=\"675\" \/>\n\t<meta property=\"og:image:type\" content=\"image\/jpeg\" \/>\n<meta name=\"author\" content=\"Arnaldo Botto\" \/>\n<meta name=\"twitter:card\" content=\"summary_large_image\" \/>\n<script type=\"application\/ld+json\" class=\"yoast-schema-graph\">{\"@context\":\"https:\/\/schema.org\",\"@graph\":[{\"@type\":\"WebPage\",\"@id\":\"https:\/\/www.noticiasradioreflejos.com.ar\/2021\/mas-de-40-000-empleados-publicos-deberan-rendir-examen-para-trabajar-en-el-estado-como-sera-la-evaluacion\/\",\"url\":\"https:\/\/www.noticiasradioreflejos.com.ar\/2021\/mas-de-40-000-empleados-publicos-deberan-rendir-examen-para-trabajar-en-el-estado-como-sera-la-evaluacion\/\",\"name\":\"M\u00e1s de 40.000 empleados p\u00fablicos deber\u00e1n rendir examen para trabajar en el Estado: c\u00f3mo ser\u00e1 la evaluaci\u00f3n - Noticias Radio Reflejos\",\"isPartOf\":{\"@id\":\"https:\/\/www.noticiasradioreflejos.com.ar\/2021\/#website\"},\"primaryImageOfPage\":{\"@id\":\"https:\/\/www.noticiasradioreflejos.com.ar\/2021\/mas-de-40-000-empleados-publicos-deberan-rendir-examen-para-trabajar-en-el-estado-como-sera-la-evaluacion\/#primaryimage\"},\"image\":{\"@id\":\"https:\/\/www.noticiasradioreflejos.com.ar\/2021\/mas-de-40-000-empleados-publicos-deberan-rendir-examen-para-trabajar-en-el-estado-como-sera-la-evaluacion\/#primaryimage\"},\"thumbnailUrl\":\"https:\/\/www.noticiasradioreflejos.com.ar\/2021\/wp-content\/uploads\/2024\/11\/Empleados-publi.jpg\",\"datePublished\":\"2024-11-22T11:21:54+00:00\",\"author\":{\"@id\":\"https:\/\/www.noticiasradioreflejos.com.ar\/2021\/#\/schema\/person\/ad82545263dcc5ec0996818884fd5fb1\"},\"breadcrumb\":{\"@id\":\"https:\/\/www.noticiasradioreflejos.com.ar\/2021\/mas-de-40-000-empleados-publicos-deberan-rendir-examen-para-trabajar-en-el-estado-como-sera-la-evaluacion\/#breadcrumb\"},\"inLanguage\":\"es\",\"potentialAction\":[{\"@type\":\"ReadAction\",\"target\":[\"https:\/\/www.noticiasradioreflejos.com.ar\/2021\/mas-de-40-000-empleados-publicos-deberan-rendir-examen-para-trabajar-en-el-estado-como-sera-la-evaluacion\/\"]}]},{\"@type\":\"ImageObject\",\"inLanguage\":\"es\",\"@id\":\"https:\/\/www.noticiasradioreflejos.com.ar\/2021\/mas-de-40-000-empleados-publicos-deberan-rendir-examen-para-trabajar-en-el-estado-como-sera-la-evaluacion\/#primaryimage\",\"url\":\"https:\/\/www.noticiasradioreflejos.com.ar\/2021\/wp-content\/uploads\/2024\/11\/Empleados-publi.jpg\",\"contentUrl\":\"https:\/\/www.noticiasradioreflejos.com.ar\/2021\/wp-content\/uploads\/2024\/11\/Empleados-publi.jpg\",\"width\":1200,\"height\":675},{\"@type\":\"BreadcrumbList\",\"@id\":\"https:\/\/www.noticiasradioreflejos.com.ar\/2021\/mas-de-40-000-empleados-publicos-deberan-rendir-examen-para-trabajar-en-el-estado-como-sera-la-evaluacion\/#breadcrumb\",\"itemListElement\":[{\"@type\":\"ListItem\",\"position\":1,\"name\":\"Portada\",\"item\":\"https:\/\/www.noticiasradioreflejos.com.ar\/2021\/\"},{\"@type\":\"ListItem\",\"position\":2,\"name\":\"M\u00e1s de 40.000 empleados p\u00fablicos deber\u00e1n rendir examen para trabajar en el Estado: c\u00f3mo ser\u00e1 la evaluaci\u00f3n\"}]},{\"@type\":\"WebSite\",\"@id\":\"https:\/\/www.noticiasradioreflejos.com.ar\/2021\/#website\",\"url\":\"https:\/\/www.noticiasradioreflejos.com.ar\/2021\/\",\"name\":\"Noticias Radio Reflejos\",\"description\":\"Las noticias de mi comarca\",\"potentialAction\":[{\"@type\":\"SearchAction\",\"target\":{\"@type\":\"EntryPoint\",\"urlTemplate\":\"https:\/\/www.noticiasradioreflejos.com.ar\/2021\/?s={search_term_string}\"},\"query-input\":{\"@type\":\"PropertyValueSpecification\",\"valueRequired\":true,\"valueName\":\"search_term_string\"}}],\"inLanguage\":\"es\"},{\"@type\":\"Person\",\"@id\":\"https:\/\/www.noticiasradioreflejos.com.ar\/2021\/#\/schema\/person\/ad82545263dcc5ec0996818884fd5fb1\",\"name\":\"Arnaldo Botto\",\"image\":{\"@type\":\"ImageObject\",\"inLanguage\":\"es\",\"@id\":\"https:\/\/www.noticiasradioreflejos.com.ar\/2021\/#\/schema\/person\/image\/\",\"url\":\"https:\/\/secure.gravatar.com\/avatar\/55cb5e37c1efa326397366e6974cb338056df65cb50e7d64d1cf314e87504837?s=96&d=mm&r=g\",\"contentUrl\":\"https:\/\/secure.gravatar.com\/avatar\/55cb5e37c1efa326397366e6974cb338056df65cb50e7d64d1cf314e87504837?s=96&d=mm&r=g\",\"caption\":\"Arnaldo Botto\"},\"url\":\"https:\/\/www.noticiasradioreflejos.com.ar\/2021\/author\/arnaldo\/\"}]}<\/script>\n<!-- \/ Yoast SEO plugin. -->","yoast_head_json":{"title":"M\u00e1s de 40.000 empleados p\u00fablicos deber\u00e1n rendir examen para trabajar en el Estado: c\u00f3mo ser\u00e1 la evaluaci\u00f3n - Noticias Radio Reflejos","robots":{"index":"index","follow":"follow","max-snippet":"max-snippet:-1","max-image-preview":"max-image-preview:large","max-video-preview":"max-video-preview:-1"},"canonical":"https:\/\/www.noticiasradioreflejos.com.ar\/2021\/mas-de-40-000-empleados-publicos-deberan-rendir-examen-para-trabajar-en-el-estado-como-sera-la-evaluacion\/","og_locale":"es_ES","og_type":"article","og_title":"M\u00e1s de 40.000 empleados p\u00fablicos deber\u00e1n rendir examen para trabajar en el Estado: c\u00f3mo ser\u00e1 la evaluaci\u00f3n - Noticias Radio Reflejos","og_description":"El examen ser\u00e1 \u201cdigital, an\u00f3nimo y presencial\u201d y \u201cun requisito obligatorio para poder trabajar en la Administraci\u00f3n P\u00fablica Nacional\u201d, inform\u00f3 el Ministerio de Desregulaci\u00f3n y Transformaci\u00f3n del Estado, a cargo de Federico Sturzenegger. Los detalles y ejemplos de preguntas.","og_url":"https:\/\/www.noticiasradioreflejos.com.ar\/2021\/mas-de-40-000-empleados-publicos-deberan-rendir-examen-para-trabajar-en-el-estado-como-sera-la-evaluacion\/","og_site_name":"Noticias Radio Reflejos","article_published_time":"2024-11-22T11:21:54+00:00","og_image":[{"width":1200,"height":675,"url":"https:\/\/www.noticiasradioreflejos.com.ar\/2021\/wp-content\/uploads\/2024\/11\/Empleados-publi.jpg","type":"image\/jpeg"}],"author":"Arnaldo Botto","twitter_card":"summary_large_image","schema":{"@context":"https:\/\/schema.org","@graph":[{"@type":"WebPage","@id":"https:\/\/www.noticiasradioreflejos.com.ar\/2021\/mas-de-40-000-empleados-publicos-deberan-rendir-examen-para-trabajar-en-el-estado-como-sera-la-evaluacion\/","url":"https:\/\/www.noticiasradioreflejos.com.ar\/2021\/mas-de-40-000-empleados-publicos-deberan-rendir-examen-para-trabajar-en-el-estado-como-sera-la-evaluacion\/","name":"M\u00e1s de 40.000 empleados p\u00fablicos deber\u00e1n rendir examen para trabajar en el Estado: c\u00f3mo ser\u00e1 la evaluaci\u00f3n - Noticias Radio Reflejos","isPartOf":{"@id":"https:\/\/www.noticiasradioreflejos.com.ar\/2021\/#website"},"primaryImageOfPage":{"@id":"https:\/\/www.noticiasradioreflejos.com.ar\/2021\/mas-de-40-000-empleados-publicos-deberan-rendir-examen-para-trabajar-en-el-estado-como-sera-la-evaluacion\/#primaryimage"},"image":{"@id":"https:\/\/www.noticiasradioreflejos.com.ar\/2021\/mas-de-40-000-empleados-publicos-deberan-rendir-examen-para-trabajar-en-el-estado-como-sera-la-evaluacion\/#primaryimage"},"thumbnailUrl":"https:\/\/www.noticiasradioreflejos.com.ar\/2021\/wp-content\/uploads\/2024\/11\/Empleados-publi.jpg","datePublished":"2024-11-22T11:21:54+00:00","author":{"@id":"https:\/\/www.noticiasradioreflejos.com.ar\/2021\/#\/schema\/person\/ad82545263dcc5ec0996818884fd5fb1"},"breadcrumb":{"@id":"https:\/\/www.noticiasradioreflejos.com.ar\/2021\/mas-de-40-000-empleados-publicos-deberan-rendir-examen-para-trabajar-en-el-estado-como-sera-la-evaluacion\/#breadcrumb"},"inLanguage":"es","potentialAction":[{"@type":"ReadAction","target":["https:\/\/www.noticiasradioreflejos.com.ar\/2021\/mas-de-40-000-empleados-publicos-deberan-rendir-examen-para-trabajar-en-el-estado-como-sera-la-evaluacion\/"]}]},{"@type":"ImageObject","inLanguage":"es","@id":"https:\/\/www.noticiasradioreflejos.com.ar\/2021\/mas-de-40-000-empleados-publicos-deberan-rendir-examen-para-trabajar-en-el-estado-como-sera-la-evaluacion\/#primaryimage","url":"https:\/\/www.noticiasradioreflejos.com.ar\/2021\/wp-content\/uploads\/2024\/11\/Empleados-publi.jpg","contentUrl":"https:\/\/www.noticiasradioreflejos.com.ar\/2021\/wp-content\/uploads\/2024\/11\/Empleados-publi.jpg","width":1200,"height":675},{"@type":"BreadcrumbList","@id":"https:\/\/www.noticiasradioreflejos.com.ar\/2021\/mas-de-40-000-empleados-publicos-deberan-rendir-examen-para-trabajar-en-el-estado-como-sera-la-evaluacion\/#breadcrumb","itemListElement":[{"@type":"ListItem","position":1,"name":"Portada","item":"https:\/\/www.noticiasradioreflejos.com.ar\/2021\/"},{"@type":"ListItem","position":2,"name":"M\u00e1s de 40.000 empleados p\u00fablicos deber\u00e1n rendir examen para trabajar en el Estado: c\u00f3mo ser\u00e1 la evaluaci\u00f3n"}]},{"@type":"WebSite","@id":"https:\/\/www.noticiasradioreflejos.com.ar\/2021\/#website","url":"https:\/\/www.noticiasradioreflejos.com.ar\/2021\/","name":"Noticias Radio Reflejos","description":"Las noticias de mi comarca","potentialAction":[{"@type":"SearchAction","target":{"@type":"EntryPoint","urlTemplate":"https:\/\/www.noticiasradioreflejos.com.ar\/2021\/?s={search_term_string}"},"query-input":{"@type":"PropertyValueSpecification","valueRequired":true,"valueName":"search_term_string"}}],"inLanguage":"es"},{"@type":"Person","@id":"https:\/\/www.noticiasradioreflejos.com.ar\/2021\/#\/schema\/person\/ad82545263dcc5ec0996818884fd5fb1","name":"Arnaldo Botto","image":{"@type":"ImageObject","inLanguage":"es","@id":"https:\/\/www.noticiasradioreflejos.com.ar\/2021\/#\/schema\/person\/image\/","url":"https:\/\/secure.gravatar.com\/avatar\/55cb5e37c1efa326397366e6974cb338056df65cb50e7d64d1cf314e87504837?s=96&d=mm&r=g","contentUrl":"https:\/\/secure.gravatar.com\/avatar\/55cb5e37c1efa326397366e6974cb338056df65cb50e7d64d1cf314e87504837?s=96&d=mm&r=g","caption":"Arnaldo Botto"},"url":"https:\/\/www.noticiasradioreflejos.com.ar\/2021\/author\/arnaldo\/"}]}},"_links":{"self":[{"href":"https:\/\/www.noticiasradioreflejos.com.ar\/2021\/wp-json\/wp\/v2\/posts\/109929","targetHints":{"allow":["GET"]}}],"collection":[{"href":"https:\/\/www.noticiasradioreflejos.com.ar\/2021\/wp-json\/wp\/v2\/posts"}],"about":[{"href":"https:\/\/www.noticiasradioreflejos.com.ar\/2021\/wp-json\/wp\/v2\/types\/post"}],"author":[{"embeddable":true,"href":"https:\/\/www.noticiasradioreflejos.com.ar\/2021\/wp-json\/wp\/v2\/users\/3"}],"replies":[{"embeddable":true,"href":"https:\/\/www.noticiasradioreflejos.com.ar\/2021\/wp-json\/wp\/v2\/comments?post=109929"}],"version-history":[{"count":1,"href":"https:\/\/www.noticiasradioreflejos.com.ar\/2021\/wp-json\/wp\/v2\/posts\/109929\/revisions"}],"predecessor-version":[{"id":109931,"href":"https:\/\/www.noticiasradioreflejos.com.ar\/2021\/wp-json\/wp\/v2\/posts\/109929\/revisions\/109931"}],"wp:featuredmedia":[{"embeddable":true,"href":"https:\/\/www.noticiasradioreflejos.com.ar\/2021\/wp-json\/wp\/v2\/media\/109930"}],"wp:attachment":[{"href":"https:\/\/www.noticiasradioreflejos.com.ar\/2021\/wp-json\/wp\/v2\/media?parent=109929"}],"wp:term":[{"taxonomy":"category","embeddable":true,"href":"https:\/\/www.noticiasradioreflejos.com.ar\/2021\/wp-json\/wp\/v2\/categories?post=109929"},{"taxonomy":"post_tag","embeddable":true,"href":"https:\/\/www.noticiasradioreflejos.com.ar\/2021\/wp-json\/wp\/v2\/tags?post=109929"}],"curies":[{"name":"wp","href":"https:\/\/api.w.org\/{rel}","templated":true}]}}