{"id":109920,"date":"2024-11-21T17:25:49","date_gmt":"2024-11-21T20:25:49","guid":{"rendered":"https:\/\/www.noticiasradioreflejos.com.ar\/2021\/?p=109920"},"modified":"2024-11-21T17:25:49","modified_gmt":"2024-11-21T20:25:49","slug":"condenaron-a-ocho-anos-de-prision-a-seis-ex-militares-por-la-muerte-del-soldado-matias-chirino","status":"publish","type":"post","link":"https:\/\/www.noticiasradioreflejos.com.ar\/2021\/condenaron-a-ocho-anos-de-prision-a-seis-ex-militares-por-la-muerte-del-soldado-matias-chirino\/","title":{"rendered":"Condenaron a ocho a\u00f1os de prisi\u00f3n a seis ex militares por la muerte del soldado Mat\u00edas Chirino"},"content":{"rendered":"<p>El joven muri\u00f3 durante un \u201crito de iniciaci\u00f3n\u201d en junio de 2022 en Paso de los Libres, Corrientes.<!--more--><\/p>\n<div class=\"partner-wrapper article-page__body-row\">\n<div class=\"second-col\">\n<p class=\"article-text\">El Tribunal Oral del distrito Criminal Federal de Corrientes\u00a0conden\u00f3 este jueves a seis de los nueve acusados por la muerte del joven\u00a0subteniente\u00a0<strong>Mat\u00edas Chirino<\/strong>\u00a0en un batall\u00f3n durante un rito de iniciaci\u00f3n del Ej\u00e9rcito Argentino en Paso de los Libres, en junio de 2022.<\/p>\n<p class=\"article-text\">Los condenados a ocho a\u00f1os de prisi\u00f3n por el delito de abandono de persona en concurso con abuso de autoridad son:\u00a0Rub\u00e9n Dar\u00edo Ruiz, Claudio Andr\u00e9s Luna y Hugo Reclus Mart\u00ednez T\u00e1rraga, el teniente Exequiel Emanuel Aguilar, el teniente primero Dar\u00edo Emanuel Mart\u00ednez y el subteniente Luis Facundo Acosta.<\/p>\n<p class=\"article-text\">Los ex soldados\u00a0Gerardo Sebasti\u00e1n Bautista, Franco Dami\u00e1n Grupico y Claudia Daniela Cayata fueron absueltos.\u00a0El primero de ellos lleg\u00f3 a juicio en prisi\u00f3n acusado de ser coautor de homicidio. Los dos restantes nunca fueron presos y fueron sindicados como part\u00edcipes secundarios del hecho.<\/p>\n<p class=\"article-text\">Por \u00faltimo, se mencion\u00f3 que ninguno de los nueve imputados fue condenado por homicidio, la calificaci\u00f3n que lleg\u00f3 a juicio y por la cual la Fiscal\u00eda General de Corrientes, a cargo de Carlos Schaefer, hab\u00eda reclamado 20 a\u00f1os de prisi\u00f3n efectiva.<\/p>\n<div id=\"container-after-news-outlook\"><\/div>\n<h2 class=\"article-text\">El caso<\/h2>\n<p class=\"article-text\">En junio de 2022 Chirino fue obligado a consumir alcohol en exceso, con el est\u00f3mago vac\u00edo, a realizar ejercicios extenuantes y a sumergirse en una pileta junto a otros dos subtenientes en medio de un ritual de iniciaci\u00f3n.<\/p>\n<p class=\"article-text\">De la reconstrucci\u00f3n se resalta que los militares forzaron a los tres j\u00f3venes para que se colocaran la ropa de gimnasia de verano y se sumergieron en la pileta del casino de oficiales, cuya agua se encontraba sucia y a baja temperatura.\u00a0Adem\u00e1s les ordenaron que se alejaran de sus celulares para que no contaran lo que ocurr\u00eda.<\/p>\n<\/div>\n<\/div>\n","protected":false},"excerpt":{"rendered":"<p>El joven muri\u00f3 durante un \u201crito de iniciaci\u00f3n\u201d en junio de 2022 en Paso de los Libres, Corrientes.<\/p>\n","protected":false},"author":3,"featured_media":109921,"comment_status":"closed","ping_status":"closed","sticky":false,"template":"","format":"standard","meta":{"footnotes":""},"categories":[57],"tags":[],"class_list":["post-109920","post","type-post","status-publish","format-standard","has-post-thumbnail","hentry","category-judiciales"],"yoast_head":"<!-- This site is optimized with the Yoast SEO plugin v25.9 - https:\/\/yoast.com\/wordpress\/plugins\/seo\/ -->\n<title>Condenaron a ocho a\u00f1os de prisi\u00f3n a seis ex militares por la muerte del soldado Mat\u00edas Chirino - Noticias Radio Reflejos<\/title>\n<meta name=\"robots\" content=\"index, follow, max-snippet:-1, max-image-preview:large, max-video-preview:-1\" \/>\n<link rel=\"canonical\" href=\"https:\/\/www.noticiasradioreflejos.com.ar\/2021\/condenaron-a-ocho-anos-de-prision-a-seis-ex-militares-por-la-muerte-del-soldado-matias-chirino\/\" \/>\n<meta property=\"og:locale\" content=\"es_ES\" \/>\n<meta property=\"og:type\" content=\"article\" \/>\n<meta property=\"og:title\" content=\"Condenaron a ocho a\u00f1os de prisi\u00f3n a seis ex militares por la muerte del soldado Mat\u00edas Chirino - Noticias Radio Reflejos\" \/>\n<meta property=\"og:description\" content=\"El joven muri\u00f3 durante un \u201crito de iniciaci\u00f3n\u201d en junio de 2022 en Paso de los Libres, Corrientes.\" \/>\n<meta property=\"og:url\" content=\"https:\/\/www.noticiasradioreflejos.com.ar\/2021\/condenaron-a-ocho-anos-de-prision-a-seis-ex-militares-por-la-muerte-del-soldado-matias-chirino\/\" \/>\n<meta property=\"og:site_name\" content=\"Noticias Radio Reflejos\" \/>\n<meta property=\"article:published_time\" content=\"2024-11-21T20:25:49+00:00\" \/>\n<meta property=\"og:image\" content=\"https:\/\/www.noticiasradioreflejos.com.ar\/2021\/wp-content\/uploads\/2024\/11\/Chirino.jpg\" \/>\n\t<meta property=\"og:image:width\" content=\"1200\" \/>\n\t<meta property=\"og:image:height\" content=\"675\" \/>\n\t<meta property=\"og:image:type\" content=\"image\/jpeg\" \/>\n<meta name=\"author\" content=\"Arnaldo Botto\" \/>\n<meta name=\"twitter:card\" content=\"summary_large_image\" \/>\n<script type=\"application\/ld+json\" class=\"yoast-schema-graph\">{\"@context\":\"https:\/\/schema.org\",\"@graph\":[{\"@type\":\"WebPage\",\"@id\":\"https:\/\/www.noticiasradioreflejos.com.ar\/2021\/condenaron-a-ocho-anos-de-prision-a-seis-ex-militares-por-la-muerte-del-soldado-matias-chirino\/\",\"url\":\"https:\/\/www.noticiasradioreflejos.com.ar\/2021\/condenaron-a-ocho-anos-de-prision-a-seis-ex-militares-por-la-muerte-del-soldado-matias-chirino\/\",\"name\":\"Condenaron a ocho a\u00f1os de prisi\u00f3n a seis ex militares por la muerte del soldado Mat\u00edas Chirino - Noticias Radio Reflejos\",\"isPartOf\":{\"@id\":\"https:\/\/www.noticiasradioreflejos.com.ar\/2021\/#website\"},\"primaryImageOfPage\":{\"@id\":\"https:\/\/www.noticiasradioreflejos.com.ar\/2021\/condenaron-a-ocho-anos-de-prision-a-seis-ex-militares-por-la-muerte-del-soldado-matias-chirino\/#primaryimage\"},\"image\":{\"@id\":\"https:\/\/www.noticiasradioreflejos.com.ar\/2021\/condenaron-a-ocho-anos-de-prision-a-seis-ex-militares-por-la-muerte-del-soldado-matias-chirino\/#primaryimage\"},\"thumbnailUrl\":\"https:\/\/www.noticiasradioreflejos.com.ar\/2021\/wp-content\/uploads\/2024\/11\/Chirino.jpg\",\"datePublished\":\"2024-11-21T20:25:49+00:00\",\"author\":{\"@id\":\"https:\/\/www.noticiasradioreflejos.com.ar\/2021\/#\/schema\/person\/ad82545263dcc5ec0996818884fd5fb1\"},\"breadcrumb\":{\"@id\":\"https:\/\/www.noticiasradioreflejos.com.ar\/2021\/condenaron-a-ocho-anos-de-prision-a-seis-ex-militares-por-la-muerte-del-soldado-matias-chirino\/#breadcrumb\"},\"inLanguage\":\"es\",\"potentialAction\":[{\"@type\":\"ReadAction\",\"target\":[\"https:\/\/www.noticiasradioreflejos.com.ar\/2021\/condenaron-a-ocho-anos-de-prision-a-seis-ex-militares-por-la-muerte-del-soldado-matias-chirino\/\"]}]},{\"@type\":\"ImageObject\",\"inLanguage\":\"es\",\"@id\":\"https:\/\/www.noticiasradioreflejos.com.ar\/2021\/condenaron-a-ocho-anos-de-prision-a-seis-ex-militares-por-la-muerte-del-soldado-matias-chirino\/#primaryimage\",\"url\":\"https:\/\/www.noticiasradioreflejos.com.ar\/2021\/wp-content\/uploads\/2024\/11\/Chirino.jpg\",\"contentUrl\":\"https:\/\/www.noticiasradioreflejos.com.ar\/2021\/wp-content\/uploads\/2024\/11\/Chirino.jpg\",\"width\":1200,\"height\":675},{\"@type\":\"BreadcrumbList\",\"@id\":\"https:\/\/www.noticiasradioreflejos.com.ar\/2021\/condenaron-a-ocho-anos-de-prision-a-seis-ex-militares-por-la-muerte-del-soldado-matias-chirino\/#breadcrumb\",\"itemListElement\":[{\"@type\":\"ListItem\",\"position\":1,\"name\":\"Portada\",\"item\":\"https:\/\/www.noticiasradioreflejos.com.ar\/2021\/\"},{\"@type\":\"ListItem\",\"position\":2,\"name\":\"Condenaron a ocho a\u00f1os de prisi\u00f3n a seis ex militares por la muerte del soldado Mat\u00edas Chirino\"}]},{\"@type\":\"WebSite\",\"@id\":\"https:\/\/www.noticiasradioreflejos.com.ar\/2021\/#website\",\"url\":\"https:\/\/www.noticiasradioreflejos.com.ar\/2021\/\",\"name\":\"Noticias Radio Reflejos\",\"description\":\"Las noticias de mi comarca\",\"potentialAction\":[{\"@type\":\"SearchAction\",\"target\":{\"@type\":\"EntryPoint\",\"urlTemplate\":\"https:\/\/www.noticiasradioreflejos.com.ar\/2021\/?s={search_term_string}\"},\"query-input\":{\"@type\":\"PropertyValueSpecification\",\"valueRequired\":true,\"valueName\":\"search_term_string\"}}],\"inLanguage\":\"es\"},{\"@type\":\"Person\",\"@id\":\"https:\/\/www.noticiasradioreflejos.com.ar\/2021\/#\/schema\/person\/ad82545263dcc5ec0996818884fd5fb1\",\"name\":\"Arnaldo Botto\",\"image\":{\"@type\":\"ImageObject\",\"inLanguage\":\"es\",\"@id\":\"https:\/\/www.noticiasradioreflejos.com.ar\/2021\/#\/schema\/person\/image\/\",\"url\":\"https:\/\/secure.gravatar.com\/avatar\/55cb5e37c1efa326397366e6974cb338056df65cb50e7d64d1cf314e87504837?s=96&d=mm&r=g\",\"contentUrl\":\"https:\/\/secure.gravatar.com\/avatar\/55cb5e37c1efa326397366e6974cb338056df65cb50e7d64d1cf314e87504837?s=96&d=mm&r=g\",\"caption\":\"Arnaldo Botto\"},\"url\":\"https:\/\/www.noticiasradioreflejos.com.ar\/2021\/author\/arnaldo\/\"}]}<\/script>\n<!-- \/ Yoast SEO plugin. -->","yoast_head_json":{"title":"Condenaron a ocho a\u00f1os de prisi\u00f3n a seis ex militares por la muerte del soldado Mat\u00edas Chirino - Noticias Radio Reflejos","robots":{"index":"index","follow":"follow","max-snippet":"max-snippet:-1","max-image-preview":"max-image-preview:large","max-video-preview":"max-video-preview:-1"},"canonical":"https:\/\/www.noticiasradioreflejos.com.ar\/2021\/condenaron-a-ocho-anos-de-prision-a-seis-ex-militares-por-la-muerte-del-soldado-matias-chirino\/","og_locale":"es_ES","og_type":"article","og_title":"Condenaron a ocho a\u00f1os de prisi\u00f3n a seis ex militares por la muerte del soldado Mat\u00edas Chirino - Noticias Radio Reflejos","og_description":"El joven muri\u00f3 durante un \u201crito de iniciaci\u00f3n\u201d en junio de 2022 en Paso de los Libres, Corrientes.","og_url":"https:\/\/www.noticiasradioreflejos.com.ar\/2021\/condenaron-a-ocho-anos-de-prision-a-seis-ex-militares-por-la-muerte-del-soldado-matias-chirino\/","og_site_name":"Noticias Radio Reflejos","article_published_time":"2024-11-21T20:25:49+00:00","og_image":[{"width":1200,"height":675,"url":"https:\/\/www.noticiasradioreflejos.com.ar\/2021\/wp-content\/uploads\/2024\/11\/Chirino.jpg","type":"image\/jpeg"}],"author":"Arnaldo Botto","twitter_card":"summary_large_image","schema":{"@context":"https:\/\/schema.org","@graph":[{"@type":"WebPage","@id":"https:\/\/www.noticiasradioreflejos.com.ar\/2021\/condenaron-a-ocho-anos-de-prision-a-seis-ex-militares-por-la-muerte-del-soldado-matias-chirino\/","url":"https:\/\/www.noticiasradioreflejos.com.ar\/2021\/condenaron-a-ocho-anos-de-prision-a-seis-ex-militares-por-la-muerte-del-soldado-matias-chirino\/","name":"Condenaron a ocho a\u00f1os de prisi\u00f3n a seis ex militares por la muerte del soldado Mat\u00edas Chirino - Noticias Radio Reflejos","isPartOf":{"@id":"https:\/\/www.noticiasradioreflejos.com.ar\/2021\/#website"},"primaryImageOfPage":{"@id":"https:\/\/www.noticiasradioreflejos.com.ar\/2021\/condenaron-a-ocho-anos-de-prision-a-seis-ex-militares-por-la-muerte-del-soldado-matias-chirino\/#primaryimage"},"image":{"@id":"https:\/\/www.noticiasradioreflejos.com.ar\/2021\/condenaron-a-ocho-anos-de-prision-a-seis-ex-militares-por-la-muerte-del-soldado-matias-chirino\/#primaryimage"},"thumbnailUrl":"https:\/\/www.noticiasradioreflejos.com.ar\/2021\/wp-content\/uploads\/2024\/11\/Chirino.jpg","datePublished":"2024-11-21T20:25:49+00:00","author":{"@id":"https:\/\/www.noticiasradioreflejos.com.ar\/2021\/#\/schema\/person\/ad82545263dcc5ec0996818884fd5fb1"},"breadcrumb":{"@id":"https:\/\/www.noticiasradioreflejos.com.ar\/2021\/condenaron-a-ocho-anos-de-prision-a-seis-ex-militares-por-la-muerte-del-soldado-matias-chirino\/#breadcrumb"},"inLanguage":"es","potentialAction":[{"@type":"ReadAction","target":["https:\/\/www.noticiasradioreflejos.com.ar\/2021\/condenaron-a-ocho-anos-de-prision-a-seis-ex-militares-por-la-muerte-del-soldado-matias-chirino\/"]}]},{"@type":"ImageObject","inLanguage":"es","@id":"https:\/\/www.noticiasradioreflejos.com.ar\/2021\/condenaron-a-ocho-anos-de-prision-a-seis-ex-militares-por-la-muerte-del-soldado-matias-chirino\/#primaryimage","url":"https:\/\/www.noticiasradioreflejos.com.ar\/2021\/wp-content\/uploads\/2024\/11\/Chirino.jpg","contentUrl":"https:\/\/www.noticiasradioreflejos.com.ar\/2021\/wp-content\/uploads\/2024\/11\/Chirino.jpg","width":1200,"height":675},{"@type":"BreadcrumbList","@id":"https:\/\/www.noticiasradioreflejos.com.ar\/2021\/condenaron-a-ocho-anos-de-prision-a-seis-ex-militares-por-la-muerte-del-soldado-matias-chirino\/#breadcrumb","itemListElement":[{"@type":"ListItem","position":1,"name":"Portada","item":"https:\/\/www.noticiasradioreflejos.com.ar\/2021\/"},{"@type":"ListItem","position":2,"name":"Condenaron a ocho a\u00f1os de prisi\u00f3n a seis ex militares por la muerte del soldado Mat\u00edas Chirino"}]},{"@type":"WebSite","@id":"https:\/\/www.noticiasradioreflejos.com.ar\/2021\/#website","url":"https:\/\/www.noticiasradioreflejos.com.ar\/2021\/","name":"Noticias Radio Reflejos","description":"Las noticias de mi comarca","potentialAction":[{"@type":"SearchAction","target":{"@type":"EntryPoint","urlTemplate":"https:\/\/www.noticiasradioreflejos.com.ar\/2021\/?s={search_term_string}"},"query-input":{"@type":"PropertyValueSpecification","valueRequired":true,"valueName":"search_term_string"}}],"inLanguage":"es"},{"@type":"Person","@id":"https:\/\/www.noticiasradioreflejos.com.ar\/2021\/#\/schema\/person\/ad82545263dcc5ec0996818884fd5fb1","name":"Arnaldo Botto","image":{"@type":"ImageObject","inLanguage":"es","@id":"https:\/\/www.noticiasradioreflejos.com.ar\/2021\/#\/schema\/person\/image\/","url":"https:\/\/secure.gravatar.com\/avatar\/55cb5e37c1efa326397366e6974cb338056df65cb50e7d64d1cf314e87504837?s=96&d=mm&r=g","contentUrl":"https:\/\/secure.gravatar.com\/avatar\/55cb5e37c1efa326397366e6974cb338056df65cb50e7d64d1cf314e87504837?s=96&d=mm&r=g","caption":"Arnaldo Botto"},"url":"https:\/\/www.noticiasradioreflejos.com.ar\/2021\/author\/arnaldo\/"}]}},"_links":{"self":[{"href":"https:\/\/www.noticiasradioreflejos.com.ar\/2021\/wp-json\/wp\/v2\/posts\/109920","targetHints":{"allow":["GET"]}}],"collection":[{"href":"https:\/\/www.noticiasradioreflejos.com.ar\/2021\/wp-json\/wp\/v2\/posts"}],"about":[{"href":"https:\/\/www.noticiasradioreflejos.com.ar\/2021\/wp-json\/wp\/v2\/types\/post"}],"author":[{"embeddable":true,"href":"https:\/\/www.noticiasradioreflejos.com.ar\/2021\/wp-json\/wp\/v2\/users\/3"}],"replies":[{"embeddable":true,"href":"https:\/\/www.noticiasradioreflejos.com.ar\/2021\/wp-json\/wp\/v2\/comments?post=109920"}],"version-history":[{"count":1,"href":"https:\/\/www.noticiasradioreflejos.com.ar\/2021\/wp-json\/wp\/v2\/posts\/109920\/revisions"}],"predecessor-version":[{"id":109922,"href":"https:\/\/www.noticiasradioreflejos.com.ar\/2021\/wp-json\/wp\/v2\/posts\/109920\/revisions\/109922"}],"wp:featuredmedia":[{"embeddable":true,"href":"https:\/\/www.noticiasradioreflejos.com.ar\/2021\/wp-json\/wp\/v2\/media\/109921"}],"wp:attachment":[{"href":"https:\/\/www.noticiasradioreflejos.com.ar\/2021\/wp-json\/wp\/v2\/media?parent=109920"}],"wp:term":[{"taxonomy":"category","embeddable":true,"href":"https:\/\/www.noticiasradioreflejos.com.ar\/2021\/wp-json\/wp\/v2\/categories?post=109920"},{"taxonomy":"post_tag","embeddable":true,"href":"https:\/\/www.noticiasradioreflejos.com.ar\/2021\/wp-json\/wp\/v2\/tags?post=109920"}],"curies":[{"name":"wp","href":"https:\/\/api.w.org\/{rel}","templated":true}]}}