{"id":10990,"date":"2017-06-07T12:56:11","date_gmt":"2017-06-07T15:56:11","guid":{"rendered":"http:\/\/noticiasradioreflejos.com.ar\/noticias\/?p=10990"},"modified":"2017-06-07T12:56:11","modified_gmt":"2017-06-07T15:56:11","slug":"informe-sesion-ordinaria-del-dia-06-06-17","status":"publish","type":"post","link":"https:\/\/www.noticiasradioreflejos.com.ar\/2021\/informe-sesion-ordinaria-del-dia-06-06-17\/","title":{"rendered":"Informe Sesi\u00f3n Ordinaria del d\u00eda 06-06-17"},"content":{"rendered":"<p><a title=\"P1060657\" href=\"http:\/\/farm5.staticflickr.com\/4256\/35119517276_3833790a9f.jpg\" rel=\"\"><img loading=\"lazy\" decoding=\"async\" class=\"alignleft\" style=\"float: left;\" title=\"P1060657\" src=\"http:\/\/farm5.staticflickr.com\/4256\/35119517276_3833790a9f.jpg\" alt=\"P1060657\" width=\"500\" height=\"297\" \/><\/a>El Honorable Concejo Deliberante de Tornquist sesion\u00f3 este martes 6 de junio en el recinto del palacio municipal.la sesi\u00f3n:<br \/>\nEl acta oficial de la sesi\u00f3n:<br \/>\n<a href=\"http:\/\/noticiasradioreflejos.com.ar\/noticias\/wp-content\/uploads\/2017\/06\/Informe-Sesi\u00f3n-06-06-17.doc\">Informe Sesi\u00f3n 06-06-17<\/a><\/p>\n","protected":false},"excerpt":{"rendered":"<p>El Honorable Concejo Deliberante de Tornquist sesion\u00f3 este martes 6 de junio en el recinto del palacio municipal.la sesi\u00f3n: El acta oficial de la sesi\u00f3n: Informe Sesi\u00f3n 06-06-17<\/p>\n","protected":false},"author":3,"featured_media":0,"comment_status":"closed","ping_status":"open","sticky":false,"template":"","format":"standard","meta":{"footnotes":""},"categories":[28],"tags":[],"class_list":["post-10990","post","type-post","status-publish","format-standard","hentry","category-municipales"],"yoast_head":"<!-- This site is optimized with the Yoast SEO plugin v25.9 - https:\/\/yoast.com\/wordpress\/plugins\/seo\/ -->\n<title>Informe Sesi\u00f3n Ordinaria del d\u00eda 06-06-17 - Noticias Radio Reflejos<\/title>\n<meta name=\"robots\" content=\"index, follow, max-snippet:-1, max-image-preview:large, max-video-preview:-1\" \/>\n<link rel=\"canonical\" href=\"https:\/\/www.noticiasradioreflejos.com.ar\/2021\/informe-sesion-ordinaria-del-dia-06-06-17\/\" \/>\n<meta property=\"og:locale\" content=\"es_ES\" \/>\n<meta property=\"og:type\" content=\"article\" \/>\n<meta property=\"og:title\" content=\"Informe Sesi\u00f3n Ordinaria del d\u00eda 06-06-17 - Noticias Radio Reflejos\" \/>\n<meta property=\"og:description\" content=\"El Honorable Concejo Deliberante de Tornquist sesion\u00f3 este martes 6 de junio en el recinto del palacio municipal.la sesi\u00f3n: El acta oficial de la sesi\u00f3n: Informe Sesi\u00f3n 06-06-17\" \/>\n<meta property=\"og:url\" content=\"https:\/\/www.noticiasradioreflejos.com.ar\/2021\/informe-sesion-ordinaria-del-dia-06-06-17\/\" \/>\n<meta property=\"og:site_name\" content=\"Noticias Radio Reflejos\" \/>\n<meta property=\"article:published_time\" content=\"2017-06-07T15:56:11+00:00\" \/>\n<meta property=\"og:image\" content=\"http:\/\/farm5.staticflickr.com\/4256\/35119517276_3833790a9f.jpg\" \/>\n<meta name=\"author\" content=\"Arnaldo Botto\" \/>\n<meta name=\"twitter:card\" content=\"summary_large_image\" \/>\n<script type=\"application\/ld+json\" class=\"yoast-schema-graph\">{\"@context\":\"https:\/\/schema.org\",\"@graph\":[{\"@type\":\"WebPage\",\"@id\":\"https:\/\/www.noticiasradioreflejos.com.ar\/2021\/informe-sesion-ordinaria-del-dia-06-06-17\/\",\"url\":\"https:\/\/www.noticiasradioreflejos.com.ar\/2021\/informe-sesion-ordinaria-del-dia-06-06-17\/\",\"name\":\"Informe Sesi\u00f3n Ordinaria del d\u00eda 06-06-17 - Noticias Radio Reflejos\",\"isPartOf\":{\"@id\":\"https:\/\/www.noticiasradioreflejos.com.ar\/2021\/#website\"},\"primaryImageOfPage\":{\"@id\":\"https:\/\/www.noticiasradioreflejos.com.ar\/2021\/informe-sesion-ordinaria-del-dia-06-06-17\/#primaryimage\"},\"image\":{\"@id\":\"https:\/\/www.noticiasradioreflejos.com.ar\/2021\/informe-sesion-ordinaria-del-dia-06-06-17\/#primaryimage\"},\"thumbnailUrl\":\"http:\/\/farm5.staticflickr.com\/4256\/35119517276_3833790a9f.jpg\",\"datePublished\":\"2017-06-07T15:56:11+00:00\",\"author\":{\"@id\":\"https:\/\/www.noticiasradioreflejos.com.ar\/2021\/#\/schema\/person\/ad82545263dcc5ec0996818884fd5fb1\"},\"breadcrumb\":{\"@id\":\"https:\/\/www.noticiasradioreflejos.com.ar\/2021\/informe-sesion-ordinaria-del-dia-06-06-17\/#breadcrumb\"},\"inLanguage\":\"es\",\"potentialAction\":[{\"@type\":\"ReadAction\",\"target\":[\"https:\/\/www.noticiasradioreflejos.com.ar\/2021\/informe-sesion-ordinaria-del-dia-06-06-17\/\"]}]},{\"@type\":\"ImageObject\",\"inLanguage\":\"es\",\"@id\":\"https:\/\/www.noticiasradioreflejos.com.ar\/2021\/informe-sesion-ordinaria-del-dia-06-06-17\/#primaryimage\",\"url\":\"http:\/\/farm5.staticflickr.com\/4256\/35119517276_3833790a9f.jpg\",\"contentUrl\":\"http:\/\/farm5.staticflickr.com\/4256\/35119517276_3833790a9f.jpg\"},{\"@type\":\"BreadcrumbList\",\"@id\":\"https:\/\/www.noticiasradioreflejos.com.ar\/2021\/informe-sesion-ordinaria-del-dia-06-06-17\/#breadcrumb\",\"itemListElement\":[{\"@type\":\"ListItem\",\"position\":1,\"name\":\"Portada\",\"item\":\"https:\/\/www.noticiasradioreflejos.com.ar\/2021\/\"},{\"@type\":\"ListItem\",\"position\":2,\"name\":\"Informe Sesi\u00f3n Ordinaria del d\u00eda 06-06-17\"}]},{\"@type\":\"WebSite\",\"@id\":\"https:\/\/www.noticiasradioreflejos.com.ar\/2021\/#website\",\"url\":\"https:\/\/www.noticiasradioreflejos.com.ar\/2021\/\",\"name\":\"Noticias Radio Reflejos\",\"description\":\"Las noticias de mi comarca\",\"potentialAction\":[{\"@type\":\"SearchAction\",\"target\":{\"@type\":\"EntryPoint\",\"urlTemplate\":\"https:\/\/www.noticiasradioreflejos.com.ar\/2021\/?s={search_term_string}\"},\"query-input\":{\"@type\":\"PropertyValueSpecification\",\"valueRequired\":true,\"valueName\":\"search_term_string\"}}],\"inLanguage\":\"es\"},{\"@type\":\"Person\",\"@id\":\"https:\/\/www.noticiasradioreflejos.com.ar\/2021\/#\/schema\/person\/ad82545263dcc5ec0996818884fd5fb1\",\"name\":\"Arnaldo Botto\",\"image\":{\"@type\":\"ImageObject\",\"inLanguage\":\"es\",\"@id\":\"https:\/\/www.noticiasradioreflejos.com.ar\/2021\/#\/schema\/person\/image\/\",\"url\":\"https:\/\/secure.gravatar.com\/avatar\/55cb5e37c1efa326397366e6974cb338056df65cb50e7d64d1cf314e87504837?s=96&d=mm&r=g\",\"contentUrl\":\"https:\/\/secure.gravatar.com\/avatar\/55cb5e37c1efa326397366e6974cb338056df65cb50e7d64d1cf314e87504837?s=96&d=mm&r=g\",\"caption\":\"Arnaldo Botto\"},\"url\":\"https:\/\/www.noticiasradioreflejos.com.ar\/2021\/author\/arnaldo\/\"}]}<\/script>\n<!-- \/ Yoast SEO plugin. -->","yoast_head_json":{"title":"Informe Sesi\u00f3n Ordinaria del d\u00eda 06-06-17 - Noticias Radio Reflejos","robots":{"index":"index","follow":"follow","max-snippet":"max-snippet:-1","max-image-preview":"max-image-preview:large","max-video-preview":"max-video-preview:-1"},"canonical":"https:\/\/www.noticiasradioreflejos.com.ar\/2021\/informe-sesion-ordinaria-del-dia-06-06-17\/","og_locale":"es_ES","og_type":"article","og_title":"Informe Sesi\u00f3n Ordinaria del d\u00eda 06-06-17 - Noticias Radio Reflejos","og_description":"El Honorable Concejo Deliberante de Tornquist sesion\u00f3 este martes 6 de junio en el recinto del palacio municipal.la sesi\u00f3n: El acta oficial de la sesi\u00f3n: Informe Sesi\u00f3n 06-06-17","og_url":"https:\/\/www.noticiasradioreflejos.com.ar\/2021\/informe-sesion-ordinaria-del-dia-06-06-17\/","og_site_name":"Noticias Radio Reflejos","article_published_time":"2017-06-07T15:56:11+00:00","og_image":[{"url":"http:\/\/farm5.staticflickr.com\/4256\/35119517276_3833790a9f.jpg","type":"","width":"","height":""}],"author":"Arnaldo Botto","twitter_card":"summary_large_image","schema":{"@context":"https:\/\/schema.org","@graph":[{"@type":"WebPage","@id":"https:\/\/www.noticiasradioreflejos.com.ar\/2021\/informe-sesion-ordinaria-del-dia-06-06-17\/","url":"https:\/\/www.noticiasradioreflejos.com.ar\/2021\/informe-sesion-ordinaria-del-dia-06-06-17\/","name":"Informe Sesi\u00f3n Ordinaria del d\u00eda 06-06-17 - Noticias Radio Reflejos","isPartOf":{"@id":"https:\/\/www.noticiasradioreflejos.com.ar\/2021\/#website"},"primaryImageOfPage":{"@id":"https:\/\/www.noticiasradioreflejos.com.ar\/2021\/informe-sesion-ordinaria-del-dia-06-06-17\/#primaryimage"},"image":{"@id":"https:\/\/www.noticiasradioreflejos.com.ar\/2021\/informe-sesion-ordinaria-del-dia-06-06-17\/#primaryimage"},"thumbnailUrl":"http:\/\/farm5.staticflickr.com\/4256\/35119517276_3833790a9f.jpg","datePublished":"2017-06-07T15:56:11+00:00","author":{"@id":"https:\/\/www.noticiasradioreflejos.com.ar\/2021\/#\/schema\/person\/ad82545263dcc5ec0996818884fd5fb1"},"breadcrumb":{"@id":"https:\/\/www.noticiasradioreflejos.com.ar\/2021\/informe-sesion-ordinaria-del-dia-06-06-17\/#breadcrumb"},"inLanguage":"es","potentialAction":[{"@type":"ReadAction","target":["https:\/\/www.noticiasradioreflejos.com.ar\/2021\/informe-sesion-ordinaria-del-dia-06-06-17\/"]}]},{"@type":"ImageObject","inLanguage":"es","@id":"https:\/\/www.noticiasradioreflejos.com.ar\/2021\/informe-sesion-ordinaria-del-dia-06-06-17\/#primaryimage","url":"http:\/\/farm5.staticflickr.com\/4256\/35119517276_3833790a9f.jpg","contentUrl":"http:\/\/farm5.staticflickr.com\/4256\/35119517276_3833790a9f.jpg"},{"@type":"BreadcrumbList","@id":"https:\/\/www.noticiasradioreflejos.com.ar\/2021\/informe-sesion-ordinaria-del-dia-06-06-17\/#breadcrumb","itemListElement":[{"@type":"ListItem","position":1,"name":"Portada","item":"https:\/\/www.noticiasradioreflejos.com.ar\/2021\/"},{"@type":"ListItem","position":2,"name":"Informe Sesi\u00f3n Ordinaria del d\u00eda 06-06-17"}]},{"@type":"WebSite","@id":"https:\/\/www.noticiasradioreflejos.com.ar\/2021\/#website","url":"https:\/\/www.noticiasradioreflejos.com.ar\/2021\/","name":"Noticias Radio Reflejos","description":"Las noticias de mi comarca","potentialAction":[{"@type":"SearchAction","target":{"@type":"EntryPoint","urlTemplate":"https:\/\/www.noticiasradioreflejos.com.ar\/2021\/?s={search_term_string}"},"query-input":{"@type":"PropertyValueSpecification","valueRequired":true,"valueName":"search_term_string"}}],"inLanguage":"es"},{"@type":"Person","@id":"https:\/\/www.noticiasradioreflejos.com.ar\/2021\/#\/schema\/person\/ad82545263dcc5ec0996818884fd5fb1","name":"Arnaldo Botto","image":{"@type":"ImageObject","inLanguage":"es","@id":"https:\/\/www.noticiasradioreflejos.com.ar\/2021\/#\/schema\/person\/image\/","url":"https:\/\/secure.gravatar.com\/avatar\/55cb5e37c1efa326397366e6974cb338056df65cb50e7d64d1cf314e87504837?s=96&d=mm&r=g","contentUrl":"https:\/\/secure.gravatar.com\/avatar\/55cb5e37c1efa326397366e6974cb338056df65cb50e7d64d1cf314e87504837?s=96&d=mm&r=g","caption":"Arnaldo Botto"},"url":"https:\/\/www.noticiasradioreflejos.com.ar\/2021\/author\/arnaldo\/"}]}},"_links":{"self":[{"href":"https:\/\/www.noticiasradioreflejos.com.ar\/2021\/wp-json\/wp\/v2\/posts\/10990","targetHints":{"allow":["GET"]}}],"collection":[{"href":"https:\/\/www.noticiasradioreflejos.com.ar\/2021\/wp-json\/wp\/v2\/posts"}],"about":[{"href":"https:\/\/www.noticiasradioreflejos.com.ar\/2021\/wp-json\/wp\/v2\/types\/post"}],"author":[{"embeddable":true,"href":"https:\/\/www.noticiasradioreflejos.com.ar\/2021\/wp-json\/wp\/v2\/users\/3"}],"replies":[{"embeddable":true,"href":"https:\/\/www.noticiasradioreflejos.com.ar\/2021\/wp-json\/wp\/v2\/comments?post=10990"}],"version-history":[{"count":0,"href":"https:\/\/www.noticiasradioreflejos.com.ar\/2021\/wp-json\/wp\/v2\/posts\/10990\/revisions"}],"wp:attachment":[{"href":"https:\/\/www.noticiasradioreflejos.com.ar\/2021\/wp-json\/wp\/v2\/media?parent=10990"}],"wp:term":[{"taxonomy":"category","embeddable":true,"href":"https:\/\/www.noticiasradioreflejos.com.ar\/2021\/wp-json\/wp\/v2\/categories?post=10990"},{"taxonomy":"post_tag","embeddable":true,"href":"https:\/\/www.noticiasradioreflejos.com.ar\/2021\/wp-json\/wp\/v2\/tags?post=10990"}],"curies":[{"name":"wp","href":"https:\/\/api.w.org\/{rel}","templated":true}]}}