{"id":109611,"date":"2024-11-14T16:39:39","date_gmt":"2024-11-14T19:39:39","guid":{"rendered":"https:\/\/www.noticiasradioreflejos.com.ar\/2021\/?p=109611"},"modified":"2024-11-14T16:39:39","modified_gmt":"2024-11-14T19:39:39","slug":"el-comunicado-de-wanda-nara-tras-denunciar-a-icardi-por-violencia-de-genero","status":"publish","type":"post","link":"https:\/\/www.noticiasradioreflejos.com.ar\/2021\/el-comunicado-de-wanda-nara-tras-denunciar-a-icardi-por-violencia-de-genero\/","title":{"rendered":"El comunicado de Wanda Nara tras denunciar a Icardi por violencia de g\u00e9nero"},"content":{"rendered":"<p>Luego de la acusaci\u00f3n, el futbolista deber\u00e1 acatar ciertas normativas respecto a la modelo.<!--more--><\/p>\n<div class=\"content\">\n<div class=\"sizer\" data-sizer=\"aspect-ratio\" data-tadevel-template=\"web\/aspect-ratio\">\n<p>La modelo<strong>\u00a0Wanda Nara comparti\u00f3 un comunicado<\/strong>\u00a0luego de haber\u00a0denunciado a su ex marido, el futbolista\u00a0<strong>Mauro Icardi<\/strong>, por supuesta violencia de g\u00e9nero: Nara e Icardi tienen dos hijas en com\u00fan, Francesca e Isabella.<\/p>\n<\/div>\n<\/div>\n<div class=\"article-body\" data-tadevel-template=\"web\/article-body\">\n<div class=\"article-body-content\">\n<p>\u201cEn atenci\u00f3n a los trascendidos sobre supuestos hechos acontecidos ayer en mi hogar,\u00a0<strong>hago saber que he solicitado a la justicia que los medios se abstengan de mencionar o hacer referencia a mis cinco hijos<\/strong>\u201d, inici\u00f3 la influencer.<\/p>\n<p><a title=\"comunicado de wanda nara\" href=\"https:\/\/www.flickr.com\/photos\/182279889@N02\/54140467110\/in\/dateposted-public\/\" data-flickr-embed=\"true\"><img loading=\"lazy\" decoding=\"async\" src=\"https:\/\/live.staticflickr.com\/65535\/54140467110_3696ac1d51_c.jpg\" alt=\"comunicado de wanda nara\" width=\"800\" height=\"668\" \/><\/a><\/p>\n<p>En este sentido, la conductora de Bake Off Famosos, asegur\u00f3 que los comunicadores deber\u00e1n\u00a0<strong>\u201cabstenerse asimismo de efectuar ninguna referencia a montos de cuota alimentaria de mis menores<\/strong>\u201d.<\/p>\n<p>Anteriormente,\u00a0<strong>Wanda Nara\u00a0<\/strong>yla periodista\u00a0<strong>Yanina Latorre<\/strong>\u00a0<a href=\"https:\/\/noticiasargentinas.com\/espectaculos\/-me-quiere-hacer-juicio--la-espero---yanina-latorre-confronto-a-wanda-nara_a6731dae92d583b82a65b0cc0\">iniciaron una pelea en redes sociales\u00a0<\/a>tras unas declaraciones de \u201cla angelita\u201d en las que trat\u00f3 a la botinera de desconsiderada por haber viajado a Brasil con<strong>\u00a0L-Gante\u00a0<\/strong>mientras\u00a0<strong>Mauro Icardi\u00a0<\/strong>sufre una lesi\u00f3n en los ligamentos cruzados que lo dejar\u00e1 fuera de las canchas por un largo tiempo.<\/p>\n<\/div>\n<\/div>\n","protected":false},"excerpt":{"rendered":"<p>Luego de la acusaci\u00f3n, el futbolista deber\u00e1 acatar ciertas normativas respecto a la modelo.<\/p>\n","protected":false},"author":3,"featured_media":109612,"comment_status":"closed","ping_status":"closed","sticky":false,"template":"","format":"standard","meta":{"footnotes":""},"categories":[26],"tags":[],"class_list":["post-109611","post","type-post","status-publish","format-standard","has-post-thumbnail","hentry","category-sociedad"],"yoast_head":"<!-- This site is optimized with the Yoast SEO plugin v25.9 - https:\/\/yoast.com\/wordpress\/plugins\/seo\/ -->\n<title>El comunicado de Wanda Nara tras denunciar a Icardi por violencia de g\u00e9nero - Noticias Radio Reflejos<\/title>\n<meta name=\"robots\" content=\"index, follow, max-snippet:-1, max-image-preview:large, max-video-preview:-1\" \/>\n<link rel=\"canonical\" href=\"https:\/\/www.noticiasradioreflejos.com.ar\/2021\/el-comunicado-de-wanda-nara-tras-denunciar-a-icardi-por-violencia-de-genero\/\" \/>\n<meta property=\"og:locale\" content=\"es_ES\" \/>\n<meta property=\"og:type\" content=\"article\" \/>\n<meta property=\"og:title\" content=\"El comunicado de Wanda Nara tras denunciar a Icardi por violencia de g\u00e9nero - Noticias Radio Reflejos\" \/>\n<meta property=\"og:description\" content=\"Luego de la acusaci\u00f3n, el futbolista deber\u00e1 acatar ciertas normativas respecto a la modelo.\" \/>\n<meta property=\"og:url\" content=\"https:\/\/www.noticiasradioreflejos.com.ar\/2021\/el-comunicado-de-wanda-nara-tras-denunciar-a-icardi-por-violencia-de-genero\/\" \/>\n<meta property=\"og:site_name\" content=\"Noticias Radio Reflejos\" \/>\n<meta property=\"article:published_time\" content=\"2024-11-14T19:39:39+00:00\" \/>\n<meta property=\"og:image\" content=\"https:\/\/www.noticiasradioreflejos.com.ar\/2021\/wp-content\/uploads\/2024\/11\/Nara-Icardi.jpg\" \/>\n\t<meta property=\"og:image:width\" content=\"640\" \/>\n\t<meta property=\"og:image:height\" content=\"360\" \/>\n\t<meta property=\"og:image:type\" content=\"image\/jpeg\" \/>\n<meta name=\"author\" content=\"Arnaldo Botto\" \/>\n<meta name=\"twitter:card\" content=\"summary_large_image\" \/>\n<script type=\"application\/ld+json\" class=\"yoast-schema-graph\">{\"@context\":\"https:\/\/schema.org\",\"@graph\":[{\"@type\":\"WebPage\",\"@id\":\"https:\/\/www.noticiasradioreflejos.com.ar\/2021\/el-comunicado-de-wanda-nara-tras-denunciar-a-icardi-por-violencia-de-genero\/\",\"url\":\"https:\/\/www.noticiasradioreflejos.com.ar\/2021\/el-comunicado-de-wanda-nara-tras-denunciar-a-icardi-por-violencia-de-genero\/\",\"name\":\"El comunicado de Wanda Nara tras denunciar a Icardi por violencia de g\u00e9nero - Noticias Radio Reflejos\",\"isPartOf\":{\"@id\":\"https:\/\/www.noticiasradioreflejos.com.ar\/2021\/#website\"},\"primaryImageOfPage\":{\"@id\":\"https:\/\/www.noticiasradioreflejos.com.ar\/2021\/el-comunicado-de-wanda-nara-tras-denunciar-a-icardi-por-violencia-de-genero\/#primaryimage\"},\"image\":{\"@id\":\"https:\/\/www.noticiasradioreflejos.com.ar\/2021\/el-comunicado-de-wanda-nara-tras-denunciar-a-icardi-por-violencia-de-genero\/#primaryimage\"},\"thumbnailUrl\":\"https:\/\/www.noticiasradioreflejos.com.ar\/2021\/wp-content\/uploads\/2024\/11\/Nara-Icardi.jpg\",\"datePublished\":\"2024-11-14T19:39:39+00:00\",\"author\":{\"@id\":\"https:\/\/www.noticiasradioreflejos.com.ar\/2021\/#\/schema\/person\/ad82545263dcc5ec0996818884fd5fb1\"},\"breadcrumb\":{\"@id\":\"https:\/\/www.noticiasradioreflejos.com.ar\/2021\/el-comunicado-de-wanda-nara-tras-denunciar-a-icardi-por-violencia-de-genero\/#breadcrumb\"},\"inLanguage\":\"es\",\"potentialAction\":[{\"@type\":\"ReadAction\",\"target\":[\"https:\/\/www.noticiasradioreflejos.com.ar\/2021\/el-comunicado-de-wanda-nara-tras-denunciar-a-icardi-por-violencia-de-genero\/\"]}]},{\"@type\":\"ImageObject\",\"inLanguage\":\"es\",\"@id\":\"https:\/\/www.noticiasradioreflejos.com.ar\/2021\/el-comunicado-de-wanda-nara-tras-denunciar-a-icardi-por-violencia-de-genero\/#primaryimage\",\"url\":\"https:\/\/www.noticiasradioreflejos.com.ar\/2021\/wp-content\/uploads\/2024\/11\/Nara-Icardi.jpg\",\"contentUrl\":\"https:\/\/www.noticiasradioreflejos.com.ar\/2021\/wp-content\/uploads\/2024\/11\/Nara-Icardi.jpg\",\"width\":640,\"height\":360},{\"@type\":\"BreadcrumbList\",\"@id\":\"https:\/\/www.noticiasradioreflejos.com.ar\/2021\/el-comunicado-de-wanda-nara-tras-denunciar-a-icardi-por-violencia-de-genero\/#breadcrumb\",\"itemListElement\":[{\"@type\":\"ListItem\",\"position\":1,\"name\":\"Portada\",\"item\":\"https:\/\/www.noticiasradioreflejos.com.ar\/2021\/\"},{\"@type\":\"ListItem\",\"position\":2,\"name\":\"El comunicado de Wanda Nara tras denunciar a Icardi por violencia de g\u00e9nero\"}]},{\"@type\":\"WebSite\",\"@id\":\"https:\/\/www.noticiasradioreflejos.com.ar\/2021\/#website\",\"url\":\"https:\/\/www.noticiasradioreflejos.com.ar\/2021\/\",\"name\":\"Noticias Radio Reflejos\",\"description\":\"Las noticias de mi comarca\",\"potentialAction\":[{\"@type\":\"SearchAction\",\"target\":{\"@type\":\"EntryPoint\",\"urlTemplate\":\"https:\/\/www.noticiasradioreflejos.com.ar\/2021\/?s={search_term_string}\"},\"query-input\":{\"@type\":\"PropertyValueSpecification\",\"valueRequired\":true,\"valueName\":\"search_term_string\"}}],\"inLanguage\":\"es\"},{\"@type\":\"Person\",\"@id\":\"https:\/\/www.noticiasradioreflejos.com.ar\/2021\/#\/schema\/person\/ad82545263dcc5ec0996818884fd5fb1\",\"name\":\"Arnaldo Botto\",\"image\":{\"@type\":\"ImageObject\",\"inLanguage\":\"es\",\"@id\":\"https:\/\/www.noticiasradioreflejos.com.ar\/2021\/#\/schema\/person\/image\/\",\"url\":\"https:\/\/secure.gravatar.com\/avatar\/55cb5e37c1efa326397366e6974cb338056df65cb50e7d64d1cf314e87504837?s=96&d=mm&r=g\",\"contentUrl\":\"https:\/\/secure.gravatar.com\/avatar\/55cb5e37c1efa326397366e6974cb338056df65cb50e7d64d1cf314e87504837?s=96&d=mm&r=g\",\"caption\":\"Arnaldo Botto\"},\"url\":\"https:\/\/www.noticiasradioreflejos.com.ar\/2021\/author\/arnaldo\/\"}]}<\/script>\n<!-- \/ Yoast SEO plugin. -->","yoast_head_json":{"title":"El comunicado de Wanda Nara tras denunciar a Icardi por violencia de g\u00e9nero - Noticias Radio Reflejos","robots":{"index":"index","follow":"follow","max-snippet":"max-snippet:-1","max-image-preview":"max-image-preview:large","max-video-preview":"max-video-preview:-1"},"canonical":"https:\/\/www.noticiasradioreflejos.com.ar\/2021\/el-comunicado-de-wanda-nara-tras-denunciar-a-icardi-por-violencia-de-genero\/","og_locale":"es_ES","og_type":"article","og_title":"El comunicado de Wanda Nara tras denunciar a Icardi por violencia de g\u00e9nero - Noticias Radio Reflejos","og_description":"Luego de la acusaci\u00f3n, el futbolista deber\u00e1 acatar ciertas normativas respecto a la modelo.","og_url":"https:\/\/www.noticiasradioreflejos.com.ar\/2021\/el-comunicado-de-wanda-nara-tras-denunciar-a-icardi-por-violencia-de-genero\/","og_site_name":"Noticias Radio Reflejos","article_published_time":"2024-11-14T19:39:39+00:00","og_image":[{"width":640,"height":360,"url":"https:\/\/www.noticiasradioreflejos.com.ar\/2021\/wp-content\/uploads\/2024\/11\/Nara-Icardi.jpg","type":"image\/jpeg"}],"author":"Arnaldo Botto","twitter_card":"summary_large_image","schema":{"@context":"https:\/\/schema.org","@graph":[{"@type":"WebPage","@id":"https:\/\/www.noticiasradioreflejos.com.ar\/2021\/el-comunicado-de-wanda-nara-tras-denunciar-a-icardi-por-violencia-de-genero\/","url":"https:\/\/www.noticiasradioreflejos.com.ar\/2021\/el-comunicado-de-wanda-nara-tras-denunciar-a-icardi-por-violencia-de-genero\/","name":"El comunicado de Wanda Nara tras denunciar a Icardi por violencia de g\u00e9nero - Noticias Radio Reflejos","isPartOf":{"@id":"https:\/\/www.noticiasradioreflejos.com.ar\/2021\/#website"},"primaryImageOfPage":{"@id":"https:\/\/www.noticiasradioreflejos.com.ar\/2021\/el-comunicado-de-wanda-nara-tras-denunciar-a-icardi-por-violencia-de-genero\/#primaryimage"},"image":{"@id":"https:\/\/www.noticiasradioreflejos.com.ar\/2021\/el-comunicado-de-wanda-nara-tras-denunciar-a-icardi-por-violencia-de-genero\/#primaryimage"},"thumbnailUrl":"https:\/\/www.noticiasradioreflejos.com.ar\/2021\/wp-content\/uploads\/2024\/11\/Nara-Icardi.jpg","datePublished":"2024-11-14T19:39:39+00:00","author":{"@id":"https:\/\/www.noticiasradioreflejos.com.ar\/2021\/#\/schema\/person\/ad82545263dcc5ec0996818884fd5fb1"},"breadcrumb":{"@id":"https:\/\/www.noticiasradioreflejos.com.ar\/2021\/el-comunicado-de-wanda-nara-tras-denunciar-a-icardi-por-violencia-de-genero\/#breadcrumb"},"inLanguage":"es","potentialAction":[{"@type":"ReadAction","target":["https:\/\/www.noticiasradioreflejos.com.ar\/2021\/el-comunicado-de-wanda-nara-tras-denunciar-a-icardi-por-violencia-de-genero\/"]}]},{"@type":"ImageObject","inLanguage":"es","@id":"https:\/\/www.noticiasradioreflejos.com.ar\/2021\/el-comunicado-de-wanda-nara-tras-denunciar-a-icardi-por-violencia-de-genero\/#primaryimage","url":"https:\/\/www.noticiasradioreflejos.com.ar\/2021\/wp-content\/uploads\/2024\/11\/Nara-Icardi.jpg","contentUrl":"https:\/\/www.noticiasradioreflejos.com.ar\/2021\/wp-content\/uploads\/2024\/11\/Nara-Icardi.jpg","width":640,"height":360},{"@type":"BreadcrumbList","@id":"https:\/\/www.noticiasradioreflejos.com.ar\/2021\/el-comunicado-de-wanda-nara-tras-denunciar-a-icardi-por-violencia-de-genero\/#breadcrumb","itemListElement":[{"@type":"ListItem","position":1,"name":"Portada","item":"https:\/\/www.noticiasradioreflejos.com.ar\/2021\/"},{"@type":"ListItem","position":2,"name":"El comunicado de Wanda Nara tras denunciar a Icardi por violencia de g\u00e9nero"}]},{"@type":"WebSite","@id":"https:\/\/www.noticiasradioreflejos.com.ar\/2021\/#website","url":"https:\/\/www.noticiasradioreflejos.com.ar\/2021\/","name":"Noticias Radio Reflejos","description":"Las noticias de mi comarca","potentialAction":[{"@type":"SearchAction","target":{"@type":"EntryPoint","urlTemplate":"https:\/\/www.noticiasradioreflejos.com.ar\/2021\/?s={search_term_string}"},"query-input":{"@type":"PropertyValueSpecification","valueRequired":true,"valueName":"search_term_string"}}],"inLanguage":"es"},{"@type":"Person","@id":"https:\/\/www.noticiasradioreflejos.com.ar\/2021\/#\/schema\/person\/ad82545263dcc5ec0996818884fd5fb1","name":"Arnaldo Botto","image":{"@type":"ImageObject","inLanguage":"es","@id":"https:\/\/www.noticiasradioreflejos.com.ar\/2021\/#\/schema\/person\/image\/","url":"https:\/\/secure.gravatar.com\/avatar\/55cb5e37c1efa326397366e6974cb338056df65cb50e7d64d1cf314e87504837?s=96&d=mm&r=g","contentUrl":"https:\/\/secure.gravatar.com\/avatar\/55cb5e37c1efa326397366e6974cb338056df65cb50e7d64d1cf314e87504837?s=96&d=mm&r=g","caption":"Arnaldo Botto"},"url":"https:\/\/www.noticiasradioreflejos.com.ar\/2021\/author\/arnaldo\/"}]}},"_links":{"self":[{"href":"https:\/\/www.noticiasradioreflejos.com.ar\/2021\/wp-json\/wp\/v2\/posts\/109611","targetHints":{"allow":["GET"]}}],"collection":[{"href":"https:\/\/www.noticiasradioreflejos.com.ar\/2021\/wp-json\/wp\/v2\/posts"}],"about":[{"href":"https:\/\/www.noticiasradioreflejos.com.ar\/2021\/wp-json\/wp\/v2\/types\/post"}],"author":[{"embeddable":true,"href":"https:\/\/www.noticiasradioreflejos.com.ar\/2021\/wp-json\/wp\/v2\/users\/3"}],"replies":[{"embeddable":true,"href":"https:\/\/www.noticiasradioreflejos.com.ar\/2021\/wp-json\/wp\/v2\/comments?post=109611"}],"version-history":[{"count":1,"href":"https:\/\/www.noticiasradioreflejos.com.ar\/2021\/wp-json\/wp\/v2\/posts\/109611\/revisions"}],"predecessor-version":[{"id":109613,"href":"https:\/\/www.noticiasradioreflejos.com.ar\/2021\/wp-json\/wp\/v2\/posts\/109611\/revisions\/109613"}],"wp:featuredmedia":[{"embeddable":true,"href":"https:\/\/www.noticiasradioreflejos.com.ar\/2021\/wp-json\/wp\/v2\/media\/109612"}],"wp:attachment":[{"href":"https:\/\/www.noticiasradioreflejos.com.ar\/2021\/wp-json\/wp\/v2\/media?parent=109611"}],"wp:term":[{"taxonomy":"category","embeddable":true,"href":"https:\/\/www.noticiasradioreflejos.com.ar\/2021\/wp-json\/wp\/v2\/categories?post=109611"},{"taxonomy":"post_tag","embeddable":true,"href":"https:\/\/www.noticiasradioreflejos.com.ar\/2021\/wp-json\/wp\/v2\/tags?post=109611"}],"curies":[{"name":"wp","href":"https:\/\/api.w.org\/{rel}","templated":true}]}}