{"id":109602,"date":"2024-11-14T16:34:09","date_gmt":"2024-11-14T19:34:09","guid":{"rendered":"https:\/\/www.noticiasradioreflejos.com.ar\/2021\/?p=109602"},"modified":"2024-11-14T16:34:09","modified_gmt":"2024-11-14T19:34:09","slug":"un-grupo-de-apicultores-se-junto-y-cambio-el-paradigma-de-la-miel-entrerriana","status":"publish","type":"post","link":"https:\/\/www.noticiasradioreflejos.com.ar\/2021\/un-grupo-de-apicultores-se-junto-y-cambio-el-paradigma-de-la-miel-entrerriana\/","title":{"rendered":"Un grupo de apicultores se junt\u00f3 y cambi\u00f3 el paradigma de la miel entrerriana"},"content":{"rendered":"<p><strong>Jorge Pitter, integrante de la Cooperativa Ap\u00edcola del Paran\u00e1 Limitada<\/strong>, brind\u00f3 detalles sobre esta creaci\u00f3n que est\u00e1 pr\u00f3xima a cumplir 20 a\u00f1os.<!--more--><\/p>\n<p>En una nueva entrega del espacio dedicado a las cooperativas, lleg\u00f3 el turno de conocer, a trav\u00e9s de la voz de Jorge Pitter, a la Cooperativa Ap\u00edcola del Paran\u00e1 Limitada.<\/p>\n<p><a title=\"Cooperativa Ap\u00edcola del Paran\u00e1 Limitada (2)\" href=\"https:\/\/www.flickr.com\/photos\/182279889@N02\/54139987791\/in\/dateposted-public\/\" data-flickr-embed=\"true\"><img loading=\"lazy\" decoding=\"async\" src=\"https:\/\/live.staticflickr.com\/65535\/54139987791_632b1bd6cc_c.jpg\" alt=\"Cooperativa Ap\u00edcola del Paran\u00e1 Limitada (2)\" width=\"800\" height=\"449\" \/><\/a><\/p>\n<p>&nbsp;<\/p>\n<p>Seg\u00fan explic\u00f3, \u201ces una cooperativa que tiene casi 20 a\u00f1os de vida. En el 2005 se le dio forma jur\u00eddica. Surgi\u00f3 de la necesidad de comercializar miel, est\u00e1bamos en una coyuntura compleja, con problemas de contaminaci\u00f3n e hizo que no se pudiera comercializar\u201d.<\/p>\n<p>Del mismo modo refiri\u00f3 que \u201cah\u00ed se abri\u00f3 la puerta para reunirnos entre los apicultores de la zona y tratar de encontrarle la vuelta a ese problema. Naci\u00f3 la posibilidad y hoy es un hecho concreto\u201d.<\/p>\n<p>En otro pasaje de la charla sostuvo que \u201ccon los agroqu\u00edmicos tenemos que convivir porque nuestra actividad no tiene el peso de la agricultura, as\u00ed que ellos en el corto plazo no dejar\u00e1n de usarlos. Por eso estamos obligados a convivir forzosamente y buscamos, cuando se puede, evitar esos sectores\u201d.<\/p>\n<p>Dando referencias geogr\u00e1ficas sostuvo que \u201cnosotros estamos a 20km de la ciudad capital, en la localidad de Picada, y nuestra \u00e1rea de trabajo va desde el centro de la provincia, hacia el oeste, y desde ah\u00ed hasta el norte\u201d.<\/p>\n<p>Y gracias al arduo trabajo hoy \u201cdentro de la cooperativa somos 50 socios efectivos y adem\u00e1s se suman productores que eventualmente utilizan nuestros servicios. Todo relacionado a la apicultura, desde la extracci\u00f3n hasta la comercializaci\u00f3n. Incluso tenemos productores en la provincia de Santa Fe que se vienen\u201d.<\/p>\n<p><iframe loading=\"lazy\" src=\"https:\/\/w.soundcloud.com\/player\/?url=https%3A\/\/api.soundcloud.com\/tracks\/1958075187&amp;color=%23ff5500&amp;auto_play=false&amp;hide_related=false&amp;show_comments=true&amp;show_user=true&amp;show_reposts=false&amp;show_teaser=true\" width=\"100%\" height=\"166\" frameborder=\"no\" scrolling=\"no\"><\/iframe><\/p>\n<div style=\"font-size: 10px; color: #cccccc; line-break: anywhere; word-break: normal; overflow: hidden; white-space: nowrap; text-overflow: ellipsis; font-family: Interstate,Lucida Grande,Lucida Sans Unicode,Lucida Sans,Garuda,Verdana,Tahoma,sans-serif; font-weight: 100;\"><a style=\"color: #cccccc; text-decoration: none;\" title=\"fmreflejos 103.7\" href=\"https:\/\/soundcloud.com\/fmreflejos-103-7\" target=\"_blank\" rel=\"noopener\">fmreflejos 103.7<\/a> \u00b7 <a style=\"color: #cccccc; text-decoration: none;\" title=\"Jorge Pitter coop CADP14-11\" href=\"https:\/\/soundcloud.com\/fmreflejos-103-7\/jorge-pitter-coop-cadp14-11\" target=\"_blank\" rel=\"noopener\">Jorge Pitter coop CADP14-11<\/a><\/div>\n<p>&nbsp;<\/p>\n<p><a data-flickr-embed=\"true\" href=\"https:\/\/www.flickr.com\/photos\/182279889@N02\/54139135487\/in\/dateposted-public\/\" title=\"Cooperativa Ap\u00edcola del Paran\u00e1 Limitada (1)\"><img loading=\"lazy\" decoding=\"async\" src=\"https:\/\/live.staticflickr.com\/65535\/54139135487_d8ebf701bb_c.jpg\" width=\"800\" height=\"600\" alt=\"Cooperativa Ap\u00edcola del Paran\u00e1 Limitada (1)\"\/><\/a><script async src=\"\/\/embedr.flickr.com\/assets\/client-code.js\" charset=\"utf-8\"><\/script><\/p>\n","protected":false},"excerpt":{"rendered":"<p>Jorge Pitter, integrante de la Cooperativa Ap\u00edcola del Paran\u00e1 Limitada, brind\u00f3 detalles sobre esta creaci\u00f3n que est\u00e1 pr\u00f3xima a cumplir 20 a\u00f1os.<\/p>\n","protected":false},"author":3,"featured_media":0,"comment_status":"closed","ping_status":"closed","sticky":false,"template":"","format":"standard","meta":{"footnotes":""},"categories":[36],"tags":[48],"class_list":["post-109602","post","type-post","status-publish","format-standard","hentry","category-economia","tag-destacada"],"yoast_head":"<!-- This site is optimized with the Yoast SEO plugin v25.9 - https:\/\/yoast.com\/wordpress\/plugins\/seo\/ -->\n<title>Un grupo de apicultores se junt\u00f3 y cambi\u00f3 el paradigma de la miel entrerriana - Noticias Radio Reflejos<\/title>\n<meta name=\"robots\" content=\"index, follow, max-snippet:-1, max-image-preview:large, max-video-preview:-1\" \/>\n<link rel=\"canonical\" href=\"https:\/\/www.noticiasradioreflejos.com.ar\/2021\/un-grupo-de-apicultores-se-junto-y-cambio-el-paradigma-de-la-miel-entrerriana\/\" \/>\n<meta property=\"og:locale\" content=\"es_ES\" \/>\n<meta property=\"og:type\" content=\"article\" \/>\n<meta property=\"og:title\" content=\"Un grupo de apicultores se junt\u00f3 y cambi\u00f3 el paradigma de la miel entrerriana - Noticias Radio Reflejos\" \/>\n<meta property=\"og:description\" content=\"Jorge Pitter, integrante de la Cooperativa Ap\u00edcola del Paran\u00e1 Limitada, brind\u00f3 detalles sobre esta creaci\u00f3n que est\u00e1 pr\u00f3xima a cumplir 20 a\u00f1os.\" \/>\n<meta property=\"og:url\" content=\"https:\/\/www.noticiasradioreflejos.com.ar\/2021\/un-grupo-de-apicultores-se-junto-y-cambio-el-paradigma-de-la-miel-entrerriana\/\" \/>\n<meta property=\"og:site_name\" content=\"Noticias Radio Reflejos\" \/>\n<meta property=\"article:published_time\" content=\"2024-11-14T19:34:09+00:00\" \/>\n<meta property=\"og:image\" content=\"https:\/\/live.staticflickr.com\/65535\/54139987791_632b1bd6cc_c.jpg\" \/>\n<meta name=\"author\" content=\"Arnaldo Botto\" \/>\n<meta name=\"twitter:card\" content=\"summary_large_image\" \/>\n<script type=\"application\/ld+json\" class=\"yoast-schema-graph\">{\"@context\":\"https:\/\/schema.org\",\"@graph\":[{\"@type\":\"WebPage\",\"@id\":\"https:\/\/www.noticiasradioreflejos.com.ar\/2021\/un-grupo-de-apicultores-se-junto-y-cambio-el-paradigma-de-la-miel-entrerriana\/\",\"url\":\"https:\/\/www.noticiasradioreflejos.com.ar\/2021\/un-grupo-de-apicultores-se-junto-y-cambio-el-paradigma-de-la-miel-entrerriana\/\",\"name\":\"Un grupo de apicultores se junt\u00f3 y cambi\u00f3 el paradigma de la miel entrerriana - Noticias Radio Reflejos\",\"isPartOf\":{\"@id\":\"https:\/\/www.noticiasradioreflejos.com.ar\/2021\/#website\"},\"primaryImageOfPage\":{\"@id\":\"https:\/\/www.noticiasradioreflejos.com.ar\/2021\/un-grupo-de-apicultores-se-junto-y-cambio-el-paradigma-de-la-miel-entrerriana\/#primaryimage\"},\"image\":{\"@id\":\"https:\/\/www.noticiasradioreflejos.com.ar\/2021\/un-grupo-de-apicultores-se-junto-y-cambio-el-paradigma-de-la-miel-entrerriana\/#primaryimage\"},\"thumbnailUrl\":\"https:\/\/live.staticflickr.com\/65535\/54139987791_632b1bd6cc_c.jpg\",\"datePublished\":\"2024-11-14T19:34:09+00:00\",\"author\":{\"@id\":\"https:\/\/www.noticiasradioreflejos.com.ar\/2021\/#\/schema\/person\/ad82545263dcc5ec0996818884fd5fb1\"},\"breadcrumb\":{\"@id\":\"https:\/\/www.noticiasradioreflejos.com.ar\/2021\/un-grupo-de-apicultores-se-junto-y-cambio-el-paradigma-de-la-miel-entrerriana\/#breadcrumb\"},\"inLanguage\":\"es\",\"potentialAction\":[{\"@type\":\"ReadAction\",\"target\":[\"https:\/\/www.noticiasradioreflejos.com.ar\/2021\/un-grupo-de-apicultores-se-junto-y-cambio-el-paradigma-de-la-miel-entrerriana\/\"]}]},{\"@type\":\"ImageObject\",\"inLanguage\":\"es\",\"@id\":\"https:\/\/www.noticiasradioreflejos.com.ar\/2021\/un-grupo-de-apicultores-se-junto-y-cambio-el-paradigma-de-la-miel-entrerriana\/#primaryimage\",\"url\":\"https:\/\/live.staticflickr.com\/65535\/54139987791_632b1bd6cc_c.jpg\",\"contentUrl\":\"https:\/\/live.staticflickr.com\/65535\/54139987791_632b1bd6cc_c.jpg\"},{\"@type\":\"BreadcrumbList\",\"@id\":\"https:\/\/www.noticiasradioreflejos.com.ar\/2021\/un-grupo-de-apicultores-se-junto-y-cambio-el-paradigma-de-la-miel-entrerriana\/#breadcrumb\",\"itemListElement\":[{\"@type\":\"ListItem\",\"position\":1,\"name\":\"Portada\",\"item\":\"https:\/\/www.noticiasradioreflejos.com.ar\/2021\/\"},{\"@type\":\"ListItem\",\"position\":2,\"name\":\"Un grupo de apicultores se junt\u00f3 y cambi\u00f3 el paradigma de la miel entrerriana\"}]},{\"@type\":\"WebSite\",\"@id\":\"https:\/\/www.noticiasradioreflejos.com.ar\/2021\/#website\",\"url\":\"https:\/\/www.noticiasradioreflejos.com.ar\/2021\/\",\"name\":\"Noticias Radio Reflejos\",\"description\":\"Las noticias de mi comarca\",\"potentialAction\":[{\"@type\":\"SearchAction\",\"target\":{\"@type\":\"EntryPoint\",\"urlTemplate\":\"https:\/\/www.noticiasradioreflejos.com.ar\/2021\/?s={search_term_string}\"},\"query-input\":{\"@type\":\"PropertyValueSpecification\",\"valueRequired\":true,\"valueName\":\"search_term_string\"}}],\"inLanguage\":\"es\"},{\"@type\":\"Person\",\"@id\":\"https:\/\/www.noticiasradioreflejos.com.ar\/2021\/#\/schema\/person\/ad82545263dcc5ec0996818884fd5fb1\",\"name\":\"Arnaldo Botto\",\"image\":{\"@type\":\"ImageObject\",\"inLanguage\":\"es\",\"@id\":\"https:\/\/www.noticiasradioreflejos.com.ar\/2021\/#\/schema\/person\/image\/\",\"url\":\"https:\/\/secure.gravatar.com\/avatar\/55cb5e37c1efa326397366e6974cb338056df65cb50e7d64d1cf314e87504837?s=96&d=mm&r=g\",\"contentUrl\":\"https:\/\/secure.gravatar.com\/avatar\/55cb5e37c1efa326397366e6974cb338056df65cb50e7d64d1cf314e87504837?s=96&d=mm&r=g\",\"caption\":\"Arnaldo Botto\"},\"url\":\"https:\/\/www.noticiasradioreflejos.com.ar\/2021\/author\/arnaldo\/\"}]}<\/script>\n<!-- \/ Yoast SEO plugin. -->","yoast_head_json":{"title":"Un grupo de apicultores se junt\u00f3 y cambi\u00f3 el paradigma de la miel entrerriana - Noticias Radio Reflejos","robots":{"index":"index","follow":"follow","max-snippet":"max-snippet:-1","max-image-preview":"max-image-preview:large","max-video-preview":"max-video-preview:-1"},"canonical":"https:\/\/www.noticiasradioreflejos.com.ar\/2021\/un-grupo-de-apicultores-se-junto-y-cambio-el-paradigma-de-la-miel-entrerriana\/","og_locale":"es_ES","og_type":"article","og_title":"Un grupo de apicultores se junt\u00f3 y cambi\u00f3 el paradigma de la miel entrerriana - Noticias Radio Reflejos","og_description":"Jorge Pitter, integrante de la Cooperativa Ap\u00edcola del Paran\u00e1 Limitada, brind\u00f3 detalles sobre esta creaci\u00f3n que est\u00e1 pr\u00f3xima a cumplir 20 a\u00f1os.","og_url":"https:\/\/www.noticiasradioreflejos.com.ar\/2021\/un-grupo-de-apicultores-se-junto-y-cambio-el-paradigma-de-la-miel-entrerriana\/","og_site_name":"Noticias Radio Reflejos","article_published_time":"2024-11-14T19:34:09+00:00","og_image":[{"url":"https:\/\/live.staticflickr.com\/65535\/54139987791_632b1bd6cc_c.jpg","type":"","width":"","height":""}],"author":"Arnaldo Botto","twitter_card":"summary_large_image","schema":{"@context":"https:\/\/schema.org","@graph":[{"@type":"WebPage","@id":"https:\/\/www.noticiasradioreflejos.com.ar\/2021\/un-grupo-de-apicultores-se-junto-y-cambio-el-paradigma-de-la-miel-entrerriana\/","url":"https:\/\/www.noticiasradioreflejos.com.ar\/2021\/un-grupo-de-apicultores-se-junto-y-cambio-el-paradigma-de-la-miel-entrerriana\/","name":"Un grupo de apicultores se junt\u00f3 y cambi\u00f3 el paradigma de la miel entrerriana - Noticias Radio Reflejos","isPartOf":{"@id":"https:\/\/www.noticiasradioreflejos.com.ar\/2021\/#website"},"primaryImageOfPage":{"@id":"https:\/\/www.noticiasradioreflejos.com.ar\/2021\/un-grupo-de-apicultores-se-junto-y-cambio-el-paradigma-de-la-miel-entrerriana\/#primaryimage"},"image":{"@id":"https:\/\/www.noticiasradioreflejos.com.ar\/2021\/un-grupo-de-apicultores-se-junto-y-cambio-el-paradigma-de-la-miel-entrerriana\/#primaryimage"},"thumbnailUrl":"https:\/\/live.staticflickr.com\/65535\/54139987791_632b1bd6cc_c.jpg","datePublished":"2024-11-14T19:34:09+00:00","author":{"@id":"https:\/\/www.noticiasradioreflejos.com.ar\/2021\/#\/schema\/person\/ad82545263dcc5ec0996818884fd5fb1"},"breadcrumb":{"@id":"https:\/\/www.noticiasradioreflejos.com.ar\/2021\/un-grupo-de-apicultores-se-junto-y-cambio-el-paradigma-de-la-miel-entrerriana\/#breadcrumb"},"inLanguage":"es","potentialAction":[{"@type":"ReadAction","target":["https:\/\/www.noticiasradioreflejos.com.ar\/2021\/un-grupo-de-apicultores-se-junto-y-cambio-el-paradigma-de-la-miel-entrerriana\/"]}]},{"@type":"ImageObject","inLanguage":"es","@id":"https:\/\/www.noticiasradioreflejos.com.ar\/2021\/un-grupo-de-apicultores-se-junto-y-cambio-el-paradigma-de-la-miel-entrerriana\/#primaryimage","url":"https:\/\/live.staticflickr.com\/65535\/54139987791_632b1bd6cc_c.jpg","contentUrl":"https:\/\/live.staticflickr.com\/65535\/54139987791_632b1bd6cc_c.jpg"},{"@type":"BreadcrumbList","@id":"https:\/\/www.noticiasradioreflejos.com.ar\/2021\/un-grupo-de-apicultores-se-junto-y-cambio-el-paradigma-de-la-miel-entrerriana\/#breadcrumb","itemListElement":[{"@type":"ListItem","position":1,"name":"Portada","item":"https:\/\/www.noticiasradioreflejos.com.ar\/2021\/"},{"@type":"ListItem","position":2,"name":"Un grupo de apicultores se junt\u00f3 y cambi\u00f3 el paradigma de la miel entrerriana"}]},{"@type":"WebSite","@id":"https:\/\/www.noticiasradioreflejos.com.ar\/2021\/#website","url":"https:\/\/www.noticiasradioreflejos.com.ar\/2021\/","name":"Noticias Radio Reflejos","description":"Las noticias de mi comarca","potentialAction":[{"@type":"SearchAction","target":{"@type":"EntryPoint","urlTemplate":"https:\/\/www.noticiasradioreflejos.com.ar\/2021\/?s={search_term_string}"},"query-input":{"@type":"PropertyValueSpecification","valueRequired":true,"valueName":"search_term_string"}}],"inLanguage":"es"},{"@type":"Person","@id":"https:\/\/www.noticiasradioreflejos.com.ar\/2021\/#\/schema\/person\/ad82545263dcc5ec0996818884fd5fb1","name":"Arnaldo Botto","image":{"@type":"ImageObject","inLanguage":"es","@id":"https:\/\/www.noticiasradioreflejos.com.ar\/2021\/#\/schema\/person\/image\/","url":"https:\/\/secure.gravatar.com\/avatar\/55cb5e37c1efa326397366e6974cb338056df65cb50e7d64d1cf314e87504837?s=96&d=mm&r=g","contentUrl":"https:\/\/secure.gravatar.com\/avatar\/55cb5e37c1efa326397366e6974cb338056df65cb50e7d64d1cf314e87504837?s=96&d=mm&r=g","caption":"Arnaldo Botto"},"url":"https:\/\/www.noticiasradioreflejos.com.ar\/2021\/author\/arnaldo\/"}]}},"_links":{"self":[{"href":"https:\/\/www.noticiasradioreflejos.com.ar\/2021\/wp-json\/wp\/v2\/posts\/109602","targetHints":{"allow":["GET"]}}],"collection":[{"href":"https:\/\/www.noticiasradioreflejos.com.ar\/2021\/wp-json\/wp\/v2\/posts"}],"about":[{"href":"https:\/\/www.noticiasradioreflejos.com.ar\/2021\/wp-json\/wp\/v2\/types\/post"}],"author":[{"embeddable":true,"href":"https:\/\/www.noticiasradioreflejos.com.ar\/2021\/wp-json\/wp\/v2\/users\/3"}],"replies":[{"embeddable":true,"href":"https:\/\/www.noticiasradioreflejos.com.ar\/2021\/wp-json\/wp\/v2\/comments?post=109602"}],"version-history":[{"count":2,"href":"https:\/\/www.noticiasradioreflejos.com.ar\/2021\/wp-json\/wp\/v2\/posts\/109602\/revisions"}],"predecessor-version":[{"id":109610,"href":"https:\/\/www.noticiasradioreflejos.com.ar\/2021\/wp-json\/wp\/v2\/posts\/109602\/revisions\/109610"}],"wp:attachment":[{"href":"https:\/\/www.noticiasradioreflejos.com.ar\/2021\/wp-json\/wp\/v2\/media?parent=109602"}],"wp:term":[{"taxonomy":"category","embeddable":true,"href":"https:\/\/www.noticiasradioreflejos.com.ar\/2021\/wp-json\/wp\/v2\/categories?post=109602"},{"taxonomy":"post_tag","embeddable":true,"href":"https:\/\/www.noticiasradioreflejos.com.ar\/2021\/wp-json\/wp\/v2\/tags?post=109602"}],"curies":[{"name":"wp","href":"https:\/\/api.w.org\/{rel}","templated":true}]}}