{"id":10946,"date":"2017-06-07T07:58:29","date_gmt":"2017-06-07T10:58:29","guid":{"rendered":"http:\/\/noticiasradioreflejos.com.ar\/noticias\/?p=10946"},"modified":"2017-06-07T07:58:29","modified_gmt":"2017-06-07T10:58:29","slug":"salutacion-por-el-dia-del-periodista","status":"publish","type":"post","link":"https:\/\/www.noticiasradioreflejos.com.ar\/2021\/salutacion-por-el-dia-del-periodista\/","title":{"rendered":"Salutaci\u00f3nes por el d\u00eda del Periodista"},"content":{"rendered":"<p>Con motivo de celebrarse este 7 de junio el \u00abD\u00eda del Periodista\u00bb acompa\u00f1amos todos los mensajes que llegan a nuestra redacci\u00f3n y los agradecemos cordialmente.<br \/>\n<!--more--><br \/>\n<a href=\"http:\/\/noticiasradioreflejos.com.ar\/noticias\/wp-content\/uploads\/2017\/06\/Flyer-DIA-PERIODISTA-06-2017.png\"><img loading=\"lazy\" decoding=\"async\" class=\"aligncenter wp-image-10947\" src=\"http:\/\/noticiasradioreflejos.com.ar\/noticias\/wp-content\/uploads\/2017\/06\/Flyer-DIA-PERIODISTA-06-2017.png\" alt=\"Flyer DIA PERIODISTA 06 2017\" width=\"430\" height=\"430\" \/><\/a><br \/>\nEste 7 de junio es el D\u00eda del Periodista y les queremos enviar nuestro saludo y fuerte reconocimiento.Gracias por el acompa\u00f1amiento de siempre<br \/>\n<strong>Junta Promotora<\/strong><br \/>\n<strong> Suteba Tornquist<\/strong><br \/>\n&#8212;&#8212;&#8212;&#8212;&#8212;&#8212;&#8212;&#8212;&#8212;&#8212;&#8212;&#8212;&#8212;&#8212;&#8212;&#8212;&#8212;&#8212;&#8211;<br \/>\n<a title=\"unnamed\" href=\"http:\/\/farm5.staticflickr.com\/4250\/34990754182_18ce8f9205_m.jpg\" rel=\"\"><img loading=\"lazy\" decoding=\"async\" class=\"alignleft\" style=\"float: left;\" title=\"unnamed\" src=\"http:\/\/farm5.staticflickr.com\/4250\/34990754182_18ce8f9205_m.jpg\" alt=\"unnamed\" width=\"144\" height=\"64\" \/><\/a>Mar\u00eda Jos\u00e9 Cervetta<br \/>\nJefatura Regional Bonaerense II<br \/>\nPRENSA Y DIFUSION-COMUNICACIONES INTERNAS<br \/>\ntel: (0223)626-2381 ip:22381* mjcervetta@anses.gov.ar<br \/>\n&#8212;&#8212;&#8212;&#8212;&#8212;&#8212;&#8212;&#8212;&#8212;&#8212;&#8212;&#8212;&#8212;&#8212;&#8212;&#8212;&#8212;&#8212;-<br \/>\n<a title=\"tarjeta del CET\" href=\"http:\/\/farm5.staticflickr.com\/4244\/34310716264_d3c7e67f7f.jpg\" rel=\"\"><img loading=\"lazy\" decoding=\"async\" class=\"aligncenter\" title=\"tarjeta del CET\" src=\"http:\/\/farm5.staticflickr.com\/4244\/34310716264_d3c7e67f7f.jpg\" alt=\"tarjeta del CET\" width=\"500\" height=\"323\" \/><\/a><br \/>\nLa Comisi\u00f3n Directiva del Centro de Educadores de Tornquist lo saluda en su d\u00eda y agradece\u00a0su tarea cotidiana en pos de la libre expresi\u00f3n y la defensa de una sociedad m\u00e1s justa.<br \/>\n&#8212;&#8212;&#8212;&#8212;&#8212;&#8212;&#8212;&#8212;&#8212;&#8212;&#8212;&#8212;&#8212;&#8212;&#8212;&#8212;&#8212;&#8212;-<br \/>\n<a title=\"periodista-07\" href=\"http:\/\/farm5.staticflickr.com\/4265\/35025288041_cee8dfbe8c.jpg\" rel=\"\"><img loading=\"lazy\" decoding=\"async\" class=\"aligncenter\" title=\"periodista-07\" src=\"http:\/\/farm5.staticflickr.com\/4265\/35025288041_cee8dfbe8c.jpg\" alt=\"periodista-07\" width=\"500\" height=\"286\" \/><\/a>Este 7 de junio queremos saludar una vez m\u00e1s a todas las personas que desarrollan su tarea diaria de comunicar e informar con la mayor honestidad y compromiso posible.<\/p>\n<div id=\"yui_3_16_0_1_1496835991229_6770\">\n<div id=\"yui_3_16_0_1_1496835991229_10783\"><b id=\"yui_3_16_0_1_1496835991229_10787\">Humberto Monteros\u00a0<\/b><\/div>\n<div id=\"yui_3_16_0_1_1496835991229_10794\"><b id=\"yui_3_16_0_1_1496835991229_10793\">Secretario General CGT Delegaci\u00f3n Bah\u00eda Blanca<\/b><\/div>\n<\/div>\n<div><strong>CGT Bah\u00eda Blanca<\/strong><\/div>\n<div><\/div>\n<div>\u00a0 \u00a0 \u00a0 \u00a0 \u00a0 \u00a0 \u00a0 \u00a0 \u00a0 \u00a0 \u00a0 \u00a0 \u00a0 \u00a0 \u00a0 \u00a0 \u00a0 \u00a0 \u00a0 \u00a0 \u00a0&#8212;&#8212;&#8212;&#8212;&#8212;&#8212;&#8212;&#8212;&#8212;&#8212;&#8212;&#8212;&#8212;&#8212;&#8212;&#8212;&#8212;-<\/div>\n<p>El <strong>Frente Popular \u201c25 de Febrero\u201d<\/strong> saluda y felicita en su d\u00eda a los profesionales que ejercen la responsabilidad de informar en la comarca y que nos abren su espacio para que podamos hacer conocer nuestro trabajo,<br \/>\nLo hacemos citando el pensamiento de Tomas Eloy Mart\u00ednez, cuando expres\u00f3 -\u201cEl periodismo no es un circo para exhibirse, ni un tribunal para juzgar, ni una asesor\u00eda para gobernantes ineptos o vacilantes, sino un instrumento de informaci\u00f3n, una herramienta para pensar, para crear, para ayudar al hombre en su eterno combate por una vida m\u00e1s digna y menos injusta\u201d.-<br \/>\nUn Saludo cordial &#8211; \u00a0FRENTE POPULAR 25 DE FEBRERO<br \/>\n&#8212;&#8212;&#8212;&#8212;&#8212;&#8212;&#8212;&#8212;&#8212;&#8212;&#8212;&#8212;&#8212;&#8212;&#8212;&#8212;&#8212;&#8212;&#8212;&#8212;&#8211;<br \/>\n<a title=\"unnamed (1)\" href=\"http:\/\/farm5.staticflickr.com\/4195\/35158912775_7c9b606fc4_z.jpg\" rel=\"\"><img loading=\"lazy\" decoding=\"async\" class=\"aligncenter\" title=\"unnamed (1)\" src=\"http:\/\/farm5.staticflickr.com\/4195\/35158912775_7c9b606fc4_z.jpg\" alt=\"unnamed (1)\" width=\"488\" height=\"488\" \/><\/a><br \/>\n&#8212;\u00a0 \u00a0 \u00a0 \u00a0 \u00a0 \u00a0 \u00a0 \u00a0 \u00a0 \u00a0 \u00a0 \u00a0 \u00a0 \u00a0 \u00a0 \u00a0 \u00a0 \u00a0 \u00a0 \u00a0 \u00a0 \u00a0\u00a0&#8212;&#8212;&#8212;&#8212;&#8212;&#8212;&#8212;&#8212;&#8212;&#8212;&#8212;&#8212;&#8212;&#8212;&#8212;&#8212;&#8212;-<br \/>\n<a title=\"IMG-20170607-WA0007\" href=\"http:\/\/farm5.staticflickr.com\/4243\/35028953251_2571726d34.jpg\" rel=\"\"><img loading=\"lazy\" decoding=\"async\" class=\"aligncenter\" title=\"IMG-20170607-WA0007\" src=\"http:\/\/farm5.staticflickr.com\/4243\/35028953251_2571726d34.jpg\" alt=\"IMG-20170607-WA0007\" width=\"500\" height=\"275\" \/><\/a><br \/>\n&#8212;&#8212;&#8212;&#8212;&#8212;&#8212;&#8212;&#8212;&#8212;&#8212;&#8212;&#8212;&#8212;&#8212;&#8212;&#8212;&#8212;&#8212;&#8212;-<br \/>\n<a title=\"unnamed\" href=\"http:\/\/farm5.staticflickr.com\/4226\/34331936704_ca8a8f5abf.jpg\" rel=\"\"><img loading=\"lazy\" decoding=\"async\" class=\"aligncenter\" title=\"unnamed\" src=\"http:\/\/farm5.staticflickr.com\/4226\/34331936704_ca8a8f5abf.jpg\" alt=\"unnamed\" width=\"500\" height=\"322\" \/><\/a><br \/>\n&#8212;&#8212;&#8212;&#8212;&#8212;&#8212;&#8212;&#8212;&#8212;&#8212;&#8212;&#8212;&#8212;&#8212;&#8212;&#8212;&#8212;&#8212;&#8212;-<br \/>\nEl intendente municipal, Sergio Bordoni, <strong>saluda a los periodistas<\/strong> del distrito y la regi\u00f3n.<br \/>\n<strong>Gracias!<\/strong> porque con su trabajo nos ayudan, d\u00eda a d\u00eda en esta tarea de trabajar para la comunidad.<br \/>\n<strong>Gracias!<\/strong> porque la comunicaci\u00f3n y la producci\u00f3n period\u00edstica de la informaci\u00f3n nos brindan herramientas para la toma de decisiones,\u00a0 fortaleciendo la democracia.<br \/>\n<strong>Feliz D\u00eda del Periodista!<\/strong><\/p>\n","protected":false},"excerpt":{"rendered":"<p>Con motivo de celebrarse este 7 de junio el \u00abD\u00eda del Periodista\u00bb acompa\u00f1amos todos los mensajes que llegan a nuestra redacci\u00f3n y los agradecemos cordialmente.<\/p>\n","protected":false},"author":3,"featured_media":0,"comment_status":"closed","ping_status":"open","sticky":false,"template":"","format":"standard","meta":{"footnotes":""},"categories":[26],"tags":[],"class_list":["post-10946","post","type-post","status-publish","format-standard","hentry","category-sociedad"],"yoast_head":"<!-- This site is optimized with the Yoast SEO plugin v25.9 - https:\/\/yoast.com\/wordpress\/plugins\/seo\/ -->\n<title>Salutaci\u00f3nes por el d\u00eda del Periodista - Noticias Radio Reflejos<\/title>\n<meta name=\"robots\" content=\"index, follow, max-snippet:-1, max-image-preview:large, max-video-preview:-1\" \/>\n<link rel=\"canonical\" href=\"https:\/\/www.noticiasradioreflejos.com.ar\/2021\/salutacion-por-el-dia-del-periodista\/\" \/>\n<meta property=\"og:locale\" content=\"es_ES\" \/>\n<meta property=\"og:type\" content=\"article\" \/>\n<meta property=\"og:title\" content=\"Salutaci\u00f3nes por el d\u00eda del Periodista - Noticias Radio Reflejos\" \/>\n<meta property=\"og:description\" content=\"Con motivo de celebrarse este 7 de junio el \u00abD\u00eda del Periodista\u00bb acompa\u00f1amos todos los mensajes que llegan a nuestra redacci\u00f3n y los agradecemos cordialmente.\" \/>\n<meta property=\"og:url\" content=\"https:\/\/www.noticiasradioreflejos.com.ar\/2021\/salutacion-por-el-dia-del-periodista\/\" \/>\n<meta property=\"og:site_name\" content=\"Noticias Radio Reflejos\" \/>\n<meta property=\"article:published_time\" content=\"2017-06-07T10:58:29+00:00\" \/>\n<meta property=\"og:image\" content=\"https:\/\/www.noticiasradioreflejos.com.ar\/2021\/wp-content\/uploads\/2021\/07\/logosol300x200.png\" \/>\n\t<meta property=\"og:image:width\" content=\"300\" \/>\n\t<meta property=\"og:image:height\" content=\"200\" \/>\n\t<meta property=\"og:image:type\" content=\"image\/png\" \/>\n<meta name=\"author\" content=\"Arnaldo Botto\" \/>\n<meta name=\"twitter:card\" content=\"summary_large_image\" \/>\n<script type=\"application\/ld+json\" class=\"yoast-schema-graph\">{\"@context\":\"https:\/\/schema.org\",\"@graph\":[{\"@type\":\"WebPage\",\"@id\":\"https:\/\/www.noticiasradioreflejos.com.ar\/2021\/salutacion-por-el-dia-del-periodista\/\",\"url\":\"https:\/\/www.noticiasradioreflejos.com.ar\/2021\/salutacion-por-el-dia-del-periodista\/\",\"name\":\"Salutaci\u00f3nes por el d\u00eda del Periodista - Noticias Radio Reflejos\",\"isPartOf\":{\"@id\":\"https:\/\/www.noticiasradioreflejos.com.ar\/2021\/#website\"},\"primaryImageOfPage\":{\"@id\":\"https:\/\/www.noticiasradioreflejos.com.ar\/2021\/salutacion-por-el-dia-del-periodista\/#primaryimage\"},\"image\":{\"@id\":\"https:\/\/www.noticiasradioreflejos.com.ar\/2021\/salutacion-por-el-dia-del-periodista\/#primaryimage\"},\"thumbnailUrl\":\"http:\/\/noticiasradioreflejos.com.ar\/noticias\/wp-content\/uploads\/2017\/06\/Flyer-DIA-PERIODISTA-06-2017.png\",\"datePublished\":\"2017-06-07T10:58:29+00:00\",\"author\":{\"@id\":\"https:\/\/www.noticiasradioreflejos.com.ar\/2021\/#\/schema\/person\/ad82545263dcc5ec0996818884fd5fb1\"},\"breadcrumb\":{\"@id\":\"https:\/\/www.noticiasradioreflejos.com.ar\/2021\/salutacion-por-el-dia-del-periodista\/#breadcrumb\"},\"inLanguage\":\"es\",\"potentialAction\":[{\"@type\":\"ReadAction\",\"target\":[\"https:\/\/www.noticiasradioreflejos.com.ar\/2021\/salutacion-por-el-dia-del-periodista\/\"]}]},{\"@type\":\"ImageObject\",\"inLanguage\":\"es\",\"@id\":\"https:\/\/www.noticiasradioreflejos.com.ar\/2021\/salutacion-por-el-dia-del-periodista\/#primaryimage\",\"url\":\"http:\/\/noticiasradioreflejos.com.ar\/noticias\/wp-content\/uploads\/2017\/06\/Flyer-DIA-PERIODISTA-06-2017.png\",\"contentUrl\":\"http:\/\/noticiasradioreflejos.com.ar\/noticias\/wp-content\/uploads\/2017\/06\/Flyer-DIA-PERIODISTA-06-2017.png\"},{\"@type\":\"BreadcrumbList\",\"@id\":\"https:\/\/www.noticiasradioreflejos.com.ar\/2021\/salutacion-por-el-dia-del-periodista\/#breadcrumb\",\"itemListElement\":[{\"@type\":\"ListItem\",\"position\":1,\"name\":\"Portada\",\"item\":\"https:\/\/www.noticiasradioreflejos.com.ar\/2021\/\"},{\"@type\":\"ListItem\",\"position\":2,\"name\":\"Salutaci\u00f3nes por el d\u00eda del Periodista\"}]},{\"@type\":\"WebSite\",\"@id\":\"https:\/\/www.noticiasradioreflejos.com.ar\/2021\/#website\",\"url\":\"https:\/\/www.noticiasradioreflejos.com.ar\/2021\/\",\"name\":\"Noticias Radio Reflejos\",\"description\":\"Las noticias de mi comarca\",\"potentialAction\":[{\"@type\":\"SearchAction\",\"target\":{\"@type\":\"EntryPoint\",\"urlTemplate\":\"https:\/\/www.noticiasradioreflejos.com.ar\/2021\/?s={search_term_string}\"},\"query-input\":{\"@type\":\"PropertyValueSpecification\",\"valueRequired\":true,\"valueName\":\"search_term_string\"}}],\"inLanguage\":\"es\"},{\"@type\":\"Person\",\"@id\":\"https:\/\/www.noticiasradioreflejos.com.ar\/2021\/#\/schema\/person\/ad82545263dcc5ec0996818884fd5fb1\",\"name\":\"Arnaldo Botto\",\"image\":{\"@type\":\"ImageObject\",\"inLanguage\":\"es\",\"@id\":\"https:\/\/www.noticiasradioreflejos.com.ar\/2021\/#\/schema\/person\/image\/\",\"url\":\"https:\/\/secure.gravatar.com\/avatar\/55cb5e37c1efa326397366e6974cb338056df65cb50e7d64d1cf314e87504837?s=96&d=mm&r=g\",\"contentUrl\":\"https:\/\/secure.gravatar.com\/avatar\/55cb5e37c1efa326397366e6974cb338056df65cb50e7d64d1cf314e87504837?s=96&d=mm&r=g\",\"caption\":\"Arnaldo Botto\"},\"url\":\"https:\/\/www.noticiasradioreflejos.com.ar\/2021\/author\/arnaldo\/\"}]}<\/script>\n<!-- \/ Yoast SEO plugin. -->","yoast_head_json":{"title":"Salutaci\u00f3nes por el d\u00eda del Periodista - Noticias Radio Reflejos","robots":{"index":"index","follow":"follow","max-snippet":"max-snippet:-1","max-image-preview":"max-image-preview:large","max-video-preview":"max-video-preview:-1"},"canonical":"https:\/\/www.noticiasradioreflejos.com.ar\/2021\/salutacion-por-el-dia-del-periodista\/","og_locale":"es_ES","og_type":"article","og_title":"Salutaci\u00f3nes por el d\u00eda del Periodista - Noticias Radio Reflejos","og_description":"Con motivo de celebrarse este 7 de junio el \u00abD\u00eda del Periodista\u00bb acompa\u00f1amos todos los mensajes que llegan a nuestra redacci\u00f3n y los agradecemos cordialmente.","og_url":"https:\/\/www.noticiasradioreflejos.com.ar\/2021\/salutacion-por-el-dia-del-periodista\/","og_site_name":"Noticias Radio Reflejos","article_published_time":"2017-06-07T10:58:29+00:00","og_image":[{"width":300,"height":200,"url":"https:\/\/www.noticiasradioreflejos.com.ar\/2021\/wp-content\/uploads\/2021\/07\/logosol300x200.png","type":"image\/png"}],"author":"Arnaldo Botto","twitter_card":"summary_large_image","schema":{"@context":"https:\/\/schema.org","@graph":[{"@type":"WebPage","@id":"https:\/\/www.noticiasradioreflejos.com.ar\/2021\/salutacion-por-el-dia-del-periodista\/","url":"https:\/\/www.noticiasradioreflejos.com.ar\/2021\/salutacion-por-el-dia-del-periodista\/","name":"Salutaci\u00f3nes por el d\u00eda del Periodista - Noticias Radio Reflejos","isPartOf":{"@id":"https:\/\/www.noticiasradioreflejos.com.ar\/2021\/#website"},"primaryImageOfPage":{"@id":"https:\/\/www.noticiasradioreflejos.com.ar\/2021\/salutacion-por-el-dia-del-periodista\/#primaryimage"},"image":{"@id":"https:\/\/www.noticiasradioreflejos.com.ar\/2021\/salutacion-por-el-dia-del-periodista\/#primaryimage"},"thumbnailUrl":"http:\/\/noticiasradioreflejos.com.ar\/noticias\/wp-content\/uploads\/2017\/06\/Flyer-DIA-PERIODISTA-06-2017.png","datePublished":"2017-06-07T10:58:29+00:00","author":{"@id":"https:\/\/www.noticiasradioreflejos.com.ar\/2021\/#\/schema\/person\/ad82545263dcc5ec0996818884fd5fb1"},"breadcrumb":{"@id":"https:\/\/www.noticiasradioreflejos.com.ar\/2021\/salutacion-por-el-dia-del-periodista\/#breadcrumb"},"inLanguage":"es","potentialAction":[{"@type":"ReadAction","target":["https:\/\/www.noticiasradioreflejos.com.ar\/2021\/salutacion-por-el-dia-del-periodista\/"]}]},{"@type":"ImageObject","inLanguage":"es","@id":"https:\/\/www.noticiasradioreflejos.com.ar\/2021\/salutacion-por-el-dia-del-periodista\/#primaryimage","url":"http:\/\/noticiasradioreflejos.com.ar\/noticias\/wp-content\/uploads\/2017\/06\/Flyer-DIA-PERIODISTA-06-2017.png","contentUrl":"http:\/\/noticiasradioreflejos.com.ar\/noticias\/wp-content\/uploads\/2017\/06\/Flyer-DIA-PERIODISTA-06-2017.png"},{"@type":"BreadcrumbList","@id":"https:\/\/www.noticiasradioreflejos.com.ar\/2021\/salutacion-por-el-dia-del-periodista\/#breadcrumb","itemListElement":[{"@type":"ListItem","position":1,"name":"Portada","item":"https:\/\/www.noticiasradioreflejos.com.ar\/2021\/"},{"@type":"ListItem","position":2,"name":"Salutaci\u00f3nes por el d\u00eda del Periodista"}]},{"@type":"WebSite","@id":"https:\/\/www.noticiasradioreflejos.com.ar\/2021\/#website","url":"https:\/\/www.noticiasradioreflejos.com.ar\/2021\/","name":"Noticias Radio Reflejos","description":"Las noticias de mi comarca","potentialAction":[{"@type":"SearchAction","target":{"@type":"EntryPoint","urlTemplate":"https:\/\/www.noticiasradioreflejos.com.ar\/2021\/?s={search_term_string}"},"query-input":{"@type":"PropertyValueSpecification","valueRequired":true,"valueName":"search_term_string"}}],"inLanguage":"es"},{"@type":"Person","@id":"https:\/\/www.noticiasradioreflejos.com.ar\/2021\/#\/schema\/person\/ad82545263dcc5ec0996818884fd5fb1","name":"Arnaldo Botto","image":{"@type":"ImageObject","inLanguage":"es","@id":"https:\/\/www.noticiasradioreflejos.com.ar\/2021\/#\/schema\/person\/image\/","url":"https:\/\/secure.gravatar.com\/avatar\/55cb5e37c1efa326397366e6974cb338056df65cb50e7d64d1cf314e87504837?s=96&d=mm&r=g","contentUrl":"https:\/\/secure.gravatar.com\/avatar\/55cb5e37c1efa326397366e6974cb338056df65cb50e7d64d1cf314e87504837?s=96&d=mm&r=g","caption":"Arnaldo Botto"},"url":"https:\/\/www.noticiasradioreflejos.com.ar\/2021\/author\/arnaldo\/"}]}},"_links":{"self":[{"href":"https:\/\/www.noticiasradioreflejos.com.ar\/2021\/wp-json\/wp\/v2\/posts\/10946","targetHints":{"allow":["GET"]}}],"collection":[{"href":"https:\/\/www.noticiasradioreflejos.com.ar\/2021\/wp-json\/wp\/v2\/posts"}],"about":[{"href":"https:\/\/www.noticiasradioreflejos.com.ar\/2021\/wp-json\/wp\/v2\/types\/post"}],"author":[{"embeddable":true,"href":"https:\/\/www.noticiasradioreflejos.com.ar\/2021\/wp-json\/wp\/v2\/users\/3"}],"replies":[{"embeddable":true,"href":"https:\/\/www.noticiasradioreflejos.com.ar\/2021\/wp-json\/wp\/v2\/comments?post=10946"}],"version-history":[{"count":0,"href":"https:\/\/www.noticiasradioreflejos.com.ar\/2021\/wp-json\/wp\/v2\/posts\/10946\/revisions"}],"wp:attachment":[{"href":"https:\/\/www.noticiasradioreflejos.com.ar\/2021\/wp-json\/wp\/v2\/media?parent=10946"}],"wp:term":[{"taxonomy":"category","embeddable":true,"href":"https:\/\/www.noticiasradioreflejos.com.ar\/2021\/wp-json\/wp\/v2\/categories?post=10946"},{"taxonomy":"post_tag","embeddable":true,"href":"https:\/\/www.noticiasradioreflejos.com.ar\/2021\/wp-json\/wp\/v2\/tags?post=10946"}],"curies":[{"name":"wp","href":"https:\/\/api.w.org\/{rel}","templated":true}]}}