{"id":10942,"date":"2017-06-07T07:56:10","date_gmt":"2017-06-07T10:56:10","guid":{"rendered":"http:\/\/noticiasradioreflejos.com.ar\/noticias\/?p=10942"},"modified":"2017-06-07T07:56:10","modified_gmt":"2017-06-07T10:56:10","slug":"este-golpe-les-va-abrir-la-cabeza-a-los-chicos","status":"publish","type":"post","link":"https:\/\/www.noticiasradioreflejos.com.ar\/2021\/este-golpe-les-va-abrir-la-cabeza-a-los-chicos\/","title":{"rendered":"&quot;Este golpe les va abrir la cabeza a los chicos&quot;"},"content":{"rendered":"<p>Javier Rubio es el Director T\u00e9cnico de la primera divisi\u00f3n del f\u00fatbol del Club Atl\u00e9tico Ventana y charl\u00f3 con nosotros para contarnos lo que significo la derrota el pasado domingo por 2 a 0 contra Independiente y los cuartos de final que se vienen para el equipo.<!--more--><br \/>\n\u00abLo que tenemos que trabajar en la semana es m\u00e1s lo psicol\u00f3gico, es un baj\u00f3n an\u00edmico importante, son dos derrotas seguidas y este domingo ten\u00edamos las chance de ganar y pasar directamente a semifinal pero bueno el equipo esta muy bien y el cuerpo t\u00e9cnico esta muy confiado del equipo que tiene.\u00bb agrega Rubio haciendo hincapi\u00e9 en el trabajo que tienen que hacer sobre lo mental para que los chicos agarren confianza nuevamente.<br \/>\nJavier cuenta detalles de lo que sucedi\u00f3 el d\u00eda domingo y cuenta: \u00abDesde que el club volvi\u00f3 a la liga los chicos se acostumbraron a jugar finales y semifinales, todav\u00eda estamos en carrera, perdimos un partido y la oportunidad de pasar directamente pero el domingo tenemos un lindo partido en casa, por suerte la gente acompa\u00f1a mucho y trabajaremos toda la semana para llegar a la segunda fase\u00bb.<br \/>\n\u00abNos falto confiar en lo que tienen los chicos, no salieron las cosas, no jugamos por afuera que fue lo que practicamos el fin de semana. Tenemos un plantel amplio con diferentes caracter\u00edsticas. Con lo que tenemos estamos bien. El partido anterior influyo mucho fue importante, qued\u00e1bamos en la punta solo y al perder psicol\u00f3gicamente fue una trompadita importante y este domingo nos descoloco\u00bb comenta el DT del Tricolor.<br \/>\n\u00abEl apoyo del pueblo de la gente es incondicional\u00bb sintetiza Rubio.<br \/>\n<iframe loading=\"lazy\" src=\"https:\/\/w.soundcloud.com\/player\/?url=https%3A\/\/api.soundcloud.com\/tracks\/326621840&amp;color=ff5500&amp;auto_play=false&amp;hide_related=false&amp;show_comments=true&amp;show_user=true&amp;show_reposts=false\" width=\"100%\" height=\"166\" frameborder=\"no\" scrolling=\"no\"><\/iframe><\/p>\n","protected":false},"excerpt":{"rendered":"<p>Javier Rubio es el Director T\u00e9cnico de la primera divisi\u00f3n del f\u00fatbol del Club Atl\u00e9tico Ventana y charl\u00f3 con nosotros para contarnos lo que significo la derrota el pasado domingo por 2 a 0 contra Independiente y los cuartos de final que se vienen para el equipo.<\/p>\n","protected":false},"author":3,"featured_media":0,"comment_status":"closed","ping_status":"open","sticky":false,"template":"","format":"standard","meta":{"footnotes":""},"categories":[27],"tags":[32],"class_list":["post-10942","post","type-post","status-publish","format-standard","hentry","category-deportes","tag-destacado"],"yoast_head":"<!-- This site is optimized with the Yoast SEO plugin v25.9 - https:\/\/yoast.com\/wordpress\/plugins\/seo\/ -->\n<title>&quot;Este golpe les va abrir la cabeza a los chicos&quot; - Noticias Radio Reflejos<\/title>\n<meta name=\"robots\" content=\"index, follow, max-snippet:-1, max-image-preview:large, max-video-preview:-1\" \/>\n<link rel=\"canonical\" href=\"https:\/\/www.noticiasradioreflejos.com.ar\/2021\/este-golpe-les-va-abrir-la-cabeza-a-los-chicos\/\" \/>\n<meta property=\"og:locale\" content=\"es_ES\" \/>\n<meta property=\"og:type\" content=\"article\" \/>\n<meta property=\"og:title\" content=\"&quot;Este golpe les va abrir la cabeza a los chicos&quot; - Noticias Radio Reflejos\" \/>\n<meta property=\"og:description\" content=\"Javier Rubio es el Director T\u00e9cnico de la primera divisi\u00f3n del f\u00fatbol del Club Atl\u00e9tico Ventana y charl\u00f3 con nosotros para contarnos lo que significo la derrota el pasado domingo por 2 a 0 contra Independiente y los cuartos de final que se vienen para el equipo.\" \/>\n<meta property=\"og:url\" content=\"https:\/\/www.noticiasradioreflejos.com.ar\/2021\/este-golpe-les-va-abrir-la-cabeza-a-los-chicos\/\" \/>\n<meta property=\"og:site_name\" content=\"Noticias Radio Reflejos\" \/>\n<meta property=\"article:published_time\" content=\"2017-06-07T10:56:10+00:00\" \/>\n<meta property=\"og:image\" content=\"https:\/\/www.noticiasradioreflejos.com.ar\/2021\/wp-content\/uploads\/2021\/07\/logosol300x200.png\" \/>\n\t<meta property=\"og:image:width\" content=\"300\" \/>\n\t<meta property=\"og:image:height\" content=\"200\" \/>\n\t<meta property=\"og:image:type\" content=\"image\/png\" \/>\n<meta name=\"author\" content=\"Arnaldo Botto\" \/>\n<meta name=\"twitter:card\" content=\"summary_large_image\" \/>\n<script type=\"application\/ld+json\" class=\"yoast-schema-graph\">{\"@context\":\"https:\/\/schema.org\",\"@graph\":[{\"@type\":\"WebPage\",\"@id\":\"https:\/\/www.noticiasradioreflejos.com.ar\/2021\/este-golpe-les-va-abrir-la-cabeza-a-los-chicos\/\",\"url\":\"https:\/\/www.noticiasradioreflejos.com.ar\/2021\/este-golpe-les-va-abrir-la-cabeza-a-los-chicos\/\",\"name\":\"&quot;Este golpe les va abrir la cabeza a los chicos&quot; - Noticias Radio Reflejos\",\"isPartOf\":{\"@id\":\"https:\/\/www.noticiasradioreflejos.com.ar\/2021\/#website\"},\"datePublished\":\"2017-06-07T10:56:10+00:00\",\"author\":{\"@id\":\"https:\/\/www.noticiasradioreflejos.com.ar\/2021\/#\/schema\/person\/ad82545263dcc5ec0996818884fd5fb1\"},\"breadcrumb\":{\"@id\":\"https:\/\/www.noticiasradioreflejos.com.ar\/2021\/este-golpe-les-va-abrir-la-cabeza-a-los-chicos\/#breadcrumb\"},\"inLanguage\":\"es\",\"potentialAction\":[{\"@type\":\"ReadAction\",\"target\":[\"https:\/\/www.noticiasradioreflejos.com.ar\/2021\/este-golpe-les-va-abrir-la-cabeza-a-los-chicos\/\"]}]},{\"@type\":\"BreadcrumbList\",\"@id\":\"https:\/\/www.noticiasradioreflejos.com.ar\/2021\/este-golpe-les-va-abrir-la-cabeza-a-los-chicos\/#breadcrumb\",\"itemListElement\":[{\"@type\":\"ListItem\",\"position\":1,\"name\":\"Portada\",\"item\":\"https:\/\/www.noticiasradioreflejos.com.ar\/2021\/\"},{\"@type\":\"ListItem\",\"position\":2,\"name\":\"&quot;Este golpe les va abrir la cabeza a los chicos&quot;\"}]},{\"@type\":\"WebSite\",\"@id\":\"https:\/\/www.noticiasradioreflejos.com.ar\/2021\/#website\",\"url\":\"https:\/\/www.noticiasradioreflejos.com.ar\/2021\/\",\"name\":\"Noticias Radio Reflejos\",\"description\":\"Las noticias de mi comarca\",\"potentialAction\":[{\"@type\":\"SearchAction\",\"target\":{\"@type\":\"EntryPoint\",\"urlTemplate\":\"https:\/\/www.noticiasradioreflejos.com.ar\/2021\/?s={search_term_string}\"},\"query-input\":{\"@type\":\"PropertyValueSpecification\",\"valueRequired\":true,\"valueName\":\"search_term_string\"}}],\"inLanguage\":\"es\"},{\"@type\":\"Person\",\"@id\":\"https:\/\/www.noticiasradioreflejos.com.ar\/2021\/#\/schema\/person\/ad82545263dcc5ec0996818884fd5fb1\",\"name\":\"Arnaldo Botto\",\"image\":{\"@type\":\"ImageObject\",\"inLanguage\":\"es\",\"@id\":\"https:\/\/www.noticiasradioreflejos.com.ar\/2021\/#\/schema\/person\/image\/\",\"url\":\"https:\/\/secure.gravatar.com\/avatar\/55cb5e37c1efa326397366e6974cb338056df65cb50e7d64d1cf314e87504837?s=96&d=mm&r=g\",\"contentUrl\":\"https:\/\/secure.gravatar.com\/avatar\/55cb5e37c1efa326397366e6974cb338056df65cb50e7d64d1cf314e87504837?s=96&d=mm&r=g\",\"caption\":\"Arnaldo Botto\"},\"url\":\"https:\/\/www.noticiasradioreflejos.com.ar\/2021\/author\/arnaldo\/\"}]}<\/script>\n<!-- \/ Yoast SEO plugin. -->","yoast_head_json":{"title":"&quot;Este golpe les va abrir la cabeza a los chicos&quot; - Noticias Radio Reflejos","robots":{"index":"index","follow":"follow","max-snippet":"max-snippet:-1","max-image-preview":"max-image-preview:large","max-video-preview":"max-video-preview:-1"},"canonical":"https:\/\/www.noticiasradioreflejos.com.ar\/2021\/este-golpe-les-va-abrir-la-cabeza-a-los-chicos\/","og_locale":"es_ES","og_type":"article","og_title":"&quot;Este golpe les va abrir la cabeza a los chicos&quot; - Noticias Radio Reflejos","og_description":"Javier Rubio es el Director T\u00e9cnico de la primera divisi\u00f3n del f\u00fatbol del Club Atl\u00e9tico Ventana y charl\u00f3 con nosotros para contarnos lo que significo la derrota el pasado domingo por 2 a 0 contra Independiente y los cuartos de final que se vienen para el equipo.","og_url":"https:\/\/www.noticiasradioreflejos.com.ar\/2021\/este-golpe-les-va-abrir-la-cabeza-a-los-chicos\/","og_site_name":"Noticias Radio Reflejos","article_published_time":"2017-06-07T10:56:10+00:00","og_image":[{"width":300,"height":200,"url":"https:\/\/www.noticiasradioreflejos.com.ar\/2021\/wp-content\/uploads\/2021\/07\/logosol300x200.png","type":"image\/png"}],"author":"Arnaldo Botto","twitter_card":"summary_large_image","schema":{"@context":"https:\/\/schema.org","@graph":[{"@type":"WebPage","@id":"https:\/\/www.noticiasradioreflejos.com.ar\/2021\/este-golpe-les-va-abrir-la-cabeza-a-los-chicos\/","url":"https:\/\/www.noticiasradioreflejos.com.ar\/2021\/este-golpe-les-va-abrir-la-cabeza-a-los-chicos\/","name":"&quot;Este golpe les va abrir la cabeza a los chicos&quot; - Noticias Radio Reflejos","isPartOf":{"@id":"https:\/\/www.noticiasradioreflejos.com.ar\/2021\/#website"},"datePublished":"2017-06-07T10:56:10+00:00","author":{"@id":"https:\/\/www.noticiasradioreflejos.com.ar\/2021\/#\/schema\/person\/ad82545263dcc5ec0996818884fd5fb1"},"breadcrumb":{"@id":"https:\/\/www.noticiasradioreflejos.com.ar\/2021\/este-golpe-les-va-abrir-la-cabeza-a-los-chicos\/#breadcrumb"},"inLanguage":"es","potentialAction":[{"@type":"ReadAction","target":["https:\/\/www.noticiasradioreflejos.com.ar\/2021\/este-golpe-les-va-abrir-la-cabeza-a-los-chicos\/"]}]},{"@type":"BreadcrumbList","@id":"https:\/\/www.noticiasradioreflejos.com.ar\/2021\/este-golpe-les-va-abrir-la-cabeza-a-los-chicos\/#breadcrumb","itemListElement":[{"@type":"ListItem","position":1,"name":"Portada","item":"https:\/\/www.noticiasradioreflejos.com.ar\/2021\/"},{"@type":"ListItem","position":2,"name":"&quot;Este golpe les va abrir la cabeza a los chicos&quot;"}]},{"@type":"WebSite","@id":"https:\/\/www.noticiasradioreflejos.com.ar\/2021\/#website","url":"https:\/\/www.noticiasradioreflejos.com.ar\/2021\/","name":"Noticias Radio Reflejos","description":"Las noticias de mi comarca","potentialAction":[{"@type":"SearchAction","target":{"@type":"EntryPoint","urlTemplate":"https:\/\/www.noticiasradioreflejos.com.ar\/2021\/?s={search_term_string}"},"query-input":{"@type":"PropertyValueSpecification","valueRequired":true,"valueName":"search_term_string"}}],"inLanguage":"es"},{"@type":"Person","@id":"https:\/\/www.noticiasradioreflejos.com.ar\/2021\/#\/schema\/person\/ad82545263dcc5ec0996818884fd5fb1","name":"Arnaldo Botto","image":{"@type":"ImageObject","inLanguage":"es","@id":"https:\/\/www.noticiasradioreflejos.com.ar\/2021\/#\/schema\/person\/image\/","url":"https:\/\/secure.gravatar.com\/avatar\/55cb5e37c1efa326397366e6974cb338056df65cb50e7d64d1cf314e87504837?s=96&d=mm&r=g","contentUrl":"https:\/\/secure.gravatar.com\/avatar\/55cb5e37c1efa326397366e6974cb338056df65cb50e7d64d1cf314e87504837?s=96&d=mm&r=g","caption":"Arnaldo Botto"},"url":"https:\/\/www.noticiasradioreflejos.com.ar\/2021\/author\/arnaldo\/"}]}},"_links":{"self":[{"href":"https:\/\/www.noticiasradioreflejos.com.ar\/2021\/wp-json\/wp\/v2\/posts\/10942","targetHints":{"allow":["GET"]}}],"collection":[{"href":"https:\/\/www.noticiasradioreflejos.com.ar\/2021\/wp-json\/wp\/v2\/posts"}],"about":[{"href":"https:\/\/www.noticiasradioreflejos.com.ar\/2021\/wp-json\/wp\/v2\/types\/post"}],"author":[{"embeddable":true,"href":"https:\/\/www.noticiasradioreflejos.com.ar\/2021\/wp-json\/wp\/v2\/users\/3"}],"replies":[{"embeddable":true,"href":"https:\/\/www.noticiasradioreflejos.com.ar\/2021\/wp-json\/wp\/v2\/comments?post=10942"}],"version-history":[{"count":0,"href":"https:\/\/www.noticiasradioreflejos.com.ar\/2021\/wp-json\/wp\/v2\/posts\/10942\/revisions"}],"wp:attachment":[{"href":"https:\/\/www.noticiasradioreflejos.com.ar\/2021\/wp-json\/wp\/v2\/media?parent=10942"}],"wp:term":[{"taxonomy":"category","embeddable":true,"href":"https:\/\/www.noticiasradioreflejos.com.ar\/2021\/wp-json\/wp\/v2\/categories?post=10942"},{"taxonomy":"post_tag","embeddable":true,"href":"https:\/\/www.noticiasradioreflejos.com.ar\/2021\/wp-json\/wp\/v2\/tags?post=10942"}],"curies":[{"name":"wp","href":"https:\/\/api.w.org\/{rel}","templated":true}]}}