{"id":109275,"date":"2024-11-07T08:07:20","date_gmt":"2024-11-07T11:07:20","guid":{"rendered":"https:\/\/www.noticiasradioreflejos.com.ar\/2021\/?p=109275"},"modified":"2024-11-07T08:07:20","modified_gmt":"2024-11-07T11:07:20","slug":"tiempo-de-kicillof-lo-vera","status":"publish","type":"post","link":"https:\/\/www.noticiasradioreflejos.com.ar\/2021\/tiempo-de-kicillof-lo-vera\/","title":{"rendered":"TIEMPO DE KICILLOF, \u00bfLO VER\u00c1?"},"content":{"rendered":"<p>Argentina se encuentra en un punto de inflexi\u00f3n hist\u00f3rica, inmersa en un contexto global en el que el poder y los intereses econ\u00f3micos se reconfiguran. La elecci\u00f3n de Donald Trump en Estados Unidos y la crisis europea, que enfrenta la p\u00e9rdida de Ucrania y la escasez de recursos en \u00c1frica y Asia, han redirigido el inter\u00e9s de las potencias occidentales hacia Sudam\u00e9rica.<\/p>\n<p><!--more--><\/p>\n<p>En este nuevo escenario, Argentina emerge como un territorio estrat\u00e9gico por sus vastos recursos agr\u00edcolas, ganaderos, frutihort\u00edcolas y mineros, elementos que cobran relevancia ante las demandas externas de un mundo en crisis.<\/p>\n<p>Sin embargo, el pa\u00eds se enfrenta a esta coyuntura desde una posici\u00f3n de vulnerabilidad. Su estructura centralista de poder, establecida en el S. XIX bajo la presidencia de Bartolom\u00e9 Mitre, ha llegado a un l\u00edmite de obsolescencia que le impide responder a las necesidades actuales de la comunidad argentina. La centralizaci\u00f3n ha diluido el proyecto federalista inicial que otorgaba poder real a las provincias, debilitando su capacidad para defender sus propios intereses frente a las crecientes presiones de las potencias extranjeras y manteni\u00e9ndolas en una dependencia de un poder concentrado en Buenos Ayres.<\/p>\n<p>En este contexto, el gobernador de la provincia de los Bonaerenses, Axel Kicillof, junto con el Poder Legislativo, enfrentan una oportunidad de relevancia hist\u00f3rica. La provincia, centro de la producci\u00f3n agropecuaria y frutihort\u00edcola del pa\u00eds, es un basti\u00f3n clave en la defensa de la soberan\u00eda alimentaria nacional. No obstante, esta centralidad demanda repensar el modelo de gesti\u00f3n y distribuci\u00f3n del poder en un territorio tan vasto y diverso. Gobernar Buenos Ayres bajo una l\u00f3gica centralista no solo resulta ineficiente, sino que desatiende las especificidades y necesidades de sus municipios.<\/p>\n<p>Kicillof y el Legislativo provincial tienen, entonces, la responsabilidad de avanzar hacia un modelo de descentralizaci\u00f3n que les otorgue autonom\u00eda a los municipios \u2013como as\u00ed lo establece el art. 123 de la C.N-, permiti\u00e9ndoles asumir un papel activo en la gesti\u00f3n de sus propios recursos. No obstante, para que esta transformaci\u00f3n sea efectiva, el Poder Legislativo debe ser protagonista en la modificaci\u00f3n y derogaci\u00f3n de leyes y decretos obsoletos, algunos de ellos impuestos durante la D\u00e9cada Infame y la dictadura militar, que a\u00fan centralizan el poder en detrimento de la organizaci\u00f3n territorial. Solo con una legislaci\u00f3n renovada ser\u00e1 posible construir un federalismo municipal aut\u00e9ntico, que permita a cada comunidad gestionar sus recursos en un esquema regionalista de cooperaci\u00f3n y producci\u00f3n orientada al bienestar local.<\/p>\n<p>Esta urgencia qued\u00f3 evidenciada en un reciente encuentro entre empresarios agropecuarios y funcionarios estadounidenses, donde se discuti\u00f3 el inter\u00e9s de EE.UU. en que Argentina aumente su producci\u00f3n de granos. Sin embargo, los productores locales enfatizaron que la falta de infraestructura, mano de obra campesina y tecnolog\u00eda impide actualmente satisfacer tales demandas. Para el liberalismo econ\u00f3mico global, conceptos como soberan\u00eda alimentaria y sustentabilidad resultan secundarios frente a la maximizaci\u00f3n de beneficios corporativos, lo cual pone en riesgo el desarrollo aut\u00f3nomo y sostenible de las regiones argentinas.<\/p>\n<p>En este marco, el desaf\u00edo para la provincia bonaerense demanda tanto visi\u00f3n pol\u00edtica como una reestructuraci\u00f3n del sistema legal. Una legislaci\u00f3n que promueva un federalismo real y otorgue autonom\u00eda efectiva a los municipios no solo fortalecer\u00eda a la provincia, sino al pa\u00eds en su conjunto. Es el momento de retomar la idea de una \u00abComunidad Organizada\u00bb que haga realidad las aspiraciones de nuestro pueblo, en el cual cada jurisdicci\u00f3n local tenga un papel activo en la construcci\u00f3n del futuro de la provincia y de la naci\u00f3n. Sin un marco legal que promueva la descentralizaci\u00f3n y el desarrollo aut\u00f3nomo, Argentina seguir\u00e1 expuesta a quienes buscan explotarla como una simple fuente de materias primas.<\/p>\n<p>La riqueza de Buenos Ayres debe canalizarse para el bienestar de su poblaci\u00f3n y para fortalecer un proyecto de naci\u00f3n soberana, alejado de las imposiciones externas. Un pa\u00eds con una estructura de poder que priorice los intereses de sus regiones podr\u00e1 enfrentar con dignidad el contexto global. Esta es la tarea que recae en Kicillof, en el Legislativo bonaerense y en todos aquellos gobernadores que aspiren a construir una Argentina fuerte y justa.<\/p>\n<p>Argentina debe protagonizar su propio destino, y ello demanda el fortalecimiento de las instituciones locales y la utilizaci\u00f3n de los recursos nacionales en el desarrollo equitativo de todas las regiones. Kicillof tiene en sus manos la posibilidad de marcar un hito, de hacer de Buenos Ayres una trinchera en defensa de la autonom\u00eda provincial, y de devolver al federalismo su rol central en la pol\u00edtica nacional.<\/p>\n<p>As\u00ed, la provincia de los bonaerenses puede convertirse en el s\u00edmbolo de esta transformaci\u00f3n, siempre que su conducci\u00f3n pol\u00edtica y legislativa asuman el compromiso de impulsar las reformas profundas que aseguren un futuro digno y pr\u00f3spero para sus habitantes y para toda la Argentina.<\/p>\n<p>Luis Gotte<br \/>\nLa trinchera bonaerense<\/p>\n","protected":false},"excerpt":{"rendered":"<p>Argentina se encuentra en un punto de inflexi\u00f3n hist\u00f3rica, inmersa en un contexto global en el que el poder y los intereses econ\u00f3micos se reconfiguran. La elecci\u00f3n de Donald Trump en Estados Unidos y la crisis europea, que enfrenta la p\u00e9rdida de Ucrania y la escasez de recursos en \u00c1frica y Asia, han redirigido el [&hellip;]<\/p>\n","protected":false},"author":3,"featured_media":109276,"comment_status":"closed","ping_status":"closed","sticky":false,"template":"","format":"standard","meta":{"footnotes":""},"categories":[24],"tags":[],"class_list":["post-109275","post","type-post","status-publish","format-standard","has-post-thumbnail","hentry","category-politica"],"yoast_head":"<!-- This site is optimized with the Yoast SEO plugin v25.9 - https:\/\/yoast.com\/wordpress\/plugins\/seo\/ -->\n<title>TIEMPO DE KICILLOF, \u00bfLO VER\u00c1? - Noticias Radio Reflejos<\/title>\n<meta name=\"robots\" content=\"index, follow, max-snippet:-1, max-image-preview:large, max-video-preview:-1\" \/>\n<link rel=\"canonical\" href=\"https:\/\/www.noticiasradioreflejos.com.ar\/2021\/tiempo-de-kicillof-lo-vera\/\" \/>\n<meta property=\"og:locale\" content=\"es_ES\" \/>\n<meta property=\"og:type\" content=\"article\" \/>\n<meta property=\"og:title\" content=\"TIEMPO DE KICILLOF, \u00bfLO VER\u00c1? - Noticias Radio Reflejos\" \/>\n<meta property=\"og:description\" content=\"Argentina se encuentra en un punto de inflexi\u00f3n hist\u00f3rica, inmersa en un contexto global en el que el poder y los intereses econ\u00f3micos se reconfiguran. La elecci\u00f3n de Donald Trump en Estados Unidos y la crisis europea, que enfrenta la p\u00e9rdida de Ucrania y la escasez de recursos en \u00c1frica y Asia, han redirigido el [&hellip;]\" \/>\n<meta property=\"og:url\" content=\"https:\/\/www.noticiasradioreflejos.com.ar\/2021\/tiempo-de-kicillof-lo-vera\/\" \/>\n<meta property=\"og:site_name\" content=\"Noticias Radio Reflejos\" \/>\n<meta property=\"article:published_time\" content=\"2024-11-07T11:07:20+00:00\" \/>\n<meta property=\"og:image\" content=\"https:\/\/www.noticiasradioreflejos.com.ar\/2021\/wp-content\/uploads\/2024\/11\/economia.jpeg\" \/>\n\t<meta property=\"og:image:width\" content=\"1280\" \/>\n\t<meta property=\"og:image:height\" content=\"731\" \/>\n\t<meta property=\"og:image:type\" content=\"image\/jpeg\" \/>\n<meta name=\"author\" content=\"Arnaldo Botto\" \/>\n<meta name=\"twitter:card\" content=\"summary_large_image\" \/>\n<script type=\"application\/ld+json\" class=\"yoast-schema-graph\">{\"@context\":\"https:\/\/schema.org\",\"@graph\":[{\"@type\":\"WebPage\",\"@id\":\"https:\/\/www.noticiasradioreflejos.com.ar\/2021\/tiempo-de-kicillof-lo-vera\/\",\"url\":\"https:\/\/www.noticiasradioreflejos.com.ar\/2021\/tiempo-de-kicillof-lo-vera\/\",\"name\":\"TIEMPO DE KICILLOF, \u00bfLO VER\u00c1? - Noticias Radio Reflejos\",\"isPartOf\":{\"@id\":\"https:\/\/www.noticiasradioreflejos.com.ar\/2021\/#website\"},\"primaryImageOfPage\":{\"@id\":\"https:\/\/www.noticiasradioreflejos.com.ar\/2021\/tiempo-de-kicillof-lo-vera\/#primaryimage\"},\"image\":{\"@id\":\"https:\/\/www.noticiasradioreflejos.com.ar\/2021\/tiempo-de-kicillof-lo-vera\/#primaryimage\"},\"thumbnailUrl\":\"https:\/\/www.noticiasradioreflejos.com.ar\/2021\/wp-content\/uploads\/2024\/11\/economia.jpeg\",\"datePublished\":\"2024-11-07T11:07:20+00:00\",\"author\":{\"@id\":\"https:\/\/www.noticiasradioreflejos.com.ar\/2021\/#\/schema\/person\/ad82545263dcc5ec0996818884fd5fb1\"},\"breadcrumb\":{\"@id\":\"https:\/\/www.noticiasradioreflejos.com.ar\/2021\/tiempo-de-kicillof-lo-vera\/#breadcrumb\"},\"inLanguage\":\"es\",\"potentialAction\":[{\"@type\":\"ReadAction\",\"target\":[\"https:\/\/www.noticiasradioreflejos.com.ar\/2021\/tiempo-de-kicillof-lo-vera\/\"]}]},{\"@type\":\"ImageObject\",\"inLanguage\":\"es\",\"@id\":\"https:\/\/www.noticiasradioreflejos.com.ar\/2021\/tiempo-de-kicillof-lo-vera\/#primaryimage\",\"url\":\"https:\/\/www.noticiasradioreflejos.com.ar\/2021\/wp-content\/uploads\/2024\/11\/economia.jpeg\",\"contentUrl\":\"https:\/\/www.noticiasradioreflejos.com.ar\/2021\/wp-content\/uploads\/2024\/11\/economia.jpeg\",\"width\":1280,\"height\":731},{\"@type\":\"BreadcrumbList\",\"@id\":\"https:\/\/www.noticiasradioreflejos.com.ar\/2021\/tiempo-de-kicillof-lo-vera\/#breadcrumb\",\"itemListElement\":[{\"@type\":\"ListItem\",\"position\":1,\"name\":\"Portada\",\"item\":\"https:\/\/www.noticiasradioreflejos.com.ar\/2021\/\"},{\"@type\":\"ListItem\",\"position\":2,\"name\":\"TIEMPO DE KICILLOF, \u00bfLO VER\u00c1?\"}]},{\"@type\":\"WebSite\",\"@id\":\"https:\/\/www.noticiasradioreflejos.com.ar\/2021\/#website\",\"url\":\"https:\/\/www.noticiasradioreflejos.com.ar\/2021\/\",\"name\":\"Noticias Radio Reflejos\",\"description\":\"Las noticias de mi comarca\",\"potentialAction\":[{\"@type\":\"SearchAction\",\"target\":{\"@type\":\"EntryPoint\",\"urlTemplate\":\"https:\/\/www.noticiasradioreflejos.com.ar\/2021\/?s={search_term_string}\"},\"query-input\":{\"@type\":\"PropertyValueSpecification\",\"valueRequired\":true,\"valueName\":\"search_term_string\"}}],\"inLanguage\":\"es\"},{\"@type\":\"Person\",\"@id\":\"https:\/\/www.noticiasradioreflejos.com.ar\/2021\/#\/schema\/person\/ad82545263dcc5ec0996818884fd5fb1\",\"name\":\"Arnaldo Botto\",\"image\":{\"@type\":\"ImageObject\",\"inLanguage\":\"es\",\"@id\":\"https:\/\/www.noticiasradioreflejos.com.ar\/2021\/#\/schema\/person\/image\/\",\"url\":\"https:\/\/secure.gravatar.com\/avatar\/55cb5e37c1efa326397366e6974cb338056df65cb50e7d64d1cf314e87504837?s=96&d=mm&r=g\",\"contentUrl\":\"https:\/\/secure.gravatar.com\/avatar\/55cb5e37c1efa326397366e6974cb338056df65cb50e7d64d1cf314e87504837?s=96&d=mm&r=g\",\"caption\":\"Arnaldo Botto\"},\"url\":\"https:\/\/www.noticiasradioreflejos.com.ar\/2021\/author\/arnaldo\/\"}]}<\/script>\n<!-- \/ Yoast SEO plugin. -->","yoast_head_json":{"title":"TIEMPO DE KICILLOF, \u00bfLO VER\u00c1? - Noticias Radio Reflejos","robots":{"index":"index","follow":"follow","max-snippet":"max-snippet:-1","max-image-preview":"max-image-preview:large","max-video-preview":"max-video-preview:-1"},"canonical":"https:\/\/www.noticiasradioreflejos.com.ar\/2021\/tiempo-de-kicillof-lo-vera\/","og_locale":"es_ES","og_type":"article","og_title":"TIEMPO DE KICILLOF, \u00bfLO VER\u00c1? - Noticias Radio Reflejos","og_description":"Argentina se encuentra en un punto de inflexi\u00f3n hist\u00f3rica, inmersa en un contexto global en el que el poder y los intereses econ\u00f3micos se reconfiguran. La elecci\u00f3n de Donald Trump en Estados Unidos y la crisis europea, que enfrenta la p\u00e9rdida de Ucrania y la escasez de recursos en \u00c1frica y Asia, han redirigido el [&hellip;]","og_url":"https:\/\/www.noticiasradioreflejos.com.ar\/2021\/tiempo-de-kicillof-lo-vera\/","og_site_name":"Noticias Radio Reflejos","article_published_time":"2024-11-07T11:07:20+00:00","og_image":[{"width":1280,"height":731,"url":"https:\/\/www.noticiasradioreflejos.com.ar\/2021\/wp-content\/uploads\/2024\/11\/economia.jpeg","type":"image\/jpeg"}],"author":"Arnaldo Botto","twitter_card":"summary_large_image","schema":{"@context":"https:\/\/schema.org","@graph":[{"@type":"WebPage","@id":"https:\/\/www.noticiasradioreflejos.com.ar\/2021\/tiempo-de-kicillof-lo-vera\/","url":"https:\/\/www.noticiasradioreflejos.com.ar\/2021\/tiempo-de-kicillof-lo-vera\/","name":"TIEMPO DE KICILLOF, \u00bfLO VER\u00c1? - Noticias Radio Reflejos","isPartOf":{"@id":"https:\/\/www.noticiasradioreflejos.com.ar\/2021\/#website"},"primaryImageOfPage":{"@id":"https:\/\/www.noticiasradioreflejos.com.ar\/2021\/tiempo-de-kicillof-lo-vera\/#primaryimage"},"image":{"@id":"https:\/\/www.noticiasradioreflejos.com.ar\/2021\/tiempo-de-kicillof-lo-vera\/#primaryimage"},"thumbnailUrl":"https:\/\/www.noticiasradioreflejos.com.ar\/2021\/wp-content\/uploads\/2024\/11\/economia.jpeg","datePublished":"2024-11-07T11:07:20+00:00","author":{"@id":"https:\/\/www.noticiasradioreflejos.com.ar\/2021\/#\/schema\/person\/ad82545263dcc5ec0996818884fd5fb1"},"breadcrumb":{"@id":"https:\/\/www.noticiasradioreflejos.com.ar\/2021\/tiempo-de-kicillof-lo-vera\/#breadcrumb"},"inLanguage":"es","potentialAction":[{"@type":"ReadAction","target":["https:\/\/www.noticiasradioreflejos.com.ar\/2021\/tiempo-de-kicillof-lo-vera\/"]}]},{"@type":"ImageObject","inLanguage":"es","@id":"https:\/\/www.noticiasradioreflejos.com.ar\/2021\/tiempo-de-kicillof-lo-vera\/#primaryimage","url":"https:\/\/www.noticiasradioreflejos.com.ar\/2021\/wp-content\/uploads\/2024\/11\/economia.jpeg","contentUrl":"https:\/\/www.noticiasradioreflejos.com.ar\/2021\/wp-content\/uploads\/2024\/11\/economia.jpeg","width":1280,"height":731},{"@type":"BreadcrumbList","@id":"https:\/\/www.noticiasradioreflejos.com.ar\/2021\/tiempo-de-kicillof-lo-vera\/#breadcrumb","itemListElement":[{"@type":"ListItem","position":1,"name":"Portada","item":"https:\/\/www.noticiasradioreflejos.com.ar\/2021\/"},{"@type":"ListItem","position":2,"name":"TIEMPO DE KICILLOF, \u00bfLO VER\u00c1?"}]},{"@type":"WebSite","@id":"https:\/\/www.noticiasradioreflejos.com.ar\/2021\/#website","url":"https:\/\/www.noticiasradioreflejos.com.ar\/2021\/","name":"Noticias Radio Reflejos","description":"Las noticias de mi comarca","potentialAction":[{"@type":"SearchAction","target":{"@type":"EntryPoint","urlTemplate":"https:\/\/www.noticiasradioreflejos.com.ar\/2021\/?s={search_term_string}"},"query-input":{"@type":"PropertyValueSpecification","valueRequired":true,"valueName":"search_term_string"}}],"inLanguage":"es"},{"@type":"Person","@id":"https:\/\/www.noticiasradioreflejos.com.ar\/2021\/#\/schema\/person\/ad82545263dcc5ec0996818884fd5fb1","name":"Arnaldo Botto","image":{"@type":"ImageObject","inLanguage":"es","@id":"https:\/\/www.noticiasradioreflejos.com.ar\/2021\/#\/schema\/person\/image\/","url":"https:\/\/secure.gravatar.com\/avatar\/55cb5e37c1efa326397366e6974cb338056df65cb50e7d64d1cf314e87504837?s=96&d=mm&r=g","contentUrl":"https:\/\/secure.gravatar.com\/avatar\/55cb5e37c1efa326397366e6974cb338056df65cb50e7d64d1cf314e87504837?s=96&d=mm&r=g","caption":"Arnaldo Botto"},"url":"https:\/\/www.noticiasradioreflejos.com.ar\/2021\/author\/arnaldo\/"}]}},"_links":{"self":[{"href":"https:\/\/www.noticiasradioreflejos.com.ar\/2021\/wp-json\/wp\/v2\/posts\/109275","targetHints":{"allow":["GET"]}}],"collection":[{"href":"https:\/\/www.noticiasradioreflejos.com.ar\/2021\/wp-json\/wp\/v2\/posts"}],"about":[{"href":"https:\/\/www.noticiasradioreflejos.com.ar\/2021\/wp-json\/wp\/v2\/types\/post"}],"author":[{"embeddable":true,"href":"https:\/\/www.noticiasradioreflejos.com.ar\/2021\/wp-json\/wp\/v2\/users\/3"}],"replies":[{"embeddable":true,"href":"https:\/\/www.noticiasradioreflejos.com.ar\/2021\/wp-json\/wp\/v2\/comments?post=109275"}],"version-history":[{"count":1,"href":"https:\/\/www.noticiasradioreflejos.com.ar\/2021\/wp-json\/wp\/v2\/posts\/109275\/revisions"}],"predecessor-version":[{"id":109277,"href":"https:\/\/www.noticiasradioreflejos.com.ar\/2021\/wp-json\/wp\/v2\/posts\/109275\/revisions\/109277"}],"wp:featuredmedia":[{"embeddable":true,"href":"https:\/\/www.noticiasradioreflejos.com.ar\/2021\/wp-json\/wp\/v2\/media\/109276"}],"wp:attachment":[{"href":"https:\/\/www.noticiasradioreflejos.com.ar\/2021\/wp-json\/wp\/v2\/media?parent=109275"}],"wp:term":[{"taxonomy":"category","embeddable":true,"href":"https:\/\/www.noticiasradioreflejos.com.ar\/2021\/wp-json\/wp\/v2\/categories?post=109275"},{"taxonomy":"post_tag","embeddable":true,"href":"https:\/\/www.noticiasradioreflejos.com.ar\/2021\/wp-json\/wp\/v2\/tags?post=109275"}],"curies":[{"name":"wp","href":"https:\/\/api.w.org\/{rel}","templated":true}]}}