{"id":109270,"date":"2024-11-07T07:16:10","date_gmt":"2024-11-07T10:16:10","guid":{"rendered":"https:\/\/www.noticiasradioreflejos.com.ar\/2021\/?p=109270"},"modified":"2024-11-07T07:16:10","modified_gmt":"2024-11-07T10:16:10","slug":"estados-unidos-pidio-rechazar-el-pedido-de-un-fondo-buitre-para-quedarse-con-activos-de-ypf","status":"publish","type":"post","link":"https:\/\/www.noticiasradioreflejos.com.ar\/2021\/estados-unidos-pidio-rechazar-el-pedido-de-un-fondo-buitre-para-quedarse-con-activos-de-ypf\/","title":{"rendered":"Estados Unidos pidi\u00f3 rechazar el pedido de un fondo buitre para quedarse con activos de YPF"},"content":{"rendered":"<p>La decisi\u00f3n se conoci\u00f3 el mismo d\u00eda en que se conoci\u00f3 el triunfo electoral de Trump.<!--more--><\/p>\n<p>El Departamento de Justicia de los Estados Unidos present\u00f3 un escrito en el que le pide a la jueza de la Corte del Distrito Sur de Nueva York, Loretta Preska, rechazarla solicitud de los fondos Burford y Eton Capital de quedarse con activos de YPF para cobrar el fallo en el juicio por la expropiaci\u00f3n de la petrolera que obliga a la Argentina a pagar US$ 16.000 millones.<\/p>\n<div class=\"column-main\">\n<div class=\"article-body\" data-tadevel-template=\"web\/article-body\">\n<div class=\"article-body-content\">\n<p>La noticia se conoci\u00f3 el mismo d\u00eda en que Donald Trump fue anunciado como ganador de las elecciones presidenciales.<\/p>\n<p>El Departamento de Justicia norteamericano dijo que la orden de \u2018turnover\u2019 de las acciones de YPF que piden los demandantes \u201cviola las normas de inmunidad soberana de Estados Unidos\u201d y le pide a Preska que la rechace\u201d, seg\u00fan inform\u00f3 el abogado Sebasti\u00e1n Soler en X con una imagen de la nota presentada el gobierno de los Estados Unidos a la jueza que lleva el caso YPF.<\/p>\n<p>\u201cEste amicus curiae del Gobierno de los Estados Unidos en el caso de la expropiaci\u00f3n de YPF era esperado\u201d, dijo Sebasti\u00e1n Maril, quien sigue el d\u00eda a d\u00eda del derrotero judicial de la Argentina ante distintos tribunales internacionales por decisiones tomadas durante el gobierno de Cristina Kirchner.<\/p>\n<p>Maril dijo que el gobierno norteamericano sostiene que se violan ciertas leyes locales norteamericanas y al mismo tiempo se abre las puertas para que haya alg\u00fan tipo de reciprocidad y la Argentina en el futuro haga lo mismo con alguna empresa o un activo soberano norteamericano.<\/p>\n<p>\u00abEsto no afecta el fallo de los US$ 16.000 millones, esto no afecta al alter ego y esto no afecta la apelaci\u00f3n\u201d, explic\u00f3 el director Regional de Latam Advisors.<\/p>\n<p>Los fondos Burford y Eton Capital, quienes ganaron el juicio por la expropiaci\u00f3n de YPF, ocurrida en 2012, en primera instancia, solicitaron que la Argentina entregue un tercio de las acciones de YPF como garant\u00eda de pago de la sentencia, mientras que ocurre en forma paralela el proceso de apelaci\u00f3n en la Corte de Apelaciones del Segundo Circuito de Nueva York.<\/p>\n<p>La defensa argentina se neg\u00f3 y los demandantes comenzaron un proceso para detectar activos que puedan ser embargados.<\/p>\n<p>En este contexto, la Procuraci\u00f3n del Tesoro se puso en contacto con el gobierno de Joe Biden para ponerlo al tanto del juicio y explicar las posibles implicancias de que un juez federal de Estados Unidos solicite el embargo de activos que est\u00e1n en otra jurisdicci\u00f3n, seg\u00fan dijeron a LA NACION fuentes oficiales.<\/p>\n<p>Las acciones que tiene la Argentina de YPF est\u00e1n registradas en la Caja de Valores de Buenos Aires, no tiene tenencia de activos que cotizan en Nueva York.<\/p>\n<p>En septiembre, el gobierno estadounidense hab\u00eda pedido tiempo para evaluar si presentar\u00eda un escrito acerca del pedido de los demandantes de que la Argentina entregue sus acciones de YPF. En concreto, hab\u00eda pedido poder dar su opini\u00f3n justamente hoy, 6 de noviembre, un d\u00eda despu\u00e9s de las elecciones presidenciales en EE.UU.<\/p>\n<p>Al momento de la estatizaci\u00f3n, Eton Park era accionista de YPF. La petrolera cotiza en la bolsa de Nueva York desde 1993. Burford Capital, en cambio, compr\u00f3 el derecho a litigar en la Justicia espa\u00f1ola, cuando las empresas Petersen \u2013que hab\u00edan fundado la familia Eskenazi en ese pa\u00eds y que eran accionistas de YPF\u2013 entraron en quiebra.<\/p>\n<p>Los fondos sostuvieron que el gobierno de Cristina Kirchner no lanz\u00f3 una OPA sobre el total de las acciones, como dice el estatuto de YPF presentado en Estados Unidos cuando sali\u00f3 a cotizar en Bolsa. Seg\u00fan el art\u00edculo 7\u00ba del estatuto, cuando un inversor compra m\u00e1s del 15% de las acciones, debe hacer una oferta de adquisici\u00f3n al resto de los accionistas.<\/p>\n<p>En su momento, la Argentina no hizo la OPA y el entonces viceministro de Econom\u00eda, Axel Kicillof, que era interventor en YPF, dijo en el Congreso, antes de votarse la ley de expropiaci\u00f3n: \u201cCr\u00e9anme que si uno quer\u00eda comprar acciones para entrar a la compa\u00f1\u00eda y pasaba el 15%, pisaba la trampa del oso y ten\u00eda que comprar el ciento por ciento a un valor equivalente a US$ 19.000 millones. \u00a1Porque los tarados son los que piensan que el Estado tiene que ser est\u00fapido y comprar todo seg\u00fan la ley de la propia YPF, respetando su estatuto! \u00bfSi no d\u00f3nde est\u00e1 la seguridad jur\u00eddica? Se\u00f1ores, fue una empresa, se reunieron y dijeron: \u2018\u00bfC\u00f3mo podemos hacer para que nadie nunca intervenga en el control de la compa\u00f1\u00eda?\u2019\u201d.<\/p>\n<p>Tanto los demandantes como la jueza Preska citaron esa frase para justificar los alegatos y el fallo. \u201cLa Rep\u00fablica oblig\u00f3 a los demandantes a otorgarle un pr\u00e9stamo masivo despu\u00e9s de expulsar por la fuerza a los miembros del directorio de YPF, el 16 de abril de 2012, lo que provoc\u00f3 que los representantes de Repsol en YPF huyeran del pa\u00eds. El Sr. Kicillof declar\u00f3 descaradamente que ser\u00eda \u2018est\u00fapido\u2019 cumplir \u2018la ley de la propia YPF\u2019 o \u2018respetar sus estatutos\u2019\u201d, dijo la magistrada.<\/p>\n<p>La defensa argentina plante\u00f3 en todo momento que la Constituci\u00f3n est\u00e1 por encima del estatuto de una empresa y que se rigieron por la ley de Expropiaci\u00f3n. Durante el juicio, el Estado tambi\u00e9n detall\u00f3 que Burford pag\u00f3 15,1 millones de euros al fisco de Espa\u00f1a y un 30% de la indemnizaci\u00f3n que resulte de la sentencia por el derecho a demandar, luego de que las empresas Petersen Energ\u00eda y Petersen Inversora quebraran en ese pa\u00eds, donde fueron constituidas.<\/p>\n<\/div>\n<\/div>\n<\/div>\n","protected":false},"excerpt":{"rendered":"<p>La decisi\u00f3n se conoci\u00f3 el mismo d\u00eda en que se conoci\u00f3 el triunfo electoral de Trump.<\/p>\n","protected":false},"author":3,"featured_media":105748,"comment_status":"closed","ping_status":"closed","sticky":false,"template":"","format":"standard","meta":{"footnotes":""},"categories":[1],"tags":[],"class_list":["post-109270","post","type-post","status-publish","format-standard","has-post-thumbnail","hentry","category-sin-categoria"],"yoast_head":"<!-- This site is optimized with the Yoast SEO plugin v25.9 - https:\/\/yoast.com\/wordpress\/plugins\/seo\/ -->\n<title>Estados Unidos pidi\u00f3 rechazar el pedido de un fondo buitre para quedarse con activos de YPF - Noticias Radio Reflejos<\/title>\n<meta name=\"robots\" content=\"index, follow, max-snippet:-1, max-image-preview:large, max-video-preview:-1\" \/>\n<link rel=\"canonical\" href=\"https:\/\/www.noticiasradioreflejos.com.ar\/2021\/estados-unidos-pidio-rechazar-el-pedido-de-un-fondo-buitre-para-quedarse-con-activos-de-ypf\/\" \/>\n<meta property=\"og:locale\" content=\"es_ES\" \/>\n<meta property=\"og:type\" content=\"article\" \/>\n<meta property=\"og:title\" content=\"Estados Unidos pidi\u00f3 rechazar el pedido de un fondo buitre para quedarse con activos de YPF - Noticias Radio Reflejos\" \/>\n<meta property=\"og:description\" content=\"La decisi\u00f3n se conoci\u00f3 el mismo d\u00eda en que se conoci\u00f3 el triunfo electoral de Trump.\" \/>\n<meta property=\"og:url\" content=\"https:\/\/www.noticiasradioreflejos.com.ar\/2021\/estados-unidos-pidio-rechazar-el-pedido-de-un-fondo-buitre-para-quedarse-con-activos-de-ypf\/\" \/>\n<meta property=\"og:site_name\" content=\"Noticias Radio Reflejos\" \/>\n<meta property=\"article:published_time\" content=\"2024-11-07T10:16:10+00:00\" \/>\n<meta property=\"og:image\" content=\"https:\/\/www.noticiasradioreflejos.com.ar\/2021\/wp-content\/uploads\/2024\/07\/YPF.jpg\" \/>\n\t<meta property=\"og:image:width\" content=\"1625\" \/>\n\t<meta property=\"og:image:height\" content=\"715\" \/>\n\t<meta property=\"og:image:type\" content=\"image\/jpeg\" \/>\n<meta name=\"author\" content=\"Arnaldo Botto\" \/>\n<meta name=\"twitter:card\" content=\"summary_large_image\" \/>\n<script type=\"application\/ld+json\" class=\"yoast-schema-graph\">{\"@context\":\"https:\/\/schema.org\",\"@graph\":[{\"@type\":\"WebPage\",\"@id\":\"https:\/\/www.noticiasradioreflejos.com.ar\/2021\/estados-unidos-pidio-rechazar-el-pedido-de-un-fondo-buitre-para-quedarse-con-activos-de-ypf\/\",\"url\":\"https:\/\/www.noticiasradioreflejos.com.ar\/2021\/estados-unidos-pidio-rechazar-el-pedido-de-un-fondo-buitre-para-quedarse-con-activos-de-ypf\/\",\"name\":\"Estados Unidos pidi\u00f3 rechazar el pedido de un fondo buitre para quedarse con activos de YPF - Noticias Radio Reflejos\",\"isPartOf\":{\"@id\":\"https:\/\/www.noticiasradioreflejos.com.ar\/2021\/#website\"},\"primaryImageOfPage\":{\"@id\":\"https:\/\/www.noticiasradioreflejos.com.ar\/2021\/estados-unidos-pidio-rechazar-el-pedido-de-un-fondo-buitre-para-quedarse-con-activos-de-ypf\/#primaryimage\"},\"image\":{\"@id\":\"https:\/\/www.noticiasradioreflejos.com.ar\/2021\/estados-unidos-pidio-rechazar-el-pedido-de-un-fondo-buitre-para-quedarse-con-activos-de-ypf\/#primaryimage\"},\"thumbnailUrl\":\"https:\/\/www.noticiasradioreflejos.com.ar\/2021\/wp-content\/uploads\/2024\/07\/YPF.jpg\",\"datePublished\":\"2024-11-07T10:16:10+00:00\",\"author\":{\"@id\":\"https:\/\/www.noticiasradioreflejos.com.ar\/2021\/#\/schema\/person\/ad82545263dcc5ec0996818884fd5fb1\"},\"breadcrumb\":{\"@id\":\"https:\/\/www.noticiasradioreflejos.com.ar\/2021\/estados-unidos-pidio-rechazar-el-pedido-de-un-fondo-buitre-para-quedarse-con-activos-de-ypf\/#breadcrumb\"},\"inLanguage\":\"es\",\"potentialAction\":[{\"@type\":\"ReadAction\",\"target\":[\"https:\/\/www.noticiasradioreflejos.com.ar\/2021\/estados-unidos-pidio-rechazar-el-pedido-de-un-fondo-buitre-para-quedarse-con-activos-de-ypf\/\"]}]},{\"@type\":\"ImageObject\",\"inLanguage\":\"es\",\"@id\":\"https:\/\/www.noticiasradioreflejos.com.ar\/2021\/estados-unidos-pidio-rechazar-el-pedido-de-un-fondo-buitre-para-quedarse-con-activos-de-ypf\/#primaryimage\",\"url\":\"https:\/\/www.noticiasradioreflejos.com.ar\/2021\/wp-content\/uploads\/2024\/07\/YPF.jpg\",\"contentUrl\":\"https:\/\/www.noticiasradioreflejos.com.ar\/2021\/wp-content\/uploads\/2024\/07\/YPF.jpg\",\"width\":1625,\"height\":715},{\"@type\":\"BreadcrumbList\",\"@id\":\"https:\/\/www.noticiasradioreflejos.com.ar\/2021\/estados-unidos-pidio-rechazar-el-pedido-de-un-fondo-buitre-para-quedarse-con-activos-de-ypf\/#breadcrumb\",\"itemListElement\":[{\"@type\":\"ListItem\",\"position\":1,\"name\":\"Portada\",\"item\":\"https:\/\/www.noticiasradioreflejos.com.ar\/2021\/\"},{\"@type\":\"ListItem\",\"position\":2,\"name\":\"Estados Unidos pidi\u00f3 rechazar el pedido de un fondo buitre para quedarse con activos de YPF\"}]},{\"@type\":\"WebSite\",\"@id\":\"https:\/\/www.noticiasradioreflejos.com.ar\/2021\/#website\",\"url\":\"https:\/\/www.noticiasradioreflejos.com.ar\/2021\/\",\"name\":\"Noticias Radio Reflejos\",\"description\":\"Las noticias de mi comarca\",\"potentialAction\":[{\"@type\":\"SearchAction\",\"target\":{\"@type\":\"EntryPoint\",\"urlTemplate\":\"https:\/\/www.noticiasradioreflejos.com.ar\/2021\/?s={search_term_string}\"},\"query-input\":{\"@type\":\"PropertyValueSpecification\",\"valueRequired\":true,\"valueName\":\"search_term_string\"}}],\"inLanguage\":\"es\"},{\"@type\":\"Person\",\"@id\":\"https:\/\/www.noticiasradioreflejos.com.ar\/2021\/#\/schema\/person\/ad82545263dcc5ec0996818884fd5fb1\",\"name\":\"Arnaldo Botto\",\"image\":{\"@type\":\"ImageObject\",\"inLanguage\":\"es\",\"@id\":\"https:\/\/www.noticiasradioreflejos.com.ar\/2021\/#\/schema\/person\/image\/\",\"url\":\"https:\/\/secure.gravatar.com\/avatar\/55cb5e37c1efa326397366e6974cb338056df65cb50e7d64d1cf314e87504837?s=96&d=mm&r=g\",\"contentUrl\":\"https:\/\/secure.gravatar.com\/avatar\/55cb5e37c1efa326397366e6974cb338056df65cb50e7d64d1cf314e87504837?s=96&d=mm&r=g\",\"caption\":\"Arnaldo Botto\"},\"url\":\"https:\/\/www.noticiasradioreflejos.com.ar\/2021\/author\/arnaldo\/\"}]}<\/script>\n<!-- \/ Yoast SEO plugin. -->","yoast_head_json":{"title":"Estados Unidos pidi\u00f3 rechazar el pedido de un fondo buitre para quedarse con activos de YPF - Noticias Radio Reflejos","robots":{"index":"index","follow":"follow","max-snippet":"max-snippet:-1","max-image-preview":"max-image-preview:large","max-video-preview":"max-video-preview:-1"},"canonical":"https:\/\/www.noticiasradioreflejos.com.ar\/2021\/estados-unidos-pidio-rechazar-el-pedido-de-un-fondo-buitre-para-quedarse-con-activos-de-ypf\/","og_locale":"es_ES","og_type":"article","og_title":"Estados Unidos pidi\u00f3 rechazar el pedido de un fondo buitre para quedarse con activos de YPF - Noticias Radio Reflejos","og_description":"La decisi\u00f3n se conoci\u00f3 el mismo d\u00eda en que se conoci\u00f3 el triunfo electoral de Trump.","og_url":"https:\/\/www.noticiasradioreflejos.com.ar\/2021\/estados-unidos-pidio-rechazar-el-pedido-de-un-fondo-buitre-para-quedarse-con-activos-de-ypf\/","og_site_name":"Noticias Radio Reflejos","article_published_time":"2024-11-07T10:16:10+00:00","og_image":[{"width":1625,"height":715,"url":"https:\/\/www.noticiasradioreflejos.com.ar\/2021\/wp-content\/uploads\/2024\/07\/YPF.jpg","type":"image\/jpeg"}],"author":"Arnaldo Botto","twitter_card":"summary_large_image","schema":{"@context":"https:\/\/schema.org","@graph":[{"@type":"WebPage","@id":"https:\/\/www.noticiasradioreflejos.com.ar\/2021\/estados-unidos-pidio-rechazar-el-pedido-de-un-fondo-buitre-para-quedarse-con-activos-de-ypf\/","url":"https:\/\/www.noticiasradioreflejos.com.ar\/2021\/estados-unidos-pidio-rechazar-el-pedido-de-un-fondo-buitre-para-quedarse-con-activos-de-ypf\/","name":"Estados Unidos pidi\u00f3 rechazar el pedido de un fondo buitre para quedarse con activos de YPF - Noticias Radio Reflejos","isPartOf":{"@id":"https:\/\/www.noticiasradioreflejos.com.ar\/2021\/#website"},"primaryImageOfPage":{"@id":"https:\/\/www.noticiasradioreflejos.com.ar\/2021\/estados-unidos-pidio-rechazar-el-pedido-de-un-fondo-buitre-para-quedarse-con-activos-de-ypf\/#primaryimage"},"image":{"@id":"https:\/\/www.noticiasradioreflejos.com.ar\/2021\/estados-unidos-pidio-rechazar-el-pedido-de-un-fondo-buitre-para-quedarse-con-activos-de-ypf\/#primaryimage"},"thumbnailUrl":"https:\/\/www.noticiasradioreflejos.com.ar\/2021\/wp-content\/uploads\/2024\/07\/YPF.jpg","datePublished":"2024-11-07T10:16:10+00:00","author":{"@id":"https:\/\/www.noticiasradioreflejos.com.ar\/2021\/#\/schema\/person\/ad82545263dcc5ec0996818884fd5fb1"},"breadcrumb":{"@id":"https:\/\/www.noticiasradioreflejos.com.ar\/2021\/estados-unidos-pidio-rechazar-el-pedido-de-un-fondo-buitre-para-quedarse-con-activos-de-ypf\/#breadcrumb"},"inLanguage":"es","potentialAction":[{"@type":"ReadAction","target":["https:\/\/www.noticiasradioreflejos.com.ar\/2021\/estados-unidos-pidio-rechazar-el-pedido-de-un-fondo-buitre-para-quedarse-con-activos-de-ypf\/"]}]},{"@type":"ImageObject","inLanguage":"es","@id":"https:\/\/www.noticiasradioreflejos.com.ar\/2021\/estados-unidos-pidio-rechazar-el-pedido-de-un-fondo-buitre-para-quedarse-con-activos-de-ypf\/#primaryimage","url":"https:\/\/www.noticiasradioreflejos.com.ar\/2021\/wp-content\/uploads\/2024\/07\/YPF.jpg","contentUrl":"https:\/\/www.noticiasradioreflejos.com.ar\/2021\/wp-content\/uploads\/2024\/07\/YPF.jpg","width":1625,"height":715},{"@type":"BreadcrumbList","@id":"https:\/\/www.noticiasradioreflejos.com.ar\/2021\/estados-unidos-pidio-rechazar-el-pedido-de-un-fondo-buitre-para-quedarse-con-activos-de-ypf\/#breadcrumb","itemListElement":[{"@type":"ListItem","position":1,"name":"Portada","item":"https:\/\/www.noticiasradioreflejos.com.ar\/2021\/"},{"@type":"ListItem","position":2,"name":"Estados Unidos pidi\u00f3 rechazar el pedido de un fondo buitre para quedarse con activos de YPF"}]},{"@type":"WebSite","@id":"https:\/\/www.noticiasradioreflejos.com.ar\/2021\/#website","url":"https:\/\/www.noticiasradioreflejos.com.ar\/2021\/","name":"Noticias Radio Reflejos","description":"Las noticias de mi comarca","potentialAction":[{"@type":"SearchAction","target":{"@type":"EntryPoint","urlTemplate":"https:\/\/www.noticiasradioreflejos.com.ar\/2021\/?s={search_term_string}"},"query-input":{"@type":"PropertyValueSpecification","valueRequired":true,"valueName":"search_term_string"}}],"inLanguage":"es"},{"@type":"Person","@id":"https:\/\/www.noticiasradioreflejos.com.ar\/2021\/#\/schema\/person\/ad82545263dcc5ec0996818884fd5fb1","name":"Arnaldo Botto","image":{"@type":"ImageObject","inLanguage":"es","@id":"https:\/\/www.noticiasradioreflejos.com.ar\/2021\/#\/schema\/person\/image\/","url":"https:\/\/secure.gravatar.com\/avatar\/55cb5e37c1efa326397366e6974cb338056df65cb50e7d64d1cf314e87504837?s=96&d=mm&r=g","contentUrl":"https:\/\/secure.gravatar.com\/avatar\/55cb5e37c1efa326397366e6974cb338056df65cb50e7d64d1cf314e87504837?s=96&d=mm&r=g","caption":"Arnaldo Botto"},"url":"https:\/\/www.noticiasradioreflejos.com.ar\/2021\/author\/arnaldo\/"}]}},"_links":{"self":[{"href":"https:\/\/www.noticiasradioreflejos.com.ar\/2021\/wp-json\/wp\/v2\/posts\/109270","targetHints":{"allow":["GET"]}}],"collection":[{"href":"https:\/\/www.noticiasradioreflejos.com.ar\/2021\/wp-json\/wp\/v2\/posts"}],"about":[{"href":"https:\/\/www.noticiasradioreflejos.com.ar\/2021\/wp-json\/wp\/v2\/types\/post"}],"author":[{"embeddable":true,"href":"https:\/\/www.noticiasradioreflejos.com.ar\/2021\/wp-json\/wp\/v2\/users\/3"}],"replies":[{"embeddable":true,"href":"https:\/\/www.noticiasradioreflejos.com.ar\/2021\/wp-json\/wp\/v2\/comments?post=109270"}],"version-history":[{"count":1,"href":"https:\/\/www.noticiasradioreflejos.com.ar\/2021\/wp-json\/wp\/v2\/posts\/109270\/revisions"}],"predecessor-version":[{"id":109271,"href":"https:\/\/www.noticiasradioreflejos.com.ar\/2021\/wp-json\/wp\/v2\/posts\/109270\/revisions\/109271"}],"wp:featuredmedia":[{"embeddable":true,"href":"https:\/\/www.noticiasradioreflejos.com.ar\/2021\/wp-json\/wp\/v2\/media\/105748"}],"wp:attachment":[{"href":"https:\/\/www.noticiasradioreflejos.com.ar\/2021\/wp-json\/wp\/v2\/media?parent=109270"}],"wp:term":[{"taxonomy":"category","embeddable":true,"href":"https:\/\/www.noticiasradioreflejos.com.ar\/2021\/wp-json\/wp\/v2\/categories?post=109270"},{"taxonomy":"post_tag","embeddable":true,"href":"https:\/\/www.noticiasradioreflejos.com.ar\/2021\/wp-json\/wp\/v2\/tags?post=109270"}],"curies":[{"name":"wp","href":"https:\/\/api.w.org\/{rel}","templated":true}]}}