{"id":109256,"date":"2024-11-06T16:32:24","date_gmt":"2024-11-06T19:32:24","guid":{"rendered":"https:\/\/www.noticiasradioreflejos.com.ar\/2021\/?p=109256"},"modified":"2024-11-06T16:32:24","modified_gmt":"2024-11-06T19:32:24","slug":"mabel-fileni-si-llego-quisiera-terminar-mi-carrera-corriendo-un-mundial","status":"publish","type":"post","link":"https:\/\/www.noticiasradioreflejos.com.ar\/2021\/mabel-fileni-si-llego-quisiera-terminar-mi-carrera-corriendo-un-mundial\/","title":{"rendered":"Mabel Fileni: \u201cSi llego quisiera terminar mi carrera corriendo un Mundial\u201d"},"content":{"rendered":"<p>A sus 75 a\u00f1os la atleta de alto rendimiento sigue poni\u00e9ndose desaf\u00edos.<strong> \u201cHace 20 d\u00edas me convert\u00ed en campeona nacional en La Pampa\u201d reconoci\u00f3.<\/strong><!--more--><\/p>\n<p>Viejo es el viento y todav\u00eda sola dice el dicho. Y en esa frase perdura el esp\u00edritu indomable de <strong>Mabel Fileni<\/strong>, la cual tras tener que dejar de manera forzada el tenis que tanto ama, encontr\u00f3 en el atletismo su camino para seguir ligada al deporte.<\/p>\n<p><a title=\"Mabel Fileni (2)\" href=\"https:\/\/www.flickr.com\/photos\/182279889@N02\/54121762813\/in\/dateposted-public\/\" data-flickr-embed=\"true\"><img loading=\"lazy\" decoding=\"async\" class=\"aligncenter\" src=\"https:\/\/live.staticflickr.com\/65535\/54121762813_e033524b94_z.jpg\" alt=\"Mabel Fileni (2)\" width=\"480\" height=\"640\" \/><\/a><\/p>\n<p>En ese aspecto reconoci\u00f3 que \u201ca los 74 a\u00f1os tuve que cambiar de actividad, porque jugaba al tenis, pero me enamor\u00e9 del running. Quise hacer las dos cosas, pero por temas de salud tuve que elegir, y me qued\u00e9 con el running\u201d.<\/p>\n<p>Seg\u00fan explic\u00f3, \u201ccada cosa que tomo lo hago muy en serio y\u00a0 encontr\u00e9 un entrenador que me enfoc\u00f3 y me hizo darle valor al deporte. Entreno con un equipo de chicos pero tenemos un entrenador, Daniel Rodr\u00edguez, que es lo m\u00e1s. Siempre digo que me aline\u00f3 los planetas e hizo que sea velocista para que no tenga tanto desgaste de rodillas\u201d.<\/p>\n<p>Del mismo modo reconoci\u00f3 que \u201cvenimos de una generaci\u00f3n donde no nos inculcaban lo del deporte, menos en la mujer. Debo ser un ejemplo en cuanto al esfuerzo y no mirar la edad para enfrentar situaciones. Tenemos nutricionista, masajista, kinesi\u00f3logo, nos dedicamos a esto a pleno\u201d.<\/p>\n<p>Cerrando la charla confirm\u00f3 que \u201chace 20 d\u00edas me convert\u00ed en campeona argentina de pista en La Pampa. Y ahora hay una competencia en el CeNARD y me dieron el alta para correr 400 metros. Tambi\u00e9n corro 100 y 200\u201d.<\/p>\n<p>Y a modo de anhelo sostuvo que \u201cquisiera terminar mi carrera con un Sudamericano, y si llego, con un Mundial, donde tendr\u00eda m\u00e1s gente de mi edad\u201d.<\/p>\n<p><iframe loading=\"lazy\" src=\"https:\/\/w.soundcloud.com\/player\/?url=https%3A\/\/api.soundcloud.com\/tracks\/1951002299&amp;color=%23ff5500&amp;auto_play=false&amp;hide_related=false&amp;show_comments=true&amp;show_user=true&amp;show_reposts=false&amp;show_teaser=true\" width=\"100%\" height=\"166\" frameborder=\"no\" scrolling=\"no\"><\/iframe><\/p>\n<div style=\"font-size: 10px; color: #cccccc; line-break: anywhere; word-break: normal; overflow: hidden; white-space: nowrap; text-overflow: ellipsis; font-family: Interstate,Lucida Grande,Lucida Sans Unicode,Lucida Sans,Garuda,Verdana,Tahoma,sans-serif; font-weight: 100;\"><a style=\"color: #cccccc; text-decoration: none;\" title=\"fmreflejos 103.7\" href=\"https:\/\/soundcloud.com\/fmreflejos-103-7\" target=\"_blank\" rel=\"noopener\">fmreflejos 103.7<\/a> \u00b7 <a style=\"color: #cccccc; text-decoration: none;\" title=\"Mabel fileni 6-11\" href=\"https:\/\/soundcloud.com\/fmreflejos-103-7\/mabel-fileni-6-11\" target=\"_blank\" rel=\"noopener\">Mabel fileni 6-11<\/a><\/div>\n","protected":false},"excerpt":{"rendered":"<p>A sus 75 a\u00f1os la atleta de alto rendimiento sigue poni\u00e9ndose desaf\u00edos. \u201cHace 20 d\u00edas me convert\u00ed en campeona nacional en La Pampa\u201d reconoci\u00f3.<\/p>\n","protected":false},"author":3,"featured_media":109268,"comment_status":"closed","ping_status":"closed","sticky":false,"template":"","format":"standard","meta":{"footnotes":""},"categories":[27],"tags":[48],"class_list":["post-109256","post","type-post","status-publish","format-standard","has-post-thumbnail","hentry","category-deportes","tag-destacada"],"yoast_head":"<!-- This site is optimized with the Yoast SEO plugin v25.9 - https:\/\/yoast.com\/wordpress\/plugins\/seo\/ -->\n<title>Mabel Fileni: \u201cSi llego quisiera terminar mi carrera corriendo un Mundial\u201d - Noticias Radio Reflejos<\/title>\n<meta name=\"robots\" content=\"index, follow, max-snippet:-1, max-image-preview:large, max-video-preview:-1\" \/>\n<link rel=\"canonical\" href=\"https:\/\/www.noticiasradioreflejos.com.ar\/2021\/mabel-fileni-si-llego-quisiera-terminar-mi-carrera-corriendo-un-mundial\/\" \/>\n<meta property=\"og:locale\" content=\"es_ES\" \/>\n<meta property=\"og:type\" content=\"article\" \/>\n<meta property=\"og:title\" content=\"Mabel Fileni: \u201cSi llego quisiera terminar mi carrera corriendo un Mundial\u201d - Noticias Radio Reflejos\" \/>\n<meta property=\"og:description\" content=\"A sus 75 a\u00f1os la atleta de alto rendimiento sigue poni\u00e9ndose desaf\u00edos. \u201cHace 20 d\u00edas me convert\u00ed en campeona nacional en La Pampa\u201d reconoci\u00f3.\" \/>\n<meta property=\"og:url\" content=\"https:\/\/www.noticiasradioreflejos.com.ar\/2021\/mabel-fileni-si-llego-quisiera-terminar-mi-carrera-corriendo-un-mundial\/\" \/>\n<meta property=\"og:site_name\" content=\"Noticias Radio Reflejos\" \/>\n<meta property=\"article:published_time\" content=\"2024-11-06T19:32:24+00:00\" \/>\n<meta property=\"og:image\" content=\"https:\/\/www.noticiasradioreflejos.com.ar\/2021\/wp-content\/uploads\/2024\/11\/Mabel-Fileni-3.jpeg\" \/>\n\t<meta property=\"og:image:width\" content=\"1200\" \/>\n\t<meta property=\"og:image:height\" content=\"966\" \/>\n\t<meta property=\"og:image:type\" content=\"image\/jpeg\" \/>\n<meta name=\"author\" content=\"Arnaldo Botto\" \/>\n<meta name=\"twitter:card\" content=\"summary_large_image\" \/>\n<script type=\"application\/ld+json\" class=\"yoast-schema-graph\">{\"@context\":\"https:\/\/schema.org\",\"@graph\":[{\"@type\":\"WebPage\",\"@id\":\"https:\/\/www.noticiasradioreflejos.com.ar\/2021\/mabel-fileni-si-llego-quisiera-terminar-mi-carrera-corriendo-un-mundial\/\",\"url\":\"https:\/\/www.noticiasradioreflejos.com.ar\/2021\/mabel-fileni-si-llego-quisiera-terminar-mi-carrera-corriendo-un-mundial\/\",\"name\":\"Mabel Fileni: \u201cSi llego quisiera terminar mi carrera corriendo un Mundial\u201d - Noticias Radio Reflejos\",\"isPartOf\":{\"@id\":\"https:\/\/www.noticiasradioreflejos.com.ar\/2021\/#website\"},\"primaryImageOfPage\":{\"@id\":\"https:\/\/www.noticiasradioreflejos.com.ar\/2021\/mabel-fileni-si-llego-quisiera-terminar-mi-carrera-corriendo-un-mundial\/#primaryimage\"},\"image\":{\"@id\":\"https:\/\/www.noticiasradioreflejos.com.ar\/2021\/mabel-fileni-si-llego-quisiera-terminar-mi-carrera-corriendo-un-mundial\/#primaryimage\"},\"thumbnailUrl\":\"https:\/\/www.noticiasradioreflejos.com.ar\/2021\/wp-content\/uploads\/2024\/11\/Mabel-Fileni-3.jpeg\",\"datePublished\":\"2024-11-06T19:32:24+00:00\",\"author\":{\"@id\":\"https:\/\/www.noticiasradioreflejos.com.ar\/2021\/#\/schema\/person\/ad82545263dcc5ec0996818884fd5fb1\"},\"breadcrumb\":{\"@id\":\"https:\/\/www.noticiasradioreflejos.com.ar\/2021\/mabel-fileni-si-llego-quisiera-terminar-mi-carrera-corriendo-un-mundial\/#breadcrumb\"},\"inLanguage\":\"es\",\"potentialAction\":[{\"@type\":\"ReadAction\",\"target\":[\"https:\/\/www.noticiasradioreflejos.com.ar\/2021\/mabel-fileni-si-llego-quisiera-terminar-mi-carrera-corriendo-un-mundial\/\"]}]},{\"@type\":\"ImageObject\",\"inLanguage\":\"es\",\"@id\":\"https:\/\/www.noticiasradioreflejos.com.ar\/2021\/mabel-fileni-si-llego-quisiera-terminar-mi-carrera-corriendo-un-mundial\/#primaryimage\",\"url\":\"https:\/\/www.noticiasradioreflejos.com.ar\/2021\/wp-content\/uploads\/2024\/11\/Mabel-Fileni-3.jpeg\",\"contentUrl\":\"https:\/\/www.noticiasradioreflejos.com.ar\/2021\/wp-content\/uploads\/2024\/11\/Mabel-Fileni-3.jpeg\",\"width\":1200,\"height\":966},{\"@type\":\"BreadcrumbList\",\"@id\":\"https:\/\/www.noticiasradioreflejos.com.ar\/2021\/mabel-fileni-si-llego-quisiera-terminar-mi-carrera-corriendo-un-mundial\/#breadcrumb\",\"itemListElement\":[{\"@type\":\"ListItem\",\"position\":1,\"name\":\"Portada\",\"item\":\"https:\/\/www.noticiasradioreflejos.com.ar\/2021\/\"},{\"@type\":\"ListItem\",\"position\":2,\"name\":\"Mabel Fileni: \u201cSi llego quisiera terminar mi carrera corriendo un Mundial\u201d\"}]},{\"@type\":\"WebSite\",\"@id\":\"https:\/\/www.noticiasradioreflejos.com.ar\/2021\/#website\",\"url\":\"https:\/\/www.noticiasradioreflejos.com.ar\/2021\/\",\"name\":\"Noticias Radio Reflejos\",\"description\":\"Las noticias de mi comarca\",\"potentialAction\":[{\"@type\":\"SearchAction\",\"target\":{\"@type\":\"EntryPoint\",\"urlTemplate\":\"https:\/\/www.noticiasradioreflejos.com.ar\/2021\/?s={search_term_string}\"},\"query-input\":{\"@type\":\"PropertyValueSpecification\",\"valueRequired\":true,\"valueName\":\"search_term_string\"}}],\"inLanguage\":\"es\"},{\"@type\":\"Person\",\"@id\":\"https:\/\/www.noticiasradioreflejos.com.ar\/2021\/#\/schema\/person\/ad82545263dcc5ec0996818884fd5fb1\",\"name\":\"Arnaldo Botto\",\"image\":{\"@type\":\"ImageObject\",\"inLanguage\":\"es\",\"@id\":\"https:\/\/www.noticiasradioreflejos.com.ar\/2021\/#\/schema\/person\/image\/\",\"url\":\"https:\/\/secure.gravatar.com\/avatar\/55cb5e37c1efa326397366e6974cb338056df65cb50e7d64d1cf314e87504837?s=96&d=mm&r=g\",\"contentUrl\":\"https:\/\/secure.gravatar.com\/avatar\/55cb5e37c1efa326397366e6974cb338056df65cb50e7d64d1cf314e87504837?s=96&d=mm&r=g\",\"caption\":\"Arnaldo Botto\"},\"url\":\"https:\/\/www.noticiasradioreflejos.com.ar\/2021\/author\/arnaldo\/\"}]}<\/script>\n<!-- \/ Yoast SEO plugin. -->","yoast_head_json":{"title":"Mabel Fileni: \u201cSi llego quisiera terminar mi carrera corriendo un Mundial\u201d - Noticias Radio Reflejos","robots":{"index":"index","follow":"follow","max-snippet":"max-snippet:-1","max-image-preview":"max-image-preview:large","max-video-preview":"max-video-preview:-1"},"canonical":"https:\/\/www.noticiasradioreflejos.com.ar\/2021\/mabel-fileni-si-llego-quisiera-terminar-mi-carrera-corriendo-un-mundial\/","og_locale":"es_ES","og_type":"article","og_title":"Mabel Fileni: \u201cSi llego quisiera terminar mi carrera corriendo un Mundial\u201d - Noticias Radio Reflejos","og_description":"A sus 75 a\u00f1os la atleta de alto rendimiento sigue poni\u00e9ndose desaf\u00edos. \u201cHace 20 d\u00edas me convert\u00ed en campeona nacional en La Pampa\u201d reconoci\u00f3.","og_url":"https:\/\/www.noticiasradioreflejos.com.ar\/2021\/mabel-fileni-si-llego-quisiera-terminar-mi-carrera-corriendo-un-mundial\/","og_site_name":"Noticias Radio Reflejos","article_published_time":"2024-11-06T19:32:24+00:00","og_image":[{"width":1200,"height":966,"url":"https:\/\/www.noticiasradioreflejos.com.ar\/2021\/wp-content\/uploads\/2024\/11\/Mabel-Fileni-3.jpeg","type":"image\/jpeg"}],"author":"Arnaldo Botto","twitter_card":"summary_large_image","schema":{"@context":"https:\/\/schema.org","@graph":[{"@type":"WebPage","@id":"https:\/\/www.noticiasradioreflejos.com.ar\/2021\/mabel-fileni-si-llego-quisiera-terminar-mi-carrera-corriendo-un-mundial\/","url":"https:\/\/www.noticiasradioreflejos.com.ar\/2021\/mabel-fileni-si-llego-quisiera-terminar-mi-carrera-corriendo-un-mundial\/","name":"Mabel Fileni: \u201cSi llego quisiera terminar mi carrera corriendo un Mundial\u201d - Noticias Radio Reflejos","isPartOf":{"@id":"https:\/\/www.noticiasradioreflejos.com.ar\/2021\/#website"},"primaryImageOfPage":{"@id":"https:\/\/www.noticiasradioreflejos.com.ar\/2021\/mabel-fileni-si-llego-quisiera-terminar-mi-carrera-corriendo-un-mundial\/#primaryimage"},"image":{"@id":"https:\/\/www.noticiasradioreflejos.com.ar\/2021\/mabel-fileni-si-llego-quisiera-terminar-mi-carrera-corriendo-un-mundial\/#primaryimage"},"thumbnailUrl":"https:\/\/www.noticiasradioreflejos.com.ar\/2021\/wp-content\/uploads\/2024\/11\/Mabel-Fileni-3.jpeg","datePublished":"2024-11-06T19:32:24+00:00","author":{"@id":"https:\/\/www.noticiasradioreflejos.com.ar\/2021\/#\/schema\/person\/ad82545263dcc5ec0996818884fd5fb1"},"breadcrumb":{"@id":"https:\/\/www.noticiasradioreflejos.com.ar\/2021\/mabel-fileni-si-llego-quisiera-terminar-mi-carrera-corriendo-un-mundial\/#breadcrumb"},"inLanguage":"es","potentialAction":[{"@type":"ReadAction","target":["https:\/\/www.noticiasradioreflejos.com.ar\/2021\/mabel-fileni-si-llego-quisiera-terminar-mi-carrera-corriendo-un-mundial\/"]}]},{"@type":"ImageObject","inLanguage":"es","@id":"https:\/\/www.noticiasradioreflejos.com.ar\/2021\/mabel-fileni-si-llego-quisiera-terminar-mi-carrera-corriendo-un-mundial\/#primaryimage","url":"https:\/\/www.noticiasradioreflejos.com.ar\/2021\/wp-content\/uploads\/2024\/11\/Mabel-Fileni-3.jpeg","contentUrl":"https:\/\/www.noticiasradioreflejos.com.ar\/2021\/wp-content\/uploads\/2024\/11\/Mabel-Fileni-3.jpeg","width":1200,"height":966},{"@type":"BreadcrumbList","@id":"https:\/\/www.noticiasradioreflejos.com.ar\/2021\/mabel-fileni-si-llego-quisiera-terminar-mi-carrera-corriendo-un-mundial\/#breadcrumb","itemListElement":[{"@type":"ListItem","position":1,"name":"Portada","item":"https:\/\/www.noticiasradioreflejos.com.ar\/2021\/"},{"@type":"ListItem","position":2,"name":"Mabel Fileni: \u201cSi llego quisiera terminar mi carrera corriendo un Mundial\u201d"}]},{"@type":"WebSite","@id":"https:\/\/www.noticiasradioreflejos.com.ar\/2021\/#website","url":"https:\/\/www.noticiasradioreflejos.com.ar\/2021\/","name":"Noticias Radio Reflejos","description":"Las noticias de mi comarca","potentialAction":[{"@type":"SearchAction","target":{"@type":"EntryPoint","urlTemplate":"https:\/\/www.noticiasradioreflejos.com.ar\/2021\/?s={search_term_string}"},"query-input":{"@type":"PropertyValueSpecification","valueRequired":true,"valueName":"search_term_string"}}],"inLanguage":"es"},{"@type":"Person","@id":"https:\/\/www.noticiasradioreflejos.com.ar\/2021\/#\/schema\/person\/ad82545263dcc5ec0996818884fd5fb1","name":"Arnaldo Botto","image":{"@type":"ImageObject","inLanguage":"es","@id":"https:\/\/www.noticiasradioreflejos.com.ar\/2021\/#\/schema\/person\/image\/","url":"https:\/\/secure.gravatar.com\/avatar\/55cb5e37c1efa326397366e6974cb338056df65cb50e7d64d1cf314e87504837?s=96&d=mm&r=g","contentUrl":"https:\/\/secure.gravatar.com\/avatar\/55cb5e37c1efa326397366e6974cb338056df65cb50e7d64d1cf314e87504837?s=96&d=mm&r=g","caption":"Arnaldo Botto"},"url":"https:\/\/www.noticiasradioreflejos.com.ar\/2021\/author\/arnaldo\/"}]}},"_links":{"self":[{"href":"https:\/\/www.noticiasradioreflejos.com.ar\/2021\/wp-json\/wp\/v2\/posts\/109256","targetHints":{"allow":["GET"]}}],"collection":[{"href":"https:\/\/www.noticiasradioreflejos.com.ar\/2021\/wp-json\/wp\/v2\/posts"}],"about":[{"href":"https:\/\/www.noticiasradioreflejos.com.ar\/2021\/wp-json\/wp\/v2\/types\/post"}],"author":[{"embeddable":true,"href":"https:\/\/www.noticiasradioreflejos.com.ar\/2021\/wp-json\/wp\/v2\/users\/3"}],"replies":[{"embeddable":true,"href":"https:\/\/www.noticiasradioreflejos.com.ar\/2021\/wp-json\/wp\/v2\/comments?post=109256"}],"version-history":[{"count":3,"href":"https:\/\/www.noticiasradioreflejos.com.ar\/2021\/wp-json\/wp\/v2\/posts\/109256\/revisions"}],"predecessor-version":[{"id":109269,"href":"https:\/\/www.noticiasradioreflejos.com.ar\/2021\/wp-json\/wp\/v2\/posts\/109256\/revisions\/109269"}],"wp:featuredmedia":[{"embeddable":true,"href":"https:\/\/www.noticiasradioreflejos.com.ar\/2021\/wp-json\/wp\/v2\/media\/109268"}],"wp:attachment":[{"href":"https:\/\/www.noticiasradioreflejos.com.ar\/2021\/wp-json\/wp\/v2\/media?parent=109256"}],"wp:term":[{"taxonomy":"category","embeddable":true,"href":"https:\/\/www.noticiasradioreflejos.com.ar\/2021\/wp-json\/wp\/v2\/categories?post=109256"},{"taxonomy":"post_tag","embeddable":true,"href":"https:\/\/www.noticiasradioreflejos.com.ar\/2021\/wp-json\/wp\/v2\/tags?post=109256"}],"curies":[{"name":"wp","href":"https:\/\/api.w.org\/{rel}","templated":true}]}}