{"id":109225,"date":"2024-11-06T14:14:37","date_gmt":"2024-11-06T17:14:37","guid":{"rendered":"https:\/\/www.noticiasradioreflejos.com.ar\/2021\/?p=109225"},"modified":"2024-11-06T14:14:37","modified_gmt":"2024-11-06T17:14:37","slug":"condenaron-a-4-anos-de-prision-a-domingo-verna","status":"publish","type":"post","link":"https:\/\/www.noticiasradioreflejos.com.ar\/2021\/condenaron-a-4-anos-de-prision-a-domingo-verna\/","title":{"rendered":"Condenaron a 4 a\u00f1os de prisi\u00f3n a Domingo Verna"},"content":{"rendered":"<p>El juez del Tribunal en lo Criminal N\u00ba 1, Hugo Adri\u00e1n De Rosa, determin\u00f3 la pena de cuatro a\u00f1os de prisi\u00f3n para Domingo Verna, el hombre que asesino a su nieto, Brian Verna Batalla de 29 a\u00f1os, a mediados del a\u00f1o 2022.<!--more--><\/p>\n<p>La condena fue impuesta por el delito de homicidio agravado por el uso de arma de fuego, en exceso de leg\u00edtima defensa. Seg\u00fan se pudo saber, mas all\u00e1 de la sentencia de cumplimiento efectivo, por el momento, Verna continuar\u00eda en libertad.<\/p>\n<p>Recordemos que semanas atr\u00e1s, se llev\u00f3 adelante el juicio por jurados, donde los miembros populares entendieron que el abuelo efectu\u00f3 un exceso de leg\u00edtima defensa sobre Brian Verna, al cual lo impact\u00f3 con cuatro tiros a muy corta distancia.<\/p>\n<p>Por otro lado, en la audiencia de cesura llevada adelante el pasado viernes, el fiscal de la causa, Jorge Viego, pidi\u00f3 3 a\u00f1os de prisi\u00f3n en ejecuci\u00f3n condicional, mientras que la madre del fallecido, en car\u00e1cter de particular damnificada, solicit\u00f3 el doble.<\/p>\n","protected":false},"excerpt":{"rendered":"<p>El juez del Tribunal en lo Criminal N\u00ba 1, Hugo Adri\u00e1n De Rosa, determin\u00f3 la pena de cuatro a\u00f1os de prisi\u00f3n para Domingo Verna, el hombre que asesino a su nieto, Brian Verna Batalla de 29 a\u00f1os, a mediados del a\u00f1o 2022.<\/p>\n","protected":false},"author":3,"featured_media":109226,"comment_status":"closed","ping_status":"closed","sticky":false,"template":"","format":"standard","meta":{"footnotes":""},"categories":[1],"tags":[],"class_list":["post-109225","post","type-post","status-publish","format-standard","has-post-thumbnail","hentry","category-sin-categoria"],"yoast_head":"<!-- This site is optimized with the Yoast SEO plugin v25.9 - https:\/\/yoast.com\/wordpress\/plugins\/seo\/ -->\n<title>Condenaron a 4 a\u00f1os de prisi\u00f3n a Domingo Verna - Noticias Radio Reflejos<\/title>\n<meta name=\"robots\" content=\"index, follow, max-snippet:-1, max-image-preview:large, max-video-preview:-1\" \/>\n<link rel=\"canonical\" href=\"https:\/\/www.noticiasradioreflejos.com.ar\/2021\/condenaron-a-4-anos-de-prision-a-domingo-verna\/\" \/>\n<meta property=\"og:locale\" content=\"es_ES\" \/>\n<meta property=\"og:type\" content=\"article\" \/>\n<meta property=\"og:title\" content=\"Condenaron a 4 a\u00f1os de prisi\u00f3n a Domingo Verna - Noticias Radio Reflejos\" \/>\n<meta property=\"og:description\" content=\"El juez del Tribunal en lo Criminal N\u00ba 1, Hugo Adri\u00e1n De Rosa, determin\u00f3 la pena de cuatro a\u00f1os de prisi\u00f3n para Domingo Verna, el hombre que asesino a su nieto, Brian Verna Batalla de 29 a\u00f1os, a mediados del a\u00f1o 2022.\" \/>\n<meta property=\"og:url\" content=\"https:\/\/www.noticiasradioreflejos.com.ar\/2021\/condenaron-a-4-anos-de-prision-a-domingo-verna\/\" \/>\n<meta property=\"og:site_name\" content=\"Noticias Radio Reflejos\" \/>\n<meta property=\"article:published_time\" content=\"2024-11-06T17:14:37+00:00\" \/>\n<meta property=\"og:image\" content=\"https:\/\/www.noticiasradioreflejos.com.ar\/2021\/wp-content\/uploads\/2024\/11\/verna.jpg\" \/>\n\t<meta property=\"og:image:width\" content=\"1625\" \/>\n\t<meta property=\"og:image:height\" content=\"715\" \/>\n\t<meta property=\"og:image:type\" content=\"image\/jpeg\" \/>\n<meta name=\"author\" content=\"Arnaldo Botto\" \/>\n<meta name=\"twitter:card\" content=\"summary_large_image\" \/>\n<script type=\"application\/ld+json\" class=\"yoast-schema-graph\">{\"@context\":\"https:\/\/schema.org\",\"@graph\":[{\"@type\":\"WebPage\",\"@id\":\"https:\/\/www.noticiasradioreflejos.com.ar\/2021\/condenaron-a-4-anos-de-prision-a-domingo-verna\/\",\"url\":\"https:\/\/www.noticiasradioreflejos.com.ar\/2021\/condenaron-a-4-anos-de-prision-a-domingo-verna\/\",\"name\":\"Condenaron a 4 a\u00f1os de prisi\u00f3n a Domingo Verna - Noticias Radio Reflejos\",\"isPartOf\":{\"@id\":\"https:\/\/www.noticiasradioreflejos.com.ar\/2021\/#website\"},\"primaryImageOfPage\":{\"@id\":\"https:\/\/www.noticiasradioreflejos.com.ar\/2021\/condenaron-a-4-anos-de-prision-a-domingo-verna\/#primaryimage\"},\"image\":{\"@id\":\"https:\/\/www.noticiasradioreflejos.com.ar\/2021\/condenaron-a-4-anos-de-prision-a-domingo-verna\/#primaryimage\"},\"thumbnailUrl\":\"https:\/\/www.noticiasradioreflejos.com.ar\/2021\/wp-content\/uploads\/2024\/11\/verna.jpg\",\"datePublished\":\"2024-11-06T17:14:37+00:00\",\"author\":{\"@id\":\"https:\/\/www.noticiasradioreflejos.com.ar\/2021\/#\/schema\/person\/ad82545263dcc5ec0996818884fd5fb1\"},\"breadcrumb\":{\"@id\":\"https:\/\/www.noticiasradioreflejos.com.ar\/2021\/condenaron-a-4-anos-de-prision-a-domingo-verna\/#breadcrumb\"},\"inLanguage\":\"es\",\"potentialAction\":[{\"@type\":\"ReadAction\",\"target\":[\"https:\/\/www.noticiasradioreflejos.com.ar\/2021\/condenaron-a-4-anos-de-prision-a-domingo-verna\/\"]}]},{\"@type\":\"ImageObject\",\"inLanguage\":\"es\",\"@id\":\"https:\/\/www.noticiasradioreflejos.com.ar\/2021\/condenaron-a-4-anos-de-prision-a-domingo-verna\/#primaryimage\",\"url\":\"https:\/\/www.noticiasradioreflejos.com.ar\/2021\/wp-content\/uploads\/2024\/11\/verna.jpg\",\"contentUrl\":\"https:\/\/www.noticiasradioreflejos.com.ar\/2021\/wp-content\/uploads\/2024\/11\/verna.jpg\",\"width\":1625,\"height\":715},{\"@type\":\"BreadcrumbList\",\"@id\":\"https:\/\/www.noticiasradioreflejos.com.ar\/2021\/condenaron-a-4-anos-de-prision-a-domingo-verna\/#breadcrumb\",\"itemListElement\":[{\"@type\":\"ListItem\",\"position\":1,\"name\":\"Portada\",\"item\":\"https:\/\/www.noticiasradioreflejos.com.ar\/2021\/\"},{\"@type\":\"ListItem\",\"position\":2,\"name\":\"Condenaron a 4 a\u00f1os de prisi\u00f3n a Domingo Verna\"}]},{\"@type\":\"WebSite\",\"@id\":\"https:\/\/www.noticiasradioreflejos.com.ar\/2021\/#website\",\"url\":\"https:\/\/www.noticiasradioreflejos.com.ar\/2021\/\",\"name\":\"Noticias Radio Reflejos\",\"description\":\"Las noticias de mi comarca\",\"potentialAction\":[{\"@type\":\"SearchAction\",\"target\":{\"@type\":\"EntryPoint\",\"urlTemplate\":\"https:\/\/www.noticiasradioreflejos.com.ar\/2021\/?s={search_term_string}\"},\"query-input\":{\"@type\":\"PropertyValueSpecification\",\"valueRequired\":true,\"valueName\":\"search_term_string\"}}],\"inLanguage\":\"es\"},{\"@type\":\"Person\",\"@id\":\"https:\/\/www.noticiasradioreflejos.com.ar\/2021\/#\/schema\/person\/ad82545263dcc5ec0996818884fd5fb1\",\"name\":\"Arnaldo Botto\",\"image\":{\"@type\":\"ImageObject\",\"inLanguage\":\"es\",\"@id\":\"https:\/\/www.noticiasradioreflejos.com.ar\/2021\/#\/schema\/person\/image\/\",\"url\":\"https:\/\/secure.gravatar.com\/avatar\/55cb5e37c1efa326397366e6974cb338056df65cb50e7d64d1cf314e87504837?s=96&d=mm&r=g\",\"contentUrl\":\"https:\/\/secure.gravatar.com\/avatar\/55cb5e37c1efa326397366e6974cb338056df65cb50e7d64d1cf314e87504837?s=96&d=mm&r=g\",\"caption\":\"Arnaldo Botto\"},\"url\":\"https:\/\/www.noticiasradioreflejos.com.ar\/2021\/author\/arnaldo\/\"}]}<\/script>\n<!-- \/ Yoast SEO plugin. -->","yoast_head_json":{"title":"Condenaron a 4 a\u00f1os de prisi\u00f3n a Domingo Verna - Noticias Radio Reflejos","robots":{"index":"index","follow":"follow","max-snippet":"max-snippet:-1","max-image-preview":"max-image-preview:large","max-video-preview":"max-video-preview:-1"},"canonical":"https:\/\/www.noticiasradioreflejos.com.ar\/2021\/condenaron-a-4-anos-de-prision-a-domingo-verna\/","og_locale":"es_ES","og_type":"article","og_title":"Condenaron a 4 a\u00f1os de prisi\u00f3n a Domingo Verna - Noticias Radio Reflejos","og_description":"El juez del Tribunal en lo Criminal N\u00ba 1, Hugo Adri\u00e1n De Rosa, determin\u00f3 la pena de cuatro a\u00f1os de prisi\u00f3n para Domingo Verna, el hombre que asesino a su nieto, Brian Verna Batalla de 29 a\u00f1os, a mediados del a\u00f1o 2022.","og_url":"https:\/\/www.noticiasradioreflejos.com.ar\/2021\/condenaron-a-4-anos-de-prision-a-domingo-verna\/","og_site_name":"Noticias Radio Reflejos","article_published_time":"2024-11-06T17:14:37+00:00","og_image":[{"width":1625,"height":715,"url":"https:\/\/www.noticiasradioreflejos.com.ar\/2021\/wp-content\/uploads\/2024\/11\/verna.jpg","type":"image\/jpeg"}],"author":"Arnaldo Botto","twitter_card":"summary_large_image","schema":{"@context":"https:\/\/schema.org","@graph":[{"@type":"WebPage","@id":"https:\/\/www.noticiasradioreflejos.com.ar\/2021\/condenaron-a-4-anos-de-prision-a-domingo-verna\/","url":"https:\/\/www.noticiasradioreflejos.com.ar\/2021\/condenaron-a-4-anos-de-prision-a-domingo-verna\/","name":"Condenaron a 4 a\u00f1os de prisi\u00f3n a Domingo Verna - Noticias Radio Reflejos","isPartOf":{"@id":"https:\/\/www.noticiasradioreflejos.com.ar\/2021\/#website"},"primaryImageOfPage":{"@id":"https:\/\/www.noticiasradioreflejos.com.ar\/2021\/condenaron-a-4-anos-de-prision-a-domingo-verna\/#primaryimage"},"image":{"@id":"https:\/\/www.noticiasradioreflejos.com.ar\/2021\/condenaron-a-4-anos-de-prision-a-domingo-verna\/#primaryimage"},"thumbnailUrl":"https:\/\/www.noticiasradioreflejos.com.ar\/2021\/wp-content\/uploads\/2024\/11\/verna.jpg","datePublished":"2024-11-06T17:14:37+00:00","author":{"@id":"https:\/\/www.noticiasradioreflejos.com.ar\/2021\/#\/schema\/person\/ad82545263dcc5ec0996818884fd5fb1"},"breadcrumb":{"@id":"https:\/\/www.noticiasradioreflejos.com.ar\/2021\/condenaron-a-4-anos-de-prision-a-domingo-verna\/#breadcrumb"},"inLanguage":"es","potentialAction":[{"@type":"ReadAction","target":["https:\/\/www.noticiasradioreflejos.com.ar\/2021\/condenaron-a-4-anos-de-prision-a-domingo-verna\/"]}]},{"@type":"ImageObject","inLanguage":"es","@id":"https:\/\/www.noticiasradioreflejos.com.ar\/2021\/condenaron-a-4-anos-de-prision-a-domingo-verna\/#primaryimage","url":"https:\/\/www.noticiasradioreflejos.com.ar\/2021\/wp-content\/uploads\/2024\/11\/verna.jpg","contentUrl":"https:\/\/www.noticiasradioreflejos.com.ar\/2021\/wp-content\/uploads\/2024\/11\/verna.jpg","width":1625,"height":715},{"@type":"BreadcrumbList","@id":"https:\/\/www.noticiasradioreflejos.com.ar\/2021\/condenaron-a-4-anos-de-prision-a-domingo-verna\/#breadcrumb","itemListElement":[{"@type":"ListItem","position":1,"name":"Portada","item":"https:\/\/www.noticiasradioreflejos.com.ar\/2021\/"},{"@type":"ListItem","position":2,"name":"Condenaron a 4 a\u00f1os de prisi\u00f3n a Domingo Verna"}]},{"@type":"WebSite","@id":"https:\/\/www.noticiasradioreflejos.com.ar\/2021\/#website","url":"https:\/\/www.noticiasradioreflejos.com.ar\/2021\/","name":"Noticias Radio Reflejos","description":"Las noticias de mi comarca","potentialAction":[{"@type":"SearchAction","target":{"@type":"EntryPoint","urlTemplate":"https:\/\/www.noticiasradioreflejos.com.ar\/2021\/?s={search_term_string}"},"query-input":{"@type":"PropertyValueSpecification","valueRequired":true,"valueName":"search_term_string"}}],"inLanguage":"es"},{"@type":"Person","@id":"https:\/\/www.noticiasradioreflejos.com.ar\/2021\/#\/schema\/person\/ad82545263dcc5ec0996818884fd5fb1","name":"Arnaldo Botto","image":{"@type":"ImageObject","inLanguage":"es","@id":"https:\/\/www.noticiasradioreflejos.com.ar\/2021\/#\/schema\/person\/image\/","url":"https:\/\/secure.gravatar.com\/avatar\/55cb5e37c1efa326397366e6974cb338056df65cb50e7d64d1cf314e87504837?s=96&d=mm&r=g","contentUrl":"https:\/\/secure.gravatar.com\/avatar\/55cb5e37c1efa326397366e6974cb338056df65cb50e7d64d1cf314e87504837?s=96&d=mm&r=g","caption":"Arnaldo Botto"},"url":"https:\/\/www.noticiasradioreflejos.com.ar\/2021\/author\/arnaldo\/"}]}},"_links":{"self":[{"href":"https:\/\/www.noticiasradioreflejos.com.ar\/2021\/wp-json\/wp\/v2\/posts\/109225","targetHints":{"allow":["GET"]}}],"collection":[{"href":"https:\/\/www.noticiasradioreflejos.com.ar\/2021\/wp-json\/wp\/v2\/posts"}],"about":[{"href":"https:\/\/www.noticiasradioreflejos.com.ar\/2021\/wp-json\/wp\/v2\/types\/post"}],"author":[{"embeddable":true,"href":"https:\/\/www.noticiasradioreflejos.com.ar\/2021\/wp-json\/wp\/v2\/users\/3"}],"replies":[{"embeddable":true,"href":"https:\/\/www.noticiasradioreflejos.com.ar\/2021\/wp-json\/wp\/v2\/comments?post=109225"}],"version-history":[{"count":1,"href":"https:\/\/www.noticiasradioreflejos.com.ar\/2021\/wp-json\/wp\/v2\/posts\/109225\/revisions"}],"predecessor-version":[{"id":109236,"href":"https:\/\/www.noticiasradioreflejos.com.ar\/2021\/wp-json\/wp\/v2\/posts\/109225\/revisions\/109236"}],"wp:featuredmedia":[{"embeddable":true,"href":"https:\/\/www.noticiasradioreflejos.com.ar\/2021\/wp-json\/wp\/v2\/media\/109226"}],"wp:attachment":[{"href":"https:\/\/www.noticiasradioreflejos.com.ar\/2021\/wp-json\/wp\/v2\/media?parent=109225"}],"wp:term":[{"taxonomy":"category","embeddable":true,"href":"https:\/\/www.noticiasradioreflejos.com.ar\/2021\/wp-json\/wp\/v2\/categories?post=109225"},{"taxonomy":"post_tag","embeddable":true,"href":"https:\/\/www.noticiasradioreflejos.com.ar\/2021\/wp-json\/wp\/v2\/tags?post=109225"}],"curies":[{"name":"wp","href":"https:\/\/api.w.org\/{rel}","templated":true}]}}