{"id":109173,"date":"2024-11-05T15:36:41","date_gmt":"2024-11-05T18:36:41","guid":{"rendered":"https:\/\/www.noticiasradioreflejos.com.ar\/2021\/?p=109173"},"modified":"2024-11-05T15:36:41","modified_gmt":"2024-11-05T18:36:41","slug":"lucia-urriaga-entre-los-juegos-bonaerenses-y-el-desfile","status":"publish","type":"post","link":"https:\/\/www.noticiasradioreflejos.com.ar\/2021\/lucia-urriaga-entre-los-juegos-bonaerenses-y-el-desfile\/","title":{"rendered":"Luc\u00eda Urriaga entre los Juegos Bonaerenses y el desfile"},"content":{"rendered":"<p>La Subsecretaria de Cultura se refiri\u00f3 al balance del evento en Mar del Plata, y al mismo tiempo, la celebraci\u00f3n que se vivi\u00f3 hace horas en la comarca.<!--more--><\/p>\n<p>Con voz de cansancio pero al mismo tiempo de satisfacci\u00f3n, la Subsecretaria de Cultura, Luc\u00eda Urriaga, se refiri\u00f3 a los d\u00edas vividos en Mar del Plata en el marco de los Juegos Bonaerenses.<\/p>\n<p><a title=\"Lu Urriaga\" href=\"https:\/\/www.flickr.com\/photos\/182279889@N02\/54118427787\/in\/dateposted-public\/\" data-flickr-embed=\"true\"><img loading=\"lazy\" decoding=\"async\" src=\"https:\/\/live.staticflickr.com\/65535\/54118427787_fd94e1e3bb_c.jpg\" alt=\"Lu Urriaga\" width=\"800\" height=\"534\" \/><\/a><\/p>\n<p>En ese sentido explic\u00f3 que \u201cdeporte siempre lleva m\u00e1s, porque tiene m\u00e1s disciplinas, pero este a\u00f1o cultura llev\u00f3 un mont\u00f3n. Estamos s\u00faper felices por la participaci\u00f3n, desempe\u00f1o y el comportamiento de toda la delegaci\u00f3n. Llevamos cosas muy lindas, de muy buen nivel, con un profesionalismo exquisito\u201d.<\/p>\n<p>Apuntando directamente a las elecciones del jurado en cuanto a lo cultural, sostuvo que \u201cva mucho en el gusto y la historia del jurado lo que se eligi\u00f3, pero llegar a Mar del Plata era el m\u00e9rito, porque solo 16 llegaron a esa instancia. Es un mont\u00f3n. Vos tenes 16 compa\u00f1\u00edas que son muy muy buenas y de alguna forma tenes que hacer un zarandeo\u201d.<\/p>\n<p>Cerrando con una frase m\u00e1s que contundente: \u201cel balance para m\u00ed fue sumamente positivo. No tengo nada para criticar. Fue todo sumamente hermoso\u201d.<\/p>\n<p><a title=\"Lu kees (2)\" href=\"https:\/\/www.flickr.com\/photos\/182279889@N02\/54119553673\/in\/dateposted-public\/\" data-flickr-embed=\"true\"><img loading=\"lazy\" decoding=\"async\" class=\"aligncenter\" src=\"https:\/\/live.staticflickr.com\/65535\/54119553673_5a520d5eba_c.jpg\" alt=\"Lu kees (2)\" width=\"576\" height=\"800\" \/><\/a><\/p>\n<h3>Un desfile que quedar\u00e1 para la historia<\/h3>\n<p>De igual forma en otro pasaje de la charla le dedic\u00f3 unos minutos a la celebraci\u00f3n vivida hace escasas horas.<\/p>\n<p><a title=\"Desfile 4 de nov (6)\" href=\"https:\/\/www.flickr.com\/photos\/182279889@N02\/54118427822\/in\/dateposted-public\/\" data-flickr-embed=\"true\"><img loading=\"lazy\" decoding=\"async\" src=\"https:\/\/live.staticflickr.com\/65535\/54118427822_52f4bd9085_c.jpg\" alt=\"Desfile 4 de nov (6)\" width=\"800\" height=\"533\" \/><\/a><br \/>\nEn ese aspecto enfatiz\u00f3 en que \u201cel desfile ten\u00eda una log\u00edstica muy grande que no se pod\u00eda posponer. Era el 4 o era el 4. Confi\u00e1bamos que sobre las 5 o 6 la tormenta se iba a disipar. Ten\u00edamos 86 instituciones, que deb\u00edamos avisarle a sus referentes y ellos a su vez bajaban la informaci\u00f3n. As\u00ed que era pr\u00e1cticamente imposible\u201d.<\/p>\n<p>A su vez reconoci\u00f3 que \u201cla log\u00edstica medio que ya est\u00e1 aceitada, es el tercer a\u00f1o que lo hace el mismo equipo de cultura, entonces yo llegu\u00e9 de Mar del Plata y me sum\u00e9, pero hace un mes que ven\u00edamos trabajando con esto\u201d.<\/p>\n<p><a title=\"Desfile 4 de nov (5)\" href=\"https:\/\/www.flickr.com\/photos\/182279889@N02\/54118427772\/in\/dateposted-public\/\" data-flickr-embed=\"true\"><img loading=\"lazy\" decoding=\"async\" src=\"https:\/\/live.staticflickr.com\/65535\/54118427772_2984ab5926_c.jpg\" alt=\"Desfile 4 de nov (5)\" width=\"800\" height=\"533\" \/><\/a><br \/>\nPor \u00faltimo confirm\u00f3 que \u201clos granaderos que vinieron son los de Capital. Unos divinos. Vinieron con la mejor y se quedaron con la velada. Es la primera vez que vienen. La banda lo mismo, es la primera vez que ven\u00eda en mi gesti\u00f3n. Llegaron desde Punta Alta. Hicimos el pedido hace 4 meses\u201d.<\/p>\n<p><iframe loading=\"lazy\" src=\"https:\/\/w.soundcloud.com\/player\/?url=https%3A\/\/api.soundcloud.com\/tracks\/1950155491&amp;color=%23ff5500&amp;auto_play=false&amp;hide_related=false&amp;show_comments=true&amp;show_user=true&amp;show_reposts=false&amp;show_teaser=true\" width=\"100%\" height=\"166\" frameborder=\"no\" scrolling=\"no\"><\/iframe><\/p>\n<div style=\"font-size: 10px; color: #cccccc; line-break: anywhere; word-break: normal; overflow: hidden; white-space: nowrap; text-overflow: ellipsis; font-family: Interstate,Lucida Grande,Lucida Sans Unicode,Lucida Sans,Garuda,Verdana,Tahoma,sans-serif; font-weight: 100;\"><a style=\"color: #cccccc; text-decoration: none;\" title=\"fmreflejos 103.7\" href=\"https:\/\/soundcloud.com\/fmreflejos-103-7\" target=\"_blank\" rel=\"noopener\">fmreflejos 103.7<\/a> \u00b7 <a style=\"color: #cccccc; text-decoration: none;\" title=\"Lucia Urriaga 05-11\" href=\"https:\/\/soundcloud.com\/fmreflejos-103-7\/lucia-urriaga-05-11\" target=\"_blank\" rel=\"noopener\">Lucia Urriaga 05-11<\/a><\/div>\n<p>&nbsp;<\/p>\n<p><a data-flickr-embed=\"true\" href=\"https:\/\/www.flickr.com\/photos\/182279889@N02\/54119617564\/in\/dateposted-public\/\" title=\"Desfile 4 de nov (3)\"><img loading=\"lazy\" decoding=\"async\" src=\"https:\/\/live.staticflickr.com\/65535\/54119617564_d691f15b07_c.jpg\" width=\"800\" height=\"533\" alt=\"Desfile 4 de nov (3)\"\/><\/a><script async src=\"\/\/embedr.flickr.com\/assets\/client-code.js\" charset=\"utf-8\"><\/script><\/p>\n","protected":false},"excerpt":{"rendered":"<p>La Subsecretaria de Cultura se refiri\u00f3 al balance del evento en Mar del Plata, y al mismo tiempo, la celebraci\u00f3n que se vivi\u00f3 hace horas en la comarca.<\/p>\n","protected":false},"author":3,"featured_media":109180,"comment_status":"closed","ping_status":"closed","sticky":false,"template":"","format":"standard","meta":{"footnotes":""},"categories":[35,28],"tags":[48],"class_list":["post-109173","post","type-post","status-publish","format-standard","has-post-thumbnail","hentry","category-cultura","category-municipales","tag-destacada"],"yoast_head":"<!-- This site is optimized with the Yoast SEO plugin v25.9 - https:\/\/yoast.com\/wordpress\/plugins\/seo\/ -->\n<title>Luc\u00eda Urriaga entre los Juegos Bonaerenses y el desfile - Noticias Radio Reflejos<\/title>\n<meta name=\"robots\" content=\"index, follow, max-snippet:-1, max-image-preview:large, max-video-preview:-1\" \/>\n<link rel=\"canonical\" href=\"https:\/\/www.noticiasradioreflejos.com.ar\/2021\/lucia-urriaga-entre-los-juegos-bonaerenses-y-el-desfile\/\" \/>\n<meta property=\"og:locale\" content=\"es_ES\" \/>\n<meta property=\"og:type\" content=\"article\" \/>\n<meta property=\"og:title\" content=\"Luc\u00eda Urriaga entre los Juegos Bonaerenses y el desfile - Noticias Radio Reflejos\" \/>\n<meta property=\"og:description\" content=\"La Subsecretaria de Cultura se refiri\u00f3 al balance del evento en Mar del Plata, y al mismo tiempo, la celebraci\u00f3n que se vivi\u00f3 hace horas en la comarca.\" \/>\n<meta property=\"og:url\" content=\"https:\/\/www.noticiasradioreflejos.com.ar\/2021\/lucia-urriaga-entre-los-juegos-bonaerenses-y-el-desfile\/\" \/>\n<meta property=\"og:site_name\" content=\"Noticias Radio Reflejos\" \/>\n<meta property=\"article:published_time\" content=\"2024-11-05T18:36:41+00:00\" \/>\n<meta property=\"og:image\" content=\"https:\/\/www.noticiasradioreflejos.com.ar\/2021\/wp-content\/uploads\/2024\/11\/Desfile-4-de-nov-4.jpeg\" \/>\n\t<meta property=\"og:image:width\" content=\"1600\" \/>\n\t<meta property=\"og:image:height\" content=\"1066\" \/>\n\t<meta property=\"og:image:type\" content=\"image\/jpeg\" \/>\n<meta name=\"author\" content=\"Arnaldo Botto\" \/>\n<meta name=\"twitter:card\" content=\"summary_large_image\" \/>\n<script type=\"application\/ld+json\" class=\"yoast-schema-graph\">{\"@context\":\"https:\/\/schema.org\",\"@graph\":[{\"@type\":\"WebPage\",\"@id\":\"https:\/\/www.noticiasradioreflejos.com.ar\/2021\/lucia-urriaga-entre-los-juegos-bonaerenses-y-el-desfile\/\",\"url\":\"https:\/\/www.noticiasradioreflejos.com.ar\/2021\/lucia-urriaga-entre-los-juegos-bonaerenses-y-el-desfile\/\",\"name\":\"Luc\u00eda Urriaga entre los Juegos Bonaerenses y el desfile - Noticias Radio Reflejos\",\"isPartOf\":{\"@id\":\"https:\/\/www.noticiasradioreflejos.com.ar\/2021\/#website\"},\"primaryImageOfPage\":{\"@id\":\"https:\/\/www.noticiasradioreflejos.com.ar\/2021\/lucia-urriaga-entre-los-juegos-bonaerenses-y-el-desfile\/#primaryimage\"},\"image\":{\"@id\":\"https:\/\/www.noticiasradioreflejos.com.ar\/2021\/lucia-urriaga-entre-los-juegos-bonaerenses-y-el-desfile\/#primaryimage\"},\"thumbnailUrl\":\"https:\/\/www.noticiasradioreflejos.com.ar\/2021\/wp-content\/uploads\/2024\/11\/Desfile-4-de-nov-4.jpeg\",\"datePublished\":\"2024-11-05T18:36:41+00:00\",\"author\":{\"@id\":\"https:\/\/www.noticiasradioreflejos.com.ar\/2021\/#\/schema\/person\/ad82545263dcc5ec0996818884fd5fb1\"},\"breadcrumb\":{\"@id\":\"https:\/\/www.noticiasradioreflejos.com.ar\/2021\/lucia-urriaga-entre-los-juegos-bonaerenses-y-el-desfile\/#breadcrumb\"},\"inLanguage\":\"es\",\"potentialAction\":[{\"@type\":\"ReadAction\",\"target\":[\"https:\/\/www.noticiasradioreflejos.com.ar\/2021\/lucia-urriaga-entre-los-juegos-bonaerenses-y-el-desfile\/\"]}]},{\"@type\":\"ImageObject\",\"inLanguage\":\"es\",\"@id\":\"https:\/\/www.noticiasradioreflejos.com.ar\/2021\/lucia-urriaga-entre-los-juegos-bonaerenses-y-el-desfile\/#primaryimage\",\"url\":\"https:\/\/www.noticiasradioreflejos.com.ar\/2021\/wp-content\/uploads\/2024\/11\/Desfile-4-de-nov-4.jpeg\",\"contentUrl\":\"https:\/\/www.noticiasradioreflejos.com.ar\/2021\/wp-content\/uploads\/2024\/11\/Desfile-4-de-nov-4.jpeg\",\"width\":1600,\"height\":1066},{\"@type\":\"BreadcrumbList\",\"@id\":\"https:\/\/www.noticiasradioreflejos.com.ar\/2021\/lucia-urriaga-entre-los-juegos-bonaerenses-y-el-desfile\/#breadcrumb\",\"itemListElement\":[{\"@type\":\"ListItem\",\"position\":1,\"name\":\"Portada\",\"item\":\"https:\/\/www.noticiasradioreflejos.com.ar\/2021\/\"},{\"@type\":\"ListItem\",\"position\":2,\"name\":\"Luc\u00eda Urriaga entre los Juegos Bonaerenses y el desfile\"}]},{\"@type\":\"WebSite\",\"@id\":\"https:\/\/www.noticiasradioreflejos.com.ar\/2021\/#website\",\"url\":\"https:\/\/www.noticiasradioreflejos.com.ar\/2021\/\",\"name\":\"Noticias Radio Reflejos\",\"description\":\"Las noticias de mi comarca\",\"potentialAction\":[{\"@type\":\"SearchAction\",\"target\":{\"@type\":\"EntryPoint\",\"urlTemplate\":\"https:\/\/www.noticiasradioreflejos.com.ar\/2021\/?s={search_term_string}\"},\"query-input\":{\"@type\":\"PropertyValueSpecification\",\"valueRequired\":true,\"valueName\":\"search_term_string\"}}],\"inLanguage\":\"es\"},{\"@type\":\"Person\",\"@id\":\"https:\/\/www.noticiasradioreflejos.com.ar\/2021\/#\/schema\/person\/ad82545263dcc5ec0996818884fd5fb1\",\"name\":\"Arnaldo Botto\",\"image\":{\"@type\":\"ImageObject\",\"inLanguage\":\"es\",\"@id\":\"https:\/\/www.noticiasradioreflejos.com.ar\/2021\/#\/schema\/person\/image\/\",\"url\":\"https:\/\/secure.gravatar.com\/avatar\/55cb5e37c1efa326397366e6974cb338056df65cb50e7d64d1cf314e87504837?s=96&d=mm&r=g\",\"contentUrl\":\"https:\/\/secure.gravatar.com\/avatar\/55cb5e37c1efa326397366e6974cb338056df65cb50e7d64d1cf314e87504837?s=96&d=mm&r=g\",\"caption\":\"Arnaldo Botto\"},\"url\":\"https:\/\/www.noticiasradioreflejos.com.ar\/2021\/author\/arnaldo\/\"}]}<\/script>\n<!-- \/ Yoast SEO plugin. -->","yoast_head_json":{"title":"Luc\u00eda Urriaga entre los Juegos Bonaerenses y el desfile - Noticias Radio Reflejos","robots":{"index":"index","follow":"follow","max-snippet":"max-snippet:-1","max-image-preview":"max-image-preview:large","max-video-preview":"max-video-preview:-1"},"canonical":"https:\/\/www.noticiasradioreflejos.com.ar\/2021\/lucia-urriaga-entre-los-juegos-bonaerenses-y-el-desfile\/","og_locale":"es_ES","og_type":"article","og_title":"Luc\u00eda Urriaga entre los Juegos Bonaerenses y el desfile - Noticias Radio Reflejos","og_description":"La Subsecretaria de Cultura se refiri\u00f3 al balance del evento en Mar del Plata, y al mismo tiempo, la celebraci\u00f3n que se vivi\u00f3 hace horas en la comarca.","og_url":"https:\/\/www.noticiasradioreflejos.com.ar\/2021\/lucia-urriaga-entre-los-juegos-bonaerenses-y-el-desfile\/","og_site_name":"Noticias Radio Reflejos","article_published_time":"2024-11-05T18:36:41+00:00","og_image":[{"width":1600,"height":1066,"url":"https:\/\/www.noticiasradioreflejos.com.ar\/2021\/wp-content\/uploads\/2024\/11\/Desfile-4-de-nov-4.jpeg","type":"image\/jpeg"}],"author":"Arnaldo Botto","twitter_card":"summary_large_image","schema":{"@context":"https:\/\/schema.org","@graph":[{"@type":"WebPage","@id":"https:\/\/www.noticiasradioreflejos.com.ar\/2021\/lucia-urriaga-entre-los-juegos-bonaerenses-y-el-desfile\/","url":"https:\/\/www.noticiasradioreflejos.com.ar\/2021\/lucia-urriaga-entre-los-juegos-bonaerenses-y-el-desfile\/","name":"Luc\u00eda Urriaga entre los Juegos Bonaerenses y el desfile - Noticias Radio Reflejos","isPartOf":{"@id":"https:\/\/www.noticiasradioreflejos.com.ar\/2021\/#website"},"primaryImageOfPage":{"@id":"https:\/\/www.noticiasradioreflejos.com.ar\/2021\/lucia-urriaga-entre-los-juegos-bonaerenses-y-el-desfile\/#primaryimage"},"image":{"@id":"https:\/\/www.noticiasradioreflejos.com.ar\/2021\/lucia-urriaga-entre-los-juegos-bonaerenses-y-el-desfile\/#primaryimage"},"thumbnailUrl":"https:\/\/www.noticiasradioreflejos.com.ar\/2021\/wp-content\/uploads\/2024\/11\/Desfile-4-de-nov-4.jpeg","datePublished":"2024-11-05T18:36:41+00:00","author":{"@id":"https:\/\/www.noticiasradioreflejos.com.ar\/2021\/#\/schema\/person\/ad82545263dcc5ec0996818884fd5fb1"},"breadcrumb":{"@id":"https:\/\/www.noticiasradioreflejos.com.ar\/2021\/lucia-urriaga-entre-los-juegos-bonaerenses-y-el-desfile\/#breadcrumb"},"inLanguage":"es","potentialAction":[{"@type":"ReadAction","target":["https:\/\/www.noticiasradioreflejos.com.ar\/2021\/lucia-urriaga-entre-los-juegos-bonaerenses-y-el-desfile\/"]}]},{"@type":"ImageObject","inLanguage":"es","@id":"https:\/\/www.noticiasradioreflejos.com.ar\/2021\/lucia-urriaga-entre-los-juegos-bonaerenses-y-el-desfile\/#primaryimage","url":"https:\/\/www.noticiasradioreflejos.com.ar\/2021\/wp-content\/uploads\/2024\/11\/Desfile-4-de-nov-4.jpeg","contentUrl":"https:\/\/www.noticiasradioreflejos.com.ar\/2021\/wp-content\/uploads\/2024\/11\/Desfile-4-de-nov-4.jpeg","width":1600,"height":1066},{"@type":"BreadcrumbList","@id":"https:\/\/www.noticiasradioreflejos.com.ar\/2021\/lucia-urriaga-entre-los-juegos-bonaerenses-y-el-desfile\/#breadcrumb","itemListElement":[{"@type":"ListItem","position":1,"name":"Portada","item":"https:\/\/www.noticiasradioreflejos.com.ar\/2021\/"},{"@type":"ListItem","position":2,"name":"Luc\u00eda Urriaga entre los Juegos Bonaerenses y el desfile"}]},{"@type":"WebSite","@id":"https:\/\/www.noticiasradioreflejos.com.ar\/2021\/#website","url":"https:\/\/www.noticiasradioreflejos.com.ar\/2021\/","name":"Noticias Radio Reflejos","description":"Las noticias de mi comarca","potentialAction":[{"@type":"SearchAction","target":{"@type":"EntryPoint","urlTemplate":"https:\/\/www.noticiasradioreflejos.com.ar\/2021\/?s={search_term_string}"},"query-input":{"@type":"PropertyValueSpecification","valueRequired":true,"valueName":"search_term_string"}}],"inLanguage":"es"},{"@type":"Person","@id":"https:\/\/www.noticiasradioreflejos.com.ar\/2021\/#\/schema\/person\/ad82545263dcc5ec0996818884fd5fb1","name":"Arnaldo Botto","image":{"@type":"ImageObject","inLanguage":"es","@id":"https:\/\/www.noticiasradioreflejos.com.ar\/2021\/#\/schema\/person\/image\/","url":"https:\/\/secure.gravatar.com\/avatar\/55cb5e37c1efa326397366e6974cb338056df65cb50e7d64d1cf314e87504837?s=96&d=mm&r=g","contentUrl":"https:\/\/secure.gravatar.com\/avatar\/55cb5e37c1efa326397366e6974cb338056df65cb50e7d64d1cf314e87504837?s=96&d=mm&r=g","caption":"Arnaldo Botto"},"url":"https:\/\/www.noticiasradioreflejos.com.ar\/2021\/author\/arnaldo\/"}]}},"_links":{"self":[{"href":"https:\/\/www.noticiasradioreflejos.com.ar\/2021\/wp-json\/wp\/v2\/posts\/109173","targetHints":{"allow":["GET"]}}],"collection":[{"href":"https:\/\/www.noticiasradioreflejos.com.ar\/2021\/wp-json\/wp\/v2\/posts"}],"about":[{"href":"https:\/\/www.noticiasradioreflejos.com.ar\/2021\/wp-json\/wp\/v2\/types\/post"}],"author":[{"embeddable":true,"href":"https:\/\/www.noticiasradioreflejos.com.ar\/2021\/wp-json\/wp\/v2\/users\/3"}],"replies":[{"embeddable":true,"href":"https:\/\/www.noticiasradioreflejos.com.ar\/2021\/wp-json\/wp\/v2\/comments?post=109173"}],"version-history":[{"count":2,"href":"https:\/\/www.noticiasradioreflejos.com.ar\/2021\/wp-json\/wp\/v2\/posts\/109173\/revisions"}],"predecessor-version":[{"id":109183,"href":"https:\/\/www.noticiasradioreflejos.com.ar\/2021\/wp-json\/wp\/v2\/posts\/109173\/revisions\/109183"}],"wp:featuredmedia":[{"embeddable":true,"href":"https:\/\/www.noticiasradioreflejos.com.ar\/2021\/wp-json\/wp\/v2\/media\/109180"}],"wp:attachment":[{"href":"https:\/\/www.noticiasradioreflejos.com.ar\/2021\/wp-json\/wp\/v2\/media?parent=109173"}],"wp:term":[{"taxonomy":"category","embeddable":true,"href":"https:\/\/www.noticiasradioreflejos.com.ar\/2021\/wp-json\/wp\/v2\/categories?post=109173"},{"taxonomy":"post_tag","embeddable":true,"href":"https:\/\/www.noticiasradioreflejos.com.ar\/2021\/wp-json\/wp\/v2\/tags?post=109173"}],"curies":[{"name":"wp","href":"https:\/\/api.w.org\/{rel}","templated":true}]}}