{"id":109160,"date":"2024-11-05T07:05:20","date_gmt":"2024-11-05T10:05:20","guid":{"rendered":"https:\/\/www.noticiasradioreflejos.com.ar\/2021\/?p=109160"},"modified":"2024-11-06T09:52:09","modified_gmt":"2024-11-06T12:52:09","slug":"mas-de-tres-millones-de-hogares-padecen-deficit-habitacional","status":"publish","type":"post","link":"https:\/\/www.noticiasradioreflejos.com.ar\/2021\/mas-de-tres-millones-de-hogares-padecen-deficit-habitacional\/","title":{"rendered":"M\u00e1s de tres millones de hogares padecen d\u00e9ficit habitacional."},"content":{"rendered":"<p>As\u00ed se desprende de un informe privado que alerta que \u201cel d\u00e9ficit habitacional en la Argentina asciende a 3,24 millones de viviendas\u201d.<!--more-->M\u00e1s de 3,2 millones de hogares padecen<strong>\u00a0d\u00e9ficit habitacional<\/strong>\u00a0en la Argentina, seg\u00fan un informe de la Fundaci\u00f3n de Tejido Urbano. El trabajo cita las estimaciones para 2024 que realiz\u00f3 la<strong>\u00a0C\u00e1mara Argentina de la Construcci\u00f3n\u00a0<\/strong>(Camarco), a partir de la Encuesta Permanente de Hogares (EPH) de 2022.<\/p>\n<div class=\"content-container col-12 col-lg-8\">\n<div class=\"c-content\">\n<div class=\"partner-wrapper opening\" data-mrf-recirculation=\"Apertura\">\n<div class=\"second-col\">\n<figure class=\"ni-figure\"><picture class=\"news-image\"><source srcset=\"https:\/\/static.eldiario.es\/clip\/520b4d6e-9897-4018-be9e-2c9d01ce20cf_16-9-discover-aspect-ratio_50p_0.webp\" type=\"image\/webp\" media=\"(max-width: 576px)\" \/><source srcset=\"https:\/\/static.eldiario.es\/clip\/520b4d6e-9897-4018-be9e-2c9d01ce20cf_16-9-discover-aspect-ratio_50p_0.jpg\" type=\"image\/jpg\" media=\"(max-width: 576px)\" \/><source srcset=\"https:\/\/static.eldiario.es\/clip\/520b4d6e-9897-4018-be9e-2c9d01ce20cf_16-9-discover-aspect-ratio_75p_0.webp\" type=\"image\/webp\" media=\"(max-width: 767px)\" \/><source srcset=\"https:\/\/static.eldiario.es\/clip\/520b4d6e-9897-4018-be9e-2c9d01ce20cf_16-9-discover-aspect-ratio_75p_0.jpg\" type=\"image\/jpg\" media=\"(max-width: 767px)\" \/><source srcset=\"https:\/\/static.eldiario.es\/clip\/520b4d6e-9897-4018-be9e-2c9d01ce20cf_16-9-discover-aspect-ratio_default_0.webp\" type=\"image\/webp\" \/><source srcset=\"https:\/\/static.eldiario.es\/clip\/520b4d6e-9897-4018-be9e-2c9d01ce20cf_16-9-discover-aspect-ratio_default_0.jpg\" type=\"image\/jpg\" \/><\/picture><\/figure>\n<\/div>\n<\/div>\n<\/div>\n<\/div>\n<div class=\"partner-wrapper article-page__body-row\">\n<div class=\"second-col\">\n<p class=\"article-text\">Alerta que<strong>\u00a0\u201cel d\u00e9ficit habitacional en la Argentina asciende a 3,24 millones de viviendas\u201d<\/strong>\u00a0y que \u201cel resultado final tiene cierta subestimaci\u00f3n dado que no incluyen a las viviendas con d\u00e9ficit, pero recuperables\u201d.<\/p>\n<p class=\"article-text\">Del total de las 3,24 millones, el 35,45% corresponde al d\u00e9ficit cuantitativo (falta de viviendas) y el 64,55% al d\u00e9ficit cualitativo (viviendas que requieren mejoras).<\/p>\n<p class=\"article-text\">Aclara que dentro del cualitativo, \u201cuno de los problemas principales es el hacinamiento, ya que muchas viviendas albergan a m\u00e1s personas de las que deber\u00edan, lo que agrava la situaci\u00f3n de vida de los habitantes\u201d.<\/p>\n<p class=\"article-text\">\u201cLa falta de inversi\u00f3n en infraestructura, particularmente en \u00e1reas rurales y sectores vulnerables, ha contribuido a este problema\u201d, dice el comunicado. En cuanto a zonas urbanas, \u201cla mayor parte del d\u00e9ficit habitacional se debe a problemas de calidad en la vivienda\u201d y en \u00e1reas rurales \u201cla carencia de servicios b\u00e1sicos, como agua potable y alcantarillado, es un factor determinante\u201d.<\/p>\n<p class=\"article-text\">En la comparaci\u00f3n con otros pa\u00edses de la regi\u00f3n, \u201cse detalla que el d\u00e9ficit habitacional es un problema extendido en toda Am\u00e9rica Latina, donde se estima que el total en la regi\u00f3n asciende a 69.5 millones de viviendas\u201d, seg\u00fan el informe \u201cD\u00e9ficit Habitacional en pa\u00edses de Am\u00e9rica Latina y el Caribe\u201d realizado por la Uni\u00f3n Interamericana para la Vivienda (Uniapravi).<\/p>\n<div id=\"container-after-news-outlook\"><\/div>\n<p class=\"article-text\">Sobre el final, puntualiza que \u201cel d\u00e9ficit habitacional en Argentina refleja una situaci\u00f3n compleja que involucra tanto la falta de viviendas como la baja calidad de las existentes\u201d y resalta que \u201cla mayor\u00eda del d\u00e9ficit es cualitativo\u201d. Tambi\u00e9n hace hincapi\u00e9 en el \u201chacinamiento, que afecta especialmente a los hogares propietarios de regiones del pa\u00eds sin mercados de alquileres desarrollados y con bajos ingresos\u201d.<\/p>\n<p>&nbsp;<\/p>\n<p class=\"article-text\"><strong><em>MM con informaci\u00f3n de la agencia NA<\/em><\/strong><\/p>\n<\/div>\n<\/div>\n","protected":false},"excerpt":{"rendered":"<p>As\u00ed se desprende de un informe privado que alerta que \u201cel d\u00e9ficit habitacional en la Argentina asciende a 3,24 millones de viviendas\u201d.<\/p>\n","protected":false},"author":3,"featured_media":109161,"comment_status":"closed","ping_status":"closed","sticky":false,"template":"","format":"standard","meta":{"footnotes":""},"categories":[24],"tags":[],"class_list":["post-109160","post","type-post","status-publish","format-standard","has-post-thumbnail","hentry","category-politica"],"yoast_head":"<!-- This site is optimized with the Yoast SEO plugin v25.9 - https:\/\/yoast.com\/wordpress\/plugins\/seo\/ -->\n<title>M\u00e1s de tres millones de hogares padecen d\u00e9ficit habitacional. - Noticias Radio Reflejos<\/title>\n<meta name=\"robots\" content=\"index, follow, max-snippet:-1, max-image-preview:large, max-video-preview:-1\" \/>\n<link rel=\"canonical\" href=\"https:\/\/www.noticiasradioreflejos.com.ar\/2021\/mas-de-tres-millones-de-hogares-padecen-deficit-habitacional\/\" \/>\n<meta property=\"og:locale\" content=\"es_ES\" \/>\n<meta property=\"og:type\" content=\"article\" \/>\n<meta property=\"og:title\" content=\"M\u00e1s de tres millones de hogares padecen d\u00e9ficit habitacional. - Noticias Radio Reflejos\" \/>\n<meta property=\"og:description\" content=\"As\u00ed se desprende de un informe privado que alerta que \u201cel d\u00e9ficit habitacional en la Argentina asciende a 3,24 millones de viviendas\u201d.\" \/>\n<meta property=\"og:url\" content=\"https:\/\/www.noticiasradioreflejos.com.ar\/2021\/mas-de-tres-millones-de-hogares-padecen-deficit-habitacional\/\" \/>\n<meta property=\"og:site_name\" content=\"Noticias Radio Reflejos\" \/>\n<meta property=\"article:published_time\" content=\"2024-11-05T10:05:20+00:00\" \/>\n<meta property=\"article:modified_time\" content=\"2024-11-06T12:52:09+00:00\" \/>\n<meta property=\"og:image\" content=\"https:\/\/www.noticiasradioreflejos.com.ar\/2021\/wp-content\/uploads\/2024\/11\/procrear.jpg\" \/>\n\t<meta property=\"og:image:width\" content=\"1200\" \/>\n\t<meta property=\"og:image:height\" content=\"675\" \/>\n\t<meta property=\"og:image:type\" content=\"image\/jpeg\" \/>\n<meta name=\"author\" content=\"Arnaldo Botto\" \/>\n<meta name=\"twitter:card\" content=\"summary_large_image\" \/>\n<script type=\"application\/ld+json\" class=\"yoast-schema-graph\">{\"@context\":\"https:\/\/schema.org\",\"@graph\":[{\"@type\":\"WebPage\",\"@id\":\"https:\/\/www.noticiasradioreflejos.com.ar\/2021\/mas-de-tres-millones-de-hogares-padecen-deficit-habitacional\/\",\"url\":\"https:\/\/www.noticiasradioreflejos.com.ar\/2021\/mas-de-tres-millones-de-hogares-padecen-deficit-habitacional\/\",\"name\":\"M\u00e1s de tres millones de hogares padecen d\u00e9ficit habitacional. - Noticias Radio Reflejos\",\"isPartOf\":{\"@id\":\"https:\/\/www.noticiasradioreflejos.com.ar\/2021\/#website\"},\"primaryImageOfPage\":{\"@id\":\"https:\/\/www.noticiasradioreflejos.com.ar\/2021\/mas-de-tres-millones-de-hogares-padecen-deficit-habitacional\/#primaryimage\"},\"image\":{\"@id\":\"https:\/\/www.noticiasradioreflejos.com.ar\/2021\/mas-de-tres-millones-de-hogares-padecen-deficit-habitacional\/#primaryimage\"},\"thumbnailUrl\":\"https:\/\/www.noticiasradioreflejos.com.ar\/2021\/wp-content\/uploads\/2024\/11\/procrear.jpg\",\"datePublished\":\"2024-11-05T10:05:20+00:00\",\"dateModified\":\"2024-11-06T12:52:09+00:00\",\"author\":{\"@id\":\"https:\/\/www.noticiasradioreflejos.com.ar\/2021\/#\/schema\/person\/ad82545263dcc5ec0996818884fd5fb1\"},\"breadcrumb\":{\"@id\":\"https:\/\/www.noticiasradioreflejos.com.ar\/2021\/mas-de-tres-millones-de-hogares-padecen-deficit-habitacional\/#breadcrumb\"},\"inLanguage\":\"es\",\"potentialAction\":[{\"@type\":\"ReadAction\",\"target\":[\"https:\/\/www.noticiasradioreflejos.com.ar\/2021\/mas-de-tres-millones-de-hogares-padecen-deficit-habitacional\/\"]}]},{\"@type\":\"ImageObject\",\"inLanguage\":\"es\",\"@id\":\"https:\/\/www.noticiasradioreflejos.com.ar\/2021\/mas-de-tres-millones-de-hogares-padecen-deficit-habitacional\/#primaryimage\",\"url\":\"https:\/\/www.noticiasradioreflejos.com.ar\/2021\/wp-content\/uploads\/2024\/11\/procrear.jpg\",\"contentUrl\":\"https:\/\/www.noticiasradioreflejos.com.ar\/2021\/wp-content\/uploads\/2024\/11\/procrear.jpg\",\"width\":1200,\"height\":675},{\"@type\":\"BreadcrumbList\",\"@id\":\"https:\/\/www.noticiasradioreflejos.com.ar\/2021\/mas-de-tres-millones-de-hogares-padecen-deficit-habitacional\/#breadcrumb\",\"itemListElement\":[{\"@type\":\"ListItem\",\"position\":1,\"name\":\"Portada\",\"item\":\"https:\/\/www.noticiasradioreflejos.com.ar\/2021\/\"},{\"@type\":\"ListItem\",\"position\":2,\"name\":\"M\u00e1s de tres millones de hogares padecen d\u00e9ficit habitacional.\"}]},{\"@type\":\"WebSite\",\"@id\":\"https:\/\/www.noticiasradioreflejos.com.ar\/2021\/#website\",\"url\":\"https:\/\/www.noticiasradioreflejos.com.ar\/2021\/\",\"name\":\"Noticias Radio Reflejos\",\"description\":\"Las noticias de mi comarca\",\"potentialAction\":[{\"@type\":\"SearchAction\",\"target\":{\"@type\":\"EntryPoint\",\"urlTemplate\":\"https:\/\/www.noticiasradioreflejos.com.ar\/2021\/?s={search_term_string}\"},\"query-input\":{\"@type\":\"PropertyValueSpecification\",\"valueRequired\":true,\"valueName\":\"search_term_string\"}}],\"inLanguage\":\"es\"},{\"@type\":\"Person\",\"@id\":\"https:\/\/www.noticiasradioreflejos.com.ar\/2021\/#\/schema\/person\/ad82545263dcc5ec0996818884fd5fb1\",\"name\":\"Arnaldo Botto\",\"image\":{\"@type\":\"ImageObject\",\"inLanguage\":\"es\",\"@id\":\"https:\/\/www.noticiasradioreflejos.com.ar\/2021\/#\/schema\/person\/image\/\",\"url\":\"https:\/\/secure.gravatar.com\/avatar\/55cb5e37c1efa326397366e6974cb338056df65cb50e7d64d1cf314e87504837?s=96&d=mm&r=g\",\"contentUrl\":\"https:\/\/secure.gravatar.com\/avatar\/55cb5e37c1efa326397366e6974cb338056df65cb50e7d64d1cf314e87504837?s=96&d=mm&r=g\",\"caption\":\"Arnaldo Botto\"},\"url\":\"https:\/\/www.noticiasradioreflejos.com.ar\/2021\/author\/arnaldo\/\"}]}<\/script>\n<!-- \/ Yoast SEO plugin. -->","yoast_head_json":{"title":"M\u00e1s de tres millones de hogares padecen d\u00e9ficit habitacional. - Noticias Radio Reflejos","robots":{"index":"index","follow":"follow","max-snippet":"max-snippet:-1","max-image-preview":"max-image-preview:large","max-video-preview":"max-video-preview:-1"},"canonical":"https:\/\/www.noticiasradioreflejos.com.ar\/2021\/mas-de-tres-millones-de-hogares-padecen-deficit-habitacional\/","og_locale":"es_ES","og_type":"article","og_title":"M\u00e1s de tres millones de hogares padecen d\u00e9ficit habitacional. - Noticias Radio Reflejos","og_description":"As\u00ed se desprende de un informe privado que alerta que \u201cel d\u00e9ficit habitacional en la Argentina asciende a 3,24 millones de viviendas\u201d.","og_url":"https:\/\/www.noticiasradioreflejos.com.ar\/2021\/mas-de-tres-millones-de-hogares-padecen-deficit-habitacional\/","og_site_name":"Noticias Radio Reflejos","article_published_time":"2024-11-05T10:05:20+00:00","article_modified_time":"2024-11-06T12:52:09+00:00","og_image":[{"width":1200,"height":675,"url":"https:\/\/www.noticiasradioreflejos.com.ar\/2021\/wp-content\/uploads\/2024\/11\/procrear.jpg","type":"image\/jpeg"}],"author":"Arnaldo Botto","twitter_card":"summary_large_image","schema":{"@context":"https:\/\/schema.org","@graph":[{"@type":"WebPage","@id":"https:\/\/www.noticiasradioreflejos.com.ar\/2021\/mas-de-tres-millones-de-hogares-padecen-deficit-habitacional\/","url":"https:\/\/www.noticiasradioreflejos.com.ar\/2021\/mas-de-tres-millones-de-hogares-padecen-deficit-habitacional\/","name":"M\u00e1s de tres millones de hogares padecen d\u00e9ficit habitacional. - Noticias Radio Reflejos","isPartOf":{"@id":"https:\/\/www.noticiasradioreflejos.com.ar\/2021\/#website"},"primaryImageOfPage":{"@id":"https:\/\/www.noticiasradioreflejos.com.ar\/2021\/mas-de-tres-millones-de-hogares-padecen-deficit-habitacional\/#primaryimage"},"image":{"@id":"https:\/\/www.noticiasradioreflejos.com.ar\/2021\/mas-de-tres-millones-de-hogares-padecen-deficit-habitacional\/#primaryimage"},"thumbnailUrl":"https:\/\/www.noticiasradioreflejos.com.ar\/2021\/wp-content\/uploads\/2024\/11\/procrear.jpg","datePublished":"2024-11-05T10:05:20+00:00","dateModified":"2024-11-06T12:52:09+00:00","author":{"@id":"https:\/\/www.noticiasradioreflejos.com.ar\/2021\/#\/schema\/person\/ad82545263dcc5ec0996818884fd5fb1"},"breadcrumb":{"@id":"https:\/\/www.noticiasradioreflejos.com.ar\/2021\/mas-de-tres-millones-de-hogares-padecen-deficit-habitacional\/#breadcrumb"},"inLanguage":"es","potentialAction":[{"@type":"ReadAction","target":["https:\/\/www.noticiasradioreflejos.com.ar\/2021\/mas-de-tres-millones-de-hogares-padecen-deficit-habitacional\/"]}]},{"@type":"ImageObject","inLanguage":"es","@id":"https:\/\/www.noticiasradioreflejos.com.ar\/2021\/mas-de-tres-millones-de-hogares-padecen-deficit-habitacional\/#primaryimage","url":"https:\/\/www.noticiasradioreflejos.com.ar\/2021\/wp-content\/uploads\/2024\/11\/procrear.jpg","contentUrl":"https:\/\/www.noticiasradioreflejos.com.ar\/2021\/wp-content\/uploads\/2024\/11\/procrear.jpg","width":1200,"height":675},{"@type":"BreadcrumbList","@id":"https:\/\/www.noticiasradioreflejos.com.ar\/2021\/mas-de-tres-millones-de-hogares-padecen-deficit-habitacional\/#breadcrumb","itemListElement":[{"@type":"ListItem","position":1,"name":"Portada","item":"https:\/\/www.noticiasradioreflejos.com.ar\/2021\/"},{"@type":"ListItem","position":2,"name":"M\u00e1s de tres millones de hogares padecen d\u00e9ficit habitacional."}]},{"@type":"WebSite","@id":"https:\/\/www.noticiasradioreflejos.com.ar\/2021\/#website","url":"https:\/\/www.noticiasradioreflejos.com.ar\/2021\/","name":"Noticias Radio Reflejos","description":"Las noticias de mi comarca","potentialAction":[{"@type":"SearchAction","target":{"@type":"EntryPoint","urlTemplate":"https:\/\/www.noticiasradioreflejos.com.ar\/2021\/?s={search_term_string}"},"query-input":{"@type":"PropertyValueSpecification","valueRequired":true,"valueName":"search_term_string"}}],"inLanguage":"es"},{"@type":"Person","@id":"https:\/\/www.noticiasradioreflejos.com.ar\/2021\/#\/schema\/person\/ad82545263dcc5ec0996818884fd5fb1","name":"Arnaldo Botto","image":{"@type":"ImageObject","inLanguage":"es","@id":"https:\/\/www.noticiasradioreflejos.com.ar\/2021\/#\/schema\/person\/image\/","url":"https:\/\/secure.gravatar.com\/avatar\/55cb5e37c1efa326397366e6974cb338056df65cb50e7d64d1cf314e87504837?s=96&d=mm&r=g","contentUrl":"https:\/\/secure.gravatar.com\/avatar\/55cb5e37c1efa326397366e6974cb338056df65cb50e7d64d1cf314e87504837?s=96&d=mm&r=g","caption":"Arnaldo Botto"},"url":"https:\/\/www.noticiasradioreflejos.com.ar\/2021\/author\/arnaldo\/"}]}},"_links":{"self":[{"href":"https:\/\/www.noticiasradioreflejos.com.ar\/2021\/wp-json\/wp\/v2\/posts\/109160","targetHints":{"allow":["GET"]}}],"collection":[{"href":"https:\/\/www.noticiasradioreflejos.com.ar\/2021\/wp-json\/wp\/v2\/posts"}],"about":[{"href":"https:\/\/www.noticiasradioreflejos.com.ar\/2021\/wp-json\/wp\/v2\/types\/post"}],"author":[{"embeddable":true,"href":"https:\/\/www.noticiasradioreflejos.com.ar\/2021\/wp-json\/wp\/v2\/users\/3"}],"replies":[{"embeddable":true,"href":"https:\/\/www.noticiasradioreflejos.com.ar\/2021\/wp-json\/wp\/v2\/comments?post=109160"}],"version-history":[{"count":3,"href":"https:\/\/www.noticiasradioreflejos.com.ar\/2021\/wp-json\/wp\/v2\/posts\/109160\/revisions"}],"predecessor-version":[{"id":109216,"href":"https:\/\/www.noticiasradioreflejos.com.ar\/2021\/wp-json\/wp\/v2\/posts\/109160\/revisions\/109216"}],"wp:featuredmedia":[{"embeddable":true,"href":"https:\/\/www.noticiasradioreflejos.com.ar\/2021\/wp-json\/wp\/v2\/media\/109161"}],"wp:attachment":[{"href":"https:\/\/www.noticiasradioreflejos.com.ar\/2021\/wp-json\/wp\/v2\/media?parent=109160"}],"wp:term":[{"taxonomy":"category","embeddable":true,"href":"https:\/\/www.noticiasradioreflejos.com.ar\/2021\/wp-json\/wp\/v2\/categories?post=109160"},{"taxonomy":"post_tag","embeddable":true,"href":"https:\/\/www.noticiasradioreflejos.com.ar\/2021\/wp-json\/wp\/v2\/tags?post=109160"}],"curies":[{"name":"wp","href":"https:\/\/api.w.org\/{rel}","templated":true}]}}