{"id":109155,"date":"2024-11-05T06:56:57","date_gmt":"2024-11-05T09:56:57","guid":{"rendered":"https:\/\/www.noticiasradioreflejos.com.ar\/2021\/?p=109155"},"modified":"2024-11-05T06:56:58","modified_gmt":"2024-11-05T09:56:58","slug":"el-pami-da-de-baja-un-importante-documento-cual-lo-reemplaza-y-como-se-usa","status":"publish","type":"post","link":"https:\/\/www.noticiasradioreflejos.com.ar\/2021\/el-pami-da-de-baja-un-importante-documento-cual-lo-reemplaza-y-como-se-usa\/","title":{"rendered":"El PAMI da de baja un importante documento: cu\u00e1l lo reemplaza y c\u00f3mo se usa"},"content":{"rendered":"<p>Hay cambios para seguir disfrutando de los beneficios. Todos los detalles.<!--more-->Con el objetivo de seguir mejorando sus prestaciones,<strong>\u00a0el Programa de Atenci\u00f3n M\u00e9dica Asistencial (PAMI) de Naci\u00f3n introduce nuevos cambios en sus servicios a fin de agilizar y aggionarse a la \u00e9poca tecnol\u00f3gica<\/strong><strong>.<\/strong>\u00a0Por ello, desde mediados de noviembre dar\u00e1n de baja la utilizaci\u00f3n del carnet de PAMI.<\/p>\n<div class=\"columns\" data-tadevel-template=\"web\/article-columns\">\n<div class=\"column-main\">\n<div class=\"article-body\" data-tadevel-template=\"web\/article-body\">\n<div class=\"article-body-content\">\n<p><strong>El PAMI busca que jubilados y pensionados cuyo tr\u00e1mite de retiro tras los a\u00f1os activos laboralmente lo hayan realizado a trav\u00e9s de la Administraci\u00f3n Nacional de Seguridad Social (ANSES) contin\u00faen con la garant\u00eda y el derecho adquirido de la cobertura de las prestaciones<\/strong>\u00a0necesarias en salud que se ganaron con los aportes hechos durante su vida laboral.<\/p>\n<p>Por eso, el organismo nacional avanza en mejorar constantes a fin de hacer m\u00e1s eficaz el funcionamiento del sistema como as\u00ed tambi\u00e9n de la p\u00e1gina web facilitando y optimizando requerimientos y tiempo de sus pacientes afiliados. En este sentido, deja de correr el carnet f\u00edsico y entrar\u00e1 en vigencia el carnet digital para allanar el camino a las \u00f3rdenes, recetas y el ingreso a centros de salud.<\/p>\n<figure class=\"multimedia\" data-type=\"photo\" data-tadevel-template=\"web\/multimedia\"><figcaption class=\"caption\">\n<div class=\"attribution\"><a href=\"https:\/\/www.noticiasradioreflejos.com.ar\/2021\/el-pami-da-de-baja-un-importante-documento-cual-lo-reemplaza-y-como-se-usa\/carnet-de-pami\/\" rel=\"attachment wp-att-109156\"><img loading=\"lazy\" decoding=\"async\" class=\"aligncenter size-full wp-image-109156\" src=\"https:\/\/www.noticiasradioreflejos.com.ar\/2021\/wp-content\/uploads\/2024\/11\/carnet-de-Pami.jpg\" alt=\"\" width=\"720\" height=\"720\" \/><\/a><\/div>\n<\/figcaption><\/figure>\n<h3><strong>Beneficios del nuevo carnet digital del PAMI<\/strong><\/h3>\n<p>Tal como era el carnet f\u00edsico, la credencial digital ser\u00e1 \u00fanica e intransferible de cada afiliado al Programa. Con ella cada persona tendr\u00e1 la posibilidad de llegar a cada servicio y prestaci\u00f3n del PAMI. Las mismas son:<\/p>\n<ul>\n<li>Validaci\u00f3n de turnos con especialistas.<\/li>\n<li>Retiro de medicamentos en farmacias.<\/li>\n<li>Solicitud de turnos en agencias.<\/li>\n<li>Gesti\u00f3n de tr\u00e1mites tanto en l\u00ednea como de forma presencial.<\/li>\n<\/ul>\n<h3><strong>Cu\u00e1les son las credenciales del PAMI que estar\u00e1n vigente a\u00fan en el mes de noviembre<\/strong><\/h3>\n<p>Son cuatro pero una dejar\u00e1 de funcionar a mediados de mes. Cu\u00e1l es y cu\u00e1les siguen.<\/p>\n<h3><strong>Credencial PAMI Digital<\/strong><\/h3>\n<p>La credencial PAMI Digital est\u00e1 disponible desde la aplicaci\u00f3n para tel\u00e9fonos celulares y no requiere de su impresi\u00f3n ya que su validaci\u00f3n ser\u00e1 presentarla en pantalla ante quien lo requiera para los tr\u00e1mites antes expuestos.<\/p>\n<h3><strong>Credencial PAMI Pl\u00e1stica<\/strong><\/h3>\n<p>Por el momento quienes aun la conserven est\u00e1n en condiciones de seguir utiliz\u00e1ndola para los tr\u00e1mites que necesiten. Ya no se imprimen ni distribuyen nuevas.<\/p>\n<h3><strong>Credencial PAMI Provisoria con QR<\/strong><\/h3>\n<p>La credencial provisoria se puede bajar de la p\u00e1gina web oficial del PAMI brindando los datos b\u00e1sicos requeridos tales como: datos de afiliaci\u00f3n, DNI y n\u00famero de tr\u00e1mite. Es de resaltar que\u00a0<strong>esta credencial provisoria tipo QR\u00a0dejar\u00e1 de estar vigente\u00a0en los pr\u00f3ximos d\u00edas<\/strong>.<\/p>\n<h3><strong>Credencial PAMI Provisoria tipo ticket<\/strong><\/h3>\n<p>Se puede generar en las terminales de autogesti\u00f3n de las Unidades de Gesti\u00f3n Local m\u00e1s conocidas como UGL, donde adem\u00e1s de solicitarlas se podr\u00e1n imprimir.<\/p>\n<\/div>\n<\/div>\n<\/div>\n<\/div>\n<p>&nbsp;<\/p>\n<p><em><strong>Fuente NA<\/strong><\/em><\/p>\n","protected":false},"excerpt":{"rendered":"<p>Hay cambios para seguir disfrutando de los beneficios. Todos los detalles.<\/p>\n","protected":false},"author":3,"featured_media":109157,"comment_status":"closed","ping_status":"closed","sticky":false,"template":"","format":"standard","meta":{"footnotes":""},"categories":[1],"tags":[],"class_list":["post-109155","post","type-post","status-publish","format-standard","has-post-thumbnail","hentry","category-sin-categoria"],"yoast_head":"<!-- This site is optimized with the Yoast SEO plugin v25.9 - https:\/\/yoast.com\/wordpress\/plugins\/seo\/ -->\n<title>El PAMI da de baja un importante documento: cu\u00e1l lo reemplaza y c\u00f3mo se usa - Noticias Radio Reflejos<\/title>\n<meta name=\"robots\" content=\"index, follow, max-snippet:-1, max-image-preview:large, max-video-preview:-1\" \/>\n<link rel=\"canonical\" href=\"https:\/\/www.noticiasradioreflejos.com.ar\/2021\/el-pami-da-de-baja-un-importante-documento-cual-lo-reemplaza-y-como-se-usa\/\" \/>\n<meta property=\"og:locale\" content=\"es_ES\" \/>\n<meta property=\"og:type\" content=\"article\" \/>\n<meta property=\"og:title\" content=\"El PAMI da de baja un importante documento: cu\u00e1l lo reemplaza y c\u00f3mo se usa - Noticias Radio Reflejos\" \/>\n<meta property=\"og:description\" content=\"Hay cambios para seguir disfrutando de los beneficios. Todos los detalles.\" \/>\n<meta property=\"og:url\" content=\"https:\/\/www.noticiasradioreflejos.com.ar\/2021\/el-pami-da-de-baja-un-importante-documento-cual-lo-reemplaza-y-como-se-usa\/\" \/>\n<meta property=\"og:site_name\" content=\"Noticias Radio Reflejos\" \/>\n<meta property=\"article:published_time\" content=\"2024-11-05T09:56:57+00:00\" \/>\n<meta property=\"article:modified_time\" content=\"2024-11-05T09:56:58+00:00\" \/>\n<meta property=\"og:image\" content=\"https:\/\/www.noticiasradioreflejos.com.ar\/2021\/wp-content\/uploads\/2024\/11\/PAMI.jpg\" \/>\n\t<meta property=\"og:image:width\" content=\"640\" \/>\n\t<meta property=\"og:image:height\" content=\"355\" \/>\n\t<meta property=\"og:image:type\" content=\"image\/jpeg\" \/>\n<meta name=\"author\" content=\"Arnaldo Botto\" \/>\n<meta name=\"twitter:card\" content=\"summary_large_image\" \/>\n<script type=\"application\/ld+json\" class=\"yoast-schema-graph\">{\"@context\":\"https:\/\/schema.org\",\"@graph\":[{\"@type\":\"WebPage\",\"@id\":\"https:\/\/www.noticiasradioreflejos.com.ar\/2021\/el-pami-da-de-baja-un-importante-documento-cual-lo-reemplaza-y-como-se-usa\/\",\"url\":\"https:\/\/www.noticiasradioreflejos.com.ar\/2021\/el-pami-da-de-baja-un-importante-documento-cual-lo-reemplaza-y-como-se-usa\/\",\"name\":\"El PAMI da de baja un importante documento: cu\u00e1l lo reemplaza y c\u00f3mo se usa - Noticias Radio Reflejos\",\"isPartOf\":{\"@id\":\"https:\/\/www.noticiasradioreflejos.com.ar\/2021\/#website\"},\"primaryImageOfPage\":{\"@id\":\"https:\/\/www.noticiasradioreflejos.com.ar\/2021\/el-pami-da-de-baja-un-importante-documento-cual-lo-reemplaza-y-como-se-usa\/#primaryimage\"},\"image\":{\"@id\":\"https:\/\/www.noticiasradioreflejos.com.ar\/2021\/el-pami-da-de-baja-un-importante-documento-cual-lo-reemplaza-y-como-se-usa\/#primaryimage\"},\"thumbnailUrl\":\"https:\/\/www.noticiasradioreflejos.com.ar\/2021\/wp-content\/uploads\/2024\/11\/PAMI.jpg\",\"datePublished\":\"2024-11-05T09:56:57+00:00\",\"dateModified\":\"2024-11-05T09:56:58+00:00\",\"author\":{\"@id\":\"https:\/\/www.noticiasradioreflejos.com.ar\/2021\/#\/schema\/person\/ad82545263dcc5ec0996818884fd5fb1\"},\"breadcrumb\":{\"@id\":\"https:\/\/www.noticiasradioreflejos.com.ar\/2021\/el-pami-da-de-baja-un-importante-documento-cual-lo-reemplaza-y-como-se-usa\/#breadcrumb\"},\"inLanguage\":\"es\",\"potentialAction\":[{\"@type\":\"ReadAction\",\"target\":[\"https:\/\/www.noticiasradioreflejos.com.ar\/2021\/el-pami-da-de-baja-un-importante-documento-cual-lo-reemplaza-y-como-se-usa\/\"]}]},{\"@type\":\"ImageObject\",\"inLanguage\":\"es\",\"@id\":\"https:\/\/www.noticiasradioreflejos.com.ar\/2021\/el-pami-da-de-baja-un-importante-documento-cual-lo-reemplaza-y-como-se-usa\/#primaryimage\",\"url\":\"https:\/\/www.noticiasradioreflejos.com.ar\/2021\/wp-content\/uploads\/2024\/11\/PAMI.jpg\",\"contentUrl\":\"https:\/\/www.noticiasradioreflejos.com.ar\/2021\/wp-content\/uploads\/2024\/11\/PAMI.jpg\",\"width\":640,\"height\":355},{\"@type\":\"BreadcrumbList\",\"@id\":\"https:\/\/www.noticiasradioreflejos.com.ar\/2021\/el-pami-da-de-baja-un-importante-documento-cual-lo-reemplaza-y-como-se-usa\/#breadcrumb\",\"itemListElement\":[{\"@type\":\"ListItem\",\"position\":1,\"name\":\"Portada\",\"item\":\"https:\/\/www.noticiasradioreflejos.com.ar\/2021\/\"},{\"@type\":\"ListItem\",\"position\":2,\"name\":\"El PAMI da de baja un importante documento: cu\u00e1l lo reemplaza y c\u00f3mo se usa\"}]},{\"@type\":\"WebSite\",\"@id\":\"https:\/\/www.noticiasradioreflejos.com.ar\/2021\/#website\",\"url\":\"https:\/\/www.noticiasradioreflejos.com.ar\/2021\/\",\"name\":\"Noticias Radio Reflejos\",\"description\":\"Las noticias de mi comarca\",\"potentialAction\":[{\"@type\":\"SearchAction\",\"target\":{\"@type\":\"EntryPoint\",\"urlTemplate\":\"https:\/\/www.noticiasradioreflejos.com.ar\/2021\/?s={search_term_string}\"},\"query-input\":{\"@type\":\"PropertyValueSpecification\",\"valueRequired\":true,\"valueName\":\"search_term_string\"}}],\"inLanguage\":\"es\"},{\"@type\":\"Person\",\"@id\":\"https:\/\/www.noticiasradioreflejos.com.ar\/2021\/#\/schema\/person\/ad82545263dcc5ec0996818884fd5fb1\",\"name\":\"Arnaldo Botto\",\"image\":{\"@type\":\"ImageObject\",\"inLanguage\":\"es\",\"@id\":\"https:\/\/www.noticiasradioreflejos.com.ar\/2021\/#\/schema\/person\/image\/\",\"url\":\"https:\/\/secure.gravatar.com\/avatar\/55cb5e37c1efa326397366e6974cb338056df65cb50e7d64d1cf314e87504837?s=96&d=mm&r=g\",\"contentUrl\":\"https:\/\/secure.gravatar.com\/avatar\/55cb5e37c1efa326397366e6974cb338056df65cb50e7d64d1cf314e87504837?s=96&d=mm&r=g\",\"caption\":\"Arnaldo Botto\"},\"url\":\"https:\/\/www.noticiasradioreflejos.com.ar\/2021\/author\/arnaldo\/\"}]}<\/script>\n<!-- \/ Yoast SEO plugin. -->","yoast_head_json":{"title":"El PAMI da de baja un importante documento: cu\u00e1l lo reemplaza y c\u00f3mo se usa - Noticias Radio Reflejos","robots":{"index":"index","follow":"follow","max-snippet":"max-snippet:-1","max-image-preview":"max-image-preview:large","max-video-preview":"max-video-preview:-1"},"canonical":"https:\/\/www.noticiasradioreflejos.com.ar\/2021\/el-pami-da-de-baja-un-importante-documento-cual-lo-reemplaza-y-como-se-usa\/","og_locale":"es_ES","og_type":"article","og_title":"El PAMI da de baja un importante documento: cu\u00e1l lo reemplaza y c\u00f3mo se usa - Noticias Radio Reflejos","og_description":"Hay cambios para seguir disfrutando de los beneficios. Todos los detalles.","og_url":"https:\/\/www.noticiasradioreflejos.com.ar\/2021\/el-pami-da-de-baja-un-importante-documento-cual-lo-reemplaza-y-como-se-usa\/","og_site_name":"Noticias Radio Reflejos","article_published_time":"2024-11-05T09:56:57+00:00","article_modified_time":"2024-11-05T09:56:58+00:00","og_image":[{"width":640,"height":355,"url":"https:\/\/www.noticiasradioreflejos.com.ar\/2021\/wp-content\/uploads\/2024\/11\/PAMI.jpg","type":"image\/jpeg"}],"author":"Arnaldo Botto","twitter_card":"summary_large_image","schema":{"@context":"https:\/\/schema.org","@graph":[{"@type":"WebPage","@id":"https:\/\/www.noticiasradioreflejos.com.ar\/2021\/el-pami-da-de-baja-un-importante-documento-cual-lo-reemplaza-y-como-se-usa\/","url":"https:\/\/www.noticiasradioreflejos.com.ar\/2021\/el-pami-da-de-baja-un-importante-documento-cual-lo-reemplaza-y-como-se-usa\/","name":"El PAMI da de baja un importante documento: cu\u00e1l lo reemplaza y c\u00f3mo se usa - Noticias Radio Reflejos","isPartOf":{"@id":"https:\/\/www.noticiasradioreflejos.com.ar\/2021\/#website"},"primaryImageOfPage":{"@id":"https:\/\/www.noticiasradioreflejos.com.ar\/2021\/el-pami-da-de-baja-un-importante-documento-cual-lo-reemplaza-y-como-se-usa\/#primaryimage"},"image":{"@id":"https:\/\/www.noticiasradioreflejos.com.ar\/2021\/el-pami-da-de-baja-un-importante-documento-cual-lo-reemplaza-y-como-se-usa\/#primaryimage"},"thumbnailUrl":"https:\/\/www.noticiasradioreflejos.com.ar\/2021\/wp-content\/uploads\/2024\/11\/PAMI.jpg","datePublished":"2024-11-05T09:56:57+00:00","dateModified":"2024-11-05T09:56:58+00:00","author":{"@id":"https:\/\/www.noticiasradioreflejos.com.ar\/2021\/#\/schema\/person\/ad82545263dcc5ec0996818884fd5fb1"},"breadcrumb":{"@id":"https:\/\/www.noticiasradioreflejos.com.ar\/2021\/el-pami-da-de-baja-un-importante-documento-cual-lo-reemplaza-y-como-se-usa\/#breadcrumb"},"inLanguage":"es","potentialAction":[{"@type":"ReadAction","target":["https:\/\/www.noticiasradioreflejos.com.ar\/2021\/el-pami-da-de-baja-un-importante-documento-cual-lo-reemplaza-y-como-se-usa\/"]}]},{"@type":"ImageObject","inLanguage":"es","@id":"https:\/\/www.noticiasradioreflejos.com.ar\/2021\/el-pami-da-de-baja-un-importante-documento-cual-lo-reemplaza-y-como-se-usa\/#primaryimage","url":"https:\/\/www.noticiasradioreflejos.com.ar\/2021\/wp-content\/uploads\/2024\/11\/PAMI.jpg","contentUrl":"https:\/\/www.noticiasradioreflejos.com.ar\/2021\/wp-content\/uploads\/2024\/11\/PAMI.jpg","width":640,"height":355},{"@type":"BreadcrumbList","@id":"https:\/\/www.noticiasradioreflejos.com.ar\/2021\/el-pami-da-de-baja-un-importante-documento-cual-lo-reemplaza-y-como-se-usa\/#breadcrumb","itemListElement":[{"@type":"ListItem","position":1,"name":"Portada","item":"https:\/\/www.noticiasradioreflejos.com.ar\/2021\/"},{"@type":"ListItem","position":2,"name":"El PAMI da de baja un importante documento: cu\u00e1l lo reemplaza y c\u00f3mo se usa"}]},{"@type":"WebSite","@id":"https:\/\/www.noticiasradioreflejos.com.ar\/2021\/#website","url":"https:\/\/www.noticiasradioreflejos.com.ar\/2021\/","name":"Noticias Radio Reflejos","description":"Las noticias de mi comarca","potentialAction":[{"@type":"SearchAction","target":{"@type":"EntryPoint","urlTemplate":"https:\/\/www.noticiasradioreflejos.com.ar\/2021\/?s={search_term_string}"},"query-input":{"@type":"PropertyValueSpecification","valueRequired":true,"valueName":"search_term_string"}}],"inLanguage":"es"},{"@type":"Person","@id":"https:\/\/www.noticiasradioreflejos.com.ar\/2021\/#\/schema\/person\/ad82545263dcc5ec0996818884fd5fb1","name":"Arnaldo Botto","image":{"@type":"ImageObject","inLanguage":"es","@id":"https:\/\/www.noticiasradioreflejos.com.ar\/2021\/#\/schema\/person\/image\/","url":"https:\/\/secure.gravatar.com\/avatar\/55cb5e37c1efa326397366e6974cb338056df65cb50e7d64d1cf314e87504837?s=96&d=mm&r=g","contentUrl":"https:\/\/secure.gravatar.com\/avatar\/55cb5e37c1efa326397366e6974cb338056df65cb50e7d64d1cf314e87504837?s=96&d=mm&r=g","caption":"Arnaldo Botto"},"url":"https:\/\/www.noticiasradioreflejos.com.ar\/2021\/author\/arnaldo\/"}]}},"_links":{"self":[{"href":"https:\/\/www.noticiasradioreflejos.com.ar\/2021\/wp-json\/wp\/v2\/posts\/109155","targetHints":{"allow":["GET"]}}],"collection":[{"href":"https:\/\/www.noticiasradioreflejos.com.ar\/2021\/wp-json\/wp\/v2\/posts"}],"about":[{"href":"https:\/\/www.noticiasradioreflejos.com.ar\/2021\/wp-json\/wp\/v2\/types\/post"}],"author":[{"embeddable":true,"href":"https:\/\/www.noticiasradioreflejos.com.ar\/2021\/wp-json\/wp\/v2\/users\/3"}],"replies":[{"embeddable":true,"href":"https:\/\/www.noticiasradioreflejos.com.ar\/2021\/wp-json\/wp\/v2\/comments?post=109155"}],"version-history":[{"count":2,"href":"https:\/\/www.noticiasradioreflejos.com.ar\/2021\/wp-json\/wp\/v2\/posts\/109155\/revisions"}],"predecessor-version":[{"id":109159,"href":"https:\/\/www.noticiasradioreflejos.com.ar\/2021\/wp-json\/wp\/v2\/posts\/109155\/revisions\/109159"}],"wp:featuredmedia":[{"embeddable":true,"href":"https:\/\/www.noticiasradioreflejos.com.ar\/2021\/wp-json\/wp\/v2\/media\/109157"}],"wp:attachment":[{"href":"https:\/\/www.noticiasradioreflejos.com.ar\/2021\/wp-json\/wp\/v2\/media?parent=109155"}],"wp:term":[{"taxonomy":"category","embeddable":true,"href":"https:\/\/www.noticiasradioreflejos.com.ar\/2021\/wp-json\/wp\/v2\/categories?post=109155"},{"taxonomy":"post_tag","embeddable":true,"href":"https:\/\/www.noticiasradioreflejos.com.ar\/2021\/wp-json\/wp\/v2\/tags?post=109155"}],"curies":[{"name":"wp","href":"https:\/\/api.w.org\/{rel}","templated":true}]}}