{"id":109122,"date":"2024-11-04T15:16:37","date_gmt":"2024-11-04T18:16:37","guid":{"rendered":"https:\/\/www.noticiasradioreflejos.com.ar\/2021\/?p=109122"},"modified":"2024-11-05T09:20:43","modified_gmt":"2024-11-05T12:20:43","slug":"jorge-tesan-nos-donan-un-mastil-de-18-metros","status":"publish","type":"post","link":"https:\/\/www.noticiasradioreflejos.com.ar\/2021\/jorge-tesan-nos-donan-un-mastil-de-18-metros\/","title":{"rendered":"Jorge Tesan: \u201cNos donan un m\u00e1stil de 18 metros\u201d"},"content":{"rendered":"<p>El integrante de la Asociaci\u00f3n Amigos de la Trochita brind\u00f3 detalles del monumento que est\u00e1n a punto de emplazar.<!--more--><\/p>\n<p>En los pr\u00f3ximos d\u00edas Sierra tendr\u00e1 un nuevo monumento para estar orgulloso y mucho se lo deber\u00e1n a los integrantes de la Asociaci\u00f3n Amigos de la Trochita.<\/p>\n<p>Esta ma\u00f1ana Jorge Tesan cont\u00f3 que \u201chace unos cuantos a\u00f1os comenzamos construyendo t\u00edmidamente un \u00e1rbol de navidad con 100 luces. Lo pusimos frente a la oficina de turismo y con el paso de los a\u00f1os le agregamos luces y llegamos a tener cerca de 500\u201d.<\/p>\n<p><a title=\"Ramal 111\" href=\"https:\/\/www.flickr.com\/photos\/182279889@N02\/54117677442\/in\/dateposted-public\/\" data-flickr-embed=\"true\"><img loading=\"lazy\" decoding=\"async\" class=\"alignleft\" src=\"https:\/\/live.staticflickr.com\/65535\/54117677442_eb1f0d1cf2_c.jpg\" alt=\"Ramal 111\" width=\"268\" height=\"576\" \/><\/a>En esa l\u00ednea admiti\u00f3 que \u201csiempre estuvo flotando la idea de hacer all\u00ed un monumento mucho m\u00e1s importante. Investigando conjuntamente con artistas locales se decidi\u00f3 hacer un monumento que est\u00e9 todo el a\u00f1o y que tenga que ver con la trochita\u201d.<\/p>\n<p>Seg\u00fan explic\u00f3, \u201cla idea es que cumpla las funciones de \u00e1rbol iluminado y que cada a\u00f1o tenga un dise\u00f1o de iluminaci\u00f3n distinta. Lamentablemente no podremos llegar a los 23 metros, pero tendr\u00e1 tres funciones: una, la del ramal 111 que estar\u00e1 todo el a\u00f1o activo; la segunda es el m\u00e1stil, que tenga alguna tem\u00e1tica todos los a\u00f1os; y la tercera plantar all\u00ed un m\u00e1stil\u201d.<\/p>\n<p>En ese punto, y como gran novedad, subray\u00f3 que \u201cla semana pr\u00f3xima vendr\u00e1n con un m\u00e1stil que nos donan desde Bah\u00eda, donde hasta el transporte y la gr\u00faa son donadas. Pretendemos que la poblaci\u00f3n se haga eco esto\u201d.<\/p>\n<p>Por \u00faltimo cont\u00f3 que \u201cla escultora de la obra es Susana Dos Santos y la Asociaci\u00f3n, con distintos integrantes, somos los que la vamos a llevar adelante. El m\u00e1stil tendr\u00e1 18 metros\u201d.<\/p>\n<p>&nbsp;<\/p>\n<p>&nbsp;<\/p>\n<p>&nbsp;<\/p>\n<p>&nbsp;<\/p>\n<p>&nbsp;<\/p>\n<p><iframe loading=\"lazy\" src=\"https:\/\/w.soundcloud.com\/player\/?url=https%3A\/\/api.soundcloud.com\/tracks\/1949305215&amp;color=%23ff5500&amp;auto_play=false&amp;hide_related=false&amp;show_comments=true&amp;show_user=true&amp;show_reposts=false&amp;show_teaser=true\" width=\"100%\" height=\"166\" frameborder=\"no\" scrolling=\"no\"><\/iframe><\/p>\n<div style=\"font-size: 10px; color: #cccccc; line-break: anywhere; word-break: normal; overflow: hidden; white-space: nowrap; text-overflow: ellipsis; font-family: Interstate,Lucida Grande,Lucida Sans Unicode,Lucida Sans,Garuda,Verdana,Tahoma,sans-serif; font-weight: 100;\"><a style=\"color: #cccccc; text-decoration: none;\" title=\"fmreflejos 103.7\" href=\"https:\/\/soundcloud.com\/fmreflejos-103-7\" target=\"_blank\" rel=\"noopener\">fmreflejos 103.7<\/a> \u00b7 <a style=\"color: #cccccc; text-decoration: none;\" title=\"Jorge Tesan 10;37\" href=\"https:\/\/soundcloud.com\/fmreflejos-103-7\/jorge-tesan-10-37\" target=\"_blank\" rel=\"noopener\">Jorge Tesan 10;37<\/a><\/div>\n","protected":false},"excerpt":{"rendered":"<p>El integrante de la Asociaci\u00f3n Amigos de la Trochita brind\u00f3 detalles del monumento que est\u00e1n a punto de emplazar.<\/p>\n","protected":false},"author":3,"featured_media":109126,"comment_status":"closed","ping_status":"closed","sticky":false,"template":"","format":"standard","meta":{"footnotes":""},"categories":[26],"tags":[48],"class_list":["post-109122","post","type-post","status-publish","format-standard","has-post-thumbnail","hentry","category-sociedad","tag-destacada"],"yoast_head":"<!-- This site is optimized with the Yoast SEO plugin v25.9 - https:\/\/yoast.com\/wordpress\/plugins\/seo\/ -->\n<title>Jorge Tesan: \u201cNos donan un m\u00e1stil de 18 metros\u201d - Noticias Radio Reflejos<\/title>\n<meta name=\"robots\" content=\"index, follow, max-snippet:-1, max-image-preview:large, max-video-preview:-1\" \/>\n<link rel=\"canonical\" href=\"https:\/\/www.noticiasradioreflejos.com.ar\/2021\/jorge-tesan-nos-donan-un-mastil-de-18-metros\/\" \/>\n<meta property=\"og:locale\" content=\"es_ES\" \/>\n<meta property=\"og:type\" content=\"article\" \/>\n<meta property=\"og:title\" content=\"Jorge Tesan: \u201cNos donan un m\u00e1stil de 18 metros\u201d - Noticias Radio Reflejos\" \/>\n<meta property=\"og:description\" content=\"El integrante de la Asociaci\u00f3n Amigos de la Trochita brind\u00f3 detalles del monumento que est\u00e1n a punto de emplazar.\" \/>\n<meta property=\"og:url\" content=\"https:\/\/www.noticiasradioreflejos.com.ar\/2021\/jorge-tesan-nos-donan-un-mastil-de-18-metros\/\" \/>\n<meta property=\"og:site_name\" content=\"Noticias Radio Reflejos\" \/>\n<meta property=\"article:published_time\" content=\"2024-11-04T18:16:37+00:00\" \/>\n<meta property=\"article:modified_time\" content=\"2024-11-05T12:20:43+00:00\" \/>\n<meta property=\"og:image\" content=\"https:\/\/www.noticiasradioreflejos.com.ar\/2021\/wp-content\/uploads\/2024\/11\/Asociacion-Amigos-de-la-Trochita.jpg\" \/>\n\t<meta property=\"og:image:width\" content=\"960\" \/>\n\t<meta property=\"og:image:height\" content=\"540\" \/>\n\t<meta property=\"og:image:type\" content=\"image\/jpeg\" \/>\n<meta name=\"author\" content=\"Arnaldo Botto\" \/>\n<meta name=\"twitter:card\" content=\"summary_large_image\" \/>\n<script type=\"application\/ld+json\" class=\"yoast-schema-graph\">{\"@context\":\"https:\/\/schema.org\",\"@graph\":[{\"@type\":\"WebPage\",\"@id\":\"https:\/\/www.noticiasradioreflejos.com.ar\/2021\/jorge-tesan-nos-donan-un-mastil-de-18-metros\/\",\"url\":\"https:\/\/www.noticiasradioreflejos.com.ar\/2021\/jorge-tesan-nos-donan-un-mastil-de-18-metros\/\",\"name\":\"Jorge Tesan: \u201cNos donan un m\u00e1stil de 18 metros\u201d - Noticias Radio Reflejos\",\"isPartOf\":{\"@id\":\"https:\/\/www.noticiasradioreflejos.com.ar\/2021\/#website\"},\"primaryImageOfPage\":{\"@id\":\"https:\/\/www.noticiasradioreflejos.com.ar\/2021\/jorge-tesan-nos-donan-un-mastil-de-18-metros\/#primaryimage\"},\"image\":{\"@id\":\"https:\/\/www.noticiasradioreflejos.com.ar\/2021\/jorge-tesan-nos-donan-un-mastil-de-18-metros\/#primaryimage\"},\"thumbnailUrl\":\"https:\/\/www.noticiasradioreflejos.com.ar\/2021\/wp-content\/uploads\/2024\/11\/Asociacion-Amigos-de-la-Trochita.jpg\",\"datePublished\":\"2024-11-04T18:16:37+00:00\",\"dateModified\":\"2024-11-05T12:20:43+00:00\",\"author\":{\"@id\":\"https:\/\/www.noticiasradioreflejos.com.ar\/2021\/#\/schema\/person\/ad82545263dcc5ec0996818884fd5fb1\"},\"breadcrumb\":{\"@id\":\"https:\/\/www.noticiasradioreflejos.com.ar\/2021\/jorge-tesan-nos-donan-un-mastil-de-18-metros\/#breadcrumb\"},\"inLanguage\":\"es\",\"potentialAction\":[{\"@type\":\"ReadAction\",\"target\":[\"https:\/\/www.noticiasradioreflejos.com.ar\/2021\/jorge-tesan-nos-donan-un-mastil-de-18-metros\/\"]}]},{\"@type\":\"ImageObject\",\"inLanguage\":\"es\",\"@id\":\"https:\/\/www.noticiasradioreflejos.com.ar\/2021\/jorge-tesan-nos-donan-un-mastil-de-18-metros\/#primaryimage\",\"url\":\"https:\/\/www.noticiasradioreflejos.com.ar\/2021\/wp-content\/uploads\/2024\/11\/Asociacion-Amigos-de-la-Trochita.jpg\",\"contentUrl\":\"https:\/\/www.noticiasradioreflejos.com.ar\/2021\/wp-content\/uploads\/2024\/11\/Asociacion-Amigos-de-la-Trochita.jpg\",\"width\":960,\"height\":540},{\"@type\":\"BreadcrumbList\",\"@id\":\"https:\/\/www.noticiasradioreflejos.com.ar\/2021\/jorge-tesan-nos-donan-un-mastil-de-18-metros\/#breadcrumb\",\"itemListElement\":[{\"@type\":\"ListItem\",\"position\":1,\"name\":\"Portada\",\"item\":\"https:\/\/www.noticiasradioreflejos.com.ar\/2021\/\"},{\"@type\":\"ListItem\",\"position\":2,\"name\":\"Jorge Tesan: \u201cNos donan un m\u00e1stil de 18 metros\u201d\"}]},{\"@type\":\"WebSite\",\"@id\":\"https:\/\/www.noticiasradioreflejos.com.ar\/2021\/#website\",\"url\":\"https:\/\/www.noticiasradioreflejos.com.ar\/2021\/\",\"name\":\"Noticias Radio Reflejos\",\"description\":\"Las noticias de mi comarca\",\"potentialAction\":[{\"@type\":\"SearchAction\",\"target\":{\"@type\":\"EntryPoint\",\"urlTemplate\":\"https:\/\/www.noticiasradioreflejos.com.ar\/2021\/?s={search_term_string}\"},\"query-input\":{\"@type\":\"PropertyValueSpecification\",\"valueRequired\":true,\"valueName\":\"search_term_string\"}}],\"inLanguage\":\"es\"},{\"@type\":\"Person\",\"@id\":\"https:\/\/www.noticiasradioreflejos.com.ar\/2021\/#\/schema\/person\/ad82545263dcc5ec0996818884fd5fb1\",\"name\":\"Arnaldo Botto\",\"image\":{\"@type\":\"ImageObject\",\"inLanguage\":\"es\",\"@id\":\"https:\/\/www.noticiasradioreflejos.com.ar\/2021\/#\/schema\/person\/image\/\",\"url\":\"https:\/\/secure.gravatar.com\/avatar\/55cb5e37c1efa326397366e6974cb338056df65cb50e7d64d1cf314e87504837?s=96&d=mm&r=g\",\"contentUrl\":\"https:\/\/secure.gravatar.com\/avatar\/55cb5e37c1efa326397366e6974cb338056df65cb50e7d64d1cf314e87504837?s=96&d=mm&r=g\",\"caption\":\"Arnaldo Botto\"},\"url\":\"https:\/\/www.noticiasradioreflejos.com.ar\/2021\/author\/arnaldo\/\"}]}<\/script>\n<!-- \/ Yoast SEO plugin. -->","yoast_head_json":{"title":"Jorge Tesan: \u201cNos donan un m\u00e1stil de 18 metros\u201d - Noticias Radio Reflejos","robots":{"index":"index","follow":"follow","max-snippet":"max-snippet:-1","max-image-preview":"max-image-preview:large","max-video-preview":"max-video-preview:-1"},"canonical":"https:\/\/www.noticiasradioreflejos.com.ar\/2021\/jorge-tesan-nos-donan-un-mastil-de-18-metros\/","og_locale":"es_ES","og_type":"article","og_title":"Jorge Tesan: \u201cNos donan un m\u00e1stil de 18 metros\u201d - Noticias Radio Reflejos","og_description":"El integrante de la Asociaci\u00f3n Amigos de la Trochita brind\u00f3 detalles del monumento que est\u00e1n a punto de emplazar.","og_url":"https:\/\/www.noticiasradioreflejos.com.ar\/2021\/jorge-tesan-nos-donan-un-mastil-de-18-metros\/","og_site_name":"Noticias Radio Reflejos","article_published_time":"2024-11-04T18:16:37+00:00","article_modified_time":"2024-11-05T12:20:43+00:00","og_image":[{"width":960,"height":540,"url":"https:\/\/www.noticiasradioreflejos.com.ar\/2021\/wp-content\/uploads\/2024\/11\/Asociacion-Amigos-de-la-Trochita.jpg","type":"image\/jpeg"}],"author":"Arnaldo Botto","twitter_card":"summary_large_image","schema":{"@context":"https:\/\/schema.org","@graph":[{"@type":"WebPage","@id":"https:\/\/www.noticiasradioreflejos.com.ar\/2021\/jorge-tesan-nos-donan-un-mastil-de-18-metros\/","url":"https:\/\/www.noticiasradioreflejos.com.ar\/2021\/jorge-tesan-nos-donan-un-mastil-de-18-metros\/","name":"Jorge Tesan: \u201cNos donan un m\u00e1stil de 18 metros\u201d - Noticias Radio Reflejos","isPartOf":{"@id":"https:\/\/www.noticiasradioreflejos.com.ar\/2021\/#website"},"primaryImageOfPage":{"@id":"https:\/\/www.noticiasradioreflejos.com.ar\/2021\/jorge-tesan-nos-donan-un-mastil-de-18-metros\/#primaryimage"},"image":{"@id":"https:\/\/www.noticiasradioreflejos.com.ar\/2021\/jorge-tesan-nos-donan-un-mastil-de-18-metros\/#primaryimage"},"thumbnailUrl":"https:\/\/www.noticiasradioreflejos.com.ar\/2021\/wp-content\/uploads\/2024\/11\/Asociacion-Amigos-de-la-Trochita.jpg","datePublished":"2024-11-04T18:16:37+00:00","dateModified":"2024-11-05T12:20:43+00:00","author":{"@id":"https:\/\/www.noticiasradioreflejos.com.ar\/2021\/#\/schema\/person\/ad82545263dcc5ec0996818884fd5fb1"},"breadcrumb":{"@id":"https:\/\/www.noticiasradioreflejos.com.ar\/2021\/jorge-tesan-nos-donan-un-mastil-de-18-metros\/#breadcrumb"},"inLanguage":"es","potentialAction":[{"@type":"ReadAction","target":["https:\/\/www.noticiasradioreflejos.com.ar\/2021\/jorge-tesan-nos-donan-un-mastil-de-18-metros\/"]}]},{"@type":"ImageObject","inLanguage":"es","@id":"https:\/\/www.noticiasradioreflejos.com.ar\/2021\/jorge-tesan-nos-donan-un-mastil-de-18-metros\/#primaryimage","url":"https:\/\/www.noticiasradioreflejos.com.ar\/2021\/wp-content\/uploads\/2024\/11\/Asociacion-Amigos-de-la-Trochita.jpg","contentUrl":"https:\/\/www.noticiasradioreflejos.com.ar\/2021\/wp-content\/uploads\/2024\/11\/Asociacion-Amigos-de-la-Trochita.jpg","width":960,"height":540},{"@type":"BreadcrumbList","@id":"https:\/\/www.noticiasradioreflejos.com.ar\/2021\/jorge-tesan-nos-donan-un-mastil-de-18-metros\/#breadcrumb","itemListElement":[{"@type":"ListItem","position":1,"name":"Portada","item":"https:\/\/www.noticiasradioreflejos.com.ar\/2021\/"},{"@type":"ListItem","position":2,"name":"Jorge Tesan: \u201cNos donan un m\u00e1stil de 18 metros\u201d"}]},{"@type":"WebSite","@id":"https:\/\/www.noticiasradioreflejos.com.ar\/2021\/#website","url":"https:\/\/www.noticiasradioreflejos.com.ar\/2021\/","name":"Noticias Radio Reflejos","description":"Las noticias de mi comarca","potentialAction":[{"@type":"SearchAction","target":{"@type":"EntryPoint","urlTemplate":"https:\/\/www.noticiasradioreflejos.com.ar\/2021\/?s={search_term_string}"},"query-input":{"@type":"PropertyValueSpecification","valueRequired":true,"valueName":"search_term_string"}}],"inLanguage":"es"},{"@type":"Person","@id":"https:\/\/www.noticiasradioreflejos.com.ar\/2021\/#\/schema\/person\/ad82545263dcc5ec0996818884fd5fb1","name":"Arnaldo Botto","image":{"@type":"ImageObject","inLanguage":"es","@id":"https:\/\/www.noticiasradioreflejos.com.ar\/2021\/#\/schema\/person\/image\/","url":"https:\/\/secure.gravatar.com\/avatar\/55cb5e37c1efa326397366e6974cb338056df65cb50e7d64d1cf314e87504837?s=96&d=mm&r=g","contentUrl":"https:\/\/secure.gravatar.com\/avatar\/55cb5e37c1efa326397366e6974cb338056df65cb50e7d64d1cf314e87504837?s=96&d=mm&r=g","caption":"Arnaldo Botto"},"url":"https:\/\/www.noticiasradioreflejos.com.ar\/2021\/author\/arnaldo\/"}]}},"_links":{"self":[{"href":"https:\/\/www.noticiasradioreflejos.com.ar\/2021\/wp-json\/wp\/v2\/posts\/109122","targetHints":{"allow":["GET"]}}],"collection":[{"href":"https:\/\/www.noticiasradioreflejos.com.ar\/2021\/wp-json\/wp\/v2\/posts"}],"about":[{"href":"https:\/\/www.noticiasradioreflejos.com.ar\/2021\/wp-json\/wp\/v2\/types\/post"}],"author":[{"embeddable":true,"href":"https:\/\/www.noticiasradioreflejos.com.ar\/2021\/wp-json\/wp\/v2\/users\/3"}],"replies":[{"embeddable":true,"href":"https:\/\/www.noticiasradioreflejos.com.ar\/2021\/wp-json\/wp\/v2\/comments?post=109122"}],"version-history":[{"count":4,"href":"https:\/\/www.noticiasradioreflejos.com.ar\/2021\/wp-json\/wp\/v2\/posts\/109122\/revisions"}],"predecessor-version":[{"id":109167,"href":"https:\/\/www.noticiasradioreflejos.com.ar\/2021\/wp-json\/wp\/v2\/posts\/109122\/revisions\/109167"}],"wp:featuredmedia":[{"embeddable":true,"href":"https:\/\/www.noticiasradioreflejos.com.ar\/2021\/wp-json\/wp\/v2\/media\/109126"}],"wp:attachment":[{"href":"https:\/\/www.noticiasradioreflejos.com.ar\/2021\/wp-json\/wp\/v2\/media?parent=109122"}],"wp:term":[{"taxonomy":"category","embeddable":true,"href":"https:\/\/www.noticiasradioreflejos.com.ar\/2021\/wp-json\/wp\/v2\/categories?post=109122"},{"taxonomy":"post_tag","embeddable":true,"href":"https:\/\/www.noticiasradioreflejos.com.ar\/2021\/wp-json\/wp\/v2\/tags?post=109122"}],"curies":[{"name":"wp","href":"https:\/\/api.w.org\/{rel}","templated":true}]}}