{"id":109096,"date":"2024-11-04T07:59:36","date_gmt":"2024-11-04T10:59:36","guid":{"rendered":"https:\/\/www.noticiasradioreflejos.com.ar\/2021\/?p=109096"},"modified":"2024-11-04T08:52:38","modified_gmt":"2024-11-04T11:52:38","slug":"llovio-toda-la-noche-y-la-semana-continuara-inestable","status":"publish","type":"post","link":"https:\/\/www.noticiasradioreflejos.com.ar\/2021\/llovio-toda-la-noche-y-la-semana-continuara-inestable\/","title":{"rendered":"Llovi\u00f3 toda la noche; y la semana continuar\u00e1 inestable."},"content":{"rendered":"<p>Desde la tarde del domingo se produjeron lluvias en la zona serrana y una amplia zona del sudoeste bonaerense.<br \/>\nRige una alerta naranja para la provincia de Buenos Aires por fuertes tormentas<\/p>\n<p><!--more--><\/p>\n<p>Las precipitaciones arribaron a la comarca serrana acompa\u00f1adas de r\u00e1fagas de viento. El frente de tormenta avanz\u00f3 desde el noreste en horas de la tarde de ayer y los registros llegaron a los 16 mm en Sierra de la Ventana. en tanto hubo datos similares del resto de la regi\u00f3n.<\/p>\n<p>Este lunes le tiempo se mostrar\u00e1 cambiante en la zona serrana, durante la ma\u00f1ana se incrementar\u00e1 el viento proveniente del SO y para el mediod\u00eda se anuncian r\u00e1fagas de mas de 50 km\/h. El cielo se despejar\u00e1 a partir de las 9 horas y la m\u00e1xima llegar\u00eda a los 22 grados.<\/p>\n<p>Ma\u00f1ana martes la m\u00ednima se ubicar\u00eda en los 9 grados y trepar\u00e1 hasta los 27\u00b0 con cielos despejados y vientos suaves a moderados del norte.<\/p>\n<p>Mi\u00e9rcoles inestable,\u00a0 amanecer\u00e1 ventoso, con r\u00e1fagas del norte de hasta 55 km, se esperan chaparrones durante gran parte de la jornada y la temperatura estar\u00eda entre los 14 y 21 grados.<\/p>\n<p>jueves y viernes con cielos parcialmente nublados a nublados,\u00a0 la m\u00ednima se ubicar\u00eda entre los 6 y 9 grados y alanzar\u00eda una m\u00e1xima de 22 a 23 grados. Se presentar\u00edan chaparrones aislados el jueves por la tarde y noche,<\/p>\n<h4>Datos de lluvias en la zona<\/h4>\n<p>&nbsp;<\/p>\n<p>15 mm en Sierra de la Ventana<br \/>\n20 mm en Villa Ventana<br \/>\n20 mm en Saldungaray<br \/>\n12 mm en Frapal<br \/>\n17 mm en Sierras Grandes<br \/>\n16 mm en Calqu\u00edn<br \/>\n16 mm en Tornquist<br \/>\n18 mm en Tres Picos<br \/>\n26 mm en San Eloy<br \/>\n26 mm en El Pantanoso<br \/>\n31,5 mm en Cnel Suarez<br \/>\n21 mm en Claromec\u00f3<br \/>\n9 mm en Monte Hermoso<br \/>\n9 mm en Funke<br \/>\n41 mm en Cnel Pringles.<br \/>\n16,5 mm en Pig\u00fc\u00e9<br \/>\n9 mm en Cabildo<br \/>\n21.5 mm en Pig\u00fc\u00e9<br \/>\n18 mm en Goyena<br \/>\n18.5 mm en Dufaur<br \/>\n25 mm en Cura Malal<br \/>\n26 mm en Rivera<br \/>\n22 mm en Carhu\u00e9<br \/>\n41 mm en Huanguel\u00e9n<\/p>\n<p>El\u00a0<b>Servicio Meteorol\u00f3gico Nacional<\/b>\u00a0(SMN) emiti\u00f3 una alerta naranja para la provincia de\u00a0<b>Buenos Aires<\/b>, con probabilidad de lluvias intensas, granizo y vientos fuertes.<\/p>\n<p>Regiones del sur y noroeste argentino, como\u00a0<b>San Luis<\/b>,\u00a0<b>R\u00edo Negro<\/b>,\u00a0<b>Jujuy<\/b>\u00a0y\u00a0<b>Tucum\u00e1n<\/b>, est\u00e1n bajo alerta amarilla por tormentas el\u00e9ctricas y r\u00e1fagas.<\/p>\n<p>En\u00a0<b>Buenos Aires<\/b>, se esperan temperaturas entre 19 \u00b0C y 24 \u00b0C, con tormentas aisladas por la ma\u00f1ana que aumentar\u00e1n en intensidad hacia el mediod\u00eda.<\/p>\n<p class=\"paragraph\" data-mrf-recirculation=\"Links inline\"><b>Lo esencial:\u00a0<\/b>El\u00a0<b>SMN<\/b>\u00a0emiti\u00f3 alertas por condiciones meteorol\u00f3gicas adversas que afectar\u00e1n a gran parte del pa\u00eds, particularmente en\u00a0<b>Buenos Aires<\/b>. La alerta naranja anticipa lluvias intensas, granizo y r\u00e1fagas de hasta 90 km\/h en localidades como\u00a0<b>Mar del Plata<\/b>\u00a0y\u00a0<b>Necochea<\/b>. El sur y el noroeste tambi\u00e9n sufrir\u00e1n tormentas el\u00e9ctricas y vientos de hasta 80 km\/h. En la ciudad de\u00a0<b>Buenos Aires<\/b>, las tormentas llegar\u00e1n en la ma\u00f1ana y se mantendr\u00e1n hasta el mediod\u00eda, con chaparrones ocasionales hacia la noche.<\/p>\n<div class=\"news-module\" data-mrf-recirculation=\"IL_2_GB_9O-QPaEgG0T7rEvhQ\" data-testid=\"text-html\" data-mrf-experience=\"IL_2_GB_9O-QPaEgG0T7rEvhQ\">\n<div class=\"recommended-card__info\"><\/div>\n<\/div>\n<div class=\" visual__image\"><picture><source srcset=\"https:\/\/www.infobae.com\/resizer\/v2\/AITXEGWANZAIDMYW3BLST7VBOI.png?auth=79fe94a3df2e16ba17cdea63ec2fa05f4fd4b215ce6ddfb3109a4b36ec4fd1d2&amp;smart=true&amp;width=992&amp;height=1764&amp;quality=85\" media=\"(min-width: 1000px)\" \/><source srcset=\"https:\/\/www.infobae.com\/resizer\/v2\/AITXEGWANZAIDMYW3BLST7VBOI.png?auth=79fe94a3df2e16ba17cdea63ec2fa05f4fd4b215ce6ddfb3109a4b36ec4fd1d2&amp;smart=true&amp;width=768&amp;height=1365&amp;quality=85\" media=\"(min-width: 768px)\" \/><source srcset=\"https:\/\/www.infobae.com\/resizer\/v2\/AITXEGWANZAIDMYW3BLST7VBOI.png?auth=79fe94a3df2e16ba17cdea63ec2fa05f4fd4b215ce6ddfb3109a4b36ec4fd1d2&amp;smart=true&amp;width=577&amp;height=1026&amp;quality=85\" media=\"(min-width: 580px)\" \/><source srcset=\"https:\/\/www.infobae.com\/resizer\/v2\/AITXEGWANZAIDMYW3BLST7VBOI.png?auth=79fe94a3df2e16ba17cdea63ec2fa05f4fd4b215ce6ddfb3109a4b36ec4fd1d2&amp;smart=true&amp;width=420&amp;height=747&amp;quality=85\" media=\"(min-width: 350px)\" \/><source srcset=\"https:\/\/www.infobae.com\/resizer\/v2\/AITXEGWANZAIDMYW3BLST7VBOI.png?auth=79fe94a3df2e16ba17cdea63ec2fa05f4fd4b215ce6ddfb3109a4b36ec4fd1d2&amp;smart=true&amp;width=350&amp;height=622&amp;quality=85\" media=\"(min-width: 80px)\" \/><img loading=\"lazy\" decoding=\"async\" class=\"global-image\" src=\"https:\/\/www.infobae.com\/resizer\/v2\/AITXEGWANZAIDMYW3BLST7VBOI.png?auth=79fe94a3df2e16ba17cdea63ec2fa05f4fd4b215ce6ddfb3109a4b36ec4fd1d2&amp;smart=true&amp;width=350&amp;height=622&amp;quality=85\" alt=\"Rige una alerta naranja para la provincia de Buenos Aires y se mantiene la alerta amarilla para varias jurisdicciones del pa\u00eds (Foto: SMN)\" width=\"472\" height=\"800\" \/><\/picture><\/div>\n<div class=\" visual__image\"><\/div>\n<p class=\"paragraph\" data-mrf-recirculation=\"Links inline\">Tal como hab\u00eda anticipado el\u00a0<a href=\"https:\/\/www.infobae.com\/sociedad\/2024\/11\/03\/alerta-por-tormentas-varias-provincias-se-veran-afectadas-desde-este-domingo\/\" target=\"_blank\" rel=\"noopener noreferrer\" data-mrf-link=\"https:\/\/www.infobae.com\/sociedad\/2024\/11\/03\/alerta-por-tormentas-varias-provincias-se-veran-afectadas-desde-este-domingo\/\"><b>Servicio Meteorol\u00f3gico Nacional a Infobae,<\/b><\/a>\u00a0se espera una\u00a0<b>alerta naranja para la provincia Buenos Aires<\/b>\u00a0que incluir\u00e1 \u201cactividad el\u00e9ctrica importante, ca\u00edda de granizo y, principalmente, abundante ca\u00edda de agua en cortos per\u00edodos\u201d, a partir de este lunes, situaci\u00f3n que se mantendr\u00e1 durante toda la jornada. Al mismo tiempo, se esperan\u00a0<b>vientos fuertes\u00a0<\/b>en el sur.<\/p>\n<p class=\"paragraph\" data-mrf-recirculation=\"Links inline\">Para la zona costera, en especial las localidades de\u00a0<b>Pinamar<\/b>,\u00a0<b>Villa Gesell<\/b>,\u00a0<b>Mar del Plata<\/b>\u00a0y\u00a0<b>Necochea<\/b>, el pron\u00f3stico se\u00f1ala altas probabilidades de tormentas a partir de las 2 de la madrugada, con tormentas que se extender\u00e1n hasta la primera ma\u00f1ana del lunes.\u00a0<b>\u201cEl frente avance en la madrugada del lunes, el alerta meteorol\u00f3gico se desplaza o, en realidad, completa el resto de la provincia de Buenos Aires, inclusive la Capital Federal y alrededores\u201d<\/b>, hab\u00eda se\u00f1alado el\u00a0<b>SMN<\/b>\u00a0respecto al comienzo de semana.<\/p>\n<div class=\"news-module\" data-mrf-recirculation=\"IL_wv5lqF4aQ7G5etrMMyn62Q\" data-testid=\"text-html\" data-mrf-experience=\"IL_wv5lqF4aQ7G5etrMMyn62Q\">\n<div class=\"recommended-card__info\">\n<div class=\"recommended-card__info-button recommended-card__info-button--deportes\"><\/div>\n<\/div>\n<\/div>\n<p class=\"paragraph\" data-mrf-recirculation=\"Links inline\">Se suma la ciudad de\u00a0<b>La Plata<\/b>, donde la\u00a0<b>Direcci\u00f3n de Hidrometeorolog\u00eda de la Municipalidad<\/b>\u00a0elevaron el nivel de alerta. \u201cDurante la madrugada y ma\u00f1ana del lunes tendremos chaparrones y tormentas de variada intensidad en La Plata, algunas podr\u00edan ser fuertes con abundante ca\u00edda de agua, r\u00e1fagas y ocasional ca\u00edda de granizo, por tal motivo el Nivel de Atenci\u00f3n del Riesgo ser\u00e1 amarillo\u201d, adelantaron desde el organismo.<\/p>\n<div class=\" visual__image\"><picture><source srcset=\"https:\/\/www.infobae.com\/resizer\/v2\/EM7OL6G35BCIXGXW4B75TC6YI4.jpg?auth=2efd355873a32cf3214f0a05ede3c69d0ef70f4c6e065fe0befe37131ece1838&amp;smart=true&amp;width=992&amp;height=558&amp;quality=85\" media=\"(min-width: 1000px)\" \/><source srcset=\"https:\/\/www.infobae.com\/resizer\/v2\/EM7OL6G35BCIXGXW4B75TC6YI4.jpg?auth=2efd355873a32cf3214f0a05ede3c69d0ef70f4c6e065fe0befe37131ece1838&amp;smart=true&amp;width=768&amp;height=432&amp;quality=85\" media=\"(min-width: 768px)\" \/><source srcset=\"https:\/\/www.infobae.com\/resizer\/v2\/EM7OL6G35BCIXGXW4B75TC6YI4.jpg?auth=2efd355873a32cf3214f0a05ede3c69d0ef70f4c6e065fe0befe37131ece1838&amp;smart=true&amp;width=577&amp;height=325&amp;quality=85\" media=\"(min-width: 580px)\" \/><source srcset=\"https:\/\/www.infobae.com\/resizer\/v2\/EM7OL6G35BCIXGXW4B75TC6YI4.jpg?auth=2efd355873a32cf3214f0a05ede3c69d0ef70f4c6e065fe0befe37131ece1838&amp;smart=true&amp;width=420&amp;height=236&amp;quality=85\" media=\"(min-width: 350px)\" \/><source srcset=\"https:\/\/www.infobae.com\/resizer\/v2\/EM7OL6G35BCIXGXW4B75TC6YI4.jpg?auth=2efd355873a32cf3214f0a05ede3c69d0ef70f4c6e065fe0befe37131ece1838&amp;smart=true&amp;width=350&amp;height=197&amp;quality=85\" media=\"(min-width: 80px)\" \/><img loading=\"lazy\" decoding=\"async\" class=\"global-image\" src=\"https:\/\/www.infobae.com\/resizer\/v2\/EM7OL6G35BCIXGXW4B75TC6YI4.jpg?auth=2efd355873a32cf3214f0a05ede3c69d0ef70f4c6e065fe0befe37131ece1838&amp;smart=true&amp;width=350&amp;height=197&amp;quality=85\" alt=\"Se esperan fuertes lluvias en Buenos Aires durante este lunes (Maximiliano Luna)\" width=\"1920\" height=\"1080\" \/><\/picture><\/div>\n<p class=\"paragraph\" data-mrf-recirculation=\"Links inline\">A su vez, indicaron que\u00a0<b>habr\u00e1 un \u201cavance de un importante frente fr\u00edo por el centro del pa\u00eds<\/b>\u00a0va a provocar una serie de fen\u00f3menos meteorol\u00f3gicos, particularmente, en las provincias de la regi\u00f3n central, asociado con la interacci\u00f3n de aire caluroso y h\u00famedo que se encuentra posicionado en la zona\u201d. No descartan que las tormentas sean m\u00e1s severas entre las 6 y las 8 de la ma\u00f1ana, con r\u00e1fagas que podr\u00edan alcanzar los 50 km\/h.<\/p>\n<div class=\"news-module\" data-mrf-recirculation=\"IL_JkB3GTBFTj2urpbOlzOORQ\" data-testid=\"text-html\" data-mrf-experience=\"IL_JkB3GTBFTj2urpbOlzOORQ\">\n<div class=\"recommended-card__info\">\n<div class=\"recommended-card__info-button recommended-card__info-button--deportes\"><\/div>\n<\/div>\n<\/div>\n<p class=\"paragraph\" data-mrf-recirculation=\"Links inline\">El\u00a0<b>SMN<\/b>\u00a0detall\u00f3 que las condiciones meteorol\u00f3gicas\u00a0<b>\u201cest\u00e9n acompa\u00f1adas por r\u00e1fagas que pueden alcanzar los 90 km\/h, actividad el\u00e9ctrica importante, ca\u00edda de granizo y principalmente abundante ca\u00edda de agua en cortos per\u00edodos.<\/b>\u00a0Se estiman valores de precipitaci\u00f3n acumulada entre 50 y 80 mm, pudiendo ser superados en forma puntual\u201d.<\/p>\n<p class=\"paragraph\" data-mrf-recirculation=\"Links inline\">Asimismo, se mantiene vigente una alerta amarilla para el noroeste de<b>\u00a0Buenos Aires, algunas localidades del sur de San Luis, sur de R\u00edo Negro, Chubut y norte de Santa Cruz,\u00a0<\/b>donde podr\u00e1n sentirse algunas \u201ctormentas el\u00e9ctricas moderadas o fuertes y, ocasionalmente, severas\u201d, seg\u00fan precisaron desde el SMN.<\/p>\n<p class=\"paragraph\" data-mrf-recirculation=\"Links inline\">En la provincia de\u00a0<b>Neuqu\u00e9n<\/b>, al igual que en el resto de las provincias patag\u00f3nicas mencionadas anteriormente, se mantiene la advertencia por vientos del oeste y noroeste, con velocidades entre 45 y 65 km\/h, y r\u00e1fagas que pueden superar los 90 km\/h, de acuerdo a la \u00faltima actualizaci\u00f3n del organismo.<\/p>\n<p class=\"paragraph\" data-mrf-recirculation=\"Links inline\">El norte del pa\u00eds tambi\u00e9n se incluy\u00f3 en la alerta amarilla emitida por el SMN. Se trata de las ciudades del centro de\u00a0<b>Salta, norte de Jujuy, Tucum\u00e1n y Santiago del Estero, para dichas \u00e1reas tambi\u00e9n se esperan lluvias y tormentas,\u00a0<\/b>donde se remarca \u201cabundante ca\u00edda de agua en cortos periodos y r\u00e1fagas que podr\u00edan superar los 80 km\/h. Se prev\u00e9n valores de precipitaci\u00f3n acumulada entre 15 y 30 mm, pudiendo ser superados en forma puntual\u201d.<\/p>\n<div class=\"headline-wrapper\"><\/div>\n<p class=\"paragraph\" data-mrf-recirculation=\"Links inline\">\n","protected":false},"excerpt":{"rendered":"<p>Desde la tarde del domingo se produjeron lluvias en la zona serrana y una amplia zona del sudoeste bonaerense. Rige una alerta naranja para la provincia de Buenos Aires por fuertes tormentas<\/p>\n","protected":false},"author":3,"featured_media":85132,"comment_status":"closed","ping_status":"closed","sticky":false,"template":"","format":"standard","meta":{"footnotes":""},"categories":[46],"tags":[48],"class_list":["post-109096","post","type-post","status-publish","format-standard","has-post-thumbnail","hentry","category-ciencia-y-tecnologia","tag-destacada"],"yoast_head":"<!-- This site is optimized with the Yoast SEO plugin v25.9 - https:\/\/yoast.com\/wordpress\/plugins\/seo\/ -->\n<title>Llovi\u00f3 toda la noche; y la semana continuar\u00e1 inestable. - Noticias Radio Reflejos<\/title>\n<meta name=\"robots\" content=\"index, follow, max-snippet:-1, max-image-preview:large, max-video-preview:-1\" \/>\n<link rel=\"canonical\" href=\"https:\/\/www.noticiasradioreflejos.com.ar\/2021\/llovio-toda-la-noche-y-la-semana-continuara-inestable\/\" \/>\n<meta property=\"og:locale\" content=\"es_ES\" \/>\n<meta property=\"og:type\" content=\"article\" \/>\n<meta property=\"og:title\" content=\"Llovi\u00f3 toda la noche; y la semana continuar\u00e1 inestable. - Noticias Radio Reflejos\" \/>\n<meta property=\"og:description\" content=\"Desde la tarde del domingo se produjeron lluvias en la zona serrana y una amplia zona del sudoeste bonaerense. Rige una alerta naranja para la provincia de Buenos Aires por fuertes tormentas\" \/>\n<meta property=\"og:url\" content=\"https:\/\/www.noticiasradioreflejos.com.ar\/2021\/llovio-toda-la-noche-y-la-semana-continuara-inestable\/\" \/>\n<meta property=\"og:site_name\" content=\"Noticias Radio Reflejos\" \/>\n<meta property=\"article:published_time\" content=\"2024-11-04T10:59:36+00:00\" \/>\n<meta property=\"article:modified_time\" content=\"2024-11-04T11:52:38+00:00\" \/>\n<meta property=\"og:image\" content=\"https:\/\/www.noticiasradioreflejos.com.ar\/2021\/wp-content\/uploads\/2023\/03\/Lluvia-centro-de-sierra.jpeg\" \/>\n\t<meta property=\"og:image:width\" content=\"1600\" \/>\n\t<meta property=\"og:image:height\" content=\"900\" \/>\n\t<meta property=\"og:image:type\" content=\"image\/jpeg\" \/>\n<meta name=\"author\" content=\"Arnaldo Botto\" \/>\n<meta name=\"twitter:card\" content=\"summary_large_image\" \/>\n<script type=\"application\/ld+json\" class=\"yoast-schema-graph\">{\"@context\":\"https:\/\/schema.org\",\"@graph\":[{\"@type\":\"WebPage\",\"@id\":\"https:\/\/www.noticiasradioreflejos.com.ar\/2021\/llovio-toda-la-noche-y-la-semana-continuara-inestable\/\",\"url\":\"https:\/\/www.noticiasradioreflejos.com.ar\/2021\/llovio-toda-la-noche-y-la-semana-continuara-inestable\/\",\"name\":\"Llovi\u00f3 toda la noche; y la semana continuar\u00e1 inestable. - Noticias Radio Reflejos\",\"isPartOf\":{\"@id\":\"https:\/\/www.noticiasradioreflejos.com.ar\/2021\/#website\"},\"primaryImageOfPage\":{\"@id\":\"https:\/\/www.noticiasradioreflejos.com.ar\/2021\/llovio-toda-la-noche-y-la-semana-continuara-inestable\/#primaryimage\"},\"image\":{\"@id\":\"https:\/\/www.noticiasradioreflejos.com.ar\/2021\/llovio-toda-la-noche-y-la-semana-continuara-inestable\/#primaryimage\"},\"thumbnailUrl\":\"https:\/\/www.noticiasradioreflejos.com.ar\/2021\/wp-content\/uploads\/2023\/03\/Lluvia-centro-de-sierra.jpeg\",\"datePublished\":\"2024-11-04T10:59:36+00:00\",\"dateModified\":\"2024-11-04T11:52:38+00:00\",\"author\":{\"@id\":\"https:\/\/www.noticiasradioreflejos.com.ar\/2021\/#\/schema\/person\/ad82545263dcc5ec0996818884fd5fb1\"},\"breadcrumb\":{\"@id\":\"https:\/\/www.noticiasradioreflejos.com.ar\/2021\/llovio-toda-la-noche-y-la-semana-continuara-inestable\/#breadcrumb\"},\"inLanguage\":\"es\",\"potentialAction\":[{\"@type\":\"ReadAction\",\"target\":[\"https:\/\/www.noticiasradioreflejos.com.ar\/2021\/llovio-toda-la-noche-y-la-semana-continuara-inestable\/\"]}]},{\"@type\":\"ImageObject\",\"inLanguage\":\"es\",\"@id\":\"https:\/\/www.noticiasradioreflejos.com.ar\/2021\/llovio-toda-la-noche-y-la-semana-continuara-inestable\/#primaryimage\",\"url\":\"https:\/\/www.noticiasradioreflejos.com.ar\/2021\/wp-content\/uploads\/2023\/03\/Lluvia-centro-de-sierra.jpeg\",\"contentUrl\":\"https:\/\/www.noticiasradioreflejos.com.ar\/2021\/wp-content\/uploads\/2023\/03\/Lluvia-centro-de-sierra.jpeg\",\"width\":1600,\"height\":900},{\"@type\":\"BreadcrumbList\",\"@id\":\"https:\/\/www.noticiasradioreflejos.com.ar\/2021\/llovio-toda-la-noche-y-la-semana-continuara-inestable\/#breadcrumb\",\"itemListElement\":[{\"@type\":\"ListItem\",\"position\":1,\"name\":\"Portada\",\"item\":\"https:\/\/www.noticiasradioreflejos.com.ar\/2021\/\"},{\"@type\":\"ListItem\",\"position\":2,\"name\":\"Llovi\u00f3 toda la noche; y la semana continuar\u00e1 inestable.\"}]},{\"@type\":\"WebSite\",\"@id\":\"https:\/\/www.noticiasradioreflejos.com.ar\/2021\/#website\",\"url\":\"https:\/\/www.noticiasradioreflejos.com.ar\/2021\/\",\"name\":\"Noticias Radio Reflejos\",\"description\":\"Las noticias de mi comarca\",\"potentialAction\":[{\"@type\":\"SearchAction\",\"target\":{\"@type\":\"EntryPoint\",\"urlTemplate\":\"https:\/\/www.noticiasradioreflejos.com.ar\/2021\/?s={search_term_string}\"},\"query-input\":{\"@type\":\"PropertyValueSpecification\",\"valueRequired\":true,\"valueName\":\"search_term_string\"}}],\"inLanguage\":\"es\"},{\"@type\":\"Person\",\"@id\":\"https:\/\/www.noticiasradioreflejos.com.ar\/2021\/#\/schema\/person\/ad82545263dcc5ec0996818884fd5fb1\",\"name\":\"Arnaldo Botto\",\"image\":{\"@type\":\"ImageObject\",\"inLanguage\":\"es\",\"@id\":\"https:\/\/www.noticiasradioreflejos.com.ar\/2021\/#\/schema\/person\/image\/\",\"url\":\"https:\/\/secure.gravatar.com\/avatar\/55cb5e37c1efa326397366e6974cb338056df65cb50e7d64d1cf314e87504837?s=96&d=mm&r=g\",\"contentUrl\":\"https:\/\/secure.gravatar.com\/avatar\/55cb5e37c1efa326397366e6974cb338056df65cb50e7d64d1cf314e87504837?s=96&d=mm&r=g\",\"caption\":\"Arnaldo Botto\"},\"url\":\"https:\/\/www.noticiasradioreflejos.com.ar\/2021\/author\/arnaldo\/\"}]}<\/script>\n<!-- \/ Yoast SEO plugin. -->","yoast_head_json":{"title":"Llovi\u00f3 toda la noche; y la semana continuar\u00e1 inestable. - Noticias Radio Reflejos","robots":{"index":"index","follow":"follow","max-snippet":"max-snippet:-1","max-image-preview":"max-image-preview:large","max-video-preview":"max-video-preview:-1"},"canonical":"https:\/\/www.noticiasradioreflejos.com.ar\/2021\/llovio-toda-la-noche-y-la-semana-continuara-inestable\/","og_locale":"es_ES","og_type":"article","og_title":"Llovi\u00f3 toda la noche; y la semana continuar\u00e1 inestable. - Noticias Radio Reflejos","og_description":"Desde la tarde del domingo se produjeron lluvias en la zona serrana y una amplia zona del sudoeste bonaerense. Rige una alerta naranja para la provincia de Buenos Aires por fuertes tormentas","og_url":"https:\/\/www.noticiasradioreflejos.com.ar\/2021\/llovio-toda-la-noche-y-la-semana-continuara-inestable\/","og_site_name":"Noticias Radio Reflejos","article_published_time":"2024-11-04T10:59:36+00:00","article_modified_time":"2024-11-04T11:52:38+00:00","og_image":[{"width":1600,"height":900,"url":"https:\/\/www.noticiasradioreflejos.com.ar\/2021\/wp-content\/uploads\/2023\/03\/Lluvia-centro-de-sierra.jpeg","type":"image\/jpeg"}],"author":"Arnaldo Botto","twitter_card":"summary_large_image","schema":{"@context":"https:\/\/schema.org","@graph":[{"@type":"WebPage","@id":"https:\/\/www.noticiasradioreflejos.com.ar\/2021\/llovio-toda-la-noche-y-la-semana-continuara-inestable\/","url":"https:\/\/www.noticiasradioreflejos.com.ar\/2021\/llovio-toda-la-noche-y-la-semana-continuara-inestable\/","name":"Llovi\u00f3 toda la noche; y la semana continuar\u00e1 inestable. - Noticias Radio Reflejos","isPartOf":{"@id":"https:\/\/www.noticiasradioreflejos.com.ar\/2021\/#website"},"primaryImageOfPage":{"@id":"https:\/\/www.noticiasradioreflejos.com.ar\/2021\/llovio-toda-la-noche-y-la-semana-continuara-inestable\/#primaryimage"},"image":{"@id":"https:\/\/www.noticiasradioreflejos.com.ar\/2021\/llovio-toda-la-noche-y-la-semana-continuara-inestable\/#primaryimage"},"thumbnailUrl":"https:\/\/www.noticiasradioreflejos.com.ar\/2021\/wp-content\/uploads\/2023\/03\/Lluvia-centro-de-sierra.jpeg","datePublished":"2024-11-04T10:59:36+00:00","dateModified":"2024-11-04T11:52:38+00:00","author":{"@id":"https:\/\/www.noticiasradioreflejos.com.ar\/2021\/#\/schema\/person\/ad82545263dcc5ec0996818884fd5fb1"},"breadcrumb":{"@id":"https:\/\/www.noticiasradioreflejos.com.ar\/2021\/llovio-toda-la-noche-y-la-semana-continuara-inestable\/#breadcrumb"},"inLanguage":"es","potentialAction":[{"@type":"ReadAction","target":["https:\/\/www.noticiasradioreflejos.com.ar\/2021\/llovio-toda-la-noche-y-la-semana-continuara-inestable\/"]}]},{"@type":"ImageObject","inLanguage":"es","@id":"https:\/\/www.noticiasradioreflejos.com.ar\/2021\/llovio-toda-la-noche-y-la-semana-continuara-inestable\/#primaryimage","url":"https:\/\/www.noticiasradioreflejos.com.ar\/2021\/wp-content\/uploads\/2023\/03\/Lluvia-centro-de-sierra.jpeg","contentUrl":"https:\/\/www.noticiasradioreflejos.com.ar\/2021\/wp-content\/uploads\/2023\/03\/Lluvia-centro-de-sierra.jpeg","width":1600,"height":900},{"@type":"BreadcrumbList","@id":"https:\/\/www.noticiasradioreflejos.com.ar\/2021\/llovio-toda-la-noche-y-la-semana-continuara-inestable\/#breadcrumb","itemListElement":[{"@type":"ListItem","position":1,"name":"Portada","item":"https:\/\/www.noticiasradioreflejos.com.ar\/2021\/"},{"@type":"ListItem","position":2,"name":"Llovi\u00f3 toda la noche; y la semana continuar\u00e1 inestable."}]},{"@type":"WebSite","@id":"https:\/\/www.noticiasradioreflejos.com.ar\/2021\/#website","url":"https:\/\/www.noticiasradioreflejos.com.ar\/2021\/","name":"Noticias Radio Reflejos","description":"Las noticias de mi comarca","potentialAction":[{"@type":"SearchAction","target":{"@type":"EntryPoint","urlTemplate":"https:\/\/www.noticiasradioreflejos.com.ar\/2021\/?s={search_term_string}"},"query-input":{"@type":"PropertyValueSpecification","valueRequired":true,"valueName":"search_term_string"}}],"inLanguage":"es"},{"@type":"Person","@id":"https:\/\/www.noticiasradioreflejos.com.ar\/2021\/#\/schema\/person\/ad82545263dcc5ec0996818884fd5fb1","name":"Arnaldo Botto","image":{"@type":"ImageObject","inLanguage":"es","@id":"https:\/\/www.noticiasradioreflejos.com.ar\/2021\/#\/schema\/person\/image\/","url":"https:\/\/secure.gravatar.com\/avatar\/55cb5e37c1efa326397366e6974cb338056df65cb50e7d64d1cf314e87504837?s=96&d=mm&r=g","contentUrl":"https:\/\/secure.gravatar.com\/avatar\/55cb5e37c1efa326397366e6974cb338056df65cb50e7d64d1cf314e87504837?s=96&d=mm&r=g","caption":"Arnaldo Botto"},"url":"https:\/\/www.noticiasradioreflejos.com.ar\/2021\/author\/arnaldo\/"}]}},"_links":{"self":[{"href":"https:\/\/www.noticiasradioreflejos.com.ar\/2021\/wp-json\/wp\/v2\/posts\/109096","targetHints":{"allow":["GET"]}}],"collection":[{"href":"https:\/\/www.noticiasradioreflejos.com.ar\/2021\/wp-json\/wp\/v2\/posts"}],"about":[{"href":"https:\/\/www.noticiasradioreflejos.com.ar\/2021\/wp-json\/wp\/v2\/types\/post"}],"author":[{"embeddable":true,"href":"https:\/\/www.noticiasradioreflejos.com.ar\/2021\/wp-json\/wp\/v2\/users\/3"}],"replies":[{"embeddable":true,"href":"https:\/\/www.noticiasradioreflejos.com.ar\/2021\/wp-json\/wp\/v2\/comments?post=109096"}],"version-history":[{"count":7,"href":"https:\/\/www.noticiasradioreflejos.com.ar\/2021\/wp-json\/wp\/v2\/posts\/109096\/revisions"}],"predecessor-version":[{"id":109103,"href":"https:\/\/www.noticiasradioreflejos.com.ar\/2021\/wp-json\/wp\/v2\/posts\/109096\/revisions\/109103"}],"wp:featuredmedia":[{"embeddable":true,"href":"https:\/\/www.noticiasradioreflejos.com.ar\/2021\/wp-json\/wp\/v2\/media\/85132"}],"wp:attachment":[{"href":"https:\/\/www.noticiasradioreflejos.com.ar\/2021\/wp-json\/wp\/v2\/media?parent=109096"}],"wp:term":[{"taxonomy":"category","embeddable":true,"href":"https:\/\/www.noticiasradioreflejos.com.ar\/2021\/wp-json\/wp\/v2\/categories?post=109096"},{"taxonomy":"post_tag","embeddable":true,"href":"https:\/\/www.noticiasradioreflejos.com.ar\/2021\/wp-json\/wp\/v2\/tags?post=109096"}],"curies":[{"name":"wp","href":"https:\/\/api.w.org\/{rel}","templated":true}]}}