{"id":109093,"date":"2024-11-04T07:13:04","date_gmt":"2024-11-04T10:13:04","guid":{"rendered":"https:\/\/www.noticiasradioreflejos.com.ar\/2021\/?p=109093"},"modified":"2024-11-04T12:05:20","modified_gmt":"2024-11-04T15:05:20","slug":"accidente-fatal-en-el-acceso-a-coronel-suarez","status":"publish","type":"post","link":"https:\/\/www.noticiasradioreflejos.com.ar\/2021\/accidente-fatal-en-el-acceso-a-coronel-suarez\/","title":{"rendered":"Accidente fatal en el acceso a Coronel Su\u00e1rez"},"content":{"rendered":"<p>Sobre las 20 y seg\u00fan informan los colegas de Su\u00e1rez al D\u00eda se produjo un siniestro vial en la ruta 85, a escasos metros de la rotonda de acceso a aquella localidad.<!--more--><\/p>\n<p>Sobre las 22.30 horas del domingo se conoci\u00f3 la identidad de la mujer fallecida: Bel\u00e9n Spitale de 34 a\u00f1os. En tanto que con ella se movilizaba Yael Spitale de 24 y una ni\u00f1a de 10 a\u00f1os, ambas permanecen internadas en el Hospital Municipal bajo pron\u00f3stico reservado con riesgo de vida. Por su parte, el conductor de la pick up fue identificado como Ian Gonzalo Froelich de 29 a\u00f1os.<\/p>\n<p>Instantes antes a las 20 horas de este domingo se produjo un choque fatal en la Ruta 85 a 3500 metros de la rotonda con avenidas Alfonsina Storni y Teodosio Alaniz de ingreso a Coronel Su\u00e1rez.<\/p>\n<p>Por causas que son motivo de investigaci\u00f3n, una pick up Toyota Hilux colision\u00f3 con una moto en la que circulaban tres personas de sexo femenino y como consecuencia de ello una de las mujeres perdi\u00f3 la vida en el acto, en tanto que las dos restantes fueron trasladadas en ambulancia al Hospital Municipal de Coronel Su\u00e1rez con heridas de extrema gravedad que ponen en riesgo su vida.<\/p>\n<p>En tanto que el impacto desencaden\u00f3 un principio de incendio en la camioneta que requiri\u00f3 de la intervenci\u00f3n de los Bomberos Voluntarios. Ambos veh\u00edculos finalizaron sobre las banquinas.<\/p>\n<p>&nbsp;<\/p>\n<p><em><strong>Informe Ezequiel Villanueva<\/strong><\/em><\/p>\n","protected":false},"excerpt":{"rendered":"<p>Sobre las 20 y seg\u00fan informan los colegas de Su\u00e1rez al D\u00eda se produjo un siniestro vial en la ruta 85, a escasos metros de la rotonda de acceso a aquella localidad.<\/p>\n","protected":false},"author":3,"featured_media":0,"comment_status":"closed","ping_status":"closed","sticky":false,"template":"","format":"standard","meta":{"footnotes":""},"categories":[29],"tags":[],"class_list":["post-109093","post","type-post","status-publish","format-standard","hentry","category-policiales"],"yoast_head":"<!-- This site is optimized with the Yoast SEO plugin v25.9 - https:\/\/yoast.com\/wordpress\/plugins\/seo\/ -->\n<title>Accidente fatal en el acceso a Coronel Su\u00e1rez - Noticias Radio Reflejos<\/title>\n<meta name=\"robots\" content=\"index, follow, max-snippet:-1, max-image-preview:large, max-video-preview:-1\" \/>\n<link rel=\"canonical\" href=\"https:\/\/www.noticiasradioreflejos.com.ar\/2021\/accidente-fatal-en-el-acceso-a-coronel-suarez\/\" \/>\n<meta property=\"og:locale\" content=\"es_ES\" \/>\n<meta property=\"og:type\" content=\"article\" \/>\n<meta property=\"og:title\" content=\"Accidente fatal en el acceso a Coronel Su\u00e1rez - Noticias Radio Reflejos\" \/>\n<meta property=\"og:description\" content=\"Sobre las 20 y seg\u00fan informan los colegas de Su\u00e1rez al D\u00eda se produjo un siniestro vial en la ruta 85, a escasos metros de la rotonda de acceso a aquella localidad.\" \/>\n<meta property=\"og:url\" content=\"https:\/\/www.noticiasradioreflejos.com.ar\/2021\/accidente-fatal-en-el-acceso-a-coronel-suarez\/\" \/>\n<meta property=\"og:site_name\" content=\"Noticias Radio Reflejos\" \/>\n<meta property=\"article:published_time\" content=\"2024-11-04T10:13:04+00:00\" \/>\n<meta property=\"article:modified_time\" content=\"2024-11-04T15:05:20+00:00\" \/>\n<meta property=\"og:image\" content=\"https:\/\/www.noticiasradioreflejos.com.ar\/2021\/wp-content\/uploads\/2021\/07\/logosol300x200.png\" \/>\n\t<meta property=\"og:image:width\" content=\"300\" \/>\n\t<meta property=\"og:image:height\" content=\"200\" \/>\n\t<meta property=\"og:image:type\" content=\"image\/png\" \/>\n<meta name=\"author\" content=\"Arnaldo Botto\" \/>\n<meta name=\"twitter:card\" content=\"summary_large_image\" \/>\n<script type=\"application\/ld+json\" class=\"yoast-schema-graph\">{\"@context\":\"https:\/\/schema.org\",\"@graph\":[{\"@type\":\"WebPage\",\"@id\":\"https:\/\/www.noticiasradioreflejos.com.ar\/2021\/accidente-fatal-en-el-acceso-a-coronel-suarez\/\",\"url\":\"https:\/\/www.noticiasradioreflejos.com.ar\/2021\/accidente-fatal-en-el-acceso-a-coronel-suarez\/\",\"name\":\"Accidente fatal en el acceso a Coronel Su\u00e1rez - Noticias Radio Reflejos\",\"isPartOf\":{\"@id\":\"https:\/\/www.noticiasradioreflejos.com.ar\/2021\/#website\"},\"datePublished\":\"2024-11-04T10:13:04+00:00\",\"dateModified\":\"2024-11-04T15:05:20+00:00\",\"author\":{\"@id\":\"https:\/\/www.noticiasradioreflejos.com.ar\/2021\/#\/schema\/person\/ad82545263dcc5ec0996818884fd5fb1\"},\"breadcrumb\":{\"@id\":\"https:\/\/www.noticiasradioreflejos.com.ar\/2021\/accidente-fatal-en-el-acceso-a-coronel-suarez\/#breadcrumb\"},\"inLanguage\":\"es\",\"potentialAction\":[{\"@type\":\"ReadAction\",\"target\":[\"https:\/\/www.noticiasradioreflejos.com.ar\/2021\/accidente-fatal-en-el-acceso-a-coronel-suarez\/\"]}]},{\"@type\":\"BreadcrumbList\",\"@id\":\"https:\/\/www.noticiasradioreflejos.com.ar\/2021\/accidente-fatal-en-el-acceso-a-coronel-suarez\/#breadcrumb\",\"itemListElement\":[{\"@type\":\"ListItem\",\"position\":1,\"name\":\"Portada\",\"item\":\"https:\/\/www.noticiasradioreflejos.com.ar\/2021\/\"},{\"@type\":\"ListItem\",\"position\":2,\"name\":\"Accidente fatal en el acceso a Coronel Su\u00e1rez\"}]},{\"@type\":\"WebSite\",\"@id\":\"https:\/\/www.noticiasradioreflejos.com.ar\/2021\/#website\",\"url\":\"https:\/\/www.noticiasradioreflejos.com.ar\/2021\/\",\"name\":\"Noticias Radio Reflejos\",\"description\":\"Las noticias de mi comarca\",\"potentialAction\":[{\"@type\":\"SearchAction\",\"target\":{\"@type\":\"EntryPoint\",\"urlTemplate\":\"https:\/\/www.noticiasradioreflejos.com.ar\/2021\/?s={search_term_string}\"},\"query-input\":{\"@type\":\"PropertyValueSpecification\",\"valueRequired\":true,\"valueName\":\"search_term_string\"}}],\"inLanguage\":\"es\"},{\"@type\":\"Person\",\"@id\":\"https:\/\/www.noticiasradioreflejos.com.ar\/2021\/#\/schema\/person\/ad82545263dcc5ec0996818884fd5fb1\",\"name\":\"Arnaldo Botto\",\"image\":{\"@type\":\"ImageObject\",\"inLanguage\":\"es\",\"@id\":\"https:\/\/www.noticiasradioreflejos.com.ar\/2021\/#\/schema\/person\/image\/\",\"url\":\"https:\/\/secure.gravatar.com\/avatar\/55cb5e37c1efa326397366e6974cb338056df65cb50e7d64d1cf314e87504837?s=96&d=mm&r=g\",\"contentUrl\":\"https:\/\/secure.gravatar.com\/avatar\/55cb5e37c1efa326397366e6974cb338056df65cb50e7d64d1cf314e87504837?s=96&d=mm&r=g\",\"caption\":\"Arnaldo Botto\"},\"url\":\"https:\/\/www.noticiasradioreflejos.com.ar\/2021\/author\/arnaldo\/\"}]}<\/script>\n<!-- \/ Yoast SEO plugin. -->","yoast_head_json":{"title":"Accidente fatal en el acceso a Coronel Su\u00e1rez - Noticias Radio Reflejos","robots":{"index":"index","follow":"follow","max-snippet":"max-snippet:-1","max-image-preview":"max-image-preview:large","max-video-preview":"max-video-preview:-1"},"canonical":"https:\/\/www.noticiasradioreflejos.com.ar\/2021\/accidente-fatal-en-el-acceso-a-coronel-suarez\/","og_locale":"es_ES","og_type":"article","og_title":"Accidente fatal en el acceso a Coronel Su\u00e1rez - Noticias Radio Reflejos","og_description":"Sobre las 20 y seg\u00fan informan los colegas de Su\u00e1rez al D\u00eda se produjo un siniestro vial en la ruta 85, a escasos metros de la rotonda de acceso a aquella localidad.","og_url":"https:\/\/www.noticiasradioreflejos.com.ar\/2021\/accidente-fatal-en-el-acceso-a-coronel-suarez\/","og_site_name":"Noticias Radio Reflejos","article_published_time":"2024-11-04T10:13:04+00:00","article_modified_time":"2024-11-04T15:05:20+00:00","og_image":[{"width":300,"height":200,"url":"https:\/\/www.noticiasradioreflejos.com.ar\/2021\/wp-content\/uploads\/2021\/07\/logosol300x200.png","type":"image\/png"}],"author":"Arnaldo Botto","twitter_card":"summary_large_image","schema":{"@context":"https:\/\/schema.org","@graph":[{"@type":"WebPage","@id":"https:\/\/www.noticiasradioreflejos.com.ar\/2021\/accidente-fatal-en-el-acceso-a-coronel-suarez\/","url":"https:\/\/www.noticiasradioreflejos.com.ar\/2021\/accidente-fatal-en-el-acceso-a-coronel-suarez\/","name":"Accidente fatal en el acceso a Coronel Su\u00e1rez - Noticias Radio Reflejos","isPartOf":{"@id":"https:\/\/www.noticiasradioreflejos.com.ar\/2021\/#website"},"datePublished":"2024-11-04T10:13:04+00:00","dateModified":"2024-11-04T15:05:20+00:00","author":{"@id":"https:\/\/www.noticiasradioreflejos.com.ar\/2021\/#\/schema\/person\/ad82545263dcc5ec0996818884fd5fb1"},"breadcrumb":{"@id":"https:\/\/www.noticiasradioreflejos.com.ar\/2021\/accidente-fatal-en-el-acceso-a-coronel-suarez\/#breadcrumb"},"inLanguage":"es","potentialAction":[{"@type":"ReadAction","target":["https:\/\/www.noticiasradioreflejos.com.ar\/2021\/accidente-fatal-en-el-acceso-a-coronel-suarez\/"]}]},{"@type":"BreadcrumbList","@id":"https:\/\/www.noticiasradioreflejos.com.ar\/2021\/accidente-fatal-en-el-acceso-a-coronel-suarez\/#breadcrumb","itemListElement":[{"@type":"ListItem","position":1,"name":"Portada","item":"https:\/\/www.noticiasradioreflejos.com.ar\/2021\/"},{"@type":"ListItem","position":2,"name":"Accidente fatal en el acceso a Coronel Su\u00e1rez"}]},{"@type":"WebSite","@id":"https:\/\/www.noticiasradioreflejos.com.ar\/2021\/#website","url":"https:\/\/www.noticiasradioreflejos.com.ar\/2021\/","name":"Noticias Radio Reflejos","description":"Las noticias de mi comarca","potentialAction":[{"@type":"SearchAction","target":{"@type":"EntryPoint","urlTemplate":"https:\/\/www.noticiasradioreflejos.com.ar\/2021\/?s={search_term_string}"},"query-input":{"@type":"PropertyValueSpecification","valueRequired":true,"valueName":"search_term_string"}}],"inLanguage":"es"},{"@type":"Person","@id":"https:\/\/www.noticiasradioreflejos.com.ar\/2021\/#\/schema\/person\/ad82545263dcc5ec0996818884fd5fb1","name":"Arnaldo Botto","image":{"@type":"ImageObject","inLanguage":"es","@id":"https:\/\/www.noticiasradioreflejos.com.ar\/2021\/#\/schema\/person\/image\/","url":"https:\/\/secure.gravatar.com\/avatar\/55cb5e37c1efa326397366e6974cb338056df65cb50e7d64d1cf314e87504837?s=96&d=mm&r=g","contentUrl":"https:\/\/secure.gravatar.com\/avatar\/55cb5e37c1efa326397366e6974cb338056df65cb50e7d64d1cf314e87504837?s=96&d=mm&r=g","caption":"Arnaldo Botto"},"url":"https:\/\/www.noticiasradioreflejos.com.ar\/2021\/author\/arnaldo\/"}]}},"_links":{"self":[{"href":"https:\/\/www.noticiasradioreflejos.com.ar\/2021\/wp-json\/wp\/v2\/posts\/109093","targetHints":{"allow":["GET"]}}],"collection":[{"href":"https:\/\/www.noticiasradioreflejos.com.ar\/2021\/wp-json\/wp\/v2\/posts"}],"about":[{"href":"https:\/\/www.noticiasradioreflejos.com.ar\/2021\/wp-json\/wp\/v2\/types\/post"}],"author":[{"embeddable":true,"href":"https:\/\/www.noticiasradioreflejos.com.ar\/2021\/wp-json\/wp\/v2\/users\/3"}],"replies":[{"embeddable":true,"href":"https:\/\/www.noticiasradioreflejos.com.ar\/2021\/wp-json\/wp\/v2\/comments?post=109093"}],"version-history":[{"count":3,"href":"https:\/\/www.noticiasradioreflejos.com.ar\/2021\/wp-json\/wp\/v2\/posts\/109093\/revisions"}],"predecessor-version":[{"id":109111,"href":"https:\/\/www.noticiasradioreflejos.com.ar\/2021\/wp-json\/wp\/v2\/posts\/109093\/revisions\/109111"}],"wp:attachment":[{"href":"https:\/\/www.noticiasradioreflejos.com.ar\/2021\/wp-json\/wp\/v2\/media?parent=109093"}],"wp:term":[{"taxonomy":"category","embeddable":true,"href":"https:\/\/www.noticiasradioreflejos.com.ar\/2021\/wp-json\/wp\/v2\/categories?post=109093"},{"taxonomy":"post_tag","embeddable":true,"href":"https:\/\/www.noticiasradioreflejos.com.ar\/2021\/wp-json\/wp\/v2\/tags?post=109093"}],"curies":[{"name":"wp","href":"https:\/\/api.w.org\/{rel}","templated":true}]}}