{"id":109077,"date":"2024-11-03T10:10:11","date_gmt":"2024-11-03T13:10:11","guid":{"rendered":"https:\/\/www.noticiasradioreflejos.com.ar\/2021\/?p=109077"},"modified":"2024-11-03T10:10:11","modified_gmt":"2024-11-03T13:10:11","slug":"la-urgente-necesidad-de-revalorizar-el-poder-legislativo-bonaerense","status":"publish","type":"post","link":"https:\/\/www.noticiasradioreflejos.com.ar\/2021\/la-urgente-necesidad-de-revalorizar-el-poder-legislativo-bonaerense\/","title":{"rendered":"La urgente necesidad de revalorizar el poder legislativo Bonaerense"},"content":{"rendered":"<p>La tendencia del votante bonaerense a concentrarse en las figuras del Poder Ejecutivo -principalmente en el gobernador y los intendentes- genera una din\u00e1mica pol\u00edtica que refuerza el perfil de caudillos contempor\u00e1neos. Esta concentraci\u00f3n de poder deja en segundo plano el papel fundamental que desempe\u00f1an los legisladores y concejales, creando un escenario que no solo altera el equilibrio entre los poderes, sino que tambi\u00e9n limita la capacidad del vecino bonaerense para ejercer una democracia participativa y representativa. En este contexto, el electorado otorga poder sin cuestionar la existencia de contrapesos esenciales en un sistema republicano.<\/p>\n<p>Desde la perspectiva de la Teor\u00eda Constitucional, se sostiene que los tres poderes del Estado -Ejecutivo, Legislativo y Judicial- deben actuar en equilibrio y complementaci\u00f3n. No obstante, el poder real reside en el Poder Legislativo, que tiene la responsabilidad de dictar las normas que regulan la vida de los bonaerenses y de establecer las directrices que deben seguir los poderes Judicial y Ejecutivo. Esta inadecuada atenci\u00f3n hacia el Legislativo y su subestimaci\u00f3n como actor clave no solo desv\u00eda la atenci\u00f3n c\u00edvica, sino que tambi\u00e9n implica una cesi\u00f3n de poder hacia los ejecutivos, consolidando pr\u00e1cticas que restringen el verdadero ejercicio democr\u00e1tico.<\/p>\n<p>La permanencia de listas s\u00e1banas y las normativas actuales para su confecci\u00f3n han exacerbado esta desconexi\u00f3n. Estas listas, que a menudo priorizan la cantidad sobre la calidad de los representantes, permiten que personas sin una formaci\u00f3n legislativa adecuada ni un compromiso genuino con las demandas del bonaerense accedan a cargos legislativos. Esta situaci\u00f3n permite que figuras ajenas al verdadero inter\u00e9s de la provincia ocupen espacios de decisi\u00f3n, lo que erosiona a\u00fan m\u00e1s la confianza del pueblo con sus representantes. En este contexto, la provincia de Buenos Ayres mantiene en vigor m\u00e1s de 3.200 decretos y leyes de origen militar y conservadoras. Estos marcos legales, lejos de propiciar el desarrollo, profundizan el estancamiento y subdesarrollo de la regi\u00f3n, perpetuando estructuras de poder que no responden a las necesidades de la poblaci\u00f3n.<\/p>\n<p>La falta de control y el escaso inter\u00e9s en el Legislativo permiten que leyes obsoletas contin\u00faen vigentes, generando consecuencias negativas en el \u00e1mbito econ\u00f3mico y social. Esto se traduce en una falta de regulaci\u00f3n adecuada en \u00e1reas cr\u00edticas como la educaci\u00f3n, la salud, la seguridad y el desarrollo econ\u00f3mico, afectando directamente la calidad de vida de los bonaerenses. Sin un marco legal actualizado que contemple las realidades actuales de la comunidad, el progreso se convierte en una meta inalcanzable.<\/p>\n<p>Para romper este c\u00edrculo vicioso, es esencial que los legisladores y concejales sean interpelados de manera regular por sus votantes, quienes deben estar informados sobre sus actividades, proyectos y posiciones. En este sentido, el concepto de \u201cmandato imperativo\u201d, propuesto por Jos\u00e9 G. Artigas, recobra relevancia: el pueblo debe exigir que la representaci\u00f3n se vincule directamente a los intereses populares, con la posibilidad de revocatoria en caso de incumplimiento. Este enfoque no s\u00f3lo revitaliza la relaci\u00f3n entre electores y elegidos, sino que tambi\u00e9n fortalece al vecino para demandar mayor responsabilidad en el ejercicio del poder.<\/p>\n<p>Los representantes, como ejecutores de la voluntad popular, deben poner sus convicciones al servicio del electorado y no de agendas ajenas a sus necesidades. La premisa de que el Congreso debe ser, por definici\u00f3n, \u201cla casa del pueblo\u201d, debe guiar todas las acciones de los legisladores. Solo a trav\u00e9s de una representaci\u00f3n efectiva y responsable se puede construir una democracia en\u00e9rgica, donde el Poder Legislativo act\u00fae como un verdadero reflejo de los intereses de su pueblo y no como un mero ap\u00e9ndice del Ejecutivo.<\/p>\n<p>En definitiva, un cambio en la l\u00f3gica del poder es urgente. Es momento de redirigir nuestra atenci\u00f3n hacia los legisladores y concejales, fortaleciendo el Poder Legislativo como el verdadero baluarte de la democracia en la provincia de Buenos Ayres. Este fortalecimiento no solo beneficiar\u00e1 a los representantes electos, sino que tambi\u00e9n permitir\u00e1 a los vecinos recuperar su voz y su protagonismo en la pol\u00edtica provincial y municipal. Solo de esta manera podremos avanzar hacia una provincia m\u00e1s justa, equitativa y democr\u00e1tica, donde las decisiones se tomen en funci\u00f3n de las necesidades del pueblo y no de intereses sectarios y partidocr\u00e1ticos.<\/p>\n<p>&nbsp;<\/p>\n<p><strong>Luis Gotte<br \/>\nLa trinchera bonaerense<br \/>\nMar del Plata<br \/>\nCo-autor de \u201cBuenos Ayres Humana I, la hora de tu comunidad\u201d Ed. Fabro, 2022, \u201cBuenos Ayres Humana II, la hora de tus Intendentes\u201d Ed. Fabro, 2024, y en preparaci\u00f3n: \u201cBuenos Ayres Humana III, la hora del regionalismo productivo y la IA.\u201d<\/strong><\/p>\n<p>&nbsp;<\/p>\n<p><strong>Foto de portada: De Noelia Soria &#8211; Trabajo propio, CC BY-SA 3.0, <a href=\"https:\/\/commons.wikimedia.org\/w\/index.php?curid=21763732\">https:\/\/commons.wikimedia.org\/w\/index.php?curid=21763732<\/a><\/strong><\/p>\n","protected":false},"excerpt":{"rendered":"<p>La tendencia del votante bonaerense a concentrarse en las figuras del Poder Ejecutivo -principalmente en el gobernador y los intendentes- genera una din\u00e1mica pol\u00edtica que refuerza el perfil de caudillos contempor\u00e1neos. Esta concentraci\u00f3n de poder deja en segundo plano el papel fundamental que desempe\u00f1an los legisladores y concejales, creando un escenario que no solo altera [&hellip;]<\/p>\n","protected":false},"author":3,"featured_media":109078,"comment_status":"closed","ping_status":"closed","sticky":false,"template":"","format":"standard","meta":{"footnotes":""},"categories":[24],"tags":[],"class_list":["post-109077","post","type-post","status-publish","format-standard","has-post-thumbnail","hentry","category-politica"],"yoast_head":"<!-- This site is optimized with the Yoast SEO plugin v25.9 - https:\/\/yoast.com\/wordpress\/plugins\/seo\/ -->\n<title>La urgente necesidad de revalorizar el poder legislativo Bonaerense - Noticias Radio Reflejos<\/title>\n<meta name=\"robots\" content=\"index, follow, max-snippet:-1, max-image-preview:large, max-video-preview:-1\" \/>\n<link rel=\"canonical\" href=\"https:\/\/www.noticiasradioreflejos.com.ar\/2021\/la-urgente-necesidad-de-revalorizar-el-poder-legislativo-bonaerense\/\" \/>\n<meta property=\"og:locale\" content=\"es_ES\" \/>\n<meta property=\"og:type\" content=\"article\" \/>\n<meta property=\"og:title\" content=\"La urgente necesidad de revalorizar el poder legislativo Bonaerense - Noticias Radio Reflejos\" \/>\n<meta property=\"og:description\" content=\"La tendencia del votante bonaerense a concentrarse en las figuras del Poder Ejecutivo -principalmente en el gobernador y los intendentes- genera una din\u00e1mica pol\u00edtica que refuerza el perfil de caudillos contempor\u00e1neos. Esta concentraci\u00f3n de poder deja en segundo plano el papel fundamental que desempe\u00f1an los legisladores y concejales, creando un escenario que no solo altera [&hellip;]\" \/>\n<meta property=\"og:url\" content=\"https:\/\/www.noticiasradioreflejos.com.ar\/2021\/la-urgente-necesidad-de-revalorizar-el-poder-legislativo-bonaerense\/\" \/>\n<meta property=\"og:site_name\" content=\"Noticias Radio Reflejos\" \/>\n<meta property=\"article:published_time\" content=\"2024-11-03T13:10:11+00:00\" \/>\n<meta property=\"og:image\" content=\"https:\/\/www.noticiasradioreflejos.com.ar\/2021\/wp-content\/uploads\/2024\/11\/Legislatura-La-plata.jpg\" \/>\n\t<meta property=\"og:image:width\" content=\"800\" \/>\n\t<meta property=\"og:image:height\" content=\"533\" \/>\n\t<meta property=\"og:image:type\" content=\"image\/jpeg\" \/>\n<meta name=\"author\" content=\"Arnaldo Botto\" \/>\n<meta name=\"twitter:card\" content=\"summary_large_image\" \/>\n<script type=\"application\/ld+json\" class=\"yoast-schema-graph\">{\"@context\":\"https:\/\/schema.org\",\"@graph\":[{\"@type\":\"WebPage\",\"@id\":\"https:\/\/www.noticiasradioreflejos.com.ar\/2021\/la-urgente-necesidad-de-revalorizar-el-poder-legislativo-bonaerense\/\",\"url\":\"https:\/\/www.noticiasradioreflejos.com.ar\/2021\/la-urgente-necesidad-de-revalorizar-el-poder-legislativo-bonaerense\/\",\"name\":\"La urgente necesidad de revalorizar el poder legislativo Bonaerense - Noticias Radio Reflejos\",\"isPartOf\":{\"@id\":\"https:\/\/www.noticiasradioreflejos.com.ar\/2021\/#website\"},\"primaryImageOfPage\":{\"@id\":\"https:\/\/www.noticiasradioreflejos.com.ar\/2021\/la-urgente-necesidad-de-revalorizar-el-poder-legislativo-bonaerense\/#primaryimage\"},\"image\":{\"@id\":\"https:\/\/www.noticiasradioreflejos.com.ar\/2021\/la-urgente-necesidad-de-revalorizar-el-poder-legislativo-bonaerense\/#primaryimage\"},\"thumbnailUrl\":\"https:\/\/www.noticiasradioreflejos.com.ar\/2021\/wp-content\/uploads\/2024\/11\/Legislatura-La-plata.jpg\",\"datePublished\":\"2024-11-03T13:10:11+00:00\",\"author\":{\"@id\":\"https:\/\/www.noticiasradioreflejos.com.ar\/2021\/#\/schema\/person\/ad82545263dcc5ec0996818884fd5fb1\"},\"breadcrumb\":{\"@id\":\"https:\/\/www.noticiasradioreflejos.com.ar\/2021\/la-urgente-necesidad-de-revalorizar-el-poder-legislativo-bonaerense\/#breadcrumb\"},\"inLanguage\":\"es\",\"potentialAction\":[{\"@type\":\"ReadAction\",\"target\":[\"https:\/\/www.noticiasradioreflejos.com.ar\/2021\/la-urgente-necesidad-de-revalorizar-el-poder-legislativo-bonaerense\/\"]}]},{\"@type\":\"ImageObject\",\"inLanguage\":\"es\",\"@id\":\"https:\/\/www.noticiasradioreflejos.com.ar\/2021\/la-urgente-necesidad-de-revalorizar-el-poder-legislativo-bonaerense\/#primaryimage\",\"url\":\"https:\/\/www.noticiasradioreflejos.com.ar\/2021\/wp-content\/uploads\/2024\/11\/Legislatura-La-plata.jpg\",\"contentUrl\":\"https:\/\/www.noticiasradioreflejos.com.ar\/2021\/wp-content\/uploads\/2024\/11\/Legislatura-La-plata.jpg\",\"width\":800,\"height\":533},{\"@type\":\"BreadcrumbList\",\"@id\":\"https:\/\/www.noticiasradioreflejos.com.ar\/2021\/la-urgente-necesidad-de-revalorizar-el-poder-legislativo-bonaerense\/#breadcrumb\",\"itemListElement\":[{\"@type\":\"ListItem\",\"position\":1,\"name\":\"Portada\",\"item\":\"https:\/\/www.noticiasradioreflejos.com.ar\/2021\/\"},{\"@type\":\"ListItem\",\"position\":2,\"name\":\"La urgente necesidad de revalorizar el poder legislativo Bonaerense\"}]},{\"@type\":\"WebSite\",\"@id\":\"https:\/\/www.noticiasradioreflejos.com.ar\/2021\/#website\",\"url\":\"https:\/\/www.noticiasradioreflejos.com.ar\/2021\/\",\"name\":\"Noticias Radio Reflejos\",\"description\":\"Las noticias de mi comarca\",\"potentialAction\":[{\"@type\":\"SearchAction\",\"target\":{\"@type\":\"EntryPoint\",\"urlTemplate\":\"https:\/\/www.noticiasradioreflejos.com.ar\/2021\/?s={search_term_string}\"},\"query-input\":{\"@type\":\"PropertyValueSpecification\",\"valueRequired\":true,\"valueName\":\"search_term_string\"}}],\"inLanguage\":\"es\"},{\"@type\":\"Person\",\"@id\":\"https:\/\/www.noticiasradioreflejos.com.ar\/2021\/#\/schema\/person\/ad82545263dcc5ec0996818884fd5fb1\",\"name\":\"Arnaldo Botto\",\"image\":{\"@type\":\"ImageObject\",\"inLanguage\":\"es\",\"@id\":\"https:\/\/www.noticiasradioreflejos.com.ar\/2021\/#\/schema\/person\/image\/\",\"url\":\"https:\/\/secure.gravatar.com\/avatar\/55cb5e37c1efa326397366e6974cb338056df65cb50e7d64d1cf314e87504837?s=96&d=mm&r=g\",\"contentUrl\":\"https:\/\/secure.gravatar.com\/avatar\/55cb5e37c1efa326397366e6974cb338056df65cb50e7d64d1cf314e87504837?s=96&d=mm&r=g\",\"caption\":\"Arnaldo Botto\"},\"url\":\"https:\/\/www.noticiasradioreflejos.com.ar\/2021\/author\/arnaldo\/\"}]}<\/script>\n<!-- \/ Yoast SEO plugin. -->","yoast_head_json":{"title":"La urgente necesidad de revalorizar el poder legislativo Bonaerense - Noticias Radio Reflejos","robots":{"index":"index","follow":"follow","max-snippet":"max-snippet:-1","max-image-preview":"max-image-preview:large","max-video-preview":"max-video-preview:-1"},"canonical":"https:\/\/www.noticiasradioreflejos.com.ar\/2021\/la-urgente-necesidad-de-revalorizar-el-poder-legislativo-bonaerense\/","og_locale":"es_ES","og_type":"article","og_title":"La urgente necesidad de revalorizar el poder legislativo Bonaerense - Noticias Radio Reflejos","og_description":"La tendencia del votante bonaerense a concentrarse en las figuras del Poder Ejecutivo -principalmente en el gobernador y los intendentes- genera una din\u00e1mica pol\u00edtica que refuerza el perfil de caudillos contempor\u00e1neos. Esta concentraci\u00f3n de poder deja en segundo plano el papel fundamental que desempe\u00f1an los legisladores y concejales, creando un escenario que no solo altera [&hellip;]","og_url":"https:\/\/www.noticiasradioreflejos.com.ar\/2021\/la-urgente-necesidad-de-revalorizar-el-poder-legislativo-bonaerense\/","og_site_name":"Noticias Radio Reflejos","article_published_time":"2024-11-03T13:10:11+00:00","og_image":[{"width":800,"height":533,"url":"https:\/\/www.noticiasradioreflejos.com.ar\/2021\/wp-content\/uploads\/2024\/11\/Legislatura-La-plata.jpg","type":"image\/jpeg"}],"author":"Arnaldo Botto","twitter_card":"summary_large_image","schema":{"@context":"https:\/\/schema.org","@graph":[{"@type":"WebPage","@id":"https:\/\/www.noticiasradioreflejos.com.ar\/2021\/la-urgente-necesidad-de-revalorizar-el-poder-legislativo-bonaerense\/","url":"https:\/\/www.noticiasradioreflejos.com.ar\/2021\/la-urgente-necesidad-de-revalorizar-el-poder-legislativo-bonaerense\/","name":"La urgente necesidad de revalorizar el poder legislativo Bonaerense - Noticias Radio Reflejos","isPartOf":{"@id":"https:\/\/www.noticiasradioreflejos.com.ar\/2021\/#website"},"primaryImageOfPage":{"@id":"https:\/\/www.noticiasradioreflejos.com.ar\/2021\/la-urgente-necesidad-de-revalorizar-el-poder-legislativo-bonaerense\/#primaryimage"},"image":{"@id":"https:\/\/www.noticiasradioreflejos.com.ar\/2021\/la-urgente-necesidad-de-revalorizar-el-poder-legislativo-bonaerense\/#primaryimage"},"thumbnailUrl":"https:\/\/www.noticiasradioreflejos.com.ar\/2021\/wp-content\/uploads\/2024\/11\/Legislatura-La-plata.jpg","datePublished":"2024-11-03T13:10:11+00:00","author":{"@id":"https:\/\/www.noticiasradioreflejos.com.ar\/2021\/#\/schema\/person\/ad82545263dcc5ec0996818884fd5fb1"},"breadcrumb":{"@id":"https:\/\/www.noticiasradioreflejos.com.ar\/2021\/la-urgente-necesidad-de-revalorizar-el-poder-legislativo-bonaerense\/#breadcrumb"},"inLanguage":"es","potentialAction":[{"@type":"ReadAction","target":["https:\/\/www.noticiasradioreflejos.com.ar\/2021\/la-urgente-necesidad-de-revalorizar-el-poder-legislativo-bonaerense\/"]}]},{"@type":"ImageObject","inLanguage":"es","@id":"https:\/\/www.noticiasradioreflejos.com.ar\/2021\/la-urgente-necesidad-de-revalorizar-el-poder-legislativo-bonaerense\/#primaryimage","url":"https:\/\/www.noticiasradioreflejos.com.ar\/2021\/wp-content\/uploads\/2024\/11\/Legislatura-La-plata.jpg","contentUrl":"https:\/\/www.noticiasradioreflejos.com.ar\/2021\/wp-content\/uploads\/2024\/11\/Legislatura-La-plata.jpg","width":800,"height":533},{"@type":"BreadcrumbList","@id":"https:\/\/www.noticiasradioreflejos.com.ar\/2021\/la-urgente-necesidad-de-revalorizar-el-poder-legislativo-bonaerense\/#breadcrumb","itemListElement":[{"@type":"ListItem","position":1,"name":"Portada","item":"https:\/\/www.noticiasradioreflejos.com.ar\/2021\/"},{"@type":"ListItem","position":2,"name":"La urgente necesidad de revalorizar el poder legislativo Bonaerense"}]},{"@type":"WebSite","@id":"https:\/\/www.noticiasradioreflejos.com.ar\/2021\/#website","url":"https:\/\/www.noticiasradioreflejos.com.ar\/2021\/","name":"Noticias Radio Reflejos","description":"Las noticias de mi comarca","potentialAction":[{"@type":"SearchAction","target":{"@type":"EntryPoint","urlTemplate":"https:\/\/www.noticiasradioreflejos.com.ar\/2021\/?s={search_term_string}"},"query-input":{"@type":"PropertyValueSpecification","valueRequired":true,"valueName":"search_term_string"}}],"inLanguage":"es"},{"@type":"Person","@id":"https:\/\/www.noticiasradioreflejos.com.ar\/2021\/#\/schema\/person\/ad82545263dcc5ec0996818884fd5fb1","name":"Arnaldo Botto","image":{"@type":"ImageObject","inLanguage":"es","@id":"https:\/\/www.noticiasradioreflejos.com.ar\/2021\/#\/schema\/person\/image\/","url":"https:\/\/secure.gravatar.com\/avatar\/55cb5e37c1efa326397366e6974cb338056df65cb50e7d64d1cf314e87504837?s=96&d=mm&r=g","contentUrl":"https:\/\/secure.gravatar.com\/avatar\/55cb5e37c1efa326397366e6974cb338056df65cb50e7d64d1cf314e87504837?s=96&d=mm&r=g","caption":"Arnaldo Botto"},"url":"https:\/\/www.noticiasradioreflejos.com.ar\/2021\/author\/arnaldo\/"}]}},"_links":{"self":[{"href":"https:\/\/www.noticiasradioreflejos.com.ar\/2021\/wp-json\/wp\/v2\/posts\/109077","targetHints":{"allow":["GET"]}}],"collection":[{"href":"https:\/\/www.noticiasradioreflejos.com.ar\/2021\/wp-json\/wp\/v2\/posts"}],"about":[{"href":"https:\/\/www.noticiasradioreflejos.com.ar\/2021\/wp-json\/wp\/v2\/types\/post"}],"author":[{"embeddable":true,"href":"https:\/\/www.noticiasradioreflejos.com.ar\/2021\/wp-json\/wp\/v2\/users\/3"}],"replies":[{"embeddable":true,"href":"https:\/\/www.noticiasradioreflejos.com.ar\/2021\/wp-json\/wp\/v2\/comments?post=109077"}],"version-history":[{"count":1,"href":"https:\/\/www.noticiasradioreflejos.com.ar\/2021\/wp-json\/wp\/v2\/posts\/109077\/revisions"}],"predecessor-version":[{"id":109079,"href":"https:\/\/www.noticiasradioreflejos.com.ar\/2021\/wp-json\/wp\/v2\/posts\/109077\/revisions\/109079"}],"wp:featuredmedia":[{"embeddable":true,"href":"https:\/\/www.noticiasradioreflejos.com.ar\/2021\/wp-json\/wp\/v2\/media\/109078"}],"wp:attachment":[{"href":"https:\/\/www.noticiasradioreflejos.com.ar\/2021\/wp-json\/wp\/v2\/media?parent=109077"}],"wp:term":[{"taxonomy":"category","embeddable":true,"href":"https:\/\/www.noticiasradioreflejos.com.ar\/2021\/wp-json\/wp\/v2\/categories?post=109077"},{"taxonomy":"post_tag","embeddable":true,"href":"https:\/\/www.noticiasradioreflejos.com.ar\/2021\/wp-json\/wp\/v2\/tags?post=109077"}],"curies":[{"name":"wp","href":"https:\/\/api.w.org\/{rel}","templated":true}]}}