{"id":109074,"date":"2024-11-03T10:03:46","date_gmt":"2024-11-03T13:03:46","guid":{"rendered":"https:\/\/www.noticiasradioreflejos.com.ar\/2021\/?p=109074"},"modified":"2024-11-03T10:03:46","modified_gmt":"2024-11-03T13:03:46","slug":"juegos-bonaerenses-tornquist-se-lleva-cuatro-medallas-de-mar-del-plata","status":"publish","type":"post","link":"https:\/\/www.noticiasradioreflejos.com.ar\/2021\/juegos-bonaerenses-tornquist-se-lleva-cuatro-medallas-de-mar-del-plata\/","title":{"rendered":"Juegos Bonaerenses: Tornquist se lleva cuatro medallas de Mar del Plata"},"content":{"rendered":"<p>Finaliz\u00f3 este s\u00e1bado la Final Provincial de los Juegos Bonaerenses 2024 en Mar del Plata, con la participaci\u00f3n del distrito de Tornquist compuesta por una delegaci\u00f3n de m\u00e1s de 100 personas.<!--more--><\/p>\n<p>En la \u00faltima jornada de competencia, fue el turno para Carmi\u00f1a Schwab en Narraci\u00f3n Oral PCD; Sol Quiroga en Dibujo Sub-15, Mia Seal en Pintura PCD, Carolina Puente en Objeto Tridimensional Sub-18, Luc\u00eda Ramirez Gronda en Objeto Tridimensional Sub-15; y Augusto Pizzo y Ariel Bonifacini en Bonaerenses en Carrera.<\/p>\n<p>&nbsp;<br \/>\n<iframe loading=\"lazy\" src=\"https:\/\/www.facebook.com\/plugins\/post.php?href=https%3A%2F%2Fwww.facebook.com%2Fpermalink.php%3Fstory_fbid%3Dpfbid0UVGRjD1iu9kc1FujCX5wEGySqz8MwL3DYNm4o2hmH9kidtx7wBhuodE4Bsqd3urJl%26id%3D100091327519773&#038;show_text=true&#038;width=500\" width=\"500\" height=\"250\" style=\"border:none;overflow:hidden\" scrolling=\"no\" frameborder=\"0\" allowfullscreen=\"true\" allow=\"autoplay; clipboard-write; encrypted-media; picture-in-picture; web-share\"><\/iframe><br \/>\n&nbsp;<\/p>\n<p>De esta manera, Tornquist concret\u00f3 su desempe\u00f1o en la 33\u00b0 edici\u00f3n de los JJBB, con cuatro medallas:<\/p>\n<p>-Luc\u00eda Kees: medalla de oro en Postre Adultos Mayores;<\/p>\n<p>-Juli\u00e1n Buitrago: medalla de oro en Stand Up;<\/p>\n<p>-Alberto Flores: medalla de plata en Sapo;<\/p>\n<p>-Ra\u00fal Del Rio: medalla de plata en Tenis de mesa.<\/p>\n<p>La delegaci\u00f3n fue acompa\u00f1ada durante toda la competencia en la ciudad \u2018Feliz\u2019 por el intendente municipal, Sergio Bordoni; y la Secretaria de Hacienda, Estefan\u00eda Bordoni; y coordinada por la Secretaria de Desarrollo, Daniela Aguilar; la Subsecretaria de Deportes, Sof\u00eda Urriaga; y la Subsecretaria de Cultura, Luc\u00eda Urriaga; y la labor de un importante grupo de personas que hicieron que todo se desarrolle con normalidad.<\/p>\n<p>As\u00ed pas\u00f3 el evento deportivo y cultural m\u00e1s grande de la Provincia de Buenos Aires, donde Tornquist dijo presente con m\u00e1s de 800 inscriptos que fueron parte de las diferentes etapas desarrolladas desde mayo a este s\u00e1bado.<\/p>\n<p>&nbsp;<\/p>\n","protected":false},"excerpt":{"rendered":"<p>Finaliz\u00f3 este s\u00e1bado la Final Provincial de los Juegos Bonaerenses 2024 en Mar del Plata, con la participaci\u00f3n del distrito de Tornquist compuesta por una delegaci\u00f3n de m\u00e1s de 100 personas.<\/p>\n","protected":false},"author":3,"featured_media":0,"comment_status":"closed","ping_status":"closed","sticky":false,"template":"","format":"standard","meta":{"footnotes":""},"categories":[28],"tags":[48],"class_list":["post-109074","post","type-post","status-publish","format-standard","hentry","category-municipales","tag-destacada"],"yoast_head":"<!-- This site is optimized with the Yoast SEO plugin v25.9 - https:\/\/yoast.com\/wordpress\/plugins\/seo\/ -->\n<title>Juegos Bonaerenses: Tornquist se lleva cuatro medallas de Mar del Plata - Noticias Radio Reflejos<\/title>\n<meta name=\"robots\" content=\"index, follow, max-snippet:-1, max-image-preview:large, max-video-preview:-1\" \/>\n<link rel=\"canonical\" href=\"https:\/\/www.noticiasradioreflejos.com.ar\/2021\/juegos-bonaerenses-tornquist-se-lleva-cuatro-medallas-de-mar-del-plata\/\" \/>\n<meta property=\"og:locale\" content=\"es_ES\" \/>\n<meta property=\"og:type\" content=\"article\" \/>\n<meta property=\"og:title\" content=\"Juegos Bonaerenses: Tornquist se lleva cuatro medallas de Mar del Plata - Noticias Radio Reflejos\" \/>\n<meta property=\"og:description\" content=\"Finaliz\u00f3 este s\u00e1bado la Final Provincial de los Juegos Bonaerenses 2024 en Mar del Plata, con la participaci\u00f3n del distrito de Tornquist compuesta por una delegaci\u00f3n de m\u00e1s de 100 personas.\" \/>\n<meta property=\"og:url\" content=\"https:\/\/www.noticiasradioreflejos.com.ar\/2021\/juegos-bonaerenses-tornquist-se-lleva-cuatro-medallas-de-mar-del-plata\/\" \/>\n<meta property=\"og:site_name\" content=\"Noticias Radio Reflejos\" \/>\n<meta property=\"article:published_time\" content=\"2024-11-03T13:03:46+00:00\" \/>\n<meta property=\"og:image\" content=\"https:\/\/www.noticiasradioreflejos.com.ar\/2021\/wp-content\/uploads\/2021\/07\/logosol300x200.png\" \/>\n\t<meta property=\"og:image:width\" content=\"300\" \/>\n\t<meta property=\"og:image:height\" content=\"200\" \/>\n\t<meta property=\"og:image:type\" content=\"image\/png\" \/>\n<meta name=\"author\" content=\"Arnaldo Botto\" \/>\n<meta name=\"twitter:card\" content=\"summary_large_image\" \/>\n<script type=\"application\/ld+json\" class=\"yoast-schema-graph\">{\"@context\":\"https:\/\/schema.org\",\"@graph\":[{\"@type\":\"WebPage\",\"@id\":\"https:\/\/www.noticiasradioreflejos.com.ar\/2021\/juegos-bonaerenses-tornquist-se-lleva-cuatro-medallas-de-mar-del-plata\/\",\"url\":\"https:\/\/www.noticiasradioreflejos.com.ar\/2021\/juegos-bonaerenses-tornquist-se-lleva-cuatro-medallas-de-mar-del-plata\/\",\"name\":\"Juegos Bonaerenses: Tornquist se lleva cuatro medallas de Mar del Plata - Noticias Radio Reflejos\",\"isPartOf\":{\"@id\":\"https:\/\/www.noticiasradioreflejos.com.ar\/2021\/#website\"},\"datePublished\":\"2024-11-03T13:03:46+00:00\",\"author\":{\"@id\":\"https:\/\/www.noticiasradioreflejos.com.ar\/2021\/#\/schema\/person\/ad82545263dcc5ec0996818884fd5fb1\"},\"breadcrumb\":{\"@id\":\"https:\/\/www.noticiasradioreflejos.com.ar\/2021\/juegos-bonaerenses-tornquist-se-lleva-cuatro-medallas-de-mar-del-plata\/#breadcrumb\"},\"inLanguage\":\"es\",\"potentialAction\":[{\"@type\":\"ReadAction\",\"target\":[\"https:\/\/www.noticiasradioreflejos.com.ar\/2021\/juegos-bonaerenses-tornquist-se-lleva-cuatro-medallas-de-mar-del-plata\/\"]}]},{\"@type\":\"BreadcrumbList\",\"@id\":\"https:\/\/www.noticiasradioreflejos.com.ar\/2021\/juegos-bonaerenses-tornquist-se-lleva-cuatro-medallas-de-mar-del-plata\/#breadcrumb\",\"itemListElement\":[{\"@type\":\"ListItem\",\"position\":1,\"name\":\"Portada\",\"item\":\"https:\/\/www.noticiasradioreflejos.com.ar\/2021\/\"},{\"@type\":\"ListItem\",\"position\":2,\"name\":\"Juegos Bonaerenses: Tornquist se lleva cuatro medallas de Mar del Plata\"}]},{\"@type\":\"WebSite\",\"@id\":\"https:\/\/www.noticiasradioreflejos.com.ar\/2021\/#website\",\"url\":\"https:\/\/www.noticiasradioreflejos.com.ar\/2021\/\",\"name\":\"Noticias Radio Reflejos\",\"description\":\"Las noticias de mi comarca\",\"potentialAction\":[{\"@type\":\"SearchAction\",\"target\":{\"@type\":\"EntryPoint\",\"urlTemplate\":\"https:\/\/www.noticiasradioreflejos.com.ar\/2021\/?s={search_term_string}\"},\"query-input\":{\"@type\":\"PropertyValueSpecification\",\"valueRequired\":true,\"valueName\":\"search_term_string\"}}],\"inLanguage\":\"es\"},{\"@type\":\"Person\",\"@id\":\"https:\/\/www.noticiasradioreflejos.com.ar\/2021\/#\/schema\/person\/ad82545263dcc5ec0996818884fd5fb1\",\"name\":\"Arnaldo Botto\",\"image\":{\"@type\":\"ImageObject\",\"inLanguage\":\"es\",\"@id\":\"https:\/\/www.noticiasradioreflejos.com.ar\/2021\/#\/schema\/person\/image\/\",\"url\":\"https:\/\/secure.gravatar.com\/avatar\/55cb5e37c1efa326397366e6974cb338056df65cb50e7d64d1cf314e87504837?s=96&d=mm&r=g\",\"contentUrl\":\"https:\/\/secure.gravatar.com\/avatar\/55cb5e37c1efa326397366e6974cb338056df65cb50e7d64d1cf314e87504837?s=96&d=mm&r=g\",\"caption\":\"Arnaldo Botto\"},\"url\":\"https:\/\/www.noticiasradioreflejos.com.ar\/2021\/author\/arnaldo\/\"}]}<\/script>\n<!-- \/ Yoast SEO plugin. -->","yoast_head_json":{"title":"Juegos Bonaerenses: Tornquist se lleva cuatro medallas de Mar del Plata - Noticias Radio Reflejos","robots":{"index":"index","follow":"follow","max-snippet":"max-snippet:-1","max-image-preview":"max-image-preview:large","max-video-preview":"max-video-preview:-1"},"canonical":"https:\/\/www.noticiasradioreflejos.com.ar\/2021\/juegos-bonaerenses-tornquist-se-lleva-cuatro-medallas-de-mar-del-plata\/","og_locale":"es_ES","og_type":"article","og_title":"Juegos Bonaerenses: Tornquist se lleva cuatro medallas de Mar del Plata - Noticias Radio Reflejos","og_description":"Finaliz\u00f3 este s\u00e1bado la Final Provincial de los Juegos Bonaerenses 2024 en Mar del Plata, con la participaci\u00f3n del distrito de Tornquist compuesta por una delegaci\u00f3n de m\u00e1s de 100 personas.","og_url":"https:\/\/www.noticiasradioreflejos.com.ar\/2021\/juegos-bonaerenses-tornquist-se-lleva-cuatro-medallas-de-mar-del-plata\/","og_site_name":"Noticias Radio Reflejos","article_published_time":"2024-11-03T13:03:46+00:00","og_image":[{"width":300,"height":200,"url":"https:\/\/www.noticiasradioreflejos.com.ar\/2021\/wp-content\/uploads\/2021\/07\/logosol300x200.png","type":"image\/png"}],"author":"Arnaldo Botto","twitter_card":"summary_large_image","schema":{"@context":"https:\/\/schema.org","@graph":[{"@type":"WebPage","@id":"https:\/\/www.noticiasradioreflejos.com.ar\/2021\/juegos-bonaerenses-tornquist-se-lleva-cuatro-medallas-de-mar-del-plata\/","url":"https:\/\/www.noticiasradioreflejos.com.ar\/2021\/juegos-bonaerenses-tornquist-se-lleva-cuatro-medallas-de-mar-del-plata\/","name":"Juegos Bonaerenses: Tornquist se lleva cuatro medallas de Mar del Plata - Noticias Radio Reflejos","isPartOf":{"@id":"https:\/\/www.noticiasradioreflejos.com.ar\/2021\/#website"},"datePublished":"2024-11-03T13:03:46+00:00","author":{"@id":"https:\/\/www.noticiasradioreflejos.com.ar\/2021\/#\/schema\/person\/ad82545263dcc5ec0996818884fd5fb1"},"breadcrumb":{"@id":"https:\/\/www.noticiasradioreflejos.com.ar\/2021\/juegos-bonaerenses-tornquist-se-lleva-cuatro-medallas-de-mar-del-plata\/#breadcrumb"},"inLanguage":"es","potentialAction":[{"@type":"ReadAction","target":["https:\/\/www.noticiasradioreflejos.com.ar\/2021\/juegos-bonaerenses-tornquist-se-lleva-cuatro-medallas-de-mar-del-plata\/"]}]},{"@type":"BreadcrumbList","@id":"https:\/\/www.noticiasradioreflejos.com.ar\/2021\/juegos-bonaerenses-tornquist-se-lleva-cuatro-medallas-de-mar-del-plata\/#breadcrumb","itemListElement":[{"@type":"ListItem","position":1,"name":"Portada","item":"https:\/\/www.noticiasradioreflejos.com.ar\/2021\/"},{"@type":"ListItem","position":2,"name":"Juegos Bonaerenses: Tornquist se lleva cuatro medallas de Mar del Plata"}]},{"@type":"WebSite","@id":"https:\/\/www.noticiasradioreflejos.com.ar\/2021\/#website","url":"https:\/\/www.noticiasradioreflejos.com.ar\/2021\/","name":"Noticias Radio Reflejos","description":"Las noticias de mi comarca","potentialAction":[{"@type":"SearchAction","target":{"@type":"EntryPoint","urlTemplate":"https:\/\/www.noticiasradioreflejos.com.ar\/2021\/?s={search_term_string}"},"query-input":{"@type":"PropertyValueSpecification","valueRequired":true,"valueName":"search_term_string"}}],"inLanguage":"es"},{"@type":"Person","@id":"https:\/\/www.noticiasradioreflejos.com.ar\/2021\/#\/schema\/person\/ad82545263dcc5ec0996818884fd5fb1","name":"Arnaldo Botto","image":{"@type":"ImageObject","inLanguage":"es","@id":"https:\/\/www.noticiasradioreflejos.com.ar\/2021\/#\/schema\/person\/image\/","url":"https:\/\/secure.gravatar.com\/avatar\/55cb5e37c1efa326397366e6974cb338056df65cb50e7d64d1cf314e87504837?s=96&d=mm&r=g","contentUrl":"https:\/\/secure.gravatar.com\/avatar\/55cb5e37c1efa326397366e6974cb338056df65cb50e7d64d1cf314e87504837?s=96&d=mm&r=g","caption":"Arnaldo Botto"},"url":"https:\/\/www.noticiasradioreflejos.com.ar\/2021\/author\/arnaldo\/"}]}},"_links":{"self":[{"href":"https:\/\/www.noticiasradioreflejos.com.ar\/2021\/wp-json\/wp\/v2\/posts\/109074","targetHints":{"allow":["GET"]}}],"collection":[{"href":"https:\/\/www.noticiasradioreflejos.com.ar\/2021\/wp-json\/wp\/v2\/posts"}],"about":[{"href":"https:\/\/www.noticiasradioreflejos.com.ar\/2021\/wp-json\/wp\/v2\/types\/post"}],"author":[{"embeddable":true,"href":"https:\/\/www.noticiasradioreflejos.com.ar\/2021\/wp-json\/wp\/v2\/users\/3"}],"replies":[{"embeddable":true,"href":"https:\/\/www.noticiasradioreflejos.com.ar\/2021\/wp-json\/wp\/v2\/comments?post=109074"}],"version-history":[{"count":1,"href":"https:\/\/www.noticiasradioreflejos.com.ar\/2021\/wp-json\/wp\/v2\/posts\/109074\/revisions"}],"predecessor-version":[{"id":109076,"href":"https:\/\/www.noticiasradioreflejos.com.ar\/2021\/wp-json\/wp\/v2\/posts\/109074\/revisions\/109076"}],"wp:attachment":[{"href":"https:\/\/www.noticiasradioreflejos.com.ar\/2021\/wp-json\/wp\/v2\/media?parent=109074"}],"wp:term":[{"taxonomy":"category","embeddable":true,"href":"https:\/\/www.noticiasradioreflejos.com.ar\/2021\/wp-json\/wp\/v2\/categories?post=109074"},{"taxonomy":"post_tag","embeddable":true,"href":"https:\/\/www.noticiasradioreflejos.com.ar\/2021\/wp-json\/wp\/v2\/tags?post=109074"}],"curies":[{"name":"wp","href":"https:\/\/api.w.org\/{rel}","templated":true}]}}