{"id":109042,"date":"2024-11-01T12:10:48","date_gmt":"2024-11-01T15:10:48","guid":{"rendered":"https:\/\/www.noticiasradioreflejos.com.ar\/2021\/?p=109042"},"modified":"2024-11-01T12:10:48","modified_gmt":"2024-11-01T15:10:48","slug":"a-pesar-de-todo","status":"publish","type":"post","link":"https:\/\/www.noticiasradioreflejos.com.ar\/2021\/a-pesar-de-todo\/","title":{"rendered":"\u00a0\u00abA PESAR DE TODO\u00bb"},"content":{"rendered":"<div dir=\"auto\">En \u00e9stos d\u00edas vimos en la final de los Juegos Bonaerenses a muchas y muchos participantes de nuestro Distrito con much\u00edsimo talento, y lograron conseguir medallas de oro, y distintas distinciones. Gracias por representarnos.<\/div>\n<div dir=\"auto\"><\/div>\n<p><!--more--><\/p>\n<div dir=\"auto\">Pero m\u00e1s all\u00e1 de los esfuerzos personales de cada participante, hubo un ESTADO PRESENTE, desde el Municipio hasta la Provincia, a pesar del relato nacional que el Estado tiene que desaparecer.<\/div>\n<div dir=\"auto\">Por otro lado escucho y leo a dirigentes de la UCR y la LLA ,haciendo reclamos de tal o cual cosa ,un ejemplo es la queja de algunas y algunos vecinos de Sierra de la Ventana ,que se quejan por demoras en la recolecci\u00f3n de la basura, manijiados por LLA y algunos Radicales.<\/div>\n<div dir=\"auto\">Desde que lleg\u00f3 LLA al gobierno nacional con el psic\u00f3pata, devaluaron 120% ,cortaron todos los fondos a las Provincias, ensa\u00f1amiento especialmente a la Provincia de Buenos Aires, recortaron presupuesto universitario, y en nuestro Distrito el 70% vot\u00f3 ese modelo, y REALMENTE pensaron que no nos iba afectar??? ILUSOS. La actividad tur\u00edstica cay\u00f3 11% y pensaron que no nos iba afectar?? ILUSOS. El campo desde diciembre tambi\u00e9n viene con resultados negativos, pensaban que no los iba afectar???ILUSOS. Jubilados que ya no reciben la medicaci\u00f3n al cien por ciento de descuento\u00a0 pensaban que no los iba afectar???ILUSOS. ES MATEM\u00c1TICAS PURA ,si Naci\u00f3n te recorta recursos a Provincia, que hace la Provincia? Recorta a los municipios. L\u00d3GICA PURA. Y a pesar de la malicia del psic\u00f3pata, la Provincia sigui\u00f3 adelante con las obras p\u00fablicas, sigui\u00f3 asistiendo a los Municipios de distintos colores pol\u00edticos.Y el Municipio tambi\u00e9n sigue apostando al crecimiento a pesar de la actual situaci\u00f3n. Pr\u00f3ximamente se van a entregar viviendas a pesar de todo. Mira a donde nos llev\u00f3 el Gobierno Nacional\u00a0 que en diciembre cualquier persona cargaba con mil pesos 3 litros de combustible, hoy con mil pesos no llegas a un litro de combustible. Y el Municipio no es una isla, y el Distrito tampoco.<\/div>\n<div dir=\"auto\"><\/div>\n<div dir=\"auto\">A los ILUSOS les anticipo, no va a mejorar \u00e9sta situaci\u00f3n, va EMPEORAR.<\/div>\n<div dir=\"auto\">Sigan rezando a Las fuerzas del cielo que Conan desde el m\u00e1s all\u00e1 le dar\u00e1 una mano ,va una patita.<\/div>\n<div dir=\"auto\"><\/div>\n<div dir=\"auto\"><\/div>\n<div dir=\"auto\"><\/div>\n<div dir=\"auto\">Medina Jos\u00e9 Luis<\/div>\n<div dir=\"auto\"><a href=\"mailto:medinajoseluis256@gmail.com\" target=\"_blank\" rel=\"noopener noreferrer\">medinajoseluis256@gmail.com<\/a><\/div>\n<div dir=\"auto\">Villa Ventana<\/div>\n<div class=\"yj6qo\"><\/div>\n<div class=\"adL\" dir=\"auto\"><\/div>\n","protected":false},"excerpt":{"rendered":"<p>En \u00e9stos d\u00edas vimos en la final de los Juegos Bonaerenses a muchas y muchos participantes de nuestro Distrito con much\u00edsimo talento, y lograron conseguir medallas de oro, y distintas distinciones. Gracias por representarnos.<\/p>\n","protected":false},"author":3,"featured_media":0,"comment_status":"closed","ping_status":"closed","sticky":false,"template":"","format":"standard","meta":{"footnotes":""},"categories":[24,26],"tags":[],"class_list":["post-109042","post","type-post","status-publish","format-standard","hentry","category-politica","category-sociedad"],"yoast_head":"<!-- This site is optimized with the Yoast SEO plugin v25.9 - https:\/\/yoast.com\/wordpress\/plugins\/seo\/ -->\n<title>\u00a0&quot;A PESAR DE TODO&quot; - Noticias Radio Reflejos<\/title>\n<meta name=\"robots\" content=\"index, follow, max-snippet:-1, max-image-preview:large, max-video-preview:-1\" \/>\n<link rel=\"canonical\" href=\"https:\/\/www.noticiasradioreflejos.com.ar\/2021\/a-pesar-de-todo\/\" \/>\n<meta property=\"og:locale\" content=\"es_ES\" \/>\n<meta property=\"og:type\" content=\"article\" \/>\n<meta property=\"og:title\" content=\"\u00a0&quot;A PESAR DE TODO&quot; - Noticias Radio Reflejos\" \/>\n<meta property=\"og:description\" content=\"En \u00e9stos d\u00edas vimos en la final de los Juegos Bonaerenses a muchas y muchos participantes de nuestro Distrito con much\u00edsimo talento, y lograron conseguir medallas de oro, y distintas distinciones. Gracias por representarnos.\" \/>\n<meta property=\"og:url\" content=\"https:\/\/www.noticiasradioreflejos.com.ar\/2021\/a-pesar-de-todo\/\" \/>\n<meta property=\"og:site_name\" content=\"Noticias Radio Reflejos\" \/>\n<meta property=\"article:published_time\" content=\"2024-11-01T15:10:48+00:00\" \/>\n<meta property=\"og:image\" content=\"https:\/\/www.noticiasradioreflejos.com.ar\/2021\/wp-content\/uploads\/2021\/07\/logosol300x200.png\" \/>\n\t<meta property=\"og:image:width\" content=\"300\" \/>\n\t<meta property=\"og:image:height\" content=\"200\" \/>\n\t<meta property=\"og:image:type\" content=\"image\/png\" \/>\n<meta name=\"author\" content=\"Arnaldo Botto\" \/>\n<meta name=\"twitter:card\" content=\"summary_large_image\" \/>\n<script type=\"application\/ld+json\" class=\"yoast-schema-graph\">{\"@context\":\"https:\/\/schema.org\",\"@graph\":[{\"@type\":\"WebPage\",\"@id\":\"https:\/\/www.noticiasradioreflejos.com.ar\/2021\/a-pesar-de-todo\/\",\"url\":\"https:\/\/www.noticiasradioreflejos.com.ar\/2021\/a-pesar-de-todo\/\",\"name\":\"\u00a0\\\"A PESAR DE TODO\\\" - Noticias Radio Reflejos\",\"isPartOf\":{\"@id\":\"https:\/\/www.noticiasradioreflejos.com.ar\/2021\/#website\"},\"datePublished\":\"2024-11-01T15:10:48+00:00\",\"author\":{\"@id\":\"https:\/\/www.noticiasradioreflejos.com.ar\/2021\/#\/schema\/person\/ad82545263dcc5ec0996818884fd5fb1\"},\"breadcrumb\":{\"@id\":\"https:\/\/www.noticiasradioreflejos.com.ar\/2021\/a-pesar-de-todo\/#breadcrumb\"},\"inLanguage\":\"es\",\"potentialAction\":[{\"@type\":\"ReadAction\",\"target\":[\"https:\/\/www.noticiasradioreflejos.com.ar\/2021\/a-pesar-de-todo\/\"]}]},{\"@type\":\"BreadcrumbList\",\"@id\":\"https:\/\/www.noticiasradioreflejos.com.ar\/2021\/a-pesar-de-todo\/#breadcrumb\",\"itemListElement\":[{\"@type\":\"ListItem\",\"position\":1,\"name\":\"Portada\",\"item\":\"https:\/\/www.noticiasradioreflejos.com.ar\/2021\/\"},{\"@type\":\"ListItem\",\"position\":2,\"name\":\"\u00a0\u00abA PESAR DE TODO\u00bb\"}]},{\"@type\":\"WebSite\",\"@id\":\"https:\/\/www.noticiasradioreflejos.com.ar\/2021\/#website\",\"url\":\"https:\/\/www.noticiasradioreflejos.com.ar\/2021\/\",\"name\":\"Noticias Radio Reflejos\",\"description\":\"Las noticias de mi comarca\",\"potentialAction\":[{\"@type\":\"SearchAction\",\"target\":{\"@type\":\"EntryPoint\",\"urlTemplate\":\"https:\/\/www.noticiasradioreflejos.com.ar\/2021\/?s={search_term_string}\"},\"query-input\":{\"@type\":\"PropertyValueSpecification\",\"valueRequired\":true,\"valueName\":\"search_term_string\"}}],\"inLanguage\":\"es\"},{\"@type\":\"Person\",\"@id\":\"https:\/\/www.noticiasradioreflejos.com.ar\/2021\/#\/schema\/person\/ad82545263dcc5ec0996818884fd5fb1\",\"name\":\"Arnaldo Botto\",\"image\":{\"@type\":\"ImageObject\",\"inLanguage\":\"es\",\"@id\":\"https:\/\/www.noticiasradioreflejos.com.ar\/2021\/#\/schema\/person\/image\/\",\"url\":\"https:\/\/secure.gravatar.com\/avatar\/55cb5e37c1efa326397366e6974cb338056df65cb50e7d64d1cf314e87504837?s=96&d=mm&r=g\",\"contentUrl\":\"https:\/\/secure.gravatar.com\/avatar\/55cb5e37c1efa326397366e6974cb338056df65cb50e7d64d1cf314e87504837?s=96&d=mm&r=g\",\"caption\":\"Arnaldo Botto\"},\"url\":\"https:\/\/www.noticiasradioreflejos.com.ar\/2021\/author\/arnaldo\/\"}]}<\/script>\n<!-- \/ Yoast SEO plugin. -->","yoast_head_json":{"title":"\u00a0\"A PESAR DE TODO\" - Noticias Radio Reflejos","robots":{"index":"index","follow":"follow","max-snippet":"max-snippet:-1","max-image-preview":"max-image-preview:large","max-video-preview":"max-video-preview:-1"},"canonical":"https:\/\/www.noticiasradioreflejos.com.ar\/2021\/a-pesar-de-todo\/","og_locale":"es_ES","og_type":"article","og_title":"\u00a0\"A PESAR DE TODO\" - Noticias Radio Reflejos","og_description":"En \u00e9stos d\u00edas vimos en la final de los Juegos Bonaerenses a muchas y muchos participantes de nuestro Distrito con much\u00edsimo talento, y lograron conseguir medallas de oro, y distintas distinciones. Gracias por representarnos.","og_url":"https:\/\/www.noticiasradioreflejos.com.ar\/2021\/a-pesar-de-todo\/","og_site_name":"Noticias Radio Reflejos","article_published_time":"2024-11-01T15:10:48+00:00","og_image":[{"width":300,"height":200,"url":"https:\/\/www.noticiasradioreflejos.com.ar\/2021\/wp-content\/uploads\/2021\/07\/logosol300x200.png","type":"image\/png"}],"author":"Arnaldo Botto","twitter_card":"summary_large_image","schema":{"@context":"https:\/\/schema.org","@graph":[{"@type":"WebPage","@id":"https:\/\/www.noticiasradioreflejos.com.ar\/2021\/a-pesar-de-todo\/","url":"https:\/\/www.noticiasradioreflejos.com.ar\/2021\/a-pesar-de-todo\/","name":"\u00a0\"A PESAR DE TODO\" - Noticias Radio Reflejos","isPartOf":{"@id":"https:\/\/www.noticiasradioreflejos.com.ar\/2021\/#website"},"datePublished":"2024-11-01T15:10:48+00:00","author":{"@id":"https:\/\/www.noticiasradioreflejos.com.ar\/2021\/#\/schema\/person\/ad82545263dcc5ec0996818884fd5fb1"},"breadcrumb":{"@id":"https:\/\/www.noticiasradioreflejos.com.ar\/2021\/a-pesar-de-todo\/#breadcrumb"},"inLanguage":"es","potentialAction":[{"@type":"ReadAction","target":["https:\/\/www.noticiasradioreflejos.com.ar\/2021\/a-pesar-de-todo\/"]}]},{"@type":"BreadcrumbList","@id":"https:\/\/www.noticiasradioreflejos.com.ar\/2021\/a-pesar-de-todo\/#breadcrumb","itemListElement":[{"@type":"ListItem","position":1,"name":"Portada","item":"https:\/\/www.noticiasradioreflejos.com.ar\/2021\/"},{"@type":"ListItem","position":2,"name":"\u00a0\u00abA PESAR DE TODO\u00bb"}]},{"@type":"WebSite","@id":"https:\/\/www.noticiasradioreflejos.com.ar\/2021\/#website","url":"https:\/\/www.noticiasradioreflejos.com.ar\/2021\/","name":"Noticias Radio Reflejos","description":"Las noticias de mi comarca","potentialAction":[{"@type":"SearchAction","target":{"@type":"EntryPoint","urlTemplate":"https:\/\/www.noticiasradioreflejos.com.ar\/2021\/?s={search_term_string}"},"query-input":{"@type":"PropertyValueSpecification","valueRequired":true,"valueName":"search_term_string"}}],"inLanguage":"es"},{"@type":"Person","@id":"https:\/\/www.noticiasradioreflejos.com.ar\/2021\/#\/schema\/person\/ad82545263dcc5ec0996818884fd5fb1","name":"Arnaldo Botto","image":{"@type":"ImageObject","inLanguage":"es","@id":"https:\/\/www.noticiasradioreflejos.com.ar\/2021\/#\/schema\/person\/image\/","url":"https:\/\/secure.gravatar.com\/avatar\/55cb5e37c1efa326397366e6974cb338056df65cb50e7d64d1cf314e87504837?s=96&d=mm&r=g","contentUrl":"https:\/\/secure.gravatar.com\/avatar\/55cb5e37c1efa326397366e6974cb338056df65cb50e7d64d1cf314e87504837?s=96&d=mm&r=g","caption":"Arnaldo Botto"},"url":"https:\/\/www.noticiasradioreflejos.com.ar\/2021\/author\/arnaldo\/"}]}},"_links":{"self":[{"href":"https:\/\/www.noticiasradioreflejos.com.ar\/2021\/wp-json\/wp\/v2\/posts\/109042","targetHints":{"allow":["GET"]}}],"collection":[{"href":"https:\/\/www.noticiasradioreflejos.com.ar\/2021\/wp-json\/wp\/v2\/posts"}],"about":[{"href":"https:\/\/www.noticiasradioreflejos.com.ar\/2021\/wp-json\/wp\/v2\/types\/post"}],"author":[{"embeddable":true,"href":"https:\/\/www.noticiasradioreflejos.com.ar\/2021\/wp-json\/wp\/v2\/users\/3"}],"replies":[{"embeddable":true,"href":"https:\/\/www.noticiasradioreflejos.com.ar\/2021\/wp-json\/wp\/v2\/comments?post=109042"}],"version-history":[{"count":1,"href":"https:\/\/www.noticiasradioreflejos.com.ar\/2021\/wp-json\/wp\/v2\/posts\/109042\/revisions"}],"predecessor-version":[{"id":109043,"href":"https:\/\/www.noticiasradioreflejos.com.ar\/2021\/wp-json\/wp\/v2\/posts\/109042\/revisions\/109043"}],"wp:attachment":[{"href":"https:\/\/www.noticiasradioreflejos.com.ar\/2021\/wp-json\/wp\/v2\/media?parent=109042"}],"wp:term":[{"taxonomy":"category","embeddable":true,"href":"https:\/\/www.noticiasradioreflejos.com.ar\/2021\/wp-json\/wp\/v2\/categories?post=109042"},{"taxonomy":"post_tag","embeddable":true,"href":"https:\/\/www.noticiasradioreflejos.com.ar\/2021\/wp-json\/wp\/v2\/tags?post=109042"}],"curies":[{"name":"wp","href":"https:\/\/api.w.org\/{rel}","templated":true}]}}