{"id":109025,"date":"2024-11-01T10:46:42","date_gmt":"2024-11-01T13:46:42","guid":{"rendered":"https:\/\/www.noticiasradioreflejos.com.ar\/2021\/?p=109025"},"modified":"2024-11-01T10:46:42","modified_gmt":"2024-11-01T13:46:42","slug":"la-jueza-maria-servini-rechazo-el-pedido-de-ricardo-quintela-y-cristina-kirchner-sera-la-presidenta-del-pj","status":"publish","type":"post","link":"https:\/\/www.noticiasradioreflejos.com.ar\/2021\/la-jueza-maria-servini-rechazo-el-pedido-de-ricardo-quintela-y-cristina-kirchner-sera-la-presidenta-del-pj\/","title":{"rendered":"La jueza Mar\u00eda Servini rechaz\u00f3 el pedido de Ricardo Quintela y Cristina Kirchner ser\u00e1 la presidenta del PJ"},"content":{"rendered":"<p>El fallo impide la candidatura del gobernador de La Rioja y ser\u00e1 la dos veces presidenta la que asuma a la titularidad del Partido Justicialista.<!--more--><\/p>\n<div class=\"columns\" data-tadevel-template=\"web\/article-columns\">\n<div class=\"column-main\">\n<div class=\"article-body\" data-tadevel-template=\"web\/article-body\">\n<div class=\"article-body-content\">\n<p>La jueza federal\u00a0a cargo del Juzgado N\u00b01\u00a0<strong>Mar\u00eda Servini<\/strong>\u00a0rechaz\u00f3\u00a0el pedido del gobernador de La Rioja,\u00a0<strong>Ricardo Quintela<\/strong>, de posponer la elecci\u00f3n interna del Partido Justicialista (PJ) y dio lugar a la decisi\u00f3n de la Junta Electoral del espacio que impugn\u00f3 la lista \u201cFederales, un grito de coraz\u00f3n\u201d, por irregularidades en su presentaci\u00f3n, convalidando solo la n\u00f3mina encabezada por la dos veces presidenta\u00a0<strong>Cristina Kirchner<\/strong>, quien asumir\u00e1 a la conducci\u00f3n del partido el pr\u00f3ximo 17 de noviembre.<\/p>\n<p>Pese a la apelaci\u00f3n a cargo de los apoderados de la lista del riojano,\u00a0Jorge Yoma, Daniel Llermanos y Sandra Vanni, quienes plantaron a trav\u00e9s de un escrito la insuficiencia en la fundamentaci\u00f3n y la invalidez en las observaciones de la Junta Electoral tras haber invalidado la postulaci\u00f3n, la Justicia respald\u00f3 los motivos expuestos por el \u00f3rgano partidario.<\/p>\n<p>En el fallo fechado este viernes 1\u00b0 de noviembre, Servini precis\u00f3 que el recurso planteado es insuficiente para contrarrestar la decisi\u00f3n y expuso que m\u00e1s all\u00e1 del total de 70.531 avales que la lista de Quintela asegura haber presentado, en 4.703 planillas, la Junta Electoral contabiliz\u00f3 un total de 60.755 avales, en 4.464 planillas, de los cuales un total de 6.809 fueron observados por falta de documentaci\u00f3n, y otros 5.195 por irregularidades en los datos.<\/p>\n<p>\u201cEn este sentido cabe recordar que la presentaci\u00f3n de avales es<strong>\u00a0uno de los requisitos indispensables para oficializar los candidatos de las distintas l\u00edneas internas.<\/strong>\u00a0Tal exigencia debe entenderse como el est\u00e1ndar m\u00ednimo de consenso que debe reunir un candidato para aspirar a competir en una elecci\u00f3n, para que cuente con una necesaria representatividad de los afiliados, constituyendo de esta forma una verdadera fuerza pol\u00edtica\u201d, argument\u00f3.<\/p>\n<p>En la misma l\u00ednea, ampli\u00f3: \u00abEs preciso se\u00f1alar tambi\u00e9n que la apelante no rebate ni controvierte las razones expuestas por la Junta Electoral Nacional con fechas 25 y 27 de octubre del corriente, que dieron sustento a su decisi\u00f3n, sino que, por el contrario, s\u00f3lo expresa su descontento con lo resuelto, puesto que no existen argumentos distintos a los que analizara la Junta Electoral Nacional,<strong>\u00a0no acompa\u00f1ando ning\u00fan elemento que permita sostener que la Junta Electoral haya actuado de manera parcial favoreciendo a la otra lista participante\u201d.<\/strong><\/p>\n<p>\u201cEn relaci\u00f3n a las dem\u00e1s cuestiones planteadas tales como la falta de inter\u00e9s de realizar los comicios por parte de la Junta Electoral, como as\u00ed tambi\u00e9n la queja respecto a la falta de \u2018depuraci\u00f3n\u2019 de los padrones -los cuales son remitidos por los juzgados electorales de cada provincia de acuerdo al registro de afiliados de su distrito-, no puede dejar de se\u00f1alarse que estos cuestionamientos fueron intentados una vez que se rechazara la lista presentada por la falta de avales, no habiendo sido objeto de cuestionamiento alguno en los plazos previstos en el cronograma\u201d, especific\u00f3 adem\u00e1s.<\/p>\n<p>De esta forma, la justicia resolvi\u00f3 confirmar la resoluci\u00f3n de la Junta Electoral Nacional del Partido Justicialista del 27 de octubre de 2024.<\/p>\n<\/div>\n<\/div>\n<\/div>\n<\/div>\n","protected":false},"excerpt":{"rendered":"<p>El fallo impide la candidatura del gobernador de La Rioja y ser\u00e1 la dos veces presidenta la que asuma a la titularidad del Partido Justicialista.<\/p>\n","protected":false},"author":3,"featured_media":58460,"comment_status":"closed","ping_status":"closed","sticky":false,"template":"","format":"standard","meta":{"footnotes":""},"categories":[57,24],"tags":[],"class_list":["post-109025","post","type-post","status-publish","format-standard","has-post-thumbnail","hentry","category-judiciales","category-politica"],"yoast_head":"<!-- This site is optimized with the Yoast SEO plugin v25.9 - https:\/\/yoast.com\/wordpress\/plugins\/seo\/ -->\n<title>La jueza Mar\u00eda Servini rechaz\u00f3 el pedido de Ricardo Quintela y Cristina Kirchner ser\u00e1 la presidenta del PJ - Noticias Radio Reflejos<\/title>\n<meta name=\"robots\" content=\"index, follow, max-snippet:-1, max-image-preview:large, max-video-preview:-1\" \/>\n<link rel=\"canonical\" href=\"https:\/\/www.noticiasradioreflejos.com.ar\/2021\/la-jueza-maria-servini-rechazo-el-pedido-de-ricardo-quintela-y-cristina-kirchner-sera-la-presidenta-del-pj\/\" \/>\n<meta property=\"og:locale\" content=\"es_ES\" \/>\n<meta property=\"og:type\" content=\"article\" \/>\n<meta property=\"og:title\" content=\"La jueza Mar\u00eda Servini rechaz\u00f3 el pedido de Ricardo Quintela y Cristina Kirchner ser\u00e1 la presidenta del PJ - Noticias Radio Reflejos\" \/>\n<meta property=\"og:description\" content=\"El fallo impide la candidatura del gobernador de La Rioja y ser\u00e1 la dos veces presidenta la que asuma a la titularidad del Partido Justicialista.\" \/>\n<meta property=\"og:url\" content=\"https:\/\/www.noticiasradioreflejos.com.ar\/2021\/la-jueza-maria-servini-rechazo-el-pedido-de-ricardo-quintela-y-cristina-kirchner-sera-la-presidenta-del-pj\/\" \/>\n<meta property=\"og:site_name\" content=\"Noticias Radio Reflejos\" \/>\n<meta property=\"article:published_time\" content=\"2024-11-01T13:46:42+00:00\" \/>\n<meta property=\"og:image\" content=\"https:\/\/www.noticiasradioreflejos.com.ar\/2021\/wp-content\/uploads\/2021\/06\/Cristina-recibiendo-el-pin-y-el-escrito.jpg\" \/>\n\t<meta property=\"og:image:width\" content=\"1024\" \/>\n\t<meta property=\"og:image:height\" content=\"682\" \/>\n\t<meta property=\"og:image:type\" content=\"image\/jpeg\" \/>\n<meta name=\"author\" content=\"Arnaldo Botto\" \/>\n<meta name=\"twitter:card\" content=\"summary_large_image\" \/>\n<script type=\"application\/ld+json\" class=\"yoast-schema-graph\">{\"@context\":\"https:\/\/schema.org\",\"@graph\":[{\"@type\":\"WebPage\",\"@id\":\"https:\/\/www.noticiasradioreflejos.com.ar\/2021\/la-jueza-maria-servini-rechazo-el-pedido-de-ricardo-quintela-y-cristina-kirchner-sera-la-presidenta-del-pj\/\",\"url\":\"https:\/\/www.noticiasradioreflejos.com.ar\/2021\/la-jueza-maria-servini-rechazo-el-pedido-de-ricardo-quintela-y-cristina-kirchner-sera-la-presidenta-del-pj\/\",\"name\":\"La jueza Mar\u00eda Servini rechaz\u00f3 el pedido de Ricardo Quintela y Cristina Kirchner ser\u00e1 la presidenta del PJ - Noticias Radio Reflejos\",\"isPartOf\":{\"@id\":\"https:\/\/www.noticiasradioreflejos.com.ar\/2021\/#website\"},\"primaryImageOfPage\":{\"@id\":\"https:\/\/www.noticiasradioreflejos.com.ar\/2021\/la-jueza-maria-servini-rechazo-el-pedido-de-ricardo-quintela-y-cristina-kirchner-sera-la-presidenta-del-pj\/#primaryimage\"},\"image\":{\"@id\":\"https:\/\/www.noticiasradioreflejos.com.ar\/2021\/la-jueza-maria-servini-rechazo-el-pedido-de-ricardo-quintela-y-cristina-kirchner-sera-la-presidenta-del-pj\/#primaryimage\"},\"thumbnailUrl\":\"https:\/\/www.noticiasradioreflejos.com.ar\/2021\/wp-content\/uploads\/2021\/06\/Cristina-recibiendo-el-pin-y-el-escrito.jpg\",\"datePublished\":\"2024-11-01T13:46:42+00:00\",\"author\":{\"@id\":\"https:\/\/www.noticiasradioreflejos.com.ar\/2021\/#\/schema\/person\/ad82545263dcc5ec0996818884fd5fb1\"},\"breadcrumb\":{\"@id\":\"https:\/\/www.noticiasradioreflejos.com.ar\/2021\/la-jueza-maria-servini-rechazo-el-pedido-de-ricardo-quintela-y-cristina-kirchner-sera-la-presidenta-del-pj\/#breadcrumb\"},\"inLanguage\":\"es\",\"potentialAction\":[{\"@type\":\"ReadAction\",\"target\":[\"https:\/\/www.noticiasradioreflejos.com.ar\/2021\/la-jueza-maria-servini-rechazo-el-pedido-de-ricardo-quintela-y-cristina-kirchner-sera-la-presidenta-del-pj\/\"]}]},{\"@type\":\"ImageObject\",\"inLanguage\":\"es\",\"@id\":\"https:\/\/www.noticiasradioreflejos.com.ar\/2021\/la-jueza-maria-servini-rechazo-el-pedido-de-ricardo-quintela-y-cristina-kirchner-sera-la-presidenta-del-pj\/#primaryimage\",\"url\":\"https:\/\/www.noticiasradioreflejos.com.ar\/2021\/wp-content\/uploads\/2021\/06\/Cristina-recibiendo-el-pin-y-el-escrito.jpg\",\"contentUrl\":\"https:\/\/www.noticiasradioreflejos.com.ar\/2021\/wp-content\/uploads\/2021\/06\/Cristina-recibiendo-el-pin-y-el-escrito.jpg\",\"width\":1024,\"height\":682},{\"@type\":\"BreadcrumbList\",\"@id\":\"https:\/\/www.noticiasradioreflejos.com.ar\/2021\/la-jueza-maria-servini-rechazo-el-pedido-de-ricardo-quintela-y-cristina-kirchner-sera-la-presidenta-del-pj\/#breadcrumb\",\"itemListElement\":[{\"@type\":\"ListItem\",\"position\":1,\"name\":\"Portada\",\"item\":\"https:\/\/www.noticiasradioreflejos.com.ar\/2021\/\"},{\"@type\":\"ListItem\",\"position\":2,\"name\":\"La jueza Mar\u00eda Servini rechaz\u00f3 el pedido de Ricardo Quintela y Cristina Kirchner ser\u00e1 la presidenta del PJ\"}]},{\"@type\":\"WebSite\",\"@id\":\"https:\/\/www.noticiasradioreflejos.com.ar\/2021\/#website\",\"url\":\"https:\/\/www.noticiasradioreflejos.com.ar\/2021\/\",\"name\":\"Noticias Radio Reflejos\",\"description\":\"Las noticias de mi comarca\",\"potentialAction\":[{\"@type\":\"SearchAction\",\"target\":{\"@type\":\"EntryPoint\",\"urlTemplate\":\"https:\/\/www.noticiasradioreflejos.com.ar\/2021\/?s={search_term_string}\"},\"query-input\":{\"@type\":\"PropertyValueSpecification\",\"valueRequired\":true,\"valueName\":\"search_term_string\"}}],\"inLanguage\":\"es\"},{\"@type\":\"Person\",\"@id\":\"https:\/\/www.noticiasradioreflejos.com.ar\/2021\/#\/schema\/person\/ad82545263dcc5ec0996818884fd5fb1\",\"name\":\"Arnaldo Botto\",\"image\":{\"@type\":\"ImageObject\",\"inLanguage\":\"es\",\"@id\":\"https:\/\/www.noticiasradioreflejos.com.ar\/2021\/#\/schema\/person\/image\/\",\"url\":\"https:\/\/secure.gravatar.com\/avatar\/55cb5e37c1efa326397366e6974cb338056df65cb50e7d64d1cf314e87504837?s=96&d=mm&r=g\",\"contentUrl\":\"https:\/\/secure.gravatar.com\/avatar\/55cb5e37c1efa326397366e6974cb338056df65cb50e7d64d1cf314e87504837?s=96&d=mm&r=g\",\"caption\":\"Arnaldo Botto\"},\"url\":\"https:\/\/www.noticiasradioreflejos.com.ar\/2021\/author\/arnaldo\/\"}]}<\/script>\n<!-- \/ Yoast SEO plugin. -->","yoast_head_json":{"title":"La jueza Mar\u00eda Servini rechaz\u00f3 el pedido de Ricardo Quintela y Cristina Kirchner ser\u00e1 la presidenta del PJ - Noticias Radio Reflejos","robots":{"index":"index","follow":"follow","max-snippet":"max-snippet:-1","max-image-preview":"max-image-preview:large","max-video-preview":"max-video-preview:-1"},"canonical":"https:\/\/www.noticiasradioreflejos.com.ar\/2021\/la-jueza-maria-servini-rechazo-el-pedido-de-ricardo-quintela-y-cristina-kirchner-sera-la-presidenta-del-pj\/","og_locale":"es_ES","og_type":"article","og_title":"La jueza Mar\u00eda Servini rechaz\u00f3 el pedido de Ricardo Quintela y Cristina Kirchner ser\u00e1 la presidenta del PJ - Noticias Radio Reflejos","og_description":"El fallo impide la candidatura del gobernador de La Rioja y ser\u00e1 la dos veces presidenta la que asuma a la titularidad del Partido Justicialista.","og_url":"https:\/\/www.noticiasradioreflejos.com.ar\/2021\/la-jueza-maria-servini-rechazo-el-pedido-de-ricardo-quintela-y-cristina-kirchner-sera-la-presidenta-del-pj\/","og_site_name":"Noticias Radio Reflejos","article_published_time":"2024-11-01T13:46:42+00:00","og_image":[{"width":1024,"height":682,"url":"https:\/\/www.noticiasradioreflejos.com.ar\/2021\/wp-content\/uploads\/2021\/06\/Cristina-recibiendo-el-pin-y-el-escrito.jpg","type":"image\/jpeg"}],"author":"Arnaldo Botto","twitter_card":"summary_large_image","schema":{"@context":"https:\/\/schema.org","@graph":[{"@type":"WebPage","@id":"https:\/\/www.noticiasradioreflejos.com.ar\/2021\/la-jueza-maria-servini-rechazo-el-pedido-de-ricardo-quintela-y-cristina-kirchner-sera-la-presidenta-del-pj\/","url":"https:\/\/www.noticiasradioreflejos.com.ar\/2021\/la-jueza-maria-servini-rechazo-el-pedido-de-ricardo-quintela-y-cristina-kirchner-sera-la-presidenta-del-pj\/","name":"La jueza Mar\u00eda Servini rechaz\u00f3 el pedido de Ricardo Quintela y Cristina Kirchner ser\u00e1 la presidenta del PJ - Noticias Radio Reflejos","isPartOf":{"@id":"https:\/\/www.noticiasradioreflejos.com.ar\/2021\/#website"},"primaryImageOfPage":{"@id":"https:\/\/www.noticiasradioreflejos.com.ar\/2021\/la-jueza-maria-servini-rechazo-el-pedido-de-ricardo-quintela-y-cristina-kirchner-sera-la-presidenta-del-pj\/#primaryimage"},"image":{"@id":"https:\/\/www.noticiasradioreflejos.com.ar\/2021\/la-jueza-maria-servini-rechazo-el-pedido-de-ricardo-quintela-y-cristina-kirchner-sera-la-presidenta-del-pj\/#primaryimage"},"thumbnailUrl":"https:\/\/www.noticiasradioreflejos.com.ar\/2021\/wp-content\/uploads\/2021\/06\/Cristina-recibiendo-el-pin-y-el-escrito.jpg","datePublished":"2024-11-01T13:46:42+00:00","author":{"@id":"https:\/\/www.noticiasradioreflejos.com.ar\/2021\/#\/schema\/person\/ad82545263dcc5ec0996818884fd5fb1"},"breadcrumb":{"@id":"https:\/\/www.noticiasradioreflejos.com.ar\/2021\/la-jueza-maria-servini-rechazo-el-pedido-de-ricardo-quintela-y-cristina-kirchner-sera-la-presidenta-del-pj\/#breadcrumb"},"inLanguage":"es","potentialAction":[{"@type":"ReadAction","target":["https:\/\/www.noticiasradioreflejos.com.ar\/2021\/la-jueza-maria-servini-rechazo-el-pedido-de-ricardo-quintela-y-cristina-kirchner-sera-la-presidenta-del-pj\/"]}]},{"@type":"ImageObject","inLanguage":"es","@id":"https:\/\/www.noticiasradioreflejos.com.ar\/2021\/la-jueza-maria-servini-rechazo-el-pedido-de-ricardo-quintela-y-cristina-kirchner-sera-la-presidenta-del-pj\/#primaryimage","url":"https:\/\/www.noticiasradioreflejos.com.ar\/2021\/wp-content\/uploads\/2021\/06\/Cristina-recibiendo-el-pin-y-el-escrito.jpg","contentUrl":"https:\/\/www.noticiasradioreflejos.com.ar\/2021\/wp-content\/uploads\/2021\/06\/Cristina-recibiendo-el-pin-y-el-escrito.jpg","width":1024,"height":682},{"@type":"BreadcrumbList","@id":"https:\/\/www.noticiasradioreflejos.com.ar\/2021\/la-jueza-maria-servini-rechazo-el-pedido-de-ricardo-quintela-y-cristina-kirchner-sera-la-presidenta-del-pj\/#breadcrumb","itemListElement":[{"@type":"ListItem","position":1,"name":"Portada","item":"https:\/\/www.noticiasradioreflejos.com.ar\/2021\/"},{"@type":"ListItem","position":2,"name":"La jueza Mar\u00eda Servini rechaz\u00f3 el pedido de Ricardo Quintela y Cristina Kirchner ser\u00e1 la presidenta del PJ"}]},{"@type":"WebSite","@id":"https:\/\/www.noticiasradioreflejos.com.ar\/2021\/#website","url":"https:\/\/www.noticiasradioreflejos.com.ar\/2021\/","name":"Noticias Radio Reflejos","description":"Las noticias de mi comarca","potentialAction":[{"@type":"SearchAction","target":{"@type":"EntryPoint","urlTemplate":"https:\/\/www.noticiasradioreflejos.com.ar\/2021\/?s={search_term_string}"},"query-input":{"@type":"PropertyValueSpecification","valueRequired":true,"valueName":"search_term_string"}}],"inLanguage":"es"},{"@type":"Person","@id":"https:\/\/www.noticiasradioreflejos.com.ar\/2021\/#\/schema\/person\/ad82545263dcc5ec0996818884fd5fb1","name":"Arnaldo Botto","image":{"@type":"ImageObject","inLanguage":"es","@id":"https:\/\/www.noticiasradioreflejos.com.ar\/2021\/#\/schema\/person\/image\/","url":"https:\/\/secure.gravatar.com\/avatar\/55cb5e37c1efa326397366e6974cb338056df65cb50e7d64d1cf314e87504837?s=96&d=mm&r=g","contentUrl":"https:\/\/secure.gravatar.com\/avatar\/55cb5e37c1efa326397366e6974cb338056df65cb50e7d64d1cf314e87504837?s=96&d=mm&r=g","caption":"Arnaldo Botto"},"url":"https:\/\/www.noticiasradioreflejos.com.ar\/2021\/author\/arnaldo\/"}]}},"_links":{"self":[{"href":"https:\/\/www.noticiasradioreflejos.com.ar\/2021\/wp-json\/wp\/v2\/posts\/109025","targetHints":{"allow":["GET"]}}],"collection":[{"href":"https:\/\/www.noticiasradioreflejos.com.ar\/2021\/wp-json\/wp\/v2\/posts"}],"about":[{"href":"https:\/\/www.noticiasradioreflejos.com.ar\/2021\/wp-json\/wp\/v2\/types\/post"}],"author":[{"embeddable":true,"href":"https:\/\/www.noticiasradioreflejos.com.ar\/2021\/wp-json\/wp\/v2\/users\/3"}],"replies":[{"embeddable":true,"href":"https:\/\/www.noticiasradioreflejos.com.ar\/2021\/wp-json\/wp\/v2\/comments?post=109025"}],"version-history":[{"count":1,"href":"https:\/\/www.noticiasradioreflejos.com.ar\/2021\/wp-json\/wp\/v2\/posts\/109025\/revisions"}],"predecessor-version":[{"id":109026,"href":"https:\/\/www.noticiasradioreflejos.com.ar\/2021\/wp-json\/wp\/v2\/posts\/109025\/revisions\/109026"}],"wp:featuredmedia":[{"embeddable":true,"href":"https:\/\/www.noticiasradioreflejos.com.ar\/2021\/wp-json\/wp\/v2\/media\/58460"}],"wp:attachment":[{"href":"https:\/\/www.noticiasradioreflejos.com.ar\/2021\/wp-json\/wp\/v2\/media?parent=109025"}],"wp:term":[{"taxonomy":"category","embeddable":true,"href":"https:\/\/www.noticiasradioreflejos.com.ar\/2021\/wp-json\/wp\/v2\/categories?post=109025"},{"taxonomy":"post_tag","embeddable":true,"href":"https:\/\/www.noticiasradioreflejos.com.ar\/2021\/wp-json\/wp\/v2\/tags?post=109025"}],"curies":[{"name":"wp","href":"https:\/\/api.w.org\/{rel}","templated":true}]}}