{"id":108967,"date":"2024-10-30T08:46:25","date_gmt":"2024-10-30T11:46:25","guid":{"rendered":"https:\/\/www.noticiasradioreflejos.com.ar\/2021\/?p=108967"},"modified":"2024-10-30T08:46:25","modified_gmt":"2024-10-30T11:46:25","slug":"la-etica-en-la-funcion-publica","status":"publish","type":"post","link":"https:\/\/www.noticiasradioreflejos.com.ar\/2021\/la-etica-en-la-funcion-publica\/","title":{"rendered":"La \u00c9tica en la Funci\u00f3n P\u00fablica"},"content":{"rendered":"<p>La funci\u00f3n p\u00fablica no deber\u00eda entenderse \u00fanicamente como un cargo, sino como un compromiso de servicio hacia el bien com\u00fan. Seg\u00fan la Doctrina Social de la Iglesia, quienes ocupan cargos de autoridad tienen el deber de actuar con justicia, honestidad y transparencia, recordando que representan a la comunidad.<\/p>\n<p>&nbsp;<\/p>\n<p><!--more-->En su enc\u00edclica Centesimus Annu, Juan Pablo II destaca la importancia de que las instituciones pol\u00edticas se fundamenten en la verdad y la justicia, afirmando que \u201cel Estado debe realizar una gesti\u00f3n recta de los recursos p\u00fablicos\u201d. En el contexto bonaerense, este llamado es particularmente relevante, pues se espera que los representantes sean modelos de \u00e9tica y est\u00e9n guiados por valores morales s\u00f3lidos, honrando as\u00ed su rol de servidores p\u00fablicos.<\/p>\n<p>La Constituci\u00f3n Bonaerense, en su art. 3, aborda la problem\u00e1tica de la corrupci\u00f3n en la funci\u00f3n p\u00fablica, declarando que estos actos \u201cagravian y lesionan la sustancia del orden constitucional\u201d. Se prev\u00e9 la creaci\u00f3n de un Tribunal de Responsabilidad Pol\u00edtica encargado de examinar y sancionar los actos de corrupci\u00f3n que cometan funcionarios de los poderes p\u00fablicos, tanto provinciales como municipales. Sin embargo, este proyecto a\u00fan no ha sido tratado en la legislatura, dejando un vac\u00edo significativo en la fiscalizaci\u00f3n \u00e9tica de los servidores p\u00fablicos.<\/p>\n<p>La creaci\u00f3n de este Tribunal busca justamente cerrar esa brecha, proporcionando un mecanismo efectivo para que los funcionarios rindan cuentas de sus actos. Al fomentar una cultura de transparencia y responsabilidad, se contribuir\u00eda a combatir la corrupci\u00f3n, protegiendo los derechos de los bonaerenses y promoviendo la confianza en las instituciones democr\u00e1ticas. La Iglesia, en su mensaje sobre la corrupci\u00f3n, se\u00f1ala que este mal es un grave pecado porque prioriza los intereses personales sobre el bienestar colectivo. En Caritas in Veritate, Benedicto XVI recuerda que \u201cla pol\u00edtica debe ser una manifestaci\u00f3n de caridad y justicia\u201d, y que todo acto de gobierno deber\u00eda orientarse hacia la solidaridad y el respeto por la dignidad humana.<\/p>\n<p>El derecho de los bonaerenses a exigir integridad a sus representantes no es solo una aspiraci\u00f3n leg\u00edtima, sino un imperativo moral que demanda acci\u00f3n. La instauraci\u00f3n de un sistema de rendici\u00f3n de cuentas no solo fortalece las instituciones democr\u00e1ticas, sino que protege la dignidad humana. Al respecto, el Papa Francisco advierte en Evangelii Gaudium que \u201cla corrupci\u00f3n ramificada y una evasi\u00f3n fiscal ego\u00edsta\u201d responden al af\u00e1n de poder y riqueza sin l\u00edmites, generando una brecha cada vez mayor entre quienes gobiernan y la comunidad que representan. En Laudato Si\u2019, Francisco subraya la urgencia de recuperar valores fundamentales como la bondad, la honestidad y la \u00e9tica, los cuales han sido relegados, provocando una degradaci\u00f3n social que obstaculiza la creaci\u00f3n de una verdadera cultura del cuidado y el respeto mutuo.<\/p>\n<p>La \u00e9tica en la funci\u00f3n p\u00fablica no solo responde a una exigencia legal, sino a una necesidad moral y espiritual que recuerda a los gobernantes su responsabilidad hacia el bien com\u00fan. El compromiso de los funcionarios de actuar con integridad y transparencia no solo construye una comunidad m\u00e1s justa, sino que preserva la confianza en las instituciones, un pilar esencial de la democracia.<\/p>\n<p>Es momento de que los legisladores bonaerenses respondan al llamado moral y constitucional de establecer el Tribunal de Responsabilidad Pol\u00edtica. Esta instituci\u00f3n no solo representa un mecanismo de control, sino tambi\u00e9n una herramienta esencial para restaurar la confianza de los bonaerenses en las instituciones y fortalecer nuestra democracia. La creaci\u00f3n de este tribunal es urgente y necesaria para combatir la corrupci\u00f3n y asegurar que los actos de gobierno est\u00e9n orientados al servicio del bien com\u00fan. Que cada representante asuma la responsabilidad de proteger la dignidad de sus representados, promoviendo una pol\u00edtica basada en la \u00e9tica, la justicia y la transparencia.<\/p>\n<p>&nbsp;<\/p>\n<p><em><strong>Luis Gotte<\/strong><\/em><br \/>\n<em><strong>La trinchera bonaerense<\/strong><\/em><\/p>\n","protected":false},"excerpt":{"rendered":"<p>La funci\u00f3n p\u00fablica no deber\u00eda entenderse \u00fanicamente como un cargo, sino como un compromiso de servicio hacia el bien com\u00fan. Seg\u00fan la Doctrina Social de la Iglesia, quienes ocupan cargos de autoridad tienen el deber de actuar con justicia, honestidad y transparencia, recordando que representan a la comunidad. &nbsp;<\/p>\n","protected":false},"author":3,"featured_media":0,"comment_status":"closed","ping_status":"closed","sticky":false,"template":"","format":"standard","meta":{"footnotes":""},"categories":[24],"tags":[],"class_list":["post-108967","post","type-post","status-publish","format-standard","hentry","category-politica"],"yoast_head":"<!-- This site is optimized with the Yoast SEO plugin v25.9 - https:\/\/yoast.com\/wordpress\/plugins\/seo\/ -->\n<title>La \u00c9tica en la Funci\u00f3n P\u00fablica - Noticias Radio Reflejos<\/title>\n<meta name=\"robots\" content=\"index, follow, max-snippet:-1, max-image-preview:large, max-video-preview:-1\" \/>\n<link rel=\"canonical\" href=\"https:\/\/www.noticiasradioreflejos.com.ar\/2021\/la-etica-en-la-funcion-publica\/\" \/>\n<meta property=\"og:locale\" content=\"es_ES\" \/>\n<meta property=\"og:type\" content=\"article\" \/>\n<meta property=\"og:title\" content=\"La \u00c9tica en la Funci\u00f3n P\u00fablica - Noticias Radio Reflejos\" \/>\n<meta property=\"og:description\" content=\"La funci\u00f3n p\u00fablica no deber\u00eda entenderse \u00fanicamente como un cargo, sino como un compromiso de servicio hacia el bien com\u00fan. Seg\u00fan la Doctrina Social de la Iglesia, quienes ocupan cargos de autoridad tienen el deber de actuar con justicia, honestidad y transparencia, recordando que representan a la comunidad. &nbsp;\" \/>\n<meta property=\"og:url\" content=\"https:\/\/www.noticiasradioreflejos.com.ar\/2021\/la-etica-en-la-funcion-publica\/\" \/>\n<meta property=\"og:site_name\" content=\"Noticias Radio Reflejos\" \/>\n<meta property=\"article:published_time\" content=\"2024-10-30T11:46:25+00:00\" \/>\n<meta property=\"og:image\" content=\"https:\/\/www.noticiasradioreflejos.com.ar\/2021\/wp-content\/uploads\/2024\/10\/casa-de-gobierno-LP.jpeg\" \/>\n\t<meta property=\"og:image:width\" content=\"275\" \/>\n\t<meta property=\"og:image:height\" content=\"183\" \/>\n\t<meta property=\"og:image:type\" content=\"image\/jpeg\" \/>\n<meta name=\"author\" content=\"Arnaldo Botto\" \/>\n<meta name=\"twitter:card\" content=\"summary_large_image\" \/>\n<script type=\"application\/ld+json\" class=\"yoast-schema-graph\">{\"@context\":\"https:\/\/schema.org\",\"@graph\":[{\"@type\":\"WebPage\",\"@id\":\"https:\/\/www.noticiasradioreflejos.com.ar\/2021\/la-etica-en-la-funcion-publica\/\",\"url\":\"https:\/\/www.noticiasradioreflejos.com.ar\/2021\/la-etica-en-la-funcion-publica\/\",\"name\":\"La \u00c9tica en la Funci\u00f3n P\u00fablica - Noticias Radio Reflejos\",\"isPartOf\":{\"@id\":\"https:\/\/www.noticiasradioreflejos.com.ar\/2021\/#website\"},\"datePublished\":\"2024-10-30T11:46:25+00:00\",\"author\":{\"@id\":\"https:\/\/www.noticiasradioreflejos.com.ar\/2021\/#\/schema\/person\/ad82545263dcc5ec0996818884fd5fb1\"},\"breadcrumb\":{\"@id\":\"https:\/\/www.noticiasradioreflejos.com.ar\/2021\/la-etica-en-la-funcion-publica\/#breadcrumb\"},\"inLanguage\":\"es\",\"potentialAction\":[{\"@type\":\"ReadAction\",\"target\":[\"https:\/\/www.noticiasradioreflejos.com.ar\/2021\/la-etica-en-la-funcion-publica\/\"]}]},{\"@type\":\"BreadcrumbList\",\"@id\":\"https:\/\/www.noticiasradioreflejos.com.ar\/2021\/la-etica-en-la-funcion-publica\/#breadcrumb\",\"itemListElement\":[{\"@type\":\"ListItem\",\"position\":1,\"name\":\"Portada\",\"item\":\"https:\/\/www.noticiasradioreflejos.com.ar\/2021\/\"},{\"@type\":\"ListItem\",\"position\":2,\"name\":\"La \u00c9tica en la Funci\u00f3n P\u00fablica\"}]},{\"@type\":\"WebSite\",\"@id\":\"https:\/\/www.noticiasradioreflejos.com.ar\/2021\/#website\",\"url\":\"https:\/\/www.noticiasradioreflejos.com.ar\/2021\/\",\"name\":\"Noticias Radio Reflejos\",\"description\":\"Las noticias de mi comarca\",\"potentialAction\":[{\"@type\":\"SearchAction\",\"target\":{\"@type\":\"EntryPoint\",\"urlTemplate\":\"https:\/\/www.noticiasradioreflejos.com.ar\/2021\/?s={search_term_string}\"},\"query-input\":{\"@type\":\"PropertyValueSpecification\",\"valueRequired\":true,\"valueName\":\"search_term_string\"}}],\"inLanguage\":\"es\"},{\"@type\":\"Person\",\"@id\":\"https:\/\/www.noticiasradioreflejos.com.ar\/2021\/#\/schema\/person\/ad82545263dcc5ec0996818884fd5fb1\",\"name\":\"Arnaldo Botto\",\"image\":{\"@type\":\"ImageObject\",\"inLanguage\":\"es\",\"@id\":\"https:\/\/www.noticiasradioreflejos.com.ar\/2021\/#\/schema\/person\/image\/\",\"url\":\"https:\/\/secure.gravatar.com\/avatar\/55cb5e37c1efa326397366e6974cb338056df65cb50e7d64d1cf314e87504837?s=96&d=mm&r=g\",\"contentUrl\":\"https:\/\/secure.gravatar.com\/avatar\/55cb5e37c1efa326397366e6974cb338056df65cb50e7d64d1cf314e87504837?s=96&d=mm&r=g\",\"caption\":\"Arnaldo Botto\"},\"url\":\"https:\/\/www.noticiasradioreflejos.com.ar\/2021\/author\/arnaldo\/\"}]}<\/script>\n<!-- \/ Yoast SEO plugin. -->","yoast_head_json":{"title":"La \u00c9tica en la Funci\u00f3n P\u00fablica - Noticias Radio Reflejos","robots":{"index":"index","follow":"follow","max-snippet":"max-snippet:-1","max-image-preview":"max-image-preview:large","max-video-preview":"max-video-preview:-1"},"canonical":"https:\/\/www.noticiasradioreflejos.com.ar\/2021\/la-etica-en-la-funcion-publica\/","og_locale":"es_ES","og_type":"article","og_title":"La \u00c9tica en la Funci\u00f3n P\u00fablica - Noticias Radio Reflejos","og_description":"La funci\u00f3n p\u00fablica no deber\u00eda entenderse \u00fanicamente como un cargo, sino como un compromiso de servicio hacia el bien com\u00fan. Seg\u00fan la Doctrina Social de la Iglesia, quienes ocupan cargos de autoridad tienen el deber de actuar con justicia, honestidad y transparencia, recordando que representan a la comunidad. &nbsp;","og_url":"https:\/\/www.noticiasradioreflejos.com.ar\/2021\/la-etica-en-la-funcion-publica\/","og_site_name":"Noticias Radio Reflejos","article_published_time":"2024-10-30T11:46:25+00:00","og_image":[{"width":275,"height":183,"url":"https:\/\/www.noticiasradioreflejos.com.ar\/2021\/wp-content\/uploads\/2024\/10\/casa-de-gobierno-LP.jpeg","type":"image\/jpeg"}],"author":"Arnaldo Botto","twitter_card":"summary_large_image","schema":{"@context":"https:\/\/schema.org","@graph":[{"@type":"WebPage","@id":"https:\/\/www.noticiasradioreflejos.com.ar\/2021\/la-etica-en-la-funcion-publica\/","url":"https:\/\/www.noticiasradioreflejos.com.ar\/2021\/la-etica-en-la-funcion-publica\/","name":"La \u00c9tica en la Funci\u00f3n P\u00fablica - Noticias Radio Reflejos","isPartOf":{"@id":"https:\/\/www.noticiasradioreflejos.com.ar\/2021\/#website"},"datePublished":"2024-10-30T11:46:25+00:00","author":{"@id":"https:\/\/www.noticiasradioreflejos.com.ar\/2021\/#\/schema\/person\/ad82545263dcc5ec0996818884fd5fb1"},"breadcrumb":{"@id":"https:\/\/www.noticiasradioreflejos.com.ar\/2021\/la-etica-en-la-funcion-publica\/#breadcrumb"},"inLanguage":"es","potentialAction":[{"@type":"ReadAction","target":["https:\/\/www.noticiasradioreflejos.com.ar\/2021\/la-etica-en-la-funcion-publica\/"]}]},{"@type":"BreadcrumbList","@id":"https:\/\/www.noticiasradioreflejos.com.ar\/2021\/la-etica-en-la-funcion-publica\/#breadcrumb","itemListElement":[{"@type":"ListItem","position":1,"name":"Portada","item":"https:\/\/www.noticiasradioreflejos.com.ar\/2021\/"},{"@type":"ListItem","position":2,"name":"La \u00c9tica en la Funci\u00f3n P\u00fablica"}]},{"@type":"WebSite","@id":"https:\/\/www.noticiasradioreflejos.com.ar\/2021\/#website","url":"https:\/\/www.noticiasradioreflejos.com.ar\/2021\/","name":"Noticias Radio Reflejos","description":"Las noticias de mi comarca","potentialAction":[{"@type":"SearchAction","target":{"@type":"EntryPoint","urlTemplate":"https:\/\/www.noticiasradioreflejos.com.ar\/2021\/?s={search_term_string}"},"query-input":{"@type":"PropertyValueSpecification","valueRequired":true,"valueName":"search_term_string"}}],"inLanguage":"es"},{"@type":"Person","@id":"https:\/\/www.noticiasradioreflejos.com.ar\/2021\/#\/schema\/person\/ad82545263dcc5ec0996818884fd5fb1","name":"Arnaldo Botto","image":{"@type":"ImageObject","inLanguage":"es","@id":"https:\/\/www.noticiasradioreflejos.com.ar\/2021\/#\/schema\/person\/image\/","url":"https:\/\/secure.gravatar.com\/avatar\/55cb5e37c1efa326397366e6974cb338056df65cb50e7d64d1cf314e87504837?s=96&d=mm&r=g","contentUrl":"https:\/\/secure.gravatar.com\/avatar\/55cb5e37c1efa326397366e6974cb338056df65cb50e7d64d1cf314e87504837?s=96&d=mm&r=g","caption":"Arnaldo Botto"},"url":"https:\/\/www.noticiasradioreflejos.com.ar\/2021\/author\/arnaldo\/"}]}},"_links":{"self":[{"href":"https:\/\/www.noticiasradioreflejos.com.ar\/2021\/wp-json\/wp\/v2\/posts\/108967","targetHints":{"allow":["GET"]}}],"collection":[{"href":"https:\/\/www.noticiasradioreflejos.com.ar\/2021\/wp-json\/wp\/v2\/posts"}],"about":[{"href":"https:\/\/www.noticiasradioreflejos.com.ar\/2021\/wp-json\/wp\/v2\/types\/post"}],"author":[{"embeddable":true,"href":"https:\/\/www.noticiasradioreflejos.com.ar\/2021\/wp-json\/wp\/v2\/users\/3"}],"replies":[{"embeddable":true,"href":"https:\/\/www.noticiasradioreflejos.com.ar\/2021\/wp-json\/wp\/v2\/comments?post=108967"}],"version-history":[{"count":1,"href":"https:\/\/www.noticiasradioreflejos.com.ar\/2021\/wp-json\/wp\/v2\/posts\/108967\/revisions"}],"predecessor-version":[{"id":108972,"href":"https:\/\/www.noticiasradioreflejos.com.ar\/2021\/wp-json\/wp\/v2\/posts\/108967\/revisions\/108972"}],"wp:attachment":[{"href":"https:\/\/www.noticiasradioreflejos.com.ar\/2021\/wp-json\/wp\/v2\/media?parent=108967"}],"wp:term":[{"taxonomy":"category","embeddable":true,"href":"https:\/\/www.noticiasradioreflejos.com.ar\/2021\/wp-json\/wp\/v2\/categories?post=108967"},{"taxonomy":"post_tag","embeddable":true,"href":"https:\/\/www.noticiasradioreflejos.com.ar\/2021\/wp-json\/wp\/v2\/tags?post=108967"}],"curies":[{"name":"wp","href":"https:\/\/api.w.org\/{rel}","templated":true}]}}