{"id":108961,"date":"2024-10-29T19:46:28","date_gmt":"2024-10-29T22:46:28","guid":{"rendered":"https:\/\/www.noticiasradioreflejos.com.ar\/2021\/?p=108961"},"modified":"2024-10-29T19:47:13","modified_gmt":"2024-10-29T22:47:13","slug":"este-viernes-volveran-a-subir-los-combustibles-cuanto-aumentaron-en-el-ano","status":"publish","type":"post","link":"https:\/\/www.noticiasradioreflejos.com.ar\/2021\/este-viernes-volveran-a-subir-los-combustibles-cuanto-aumentaron-en-el-ano\/","title":{"rendered":"Este viernes volver\u00e1n a subir los combustibles: cu\u00e1nto aumentaron en el a\u00f1o"},"content":{"rendered":"<p>Los precios de los combustibles volver\u00e1n a subir a partir de este viernes, en torno al 4 por ciento.<!--more--><\/p>\n<p>El alza est\u00e1 vinculada con el movimiento del tipo de cambio y a la suba del valor internacional del petr\u00f3leo.<\/p>\n<p>Si bien no hubo un anuncio oficial, en el sector confirman que los ajustes de los precios de las naftas y el di\u00e9sel ser\u00e1n, en promedio, del 4%, aunque podr\u00eda haber algunos rubros con incrementos algo mayores.<\/p>\n<p>Este porcentaje surge del ajuste que se aplicar\u00e1 para equiparar el movimiento del d\u00f3lar oficial, que sube mensualmente 2% seg\u00fan el ritmo del crawling peg que aplica el Banco Central, y el componente impositivo.<\/p>\n<p>A su vez, se aplicar\u00e1 otro ajuste del 2%, derivado de la suba que mostr\u00f3 el precio del barril de Brent, la cotizaci\u00f3n del petr\u00f3leo que se toma como referencia en la Argentina.<\/p>\n<p>Para esta consideraci\u00f3n, las firmas toman el valor promedio a lo largo del mes: el Brent inici\u00f3 octubre en alrededor de US$71 y hoy se ubica en torno a US$76.<\/p>\n<p>En octubre, la ca\u00edda en el precio del Brent llev\u00f3 a YPF a anunciar una baja del 1% en las naftas y del 2% en el gasoil.<\/p>\n<p>La petrolera bajo control estatal, actor mayoritario en este segmento, dio el primer paso, y luego fue replicado por sus competidores.<\/p>\n<p>Horacio Mar\u00edn, presidente y CEO de YPF, dijo que lo justo es si el precio del crudo internacional sube, el de los combustibles localmente va a subir. Si el precio baja, vamos a bajar.<\/p>\n<p>Los precios de YPF en la Ciudad de Buenos Aires (CABA) son $1048 la nafta s\u00faper; la premium, $1296; el gasoil s\u00faper, $1062; y el premium, $1307.<\/p>\n<p>En el \u00faltimo a\u00f1o, el precio de los combustibles subi\u00f3 340% en CABA, muy por encima de la inflaci\u00f3n interanual.<\/p>\n<p>Esto se debi\u00f3, en primer lugar, al objetivo de YPF de cerrar la brecha de costos entre el barril criollo y el de paridad de exportaci\u00f3n.<\/p>\n<p>Tambi\u00e9n hubo variaci\u00f3n entre los ajustes de los precios de las estaciones de servicio del AMBA y las de otras provincias.<\/p>\n<p>Exist\u00eda una brecha entre ambas (los valores eran m\u00e1s altos en el interior) y otra de las intenciones de la petrolera fue avanzar en la eliminaci\u00f3n de esa distancia.<\/p>\n<p>Por otro lado, el aumento de 340% en los precios de los combustibles se debe a que el Gobierno aument\u00f3 los impuestos al combustible l\u00edquido (ICL) y al di\u00f3xido de carbono (IDC), que hab\u00edan quedado sin actualizaci\u00f3n durante 10 trimestres consecutivos, desde julio de 2021, durante la gesti\u00f3n anterior.<\/p>\n","protected":false},"excerpt":{"rendered":"<p>Los precios de los combustibles volver\u00e1n a subir a partir de este viernes, en torno al 4 por ciento.<\/p>\n","protected":false},"author":3,"featured_media":94603,"comment_status":"closed","ping_status":"closed","sticky":false,"template":"","format":"standard","meta":{"footnotes":""},"categories":[36],"tags":[48],"class_list":["post-108961","post","type-post","status-publish","format-standard","has-post-thumbnail","hentry","category-economia","tag-destacada"],"yoast_head":"<!-- This site is optimized with the Yoast SEO plugin v25.9 - https:\/\/yoast.com\/wordpress\/plugins\/seo\/ -->\n<title>Este viernes volver\u00e1n a subir los combustibles: cu\u00e1nto aumentaron en el a\u00f1o - Noticias Radio Reflejos<\/title>\n<meta name=\"robots\" content=\"index, follow, max-snippet:-1, max-image-preview:large, max-video-preview:-1\" \/>\n<link rel=\"canonical\" href=\"https:\/\/www.noticiasradioreflejos.com.ar\/2021\/este-viernes-volveran-a-subir-los-combustibles-cuanto-aumentaron-en-el-ano\/\" \/>\n<meta property=\"og:locale\" content=\"es_ES\" \/>\n<meta property=\"og:type\" content=\"article\" \/>\n<meta property=\"og:title\" content=\"Este viernes volver\u00e1n a subir los combustibles: cu\u00e1nto aumentaron en el a\u00f1o - Noticias Radio Reflejos\" \/>\n<meta property=\"og:description\" content=\"Los precios de los combustibles volver\u00e1n a subir a partir de este viernes, en torno al 4 por ciento.\" \/>\n<meta property=\"og:url\" content=\"https:\/\/www.noticiasradioreflejos.com.ar\/2021\/este-viernes-volveran-a-subir-los-combustibles-cuanto-aumentaron-en-el-ano\/\" \/>\n<meta property=\"og:site_name\" content=\"Noticias Radio Reflejos\" \/>\n<meta property=\"article:published_time\" content=\"2024-10-29T22:46:28+00:00\" \/>\n<meta property=\"article:modified_time\" content=\"2024-10-29T22:47:13+00:00\" \/>\n<meta property=\"og:image\" content=\"https:\/\/www.noticiasradioreflejos.com.ar\/2021\/wp-content\/uploads\/2023\/10\/cargando-combustibles-1.jpeg\" \/>\n\t<meta property=\"og:image:width\" content=\"1600\" \/>\n\t<meta property=\"og:image:height\" content=\"900\" \/>\n\t<meta property=\"og:image:type\" content=\"image\/jpeg\" \/>\n<meta name=\"author\" content=\"Arnaldo Botto\" \/>\n<meta name=\"twitter:card\" content=\"summary_large_image\" \/>\n<script type=\"application\/ld+json\" class=\"yoast-schema-graph\">{\"@context\":\"https:\/\/schema.org\",\"@graph\":[{\"@type\":\"WebPage\",\"@id\":\"https:\/\/www.noticiasradioreflejos.com.ar\/2021\/este-viernes-volveran-a-subir-los-combustibles-cuanto-aumentaron-en-el-ano\/\",\"url\":\"https:\/\/www.noticiasradioreflejos.com.ar\/2021\/este-viernes-volveran-a-subir-los-combustibles-cuanto-aumentaron-en-el-ano\/\",\"name\":\"Este viernes volver\u00e1n a subir los combustibles: cu\u00e1nto aumentaron en el a\u00f1o - Noticias Radio Reflejos\",\"isPartOf\":{\"@id\":\"https:\/\/www.noticiasradioreflejos.com.ar\/2021\/#website\"},\"primaryImageOfPage\":{\"@id\":\"https:\/\/www.noticiasradioreflejos.com.ar\/2021\/este-viernes-volveran-a-subir-los-combustibles-cuanto-aumentaron-en-el-ano\/#primaryimage\"},\"image\":{\"@id\":\"https:\/\/www.noticiasradioreflejos.com.ar\/2021\/este-viernes-volveran-a-subir-los-combustibles-cuanto-aumentaron-en-el-ano\/#primaryimage\"},\"thumbnailUrl\":\"https:\/\/www.noticiasradioreflejos.com.ar\/2021\/wp-content\/uploads\/2023\/10\/cargando-combustibles-1.jpeg\",\"datePublished\":\"2024-10-29T22:46:28+00:00\",\"dateModified\":\"2024-10-29T22:47:13+00:00\",\"author\":{\"@id\":\"https:\/\/www.noticiasradioreflejos.com.ar\/2021\/#\/schema\/person\/ad82545263dcc5ec0996818884fd5fb1\"},\"breadcrumb\":{\"@id\":\"https:\/\/www.noticiasradioreflejos.com.ar\/2021\/este-viernes-volveran-a-subir-los-combustibles-cuanto-aumentaron-en-el-ano\/#breadcrumb\"},\"inLanguage\":\"es\",\"potentialAction\":[{\"@type\":\"ReadAction\",\"target\":[\"https:\/\/www.noticiasradioreflejos.com.ar\/2021\/este-viernes-volveran-a-subir-los-combustibles-cuanto-aumentaron-en-el-ano\/\"]}]},{\"@type\":\"ImageObject\",\"inLanguage\":\"es\",\"@id\":\"https:\/\/www.noticiasradioreflejos.com.ar\/2021\/este-viernes-volveran-a-subir-los-combustibles-cuanto-aumentaron-en-el-ano\/#primaryimage\",\"url\":\"https:\/\/www.noticiasradioreflejos.com.ar\/2021\/wp-content\/uploads\/2023\/10\/cargando-combustibles-1.jpeg\",\"contentUrl\":\"https:\/\/www.noticiasradioreflejos.com.ar\/2021\/wp-content\/uploads\/2023\/10\/cargando-combustibles-1.jpeg\",\"width\":1600,\"height\":900},{\"@type\":\"BreadcrumbList\",\"@id\":\"https:\/\/www.noticiasradioreflejos.com.ar\/2021\/este-viernes-volveran-a-subir-los-combustibles-cuanto-aumentaron-en-el-ano\/#breadcrumb\",\"itemListElement\":[{\"@type\":\"ListItem\",\"position\":1,\"name\":\"Portada\",\"item\":\"https:\/\/www.noticiasradioreflejos.com.ar\/2021\/\"},{\"@type\":\"ListItem\",\"position\":2,\"name\":\"Este viernes volver\u00e1n a subir los combustibles: cu\u00e1nto aumentaron en el a\u00f1o\"}]},{\"@type\":\"WebSite\",\"@id\":\"https:\/\/www.noticiasradioreflejos.com.ar\/2021\/#website\",\"url\":\"https:\/\/www.noticiasradioreflejos.com.ar\/2021\/\",\"name\":\"Noticias Radio Reflejos\",\"description\":\"Las noticias de mi comarca\",\"potentialAction\":[{\"@type\":\"SearchAction\",\"target\":{\"@type\":\"EntryPoint\",\"urlTemplate\":\"https:\/\/www.noticiasradioreflejos.com.ar\/2021\/?s={search_term_string}\"},\"query-input\":{\"@type\":\"PropertyValueSpecification\",\"valueRequired\":true,\"valueName\":\"search_term_string\"}}],\"inLanguage\":\"es\"},{\"@type\":\"Person\",\"@id\":\"https:\/\/www.noticiasradioreflejos.com.ar\/2021\/#\/schema\/person\/ad82545263dcc5ec0996818884fd5fb1\",\"name\":\"Arnaldo Botto\",\"image\":{\"@type\":\"ImageObject\",\"inLanguage\":\"es\",\"@id\":\"https:\/\/www.noticiasradioreflejos.com.ar\/2021\/#\/schema\/person\/image\/\",\"url\":\"https:\/\/secure.gravatar.com\/avatar\/55cb5e37c1efa326397366e6974cb338056df65cb50e7d64d1cf314e87504837?s=96&d=mm&r=g\",\"contentUrl\":\"https:\/\/secure.gravatar.com\/avatar\/55cb5e37c1efa326397366e6974cb338056df65cb50e7d64d1cf314e87504837?s=96&d=mm&r=g\",\"caption\":\"Arnaldo Botto\"},\"url\":\"https:\/\/www.noticiasradioreflejos.com.ar\/2021\/author\/arnaldo\/\"}]}<\/script>\n<!-- \/ Yoast SEO plugin. -->","yoast_head_json":{"title":"Este viernes volver\u00e1n a subir los combustibles: cu\u00e1nto aumentaron en el a\u00f1o - Noticias Radio Reflejos","robots":{"index":"index","follow":"follow","max-snippet":"max-snippet:-1","max-image-preview":"max-image-preview:large","max-video-preview":"max-video-preview:-1"},"canonical":"https:\/\/www.noticiasradioreflejos.com.ar\/2021\/este-viernes-volveran-a-subir-los-combustibles-cuanto-aumentaron-en-el-ano\/","og_locale":"es_ES","og_type":"article","og_title":"Este viernes volver\u00e1n a subir los combustibles: cu\u00e1nto aumentaron en el a\u00f1o - Noticias Radio Reflejos","og_description":"Los precios de los combustibles volver\u00e1n a subir a partir de este viernes, en torno al 4 por ciento.","og_url":"https:\/\/www.noticiasradioreflejos.com.ar\/2021\/este-viernes-volveran-a-subir-los-combustibles-cuanto-aumentaron-en-el-ano\/","og_site_name":"Noticias Radio Reflejos","article_published_time":"2024-10-29T22:46:28+00:00","article_modified_time":"2024-10-29T22:47:13+00:00","og_image":[{"width":1600,"height":900,"url":"https:\/\/www.noticiasradioreflejos.com.ar\/2021\/wp-content\/uploads\/2023\/10\/cargando-combustibles-1.jpeg","type":"image\/jpeg"}],"author":"Arnaldo Botto","twitter_card":"summary_large_image","schema":{"@context":"https:\/\/schema.org","@graph":[{"@type":"WebPage","@id":"https:\/\/www.noticiasradioreflejos.com.ar\/2021\/este-viernes-volveran-a-subir-los-combustibles-cuanto-aumentaron-en-el-ano\/","url":"https:\/\/www.noticiasradioreflejos.com.ar\/2021\/este-viernes-volveran-a-subir-los-combustibles-cuanto-aumentaron-en-el-ano\/","name":"Este viernes volver\u00e1n a subir los combustibles: cu\u00e1nto aumentaron en el a\u00f1o - Noticias Radio Reflejos","isPartOf":{"@id":"https:\/\/www.noticiasradioreflejos.com.ar\/2021\/#website"},"primaryImageOfPage":{"@id":"https:\/\/www.noticiasradioreflejos.com.ar\/2021\/este-viernes-volveran-a-subir-los-combustibles-cuanto-aumentaron-en-el-ano\/#primaryimage"},"image":{"@id":"https:\/\/www.noticiasradioreflejos.com.ar\/2021\/este-viernes-volveran-a-subir-los-combustibles-cuanto-aumentaron-en-el-ano\/#primaryimage"},"thumbnailUrl":"https:\/\/www.noticiasradioreflejos.com.ar\/2021\/wp-content\/uploads\/2023\/10\/cargando-combustibles-1.jpeg","datePublished":"2024-10-29T22:46:28+00:00","dateModified":"2024-10-29T22:47:13+00:00","author":{"@id":"https:\/\/www.noticiasradioreflejos.com.ar\/2021\/#\/schema\/person\/ad82545263dcc5ec0996818884fd5fb1"},"breadcrumb":{"@id":"https:\/\/www.noticiasradioreflejos.com.ar\/2021\/este-viernes-volveran-a-subir-los-combustibles-cuanto-aumentaron-en-el-ano\/#breadcrumb"},"inLanguage":"es","potentialAction":[{"@type":"ReadAction","target":["https:\/\/www.noticiasradioreflejos.com.ar\/2021\/este-viernes-volveran-a-subir-los-combustibles-cuanto-aumentaron-en-el-ano\/"]}]},{"@type":"ImageObject","inLanguage":"es","@id":"https:\/\/www.noticiasradioreflejos.com.ar\/2021\/este-viernes-volveran-a-subir-los-combustibles-cuanto-aumentaron-en-el-ano\/#primaryimage","url":"https:\/\/www.noticiasradioreflejos.com.ar\/2021\/wp-content\/uploads\/2023\/10\/cargando-combustibles-1.jpeg","contentUrl":"https:\/\/www.noticiasradioreflejos.com.ar\/2021\/wp-content\/uploads\/2023\/10\/cargando-combustibles-1.jpeg","width":1600,"height":900},{"@type":"BreadcrumbList","@id":"https:\/\/www.noticiasradioreflejos.com.ar\/2021\/este-viernes-volveran-a-subir-los-combustibles-cuanto-aumentaron-en-el-ano\/#breadcrumb","itemListElement":[{"@type":"ListItem","position":1,"name":"Portada","item":"https:\/\/www.noticiasradioreflejos.com.ar\/2021\/"},{"@type":"ListItem","position":2,"name":"Este viernes volver\u00e1n a subir los combustibles: cu\u00e1nto aumentaron en el a\u00f1o"}]},{"@type":"WebSite","@id":"https:\/\/www.noticiasradioreflejos.com.ar\/2021\/#website","url":"https:\/\/www.noticiasradioreflejos.com.ar\/2021\/","name":"Noticias Radio Reflejos","description":"Las noticias de mi comarca","potentialAction":[{"@type":"SearchAction","target":{"@type":"EntryPoint","urlTemplate":"https:\/\/www.noticiasradioreflejos.com.ar\/2021\/?s={search_term_string}"},"query-input":{"@type":"PropertyValueSpecification","valueRequired":true,"valueName":"search_term_string"}}],"inLanguage":"es"},{"@type":"Person","@id":"https:\/\/www.noticiasradioreflejos.com.ar\/2021\/#\/schema\/person\/ad82545263dcc5ec0996818884fd5fb1","name":"Arnaldo Botto","image":{"@type":"ImageObject","inLanguage":"es","@id":"https:\/\/www.noticiasradioreflejos.com.ar\/2021\/#\/schema\/person\/image\/","url":"https:\/\/secure.gravatar.com\/avatar\/55cb5e37c1efa326397366e6974cb338056df65cb50e7d64d1cf314e87504837?s=96&d=mm&r=g","contentUrl":"https:\/\/secure.gravatar.com\/avatar\/55cb5e37c1efa326397366e6974cb338056df65cb50e7d64d1cf314e87504837?s=96&d=mm&r=g","caption":"Arnaldo Botto"},"url":"https:\/\/www.noticiasradioreflejos.com.ar\/2021\/author\/arnaldo\/"}]}},"_links":{"self":[{"href":"https:\/\/www.noticiasradioreflejos.com.ar\/2021\/wp-json\/wp\/v2\/posts\/108961","targetHints":{"allow":["GET"]}}],"collection":[{"href":"https:\/\/www.noticiasradioreflejos.com.ar\/2021\/wp-json\/wp\/v2\/posts"}],"about":[{"href":"https:\/\/www.noticiasradioreflejos.com.ar\/2021\/wp-json\/wp\/v2\/types\/post"}],"author":[{"embeddable":true,"href":"https:\/\/www.noticiasradioreflejos.com.ar\/2021\/wp-json\/wp\/v2\/users\/3"}],"replies":[{"embeddable":true,"href":"https:\/\/www.noticiasradioreflejos.com.ar\/2021\/wp-json\/wp\/v2\/comments?post=108961"}],"version-history":[{"count":2,"href":"https:\/\/www.noticiasradioreflejos.com.ar\/2021\/wp-json\/wp\/v2\/posts\/108961\/revisions"}],"predecessor-version":[{"id":108963,"href":"https:\/\/www.noticiasradioreflejos.com.ar\/2021\/wp-json\/wp\/v2\/posts\/108961\/revisions\/108963"}],"wp:featuredmedia":[{"embeddable":true,"href":"https:\/\/www.noticiasradioreflejos.com.ar\/2021\/wp-json\/wp\/v2\/media\/94603"}],"wp:attachment":[{"href":"https:\/\/www.noticiasradioreflejos.com.ar\/2021\/wp-json\/wp\/v2\/media?parent=108961"}],"wp:term":[{"taxonomy":"category","embeddable":true,"href":"https:\/\/www.noticiasradioreflejos.com.ar\/2021\/wp-json\/wp\/v2\/categories?post=108961"},{"taxonomy":"post_tag","embeddable":true,"href":"https:\/\/www.noticiasradioreflejos.com.ar\/2021\/wp-json\/wp\/v2\/tags?post=108961"}],"curies":[{"name":"wp","href":"https:\/\/api.w.org\/{rel}","templated":true}]}}