{"id":108929,"date":"2024-10-28T17:08:49","date_gmt":"2024-10-28T20:08:49","guid":{"rendered":"https:\/\/www.noticiasradioreflejos.com.ar\/2021\/?p=108929"},"modified":"2024-10-28T17:08:49","modified_gmt":"2024-10-28T20:08:49","slug":"baja-la-confianza-del-campo-y-el-65-de-los-productores-decide-no-invertir-por-la-incertidumbre-macroeconomica-entre-otras-causas","status":"publish","type":"post","link":"https:\/\/www.noticiasradioreflejos.com.ar\/2021\/baja-la-confianza-del-campo-y-el-65-de-los-productores-decide-no-invertir-por-la-incertidumbre-macroeconomica-entre-otras-causas\/","title":{"rendered":"Baja la confianza del campo y el 65% de los productores decide no invertir por la incertidumbre macroecon\u00f3mica, entre otras causas"},"content":{"rendered":"<p>Si bien la ca\u00edda en la confianza que registra el \u00edndice\u00a0<strong>Ag Barometer Austral<\/strong>\u00a0es del 5%, el empeoramiento de las expectativas para los pr\u00f3ximos 12 meses tanto en la situaci\u00f3n financiera de los productores como en lo referido al sector agropecuario en su conjunto, es suficiente para que el 65% de los productores manifieste su falta de inter\u00e9s en realizar inversiones.<!--more--><\/p>\n<p><em>La incertidumbre macroecon\u00f3mica, la falta de financiamiento, el alto costo del financiamiento, la falta de alternativas rentables de inversi\u00f3n y la falta de confianza en el futuro del sector son las principales causas por las que deciden no invertir durante el pr\u00f3ximo a\u00f1o.<\/em><\/p>\n<p>&nbsp;<\/p>\n<table border=\"0\" width=\"100%\" cellspacing=\"0\" cellpadding=\"0\">\n<tbody>\n<tr>\n<td align=\"center\">\n<div><img decoding=\"async\" class=\"CToWUd a6T\" tabindex=\"0\" src=\"https:\/\/ci3.googleusercontent.com\/meips\/ADKq_NaokXkb7eZ-tp4d4oh9Xkd9b0JpavCDEXqKiRSH3JG8z3VLPahhU0zE4Bi2YFI9HiZFdRqtVIzXMaNHkrr8BCI_YXOtq1scKd8VZUDCsGI_86GhBOzEBR3OJBIoI2TAZpvr1HVYyvMMR5H1t9WVwKlmNz0kniCuFCi-ecNEVn_T4NSrjuOEYYwPygoa6ilFN6fMl3kusX04EnVQ=s0-d-e1-ft#https:\/\/131505.asset.dattanet.com\/storage\/picture\/5e4558355612c4ea5ff50889\/671fc9549d0982f77b195630\/img\/671fcf511213c85147e566dd.jpg\" alt=\"\" width=\"100%\" border=\"0\" data-bit=\"iit\" \/><\/div>\n<\/td>\n<\/tr>\n<\/tbody>\n<\/table>\n<p>&nbsp;<\/p>\n<p>La \u00faltima medici\u00f3n del \u00cdndice de Confianza del Productor Argentino \u201cAg Barometer Austral\u201d, que elabora el Centro de Agronegocios y Alimentos de la Universidad Austral, revela que, por la incertidumbre econ\u00f3mica, el 61% de los productores no piensa invertir en activos fijos en los pr\u00f3ximos 12 meses. Otros factores que se suman al poco incentivo en inversiones para el campo son la falta de financiamiento, o alto costo del mismo.\u201cA pesar de la significativa baja de la inflaci\u00f3n y la estabilidad cambiaria, los productores en su mayor\u00eda piensan que a\u00fan no es momento para realizar inversiones en activos fijos y, por lo tanto, uno de los componentes de la Demanda Agregada (Inversi\u00f3n), no har\u00e1 grandes aportes a la reactivaci\u00f3n de la actividad econ\u00f3mica, el gran desaf\u00edo que enfrenta el gobierno\u201d, detalla el informe.<\/p>\n<p>&nbsp;<\/p>\n<p>La incertidumbre macroecon\u00f3mica (20%), la falta de financiamiento (20 %), el alto costo del financiamiento (16 %), la falta de alternativas rentables de inversi\u00f3n (14 %) y la falta de confianza en el futuro del sector (12%) son las principales causas de las decisiones de no invertir durante los pr\u00f3ximos 12 meses.<\/p>\n<p>En l\u00ednea con lo expresado, Carlos Steiger, investigador del Centro de Agronegocios y Alimentos y director de la encuesta, agrega que \u201csi bien han bajado significativamente las tasas de inter\u00e9s activas en el sistema financiero bancario y est\u00e1n apareciendo cr\u00e9ditos en d\u00f3lares la baja rentabilidad esperada para la campa\u00f1a 2024\/25 (en parte por los bajos precios internacionales) y la certeza que no habr\u00e1 cambios en los derechos de exportaci\u00f3n, las inversiones productivas est\u00e1n desalentadas\u201d.Del 35% de los productores que realizar\u00e1n inversiones, la gran mayor\u00eda lo har\u00e1 de forma individual (29%) y los rubros elegidos son: maquinarias grandes (42%), hacienda vacuna (33% y principalmente de cr\u00eda), tierra (23% porque los valores est\u00e1n relativamente bajos) y otras maquinarias (20% en sembradoras y pulverizadoras, entre otras).<\/p>\n<table border=\"0\" cellspacing=\"0\" cellpadding=\"0\" align=\"center\">\n<tbody>\n<tr>\n<td align=\"center\" valign=\"middle\" width=\"auto\"><a href=\"https:\/\/131505.clicks.dattanet.com\/track\/click?u=3617290&amp;p=3133313530353a313233323a313035353a303a323a30&amp;s=234bedcad8c0754b09924d2b1949cbe2&amp;m=5209\" target=\"_blank\" rel=\"noopener\" data-saferedirecturl=\"https:\/\/www.google.com\/url?q=https:\/\/131505.clicks.dattanet.com\/track\/click?u%3D3617290%26p%3D3133313530353a313233323a313035353a303a323a30%26s%3D234bedcad8c0754b09924d2b1949cbe2%26m%3D5209&amp;source=gmail&amp;ust=1730231727765000&amp;usg=AOvVaw2fWCU3xoOPJAbwPTHLlWDN\">Acceder al \u00cdNDICE AG BAROMETER de SEPTIEMBRE\/OCTUBRE 2024<\/a><\/td>\n<\/tr>\n<\/tbody>\n<\/table>\n<table border=\"0\" width=\"100%\" cellspacing=\"0\" cellpadding=\"0\">\n<tbody>\n<tr>\n<td align=\"center\">\n<div><img decoding=\"async\" class=\"CToWUd a6T\" tabindex=\"0\" src=\"https:\/\/ci3.googleusercontent.com\/meips\/ADKq_NYwAXKynHBSBdla0nlWtclMJ3zqo_JHHTMM8znuNjkePIQb3icv1Pqv9oboI0R2X0ihO6OwDGDspalySbogcgDki2KuiVIwN-2EjIFkiWI1upi6AKMui-m3CliNWXd6I1h31A44DSaSb84K7GNcUBJRera0FVSaxrh-46pjykBMvELRXminDpmMgBAmw7_Na0w8olzuMxTFfIQA=s0-d-e1-ft#https:\/\/131505.asset.dattanet.com\/storage\/picture\/5e4558355612c4ea5ff50889\/671fc9549d0982f77b195630\/img\/671fcf5f9644f273461af036.jpg\" alt=\"\" width=\"100%\" border=\"0\" data-bit=\"iit\" \/><\/div>\n<\/td>\n<\/tr>\n<\/tbody>\n<\/table>\n<p>&nbsp;<\/p>\n<p>Al mismo tiempo, la campa\u00f1a 2024\/25 se est\u00e1 desarrollando en condiciones clim\u00e1ticas m\u00e1s desfavorables que las transcurridas durante la campa\u00f1a 2023\/24, y un 55 % de los productores temen la presencia de problemas clim\u00e1ticos importantes.Otro de los datos que llaman la atenci\u00f3n de la encuesta es que m\u00e1s de la mitad de los productores agropecuarios (51%) realiza sus actividades en campos arrendados, y la gran mayor\u00eda se pagan en una suma fija en quintales, aunque con distintos momentos de pago. Para el 76 % de los productores el pago de los arrendamientos representa el 40 % o m\u00e1s de sus costos totales, mientras que para un 48 % la incidencia es del 50 % o m\u00e1s.<br \/>\n<strong>La confianza tambi\u00e9n comienza a caer<\/strong>Un aspecto a destacar es que, durante el mes de septiembre 2024 se marca una ca\u00edda del 5% (132 vs 139) con relaci\u00f3n a la medici\u00f3n pasada. Esta es la primera ca\u00edda que se registra desde noviembre 2022, momento en el cual hab\u00eda comenzado a subir levemente.<\/p>\n<table border=\"0\" width=\"100%\" cellspacing=\"0\" cellpadding=\"0\">\n<tbody>\n<tr>\n<td align=\"center\">\n<div><img decoding=\"async\" class=\"CToWUd a6T\" tabindex=\"0\" src=\"https:\/\/ci3.googleusercontent.com\/meips\/ADKq_NbsEsnKNP3RFtAlYJ5qJL0FzEO9x052K92fz5Uq1886TjZJH7SuOhFmp5Z0Vy4drkZ92lrSITxQYwLTgHm1kJ0wO83JxujHUhTStiucuARSBl5A2oynoi4IFOY0VRkiTcRtmsAI4HWJDKemXA7qYsr5Qc2Qwqs52r97PBtrOjXXcf6p1DU3ihyD9rKpDKrX3gwUU4UCcP_-80ny=s0-d-e1-ft#https:\/\/131505.asset.dattanet.com\/storage\/picture\/5e4558355612c4ea5ff50889\/671fc9549d0982f77b195630\/img\/671fcf7e9644f273461af038.jpg\" alt=\"\" width=\"100%\" border=\"0\" data-bit=\"iit\" \/><\/div>\n<\/td>\n<\/tr>\n<\/tbody>\n<\/table>\n<p>&nbsp;<\/p>\n<p>El mayor descenso se registra en el \u00cdndice de Expectativas Futuras (150 vs 161) representando un 6% menos, dado que la ca\u00edda del \u00cdndice de Situaci\u00f3n Presente s\u00f3lo es del 1% (105 vs 106).<\/p>\n<p>El futuro para los productores est\u00e1 marcado principalmente por su situaci\u00f3n financiera para los pr\u00f3ximos 12 meses. Y para la \u00faltima medici\u00f3n, el descenso registrado es del 11% (146 vs 164).<\/p>\n<p>\u201cEntre las causas de esta ca\u00edda hay que mencionar, en primer lugar, la baja de los precios futuros de la soja en la posici\u00f3n para mayo 2025 producto de la gran oferta esperada de la campa\u00f1a 2024\/25, y un importante incremento en la relaci\u00f3n Stock\/Consumo a nivel mundial para la oleaginosa. En paralelo, en nuestro pa\u00eds se espera un incremento en la superficie sembrada de soja 2024\/25 con relaci\u00f3n a la campa\u00f1a producto de una menor superficie dedicada al ma\u00edz\u201d, detalla el informe.<\/p>\n<p>De no mediar factores clim\u00e1ticos adversos, el Ag Barometer Austral pronostica que los cambios en la utilizaci\u00f3n de la superficies sembradas dar\u00edan lugar a una producci\u00f3n total de 130 millones de toneladas, aunque con precios m\u00e1s bajos que en la campa\u00f1a 2023\/24, especialmente en soja.<\/p>\n<p>&nbsp;<\/p>\n<p>&nbsp;<\/p>\n<p>Steiger explica que los productores esperan una campa\u00f1a agr\u00edcola 2024\/25 con m\u00e1rgenes muy ajustados \u201cfundamentalmente para la soja, que ser\u00e1 el cultivo con la mayor superficie implantada, y con pocas posibilidades de los productores para transferir parte de esa \u00e1rea al ma\u00edz que presenta mejores perspectivas de rentabilidad. La demora en las lluvias ha atrasado las siembras de ma\u00edz temprano, aunque las \u00faltimas precipitaciones del mes de octubre pueden tener un impacto positivo no solo en la siembra de ma\u00edz, sino tambi\u00e9n en los rendimientos de trigo\u201d.<\/p>\n<table border=\"0\" width=\"100%\" cellspacing=\"0\" cellpadding=\"0\">\n<tbody>\n<tr>\n<td align=\"center\">\n<div><img decoding=\"async\" class=\"CToWUd a6T\" tabindex=\"0\" src=\"https:\/\/ci3.googleusercontent.com\/meips\/ADKq_NaB51VTQ9UQDw4WESpUkYJukXSseIp5wyjZLis1kCu5wiR5t1b5p5UjuGBONPmE1KRSrYEjMPieqIaWHWefXMKtgK9PljvbFNgPNErrSSSA2jtcOnrZg8gAdZNcM8X6-8Mpd4VOBxwBQMqxhL5jLkVxAkLuxG109cXiwXHbK9Ls8iK67Nn_DYiv1WaHs-EE0TXFN3fbDKbNxqSe=s0-d-e1-ft#https:\/\/131505.asset.dattanet.com\/storage\/picture\/5e4558355612c4ea5ff50889\/671fc9549d0982f77b195630\/img\/66d07d2a8419245c5b769573.jpg\" alt=\"\" width=\"100%\" border=\"0\" data-bit=\"iit\" \/><\/div>\n<\/td>\n<\/tr>\n<\/tbody>\n<tbody>\n<tr>\n<td><\/td>\n<\/tr>\n<\/tbody>\n<\/table>\n<p>&nbsp;<\/p>\n<p>El\u00a0<strong>Centro de Agronegocios y Alimentos<\/strong>\u00a0de la Facultad de Ciencias Empresariales de la\u00a0Universidad Austral es una entidad especializada y de alto nivel acad\u00e9mico cuya misi\u00f3n es impulsar, desde Rosario, el fortalecimiento de las cadenas de valor agroalimentarias e instituciones relacionadas, como un motor de desarrollo humano, econ\u00f3mico y social de largo plazo para la Argentina, a trav\u00e9s de la formaci\u00f3n y de la investigaci\u00f3n aplicada.<br \/>\nPara alcanzar este fin, el CEAg desarrolla cuatro ejes de acci\u00f3n:<br \/>\n&#8211; Una Maestr\u00eda en Agronegocios.<br \/>\n&#8211; Programas de formaci\u00f3n ejecutiva, seminarios y cursos relativos a las tem\u00e1ticas de agronegocios de mayor relevancia.<br \/>\n&#8211; Un \u00c1rea\u00a0 de Estudios en Agronegocios y Alimentos\u00a0 que\u00a0 impulsa proyectos de investigaci\u00f3n aplicada y genera un espacio de reflexi\u00f3n y an\u00e1lisis sobre los principales desaf\u00edos a los que se enfrentan los agronegocios.<br \/>\n&#8211; Actividades de extensi\u00f3n, para el desarrollo directivo de las PyME de los sectores agroindustriales.<br \/>\nM\u00e1s informaci\u00f3n,\u00a0<a href=\"https:\/\/131505.clicks.dattanet.com\/track\/click?u=2148163&amp;p=3133313530353a313233323a313035353a303a353a30&amp;s=234bedcad8c0754b09924d2b1949cbe2&amp;m=5209\" target=\"_blank\" rel=\"noopener\" data-saferedirecturl=\"https:\/\/www.google.com\/url?q=https:\/\/131505.clicks.dattanet.com\/track\/click?u%3D2148163%26p%3D3133313530353a313233323a313035353a303a353a30%26s%3D234bedcad8c0754b09924d2b1949cbe2%26m%3D5209&amp;source=gmail&amp;ust=1730231727765000&amp;usg=AOvVaw3BoXmmNsD9c9fexqCoXpp-\">click aqu\u00ed<\/a><\/p>\n<table border=\"0\" width=\"100%\" cellspacing=\"0\" cellpadding=\"0\" align=\"center\">\n<tbody>\n<tr>\n<td>\n<table border=\"0\" width=\"100%\" cellspacing=\"0\" cellpadding=\"0\">\n<tbody>\n<tr>\n<td align=\"left\">\n<div>\n<h3><strong>Haga click en el v\u00ednculo para acceder al INFORME COMPLETO:<\/strong><\/h3>\n<h2><strong><a href=\"https:\/\/131505.clicks.dattanet.com\/track\/click?u=3617290&amp;p=3133313530353a313233323a313035353a303a343a30&amp;s=234bedcad8c0754b09924d2b1949cbe2&amp;m=5209\" target=\"_blank\" rel=\"noopener\" data-saferedirecturl=\"https:\/\/www.google.com\/url?q=https:\/\/131505.clicks.dattanet.com\/track\/click?u%3D3617290%26p%3D3133313530353a313233323a313035353a303a343a30%26s%3D234bedcad8c0754b09924d2b1949cbe2%26m%3D5209&amp;source=gmail&amp;ust=1730231727765000&amp;usg=AOvVaw1lnpYl4cfNLkDo_DOFGG2u\">\u00cdNDICE AG BAROMETER SEP\/OCT 2024<\/a><\/strong><\/h2>\n<\/div>\n<\/td>\n<\/tr>\n<\/tbody>\n<\/table>\n<\/td>\n<\/tr>\n<\/tbody>\n<\/table>\n","protected":false},"excerpt":{"rendered":"<p>Si bien la ca\u00edda en la confianza que registra el \u00edndice\u00a0Ag Barometer Austral\u00a0es del 5%, el empeoramiento de las expectativas para los pr\u00f3ximos 12 meses tanto en la situaci\u00f3n financiera de los productores como en lo referido al sector agropecuario en su conjunto, es suficiente para que el 65% de los productores manifieste su falta [&hellip;]<\/p>\n","protected":false},"author":3,"featured_media":101867,"comment_status":"closed","ping_status":"closed","sticky":false,"template":"","format":"standard","meta":{"footnotes":""},"categories":[36],"tags":[],"class_list":["post-108929","post","type-post","status-publish","format-standard","has-post-thumbnail","hentry","category-economia"],"yoast_head":"<!-- This site is optimized with the Yoast SEO plugin v25.9 - https:\/\/yoast.com\/wordpress\/plugins\/seo\/ -->\n<title>Baja la confianza del campo y el 65% de los productores decide no invertir por la incertidumbre macroecon\u00f3mica, entre otras causas - Noticias Radio Reflejos<\/title>\n<meta name=\"robots\" content=\"index, follow, max-snippet:-1, max-image-preview:large, max-video-preview:-1\" \/>\n<link rel=\"canonical\" href=\"https:\/\/www.noticiasradioreflejos.com.ar\/2021\/baja-la-confianza-del-campo-y-el-65-de-los-productores-decide-no-invertir-por-la-incertidumbre-macroeconomica-entre-otras-causas\/\" \/>\n<meta property=\"og:locale\" content=\"es_ES\" \/>\n<meta property=\"og:type\" content=\"article\" \/>\n<meta property=\"og:title\" content=\"Baja la confianza del campo y el 65% de los productores decide no invertir por la incertidumbre macroecon\u00f3mica, entre otras causas - Noticias Radio Reflejos\" \/>\n<meta property=\"og:description\" content=\"Si bien la ca\u00edda en la confianza que registra el \u00edndice\u00a0Ag Barometer Austral\u00a0es del 5%, el empeoramiento de las expectativas para los pr\u00f3ximos 12 meses tanto en la situaci\u00f3n financiera de los productores como en lo referido al sector agropecuario en su conjunto, es suficiente para que el 65% de los productores manifieste su falta [&hellip;]\" \/>\n<meta property=\"og:url\" content=\"https:\/\/www.noticiasradioreflejos.com.ar\/2021\/baja-la-confianza-del-campo-y-el-65-de-los-productores-decide-no-invertir-por-la-incertidumbre-macroeconomica-entre-otras-causas\/\" \/>\n<meta property=\"og:site_name\" content=\"Noticias Radio Reflejos\" \/>\n<meta property=\"article:published_time\" content=\"2024-10-28T20:08:49+00:00\" \/>\n<meta property=\"og:image\" content=\"https:\/\/www.noticiasradioreflejos.com.ar\/2021\/wp-content\/uploads\/2024\/04\/trigo.png\" \/>\n\t<meta property=\"og:image:width\" content=\"1200\" \/>\n\t<meta property=\"og:image:height\" content=\"675\" \/>\n\t<meta property=\"og:image:type\" content=\"image\/png\" \/>\n<meta name=\"author\" content=\"Arnaldo Botto\" \/>\n<meta name=\"twitter:card\" content=\"summary_large_image\" \/>\n<script type=\"application\/ld+json\" class=\"yoast-schema-graph\">{\"@context\":\"https:\/\/schema.org\",\"@graph\":[{\"@type\":\"WebPage\",\"@id\":\"https:\/\/www.noticiasradioreflejos.com.ar\/2021\/baja-la-confianza-del-campo-y-el-65-de-los-productores-decide-no-invertir-por-la-incertidumbre-macroeconomica-entre-otras-causas\/\",\"url\":\"https:\/\/www.noticiasradioreflejos.com.ar\/2021\/baja-la-confianza-del-campo-y-el-65-de-los-productores-decide-no-invertir-por-la-incertidumbre-macroeconomica-entre-otras-causas\/\",\"name\":\"Baja la confianza del campo y el 65% de los productores decide no invertir por la incertidumbre macroecon\u00f3mica, entre otras causas - Noticias Radio Reflejos\",\"isPartOf\":{\"@id\":\"https:\/\/www.noticiasradioreflejos.com.ar\/2021\/#website\"},\"primaryImageOfPage\":{\"@id\":\"https:\/\/www.noticiasradioreflejos.com.ar\/2021\/baja-la-confianza-del-campo-y-el-65-de-los-productores-decide-no-invertir-por-la-incertidumbre-macroeconomica-entre-otras-causas\/#primaryimage\"},\"image\":{\"@id\":\"https:\/\/www.noticiasradioreflejos.com.ar\/2021\/baja-la-confianza-del-campo-y-el-65-de-los-productores-decide-no-invertir-por-la-incertidumbre-macroeconomica-entre-otras-causas\/#primaryimage\"},\"thumbnailUrl\":\"https:\/\/www.noticiasradioreflejos.com.ar\/2021\/wp-content\/uploads\/2024\/04\/trigo.png\",\"datePublished\":\"2024-10-28T20:08:49+00:00\",\"author\":{\"@id\":\"https:\/\/www.noticiasradioreflejos.com.ar\/2021\/#\/schema\/person\/ad82545263dcc5ec0996818884fd5fb1\"},\"breadcrumb\":{\"@id\":\"https:\/\/www.noticiasradioreflejos.com.ar\/2021\/baja-la-confianza-del-campo-y-el-65-de-los-productores-decide-no-invertir-por-la-incertidumbre-macroeconomica-entre-otras-causas\/#breadcrumb\"},\"inLanguage\":\"es\",\"potentialAction\":[{\"@type\":\"ReadAction\",\"target\":[\"https:\/\/www.noticiasradioreflejos.com.ar\/2021\/baja-la-confianza-del-campo-y-el-65-de-los-productores-decide-no-invertir-por-la-incertidumbre-macroeconomica-entre-otras-causas\/\"]}]},{\"@type\":\"ImageObject\",\"inLanguage\":\"es\",\"@id\":\"https:\/\/www.noticiasradioreflejos.com.ar\/2021\/baja-la-confianza-del-campo-y-el-65-de-los-productores-decide-no-invertir-por-la-incertidumbre-macroeconomica-entre-otras-causas\/#primaryimage\",\"url\":\"https:\/\/www.noticiasradioreflejos.com.ar\/2021\/wp-content\/uploads\/2024\/04\/trigo.png\",\"contentUrl\":\"https:\/\/www.noticiasradioreflejos.com.ar\/2021\/wp-content\/uploads\/2024\/04\/trigo.png\",\"width\":1200,\"height\":675},{\"@type\":\"BreadcrumbList\",\"@id\":\"https:\/\/www.noticiasradioreflejos.com.ar\/2021\/baja-la-confianza-del-campo-y-el-65-de-los-productores-decide-no-invertir-por-la-incertidumbre-macroeconomica-entre-otras-causas\/#breadcrumb\",\"itemListElement\":[{\"@type\":\"ListItem\",\"position\":1,\"name\":\"Portada\",\"item\":\"https:\/\/www.noticiasradioreflejos.com.ar\/2021\/\"},{\"@type\":\"ListItem\",\"position\":2,\"name\":\"Baja la confianza del campo y el 65% de los productores decide no invertir por la incertidumbre macroecon\u00f3mica, entre otras causas\"}]},{\"@type\":\"WebSite\",\"@id\":\"https:\/\/www.noticiasradioreflejos.com.ar\/2021\/#website\",\"url\":\"https:\/\/www.noticiasradioreflejos.com.ar\/2021\/\",\"name\":\"Noticias Radio Reflejos\",\"description\":\"Las noticias de mi comarca\",\"potentialAction\":[{\"@type\":\"SearchAction\",\"target\":{\"@type\":\"EntryPoint\",\"urlTemplate\":\"https:\/\/www.noticiasradioreflejos.com.ar\/2021\/?s={search_term_string}\"},\"query-input\":{\"@type\":\"PropertyValueSpecification\",\"valueRequired\":true,\"valueName\":\"search_term_string\"}}],\"inLanguage\":\"es\"},{\"@type\":\"Person\",\"@id\":\"https:\/\/www.noticiasradioreflejos.com.ar\/2021\/#\/schema\/person\/ad82545263dcc5ec0996818884fd5fb1\",\"name\":\"Arnaldo Botto\",\"image\":{\"@type\":\"ImageObject\",\"inLanguage\":\"es\",\"@id\":\"https:\/\/www.noticiasradioreflejos.com.ar\/2021\/#\/schema\/person\/image\/\",\"url\":\"https:\/\/secure.gravatar.com\/avatar\/55cb5e37c1efa326397366e6974cb338056df65cb50e7d64d1cf314e87504837?s=96&d=mm&r=g\",\"contentUrl\":\"https:\/\/secure.gravatar.com\/avatar\/55cb5e37c1efa326397366e6974cb338056df65cb50e7d64d1cf314e87504837?s=96&d=mm&r=g\",\"caption\":\"Arnaldo Botto\"},\"url\":\"https:\/\/www.noticiasradioreflejos.com.ar\/2021\/author\/arnaldo\/\"}]}<\/script>\n<!-- \/ Yoast SEO plugin. -->","yoast_head_json":{"title":"Baja la confianza del campo y el 65% de los productores decide no invertir por la incertidumbre macroecon\u00f3mica, entre otras causas - Noticias Radio Reflejos","robots":{"index":"index","follow":"follow","max-snippet":"max-snippet:-1","max-image-preview":"max-image-preview:large","max-video-preview":"max-video-preview:-1"},"canonical":"https:\/\/www.noticiasradioreflejos.com.ar\/2021\/baja-la-confianza-del-campo-y-el-65-de-los-productores-decide-no-invertir-por-la-incertidumbre-macroeconomica-entre-otras-causas\/","og_locale":"es_ES","og_type":"article","og_title":"Baja la confianza del campo y el 65% de los productores decide no invertir por la incertidumbre macroecon\u00f3mica, entre otras causas - Noticias Radio Reflejos","og_description":"Si bien la ca\u00edda en la confianza que registra el \u00edndice\u00a0Ag Barometer Austral\u00a0es del 5%, el empeoramiento de las expectativas para los pr\u00f3ximos 12 meses tanto en la situaci\u00f3n financiera de los productores como en lo referido al sector agropecuario en su conjunto, es suficiente para que el 65% de los productores manifieste su falta [&hellip;]","og_url":"https:\/\/www.noticiasradioreflejos.com.ar\/2021\/baja-la-confianza-del-campo-y-el-65-de-los-productores-decide-no-invertir-por-la-incertidumbre-macroeconomica-entre-otras-causas\/","og_site_name":"Noticias Radio Reflejos","article_published_time":"2024-10-28T20:08:49+00:00","og_image":[{"width":1200,"height":675,"url":"https:\/\/www.noticiasradioreflejos.com.ar\/2021\/wp-content\/uploads\/2024\/04\/trigo.png","type":"image\/png"}],"author":"Arnaldo Botto","twitter_card":"summary_large_image","schema":{"@context":"https:\/\/schema.org","@graph":[{"@type":"WebPage","@id":"https:\/\/www.noticiasradioreflejos.com.ar\/2021\/baja-la-confianza-del-campo-y-el-65-de-los-productores-decide-no-invertir-por-la-incertidumbre-macroeconomica-entre-otras-causas\/","url":"https:\/\/www.noticiasradioreflejos.com.ar\/2021\/baja-la-confianza-del-campo-y-el-65-de-los-productores-decide-no-invertir-por-la-incertidumbre-macroeconomica-entre-otras-causas\/","name":"Baja la confianza del campo y el 65% de los productores decide no invertir por la incertidumbre macroecon\u00f3mica, entre otras causas - Noticias Radio Reflejos","isPartOf":{"@id":"https:\/\/www.noticiasradioreflejos.com.ar\/2021\/#website"},"primaryImageOfPage":{"@id":"https:\/\/www.noticiasradioreflejos.com.ar\/2021\/baja-la-confianza-del-campo-y-el-65-de-los-productores-decide-no-invertir-por-la-incertidumbre-macroeconomica-entre-otras-causas\/#primaryimage"},"image":{"@id":"https:\/\/www.noticiasradioreflejos.com.ar\/2021\/baja-la-confianza-del-campo-y-el-65-de-los-productores-decide-no-invertir-por-la-incertidumbre-macroeconomica-entre-otras-causas\/#primaryimage"},"thumbnailUrl":"https:\/\/www.noticiasradioreflejos.com.ar\/2021\/wp-content\/uploads\/2024\/04\/trigo.png","datePublished":"2024-10-28T20:08:49+00:00","author":{"@id":"https:\/\/www.noticiasradioreflejos.com.ar\/2021\/#\/schema\/person\/ad82545263dcc5ec0996818884fd5fb1"},"breadcrumb":{"@id":"https:\/\/www.noticiasradioreflejos.com.ar\/2021\/baja-la-confianza-del-campo-y-el-65-de-los-productores-decide-no-invertir-por-la-incertidumbre-macroeconomica-entre-otras-causas\/#breadcrumb"},"inLanguage":"es","potentialAction":[{"@type":"ReadAction","target":["https:\/\/www.noticiasradioreflejos.com.ar\/2021\/baja-la-confianza-del-campo-y-el-65-de-los-productores-decide-no-invertir-por-la-incertidumbre-macroeconomica-entre-otras-causas\/"]}]},{"@type":"ImageObject","inLanguage":"es","@id":"https:\/\/www.noticiasradioreflejos.com.ar\/2021\/baja-la-confianza-del-campo-y-el-65-de-los-productores-decide-no-invertir-por-la-incertidumbre-macroeconomica-entre-otras-causas\/#primaryimage","url":"https:\/\/www.noticiasradioreflejos.com.ar\/2021\/wp-content\/uploads\/2024\/04\/trigo.png","contentUrl":"https:\/\/www.noticiasradioreflejos.com.ar\/2021\/wp-content\/uploads\/2024\/04\/trigo.png","width":1200,"height":675},{"@type":"BreadcrumbList","@id":"https:\/\/www.noticiasradioreflejos.com.ar\/2021\/baja-la-confianza-del-campo-y-el-65-de-los-productores-decide-no-invertir-por-la-incertidumbre-macroeconomica-entre-otras-causas\/#breadcrumb","itemListElement":[{"@type":"ListItem","position":1,"name":"Portada","item":"https:\/\/www.noticiasradioreflejos.com.ar\/2021\/"},{"@type":"ListItem","position":2,"name":"Baja la confianza del campo y el 65% de los productores decide no invertir por la incertidumbre macroecon\u00f3mica, entre otras causas"}]},{"@type":"WebSite","@id":"https:\/\/www.noticiasradioreflejos.com.ar\/2021\/#website","url":"https:\/\/www.noticiasradioreflejos.com.ar\/2021\/","name":"Noticias Radio Reflejos","description":"Las noticias de mi comarca","potentialAction":[{"@type":"SearchAction","target":{"@type":"EntryPoint","urlTemplate":"https:\/\/www.noticiasradioreflejos.com.ar\/2021\/?s={search_term_string}"},"query-input":{"@type":"PropertyValueSpecification","valueRequired":true,"valueName":"search_term_string"}}],"inLanguage":"es"},{"@type":"Person","@id":"https:\/\/www.noticiasradioreflejos.com.ar\/2021\/#\/schema\/person\/ad82545263dcc5ec0996818884fd5fb1","name":"Arnaldo Botto","image":{"@type":"ImageObject","inLanguage":"es","@id":"https:\/\/www.noticiasradioreflejos.com.ar\/2021\/#\/schema\/person\/image\/","url":"https:\/\/secure.gravatar.com\/avatar\/55cb5e37c1efa326397366e6974cb338056df65cb50e7d64d1cf314e87504837?s=96&d=mm&r=g","contentUrl":"https:\/\/secure.gravatar.com\/avatar\/55cb5e37c1efa326397366e6974cb338056df65cb50e7d64d1cf314e87504837?s=96&d=mm&r=g","caption":"Arnaldo Botto"},"url":"https:\/\/www.noticiasradioreflejos.com.ar\/2021\/author\/arnaldo\/"}]}},"_links":{"self":[{"href":"https:\/\/www.noticiasradioreflejos.com.ar\/2021\/wp-json\/wp\/v2\/posts\/108929","targetHints":{"allow":["GET"]}}],"collection":[{"href":"https:\/\/www.noticiasradioreflejos.com.ar\/2021\/wp-json\/wp\/v2\/posts"}],"about":[{"href":"https:\/\/www.noticiasradioreflejos.com.ar\/2021\/wp-json\/wp\/v2\/types\/post"}],"author":[{"embeddable":true,"href":"https:\/\/www.noticiasradioreflejos.com.ar\/2021\/wp-json\/wp\/v2\/users\/3"}],"replies":[{"embeddable":true,"href":"https:\/\/www.noticiasradioreflejos.com.ar\/2021\/wp-json\/wp\/v2\/comments?post=108929"}],"version-history":[{"count":1,"href":"https:\/\/www.noticiasradioreflejos.com.ar\/2021\/wp-json\/wp\/v2\/posts\/108929\/revisions"}],"predecessor-version":[{"id":108930,"href":"https:\/\/www.noticiasradioreflejos.com.ar\/2021\/wp-json\/wp\/v2\/posts\/108929\/revisions\/108930"}],"wp:featuredmedia":[{"embeddable":true,"href":"https:\/\/www.noticiasradioreflejos.com.ar\/2021\/wp-json\/wp\/v2\/media\/101867"}],"wp:attachment":[{"href":"https:\/\/www.noticiasradioreflejos.com.ar\/2021\/wp-json\/wp\/v2\/media?parent=108929"}],"wp:term":[{"taxonomy":"category","embeddable":true,"href":"https:\/\/www.noticiasradioreflejos.com.ar\/2021\/wp-json\/wp\/v2\/categories?post=108929"},{"taxonomy":"post_tag","embeddable":true,"href":"https:\/\/www.noticiasradioreflejos.com.ar\/2021\/wp-json\/wp\/v2\/tags?post=108929"}],"curies":[{"name":"wp","href":"https:\/\/api.w.org\/{rel}","templated":true}]}}