{"id":108906,"date":"2024-10-28T13:51:59","date_gmt":"2024-10-28T16:51:59","guid":{"rendered":"https:\/\/www.noticiasradioreflejos.com.ar\/2021\/?p=108906"},"modified":"2024-10-28T13:51:59","modified_gmt":"2024-10-28T16:51:59","slug":"saladillo-se-enciende-con-la-oxidada","status":"publish","type":"post","link":"https:\/\/www.noticiasradioreflejos.com.ar\/2021\/saladillo-se-enciende-con-la-oxidada\/","title":{"rendered":"Saladillo se enciende con La Oxidada"},"content":{"rendered":"<p>Ser\u00e1 la octava edici\u00f3n.<!--more--><\/p>\n<p>Saladillo se prepara para vivir dos d\u00edas a puro motor, adrenalina y pasi\u00f3n por los fierros. El pr\u00f3ximo 2 y 3 de noviembre, m\u00e1s de 15.000 fan\u00e1ticos se dar\u00e1n cita en el Autom\u00f3vil Club para celebrar la octava edici\u00f3n de este evento que ya es un cl\u00e1sico.<\/p>\n<p>La fiesta comenzar\u00e1 desde el mi\u00e9rcoles, con la llegada de los primeros fan\u00e1ticos que viajar\u00e1n desde distintos puntos del pa\u00eds para vivir la experiencia La Oxidada al m\u00e1ximo. El s\u00e1bado y domingo ser\u00e1n los d\u00edas centrales del evento, donde miles de personas se reunir\u00e1n en Saladillo, para disfrutar de esta gran celebraci\u00f3n. En ediciones anteriores, recibieron visitantes de todas las provincias argentinas, desde Entre R\u00edos hasta Tierra del Fuego, y tambi\u00e9n de pa\u00edses vecinos como Brasil y Chile y este a\u00f1o van por m\u00e1s.<br \/>\n\u201cUna de las caracter\u00edsticas principales del evento en cuanto a la convocatoria, es que no s\u00f3lo est\u00e1 destinado para los apasionados por los fierros, sino que tambi\u00e9n a las familias y el p\u00fablico en general. Esto se debe, entre otras razones, a que los visitantes disfrutan durante toda la jornada de espect\u00e1culos musicales en vivo, remates y sorteos de veh\u00edculos antiguos. Adem\u00e1s de una variada y exquisita gastronom\u00eda habr\u00e1 stands con art\u00edculos vinculados a la tem\u00e1tica\u201d, dijo Cili Colmenero uno de los organizadores de La Oxidada.<br \/>\nLa jornada estar\u00e1 cargada de sorpresas. Adem\u00e1s de homenajear a figuras destacadas, se podr\u00e1 disfrutar de demostraciones de conducci\u00f3n, recorridos fotogr\u00e1ficos por los rincones m\u00e1s aut\u00e9nticos de la muestra y, para cerrar con broche de oro, una gran fiesta.<br \/>\n\u201cLa Oxidada es una experiencia que marca. Es como formar parte de un gran rompecabezas donde cada pieza encaja a la perfecci\u00f3n. La pasi\u00f3n por los autos es el pegamento que une a todos los asistentes, creando un ambiente de camarader\u00eda y amistad que nos hace sentir parte de algo especial. Es un fin de semana lleno de risas, an\u00e9cdotas y momentos inolvidables que quedan en nuestra memoria. Uno de los aspectos m\u00e1s destacados de este encuentro  es la incre\u00edble conexi\u00f3n que se genera entre los asistentes. Durante el fin de semana, se respira un ambiente de camarader\u00eda y amistad que te hace sentir como en casa. La pasi\u00f3n por los fierros, sumada a la calidez humana, crea una atm\u00f3sfera \u00fanica e inolvidable.\u00bb<br \/>\nColmenero resalt\u00f3 que el coraz\u00f3n del evento es la pista, donde los autos antiguos demostrar\u00e1n su potencia y elegancia en diversas categor\u00edas. Pero La Oxidada es mucho m\u00e1s que eso: un espacio para acampar, disfrutar de remates, deleitarse con una variada oferta gastron\u00f3mica y sumergirse en el mundo de los autos cl\u00e1sicos a trav\u00e9s de la venta de art\u00edculos tem\u00e1ticos. Una experiencia completa para los amantes de los fierros.<br \/>\nEste encuentro no solo es un evento automovil\u00edstico, es una invitaci\u00f3n a descubrir Saladillo. Los visitantes podr\u00e1n disfrutar de las competencias en pista, pero tambi\u00e9n tendr\u00e1n la oportunidad de explorar espacios hist\u00f3ricos, visitar monumentos, degustar platos t\u00edpicos en restaurantes y disfrutar de la tranquilidad del campo. Un fin de semana perfecto para aquellos que buscan combinar adrenalina y turismo.<\/p>\n<p>Fuente:<br \/>\nPRENSA Y COMUNICACI\u00d3N<br \/>\nSandra Kan &#038; Cristela Cicar\u00e9<br \/>\n@soysandrakan @cristelacicare<\/p>\n","protected":false},"excerpt":{"rendered":"<p>Ser\u00e1 la octava edici\u00f3n.<\/p>\n","protected":false},"author":3,"featured_media":108907,"comment_status":"closed","ping_status":"closed","sticky":false,"template":"","format":"standard","meta":{"footnotes":""},"categories":[1],"tags":[],"class_list":["post-108906","post","type-post","status-publish","format-standard","has-post-thumbnail","hentry","category-sin-categoria"],"yoast_head":"<!-- This site is optimized with the Yoast SEO plugin v25.9 - https:\/\/yoast.com\/wordpress\/plugins\/seo\/ -->\n<title>Saladillo se enciende con La Oxidada - Noticias Radio Reflejos<\/title>\n<meta name=\"robots\" content=\"index, follow, max-snippet:-1, max-image-preview:large, max-video-preview:-1\" \/>\n<link rel=\"canonical\" href=\"https:\/\/www.noticiasradioreflejos.com.ar\/2021\/saladillo-se-enciende-con-la-oxidada\/\" \/>\n<meta property=\"og:locale\" content=\"es_ES\" \/>\n<meta property=\"og:type\" content=\"article\" \/>\n<meta property=\"og:title\" content=\"Saladillo se enciende con La Oxidada - Noticias Radio Reflejos\" \/>\n<meta property=\"og:description\" content=\"Ser\u00e1 la octava edici\u00f3n.\" \/>\n<meta property=\"og:url\" content=\"https:\/\/www.noticiasradioreflejos.com.ar\/2021\/saladillo-se-enciende-con-la-oxidada\/\" \/>\n<meta property=\"og:site_name\" content=\"Noticias Radio Reflejos\" \/>\n<meta property=\"article:published_time\" content=\"2024-10-28T16:51:59+00:00\" \/>\n<meta property=\"og:image\" content=\"https:\/\/www.noticiasradioreflejos.com.ar\/2021\/wp-content\/uploads\/2024\/10\/la-oxidada-2.jpg\" \/>\n\t<meta property=\"og:image:width\" content=\"1598\" \/>\n\t<meta property=\"og:image:height\" content=\"1080\" \/>\n\t<meta property=\"og:image:type\" content=\"image\/jpeg\" \/>\n<meta name=\"author\" content=\"Arnaldo Botto\" \/>\n<meta name=\"twitter:card\" content=\"summary_large_image\" \/>\n<script type=\"application\/ld+json\" class=\"yoast-schema-graph\">{\"@context\":\"https:\/\/schema.org\",\"@graph\":[{\"@type\":\"WebPage\",\"@id\":\"https:\/\/www.noticiasradioreflejos.com.ar\/2021\/saladillo-se-enciende-con-la-oxidada\/\",\"url\":\"https:\/\/www.noticiasradioreflejos.com.ar\/2021\/saladillo-se-enciende-con-la-oxidada\/\",\"name\":\"Saladillo se enciende con La Oxidada - Noticias Radio Reflejos\",\"isPartOf\":{\"@id\":\"https:\/\/www.noticiasradioreflejos.com.ar\/2021\/#website\"},\"primaryImageOfPage\":{\"@id\":\"https:\/\/www.noticiasradioreflejos.com.ar\/2021\/saladillo-se-enciende-con-la-oxidada\/#primaryimage\"},\"image\":{\"@id\":\"https:\/\/www.noticiasradioreflejos.com.ar\/2021\/saladillo-se-enciende-con-la-oxidada\/#primaryimage\"},\"thumbnailUrl\":\"https:\/\/www.noticiasradioreflejos.com.ar\/2021\/wp-content\/uploads\/2024\/10\/la-oxidada-2.jpg\",\"datePublished\":\"2024-10-28T16:51:59+00:00\",\"author\":{\"@id\":\"https:\/\/www.noticiasradioreflejos.com.ar\/2021\/#\/schema\/person\/ad82545263dcc5ec0996818884fd5fb1\"},\"breadcrumb\":{\"@id\":\"https:\/\/www.noticiasradioreflejos.com.ar\/2021\/saladillo-se-enciende-con-la-oxidada\/#breadcrumb\"},\"inLanguage\":\"es\",\"potentialAction\":[{\"@type\":\"ReadAction\",\"target\":[\"https:\/\/www.noticiasradioreflejos.com.ar\/2021\/saladillo-se-enciende-con-la-oxidada\/\"]}]},{\"@type\":\"ImageObject\",\"inLanguage\":\"es\",\"@id\":\"https:\/\/www.noticiasradioreflejos.com.ar\/2021\/saladillo-se-enciende-con-la-oxidada\/#primaryimage\",\"url\":\"https:\/\/www.noticiasradioreflejos.com.ar\/2021\/wp-content\/uploads\/2024\/10\/la-oxidada-2.jpg\",\"contentUrl\":\"https:\/\/www.noticiasradioreflejos.com.ar\/2021\/wp-content\/uploads\/2024\/10\/la-oxidada-2.jpg\",\"width\":1598,\"height\":1080},{\"@type\":\"BreadcrumbList\",\"@id\":\"https:\/\/www.noticiasradioreflejos.com.ar\/2021\/saladillo-se-enciende-con-la-oxidada\/#breadcrumb\",\"itemListElement\":[{\"@type\":\"ListItem\",\"position\":1,\"name\":\"Portada\",\"item\":\"https:\/\/www.noticiasradioreflejos.com.ar\/2021\/\"},{\"@type\":\"ListItem\",\"position\":2,\"name\":\"Saladillo se enciende con La Oxidada\"}]},{\"@type\":\"WebSite\",\"@id\":\"https:\/\/www.noticiasradioreflejos.com.ar\/2021\/#website\",\"url\":\"https:\/\/www.noticiasradioreflejos.com.ar\/2021\/\",\"name\":\"Noticias Radio Reflejos\",\"description\":\"Las noticias de mi comarca\",\"potentialAction\":[{\"@type\":\"SearchAction\",\"target\":{\"@type\":\"EntryPoint\",\"urlTemplate\":\"https:\/\/www.noticiasradioreflejos.com.ar\/2021\/?s={search_term_string}\"},\"query-input\":{\"@type\":\"PropertyValueSpecification\",\"valueRequired\":true,\"valueName\":\"search_term_string\"}}],\"inLanguage\":\"es\"},{\"@type\":\"Person\",\"@id\":\"https:\/\/www.noticiasradioreflejos.com.ar\/2021\/#\/schema\/person\/ad82545263dcc5ec0996818884fd5fb1\",\"name\":\"Arnaldo Botto\",\"image\":{\"@type\":\"ImageObject\",\"inLanguage\":\"es\",\"@id\":\"https:\/\/www.noticiasradioreflejos.com.ar\/2021\/#\/schema\/person\/image\/\",\"url\":\"https:\/\/secure.gravatar.com\/avatar\/55cb5e37c1efa326397366e6974cb338056df65cb50e7d64d1cf314e87504837?s=96&d=mm&r=g\",\"contentUrl\":\"https:\/\/secure.gravatar.com\/avatar\/55cb5e37c1efa326397366e6974cb338056df65cb50e7d64d1cf314e87504837?s=96&d=mm&r=g\",\"caption\":\"Arnaldo Botto\"},\"url\":\"https:\/\/www.noticiasradioreflejos.com.ar\/2021\/author\/arnaldo\/\"}]}<\/script>\n<!-- \/ Yoast SEO plugin. -->","yoast_head_json":{"title":"Saladillo se enciende con La Oxidada - Noticias Radio Reflejos","robots":{"index":"index","follow":"follow","max-snippet":"max-snippet:-1","max-image-preview":"max-image-preview:large","max-video-preview":"max-video-preview:-1"},"canonical":"https:\/\/www.noticiasradioreflejos.com.ar\/2021\/saladillo-se-enciende-con-la-oxidada\/","og_locale":"es_ES","og_type":"article","og_title":"Saladillo se enciende con La Oxidada - Noticias Radio Reflejos","og_description":"Ser\u00e1 la octava edici\u00f3n.","og_url":"https:\/\/www.noticiasradioreflejos.com.ar\/2021\/saladillo-se-enciende-con-la-oxidada\/","og_site_name":"Noticias Radio Reflejos","article_published_time":"2024-10-28T16:51:59+00:00","og_image":[{"width":1598,"height":1080,"url":"https:\/\/www.noticiasradioreflejos.com.ar\/2021\/wp-content\/uploads\/2024\/10\/la-oxidada-2.jpg","type":"image\/jpeg"}],"author":"Arnaldo Botto","twitter_card":"summary_large_image","schema":{"@context":"https:\/\/schema.org","@graph":[{"@type":"WebPage","@id":"https:\/\/www.noticiasradioreflejos.com.ar\/2021\/saladillo-se-enciende-con-la-oxidada\/","url":"https:\/\/www.noticiasradioreflejos.com.ar\/2021\/saladillo-se-enciende-con-la-oxidada\/","name":"Saladillo se enciende con La Oxidada - Noticias Radio Reflejos","isPartOf":{"@id":"https:\/\/www.noticiasradioreflejos.com.ar\/2021\/#website"},"primaryImageOfPage":{"@id":"https:\/\/www.noticiasradioreflejos.com.ar\/2021\/saladillo-se-enciende-con-la-oxidada\/#primaryimage"},"image":{"@id":"https:\/\/www.noticiasradioreflejos.com.ar\/2021\/saladillo-se-enciende-con-la-oxidada\/#primaryimage"},"thumbnailUrl":"https:\/\/www.noticiasradioreflejos.com.ar\/2021\/wp-content\/uploads\/2024\/10\/la-oxidada-2.jpg","datePublished":"2024-10-28T16:51:59+00:00","author":{"@id":"https:\/\/www.noticiasradioreflejos.com.ar\/2021\/#\/schema\/person\/ad82545263dcc5ec0996818884fd5fb1"},"breadcrumb":{"@id":"https:\/\/www.noticiasradioreflejos.com.ar\/2021\/saladillo-se-enciende-con-la-oxidada\/#breadcrumb"},"inLanguage":"es","potentialAction":[{"@type":"ReadAction","target":["https:\/\/www.noticiasradioreflejos.com.ar\/2021\/saladillo-se-enciende-con-la-oxidada\/"]}]},{"@type":"ImageObject","inLanguage":"es","@id":"https:\/\/www.noticiasradioreflejos.com.ar\/2021\/saladillo-se-enciende-con-la-oxidada\/#primaryimage","url":"https:\/\/www.noticiasradioreflejos.com.ar\/2021\/wp-content\/uploads\/2024\/10\/la-oxidada-2.jpg","contentUrl":"https:\/\/www.noticiasradioreflejos.com.ar\/2021\/wp-content\/uploads\/2024\/10\/la-oxidada-2.jpg","width":1598,"height":1080},{"@type":"BreadcrumbList","@id":"https:\/\/www.noticiasradioreflejos.com.ar\/2021\/saladillo-se-enciende-con-la-oxidada\/#breadcrumb","itemListElement":[{"@type":"ListItem","position":1,"name":"Portada","item":"https:\/\/www.noticiasradioreflejos.com.ar\/2021\/"},{"@type":"ListItem","position":2,"name":"Saladillo se enciende con La Oxidada"}]},{"@type":"WebSite","@id":"https:\/\/www.noticiasradioreflejos.com.ar\/2021\/#website","url":"https:\/\/www.noticiasradioreflejos.com.ar\/2021\/","name":"Noticias Radio Reflejos","description":"Las noticias de mi comarca","potentialAction":[{"@type":"SearchAction","target":{"@type":"EntryPoint","urlTemplate":"https:\/\/www.noticiasradioreflejos.com.ar\/2021\/?s={search_term_string}"},"query-input":{"@type":"PropertyValueSpecification","valueRequired":true,"valueName":"search_term_string"}}],"inLanguage":"es"},{"@type":"Person","@id":"https:\/\/www.noticiasradioreflejos.com.ar\/2021\/#\/schema\/person\/ad82545263dcc5ec0996818884fd5fb1","name":"Arnaldo Botto","image":{"@type":"ImageObject","inLanguage":"es","@id":"https:\/\/www.noticiasradioreflejos.com.ar\/2021\/#\/schema\/person\/image\/","url":"https:\/\/secure.gravatar.com\/avatar\/55cb5e37c1efa326397366e6974cb338056df65cb50e7d64d1cf314e87504837?s=96&d=mm&r=g","contentUrl":"https:\/\/secure.gravatar.com\/avatar\/55cb5e37c1efa326397366e6974cb338056df65cb50e7d64d1cf314e87504837?s=96&d=mm&r=g","caption":"Arnaldo Botto"},"url":"https:\/\/www.noticiasradioreflejos.com.ar\/2021\/author\/arnaldo\/"}]}},"_links":{"self":[{"href":"https:\/\/www.noticiasradioreflejos.com.ar\/2021\/wp-json\/wp\/v2\/posts\/108906","targetHints":{"allow":["GET"]}}],"collection":[{"href":"https:\/\/www.noticiasradioreflejos.com.ar\/2021\/wp-json\/wp\/v2\/posts"}],"about":[{"href":"https:\/\/www.noticiasradioreflejos.com.ar\/2021\/wp-json\/wp\/v2\/types\/post"}],"author":[{"embeddable":true,"href":"https:\/\/www.noticiasradioreflejos.com.ar\/2021\/wp-json\/wp\/v2\/users\/3"}],"replies":[{"embeddable":true,"href":"https:\/\/www.noticiasradioreflejos.com.ar\/2021\/wp-json\/wp\/v2\/comments?post=108906"}],"version-history":[{"count":1,"href":"https:\/\/www.noticiasradioreflejos.com.ar\/2021\/wp-json\/wp\/v2\/posts\/108906\/revisions"}],"predecessor-version":[{"id":108908,"href":"https:\/\/www.noticiasradioreflejos.com.ar\/2021\/wp-json\/wp\/v2\/posts\/108906\/revisions\/108908"}],"wp:featuredmedia":[{"embeddable":true,"href":"https:\/\/www.noticiasradioreflejos.com.ar\/2021\/wp-json\/wp\/v2\/media\/108907"}],"wp:attachment":[{"href":"https:\/\/www.noticiasradioreflejos.com.ar\/2021\/wp-json\/wp\/v2\/media?parent=108906"}],"wp:term":[{"taxonomy":"category","embeddable":true,"href":"https:\/\/www.noticiasradioreflejos.com.ar\/2021\/wp-json\/wp\/v2\/categories?post=108906"},{"taxonomy":"post_tag","embeddable":true,"href":"https:\/\/www.noticiasradioreflejos.com.ar\/2021\/wp-json\/wp\/v2\/tags?post=108906"}],"curies":[{"name":"wp","href":"https:\/\/api.w.org\/{rel}","templated":true}]}}