{"id":108900,"date":"2024-10-28T13:44:20","date_gmt":"2024-10-28T16:44:20","guid":{"rendered":"https:\/\/www.noticiasradioreflejos.com.ar\/2021\/?p=108900"},"modified":"2024-10-28T13:44:20","modified_gmt":"2024-10-28T16:44:20","slug":"tornquist-formara-parte-de-la-campana-de-descacharreo-que-lleva-adelante-la-provincia-de-buenos-aires","status":"publish","type":"post","link":"https:\/\/www.noticiasradioreflejos.com.ar\/2021\/tornquist-formara-parte-de-la-campana-de-descacharreo-que-lleva-adelante-la-provincia-de-buenos-aires\/","title":{"rendered":"Tornquist formar\u00e1 parte de la campa\u00f1a de descacharreo que lleva adelante la Provincia de Buenos Aires"},"content":{"rendered":"<p>Como parte de la campa\u00f1a de prevenci\u00f3n del dengue, el gobierno de la Provincia de Buenos Aires, junto a los municipios que la componen esta semana, realizar\u00e1 jornadas intensivas de descacharrado en todos los municipios bonaerenses. <!--more--><\/p>\n<p><a data-flickr-embed=\"true\" href=\"https:\/\/www.flickr.com\/photos\/182279889@N02\/54100566515\/in\/dateposted-public\/\" title=\"FEED_1_\"><img loading=\"lazy\" decoding=\"async\" src=\"https:\/\/live.staticflickr.com\/65535\/54100566515_e076f06b6d_o.png\" width=\"2251\" height=\"2251\" alt=\"FEED_1_\"\/><\/a><script async src=\"\/\/embedr.flickr.com\/assets\/client-code.js\" charset=\"utf-8\"><\/script><\/p>\n<p>\u201cTap\u00e1, lav\u00e1, tir\u00e1 y gir\u00e1\u201d es el lema de la campa\u00f1a que promueve estas tareas indispensables en cada hogar para evitar la proliferaci\u00f3n del mosquito Aedes aegypti, transmisor de dengue, zika y chikungunya.<\/p>\n<p>Para reproducirse, la hembra del mosquito deposita sus huevos en las paredes de cualquier objeto que pueda acumular agua. Cuando llueve y sube la temperatura se generan las condiciones ideales para que esos huevos eclosionen y nazcan las larvas, que en menos de 10 d\u00edas se transforman en mosquitos. Si estos insectos pican a alguien con dengue transmitir\u00e1n la enfermedad a la siguiente persona que piquen.<\/p>\n<p>Por eso, te invitamos a sacar tus cacharros en bolsa y de manera ordenada, este mi\u00e9rcoles 30 y viernes 1, para que los recolectores puedan llevarlos y realizar su trabajo de manera correcta. <\/p>\n<p><strong>\u00bfQu\u00e9 es descacharrar?<\/strong><\/p>\n<p>Desde el ministerio de Salud bonaerense recomiendan descacharrar todo el a\u00f1o porque los huevos permanecen latentes aun en meses fr\u00edos, y porque es la medida de prevenci\u00f3n m\u00e1s efectiva contra la enfermedad. Descacharrar consiste en eliminar todo posible objeto o recipiente que pueda acumular agua y por lo tanto servir de criadero para el Aedes aegypti.  Para descacharrar es necesario tapar, lavar, tirar o dar vuelta dichos objetos para evitar que junten agua, tal como invita el lema de la campa\u00f1a:<\/p>\n<p>TAPAR: hay que tapar los objetos que est\u00e1n a la intemperie en fondos, patios o jardines y que puedan acumular agua, como tanques, tachos y dep\u00f3sitos.<br \/>\nLAVAR: tambi\u00e9n hay que lavar con cepillo o esponja los recipientes, canaletas y desag\u00fces para desprender los huevos de mosquito.<br \/>\nTIRAR: Es importante tirar todos los recipientes en desuso, mantener los patios y jardines limpios, y las cubiertas de autom\u00f3viles bajo techo.<br \/>\nGIRAR: se recomienda girar o dar vuelta los objetos que pueden acumular agua cada vez que llueve, como baldes, colectores de aire acondicionado, porta macetas o envases. (Para m\u00e1s informaci\u00f3n, ingresar a www.gba.gob.ar\/dengue, o llamar al 148).<\/p>\n<p>Con las jornadas de descacharrado, la Secretar\u00eda de Salud y el Ministerio de Salud Provincial, apuntan a reforzar y acompa\u00f1ar a los vecinos y vecinas en la realizaci\u00f3n de estas acciones en sus casas, barrios, espacios comunitarios e institucionales, como as\u00ed tambi\u00e9n a las y los trabajadores de predios, edificios de la administraci\u00f3n provincial y establecimientos de salud p\u00fablica de la Provincia de Buenos Aires como estrategia fundamental para frenar la proliferaci\u00f3n del mosquito y el aumento de los contagios.<\/p>\n<p><a data-flickr-embed=\"true\" href=\"https:\/\/www.flickr.com\/photos\/182279889@N02\/54100365813\/in\/dateposted-public\/\" title=\"FEED_3_\"><img loading=\"lazy\" decoding=\"async\" src=\"https:\/\/live.staticflickr.com\/65535\/54100365813_24d4668c01_o.png\" width=\"2251\" height=\"2251\" alt=\"FEED_3_\"\/><\/a><script async src=\"\/\/embedr.flickr.com\/assets\/client-code.js\" charset=\"utf-8\"><\/script><\/p>\n<p><a data-flickr-embed=\"true\" href=\"https:\/\/www.flickr.com\/photos\/182279889@N02\/54100450339\/in\/dateposted-public\/\" title=\"FEED_2_\"><img loading=\"lazy\" decoding=\"async\" src=\"https:\/\/live.staticflickr.com\/65535\/54100450339_eb469676d9_o.png\" width=\"2251\" height=\"2251\" alt=\"FEED_2_\"\/><\/a><script async src=\"\/\/embedr.flickr.com\/assets\/client-code.js\" charset=\"utf-8\"><\/script><\/p>\n<p><a data-flickr-embed=\"true\" href=\"https:\/\/www.flickr.com\/photos\/182279889@N02\/54100566600\/in\/dateposted-public\/\" title=\"FEED_4_\"><img loading=\"lazy\" decoding=\"async\" src=\"https:\/\/live.staticflickr.com\/65535\/54100566600_41eea2750e_o.png\" width=\"2251\" height=\"2251\" alt=\"FEED_4_\"\/><\/a><script async src=\"\/\/embedr.flickr.com\/assets\/client-code.js\" charset=\"utf-8\"><\/script><\/p>\n<p>El descacharrado provincial forma parte de las acciones del \u201cPlan de Preparaci\u00f3n y Respuesta frente al Dengue y otros arbovirus 2024-2025\u201d impulsado por el ministerio de Salud bonaerense. <\/p>\n<p>Para llevarlo a cabo, la Mesa de Dengue de la cartera sanitaria realiz\u00f3 la semana pasada una nueva capacitaci\u00f3n de la que participaron referentes, multiplicadores, promotores y promotoras de salud y equipos a cargo de las tareas de descacharrado.<\/p>\n<p><a data-flickr-embed=\"true\" href=\"https:\/\/www.flickr.com\/photos\/182279889@N02\/54099249857\/in\/dateposted-public\/\" title=\"FEED_5_\"><img loading=\"lazy\" decoding=\"async\" src=\"https:\/\/live.staticflickr.com\/65535\/54099249857_8e8b550c35_o.png\" width=\"2251\" height=\"2251\" alt=\"FEED_5_\"\/><\/a><script async src=\"\/\/embedr.flickr.com\/assets\/client-code.js\" charset=\"utf-8\"><\/script><\/p>\n","protected":false},"excerpt":{"rendered":"<p>Como parte de la campa\u00f1a de prevenci\u00f3n del dengue, el gobierno de la Provincia de Buenos Aires, junto a los municipios que la componen esta semana, realizar\u00e1 jornadas intensivas de descacharrado en todos los municipios bonaerenses.<\/p>\n","protected":false},"author":3,"featured_media":108901,"comment_status":"closed","ping_status":"closed","sticky":false,"template":"","format":"standard","meta":{"footnotes":""},"categories":[1],"tags":[],"class_list":["post-108900","post","type-post","status-publish","format-standard","has-post-thumbnail","hentry","category-sin-categoria"],"yoast_head":"<!-- This site is optimized with the Yoast SEO plugin v25.9 - https:\/\/yoast.com\/wordpress\/plugins\/seo\/ -->\n<title>Tornquist formar\u00e1 parte de la campa\u00f1a de descacharreo que lleva adelante la Provincia de Buenos Aires - Noticias Radio Reflejos<\/title>\n<meta name=\"robots\" content=\"index, follow, max-snippet:-1, max-image-preview:large, max-video-preview:-1\" \/>\n<link rel=\"canonical\" href=\"https:\/\/www.noticiasradioreflejos.com.ar\/2021\/tornquist-formara-parte-de-la-campana-de-descacharreo-que-lleva-adelante-la-provincia-de-buenos-aires\/\" \/>\n<meta property=\"og:locale\" content=\"es_ES\" \/>\n<meta property=\"og:type\" content=\"article\" \/>\n<meta property=\"og:title\" content=\"Tornquist formar\u00e1 parte de la campa\u00f1a de descacharreo que lleva adelante la Provincia de Buenos Aires - Noticias Radio Reflejos\" \/>\n<meta property=\"og:description\" content=\"Como parte de la campa\u00f1a de prevenci\u00f3n del dengue, el gobierno de la Provincia de Buenos Aires, junto a los municipios que la componen esta semana, realizar\u00e1 jornadas intensivas de descacharrado en todos los municipios bonaerenses.\" \/>\n<meta property=\"og:url\" content=\"https:\/\/www.noticiasradioreflejos.com.ar\/2021\/tornquist-formara-parte-de-la-campana-de-descacharreo-que-lleva-adelante-la-provincia-de-buenos-aires\/\" \/>\n<meta property=\"og:site_name\" content=\"Noticias Radio Reflejos\" \/>\n<meta property=\"article:published_time\" content=\"2024-10-28T16:44:20+00:00\" \/>\n<meta property=\"og:image\" content=\"https:\/\/www.noticiasradioreflejos.com.ar\/2021\/wp-content\/uploads\/2024\/10\/FEED_1_-e1730133786692.png\" \/>\n\t<meta property=\"og:image:width\" content=\"2251\" \/>\n\t<meta property=\"og:image:height\" content=\"596\" \/>\n\t<meta property=\"og:image:type\" content=\"image\/png\" \/>\n<meta name=\"author\" content=\"Arnaldo Botto\" \/>\n<meta name=\"twitter:card\" content=\"summary_large_image\" \/>\n<script type=\"application\/ld+json\" class=\"yoast-schema-graph\">{\"@context\":\"https:\/\/schema.org\",\"@graph\":[{\"@type\":\"WebPage\",\"@id\":\"https:\/\/www.noticiasradioreflejos.com.ar\/2021\/tornquist-formara-parte-de-la-campana-de-descacharreo-que-lleva-adelante-la-provincia-de-buenos-aires\/\",\"url\":\"https:\/\/www.noticiasradioreflejos.com.ar\/2021\/tornquist-formara-parte-de-la-campana-de-descacharreo-que-lleva-adelante-la-provincia-de-buenos-aires\/\",\"name\":\"Tornquist formar\u00e1 parte de la campa\u00f1a de descacharreo que lleva adelante la Provincia de Buenos Aires - Noticias Radio Reflejos\",\"isPartOf\":{\"@id\":\"https:\/\/www.noticiasradioreflejos.com.ar\/2021\/#website\"},\"primaryImageOfPage\":{\"@id\":\"https:\/\/www.noticiasradioreflejos.com.ar\/2021\/tornquist-formara-parte-de-la-campana-de-descacharreo-que-lleva-adelante-la-provincia-de-buenos-aires\/#primaryimage\"},\"image\":{\"@id\":\"https:\/\/www.noticiasradioreflejos.com.ar\/2021\/tornquist-formara-parte-de-la-campana-de-descacharreo-que-lleva-adelante-la-provincia-de-buenos-aires\/#primaryimage\"},\"thumbnailUrl\":\"https:\/\/www.noticiasradioreflejos.com.ar\/2021\/wp-content\/uploads\/2024\/10\/FEED_1_-e1730133786692.png\",\"datePublished\":\"2024-10-28T16:44:20+00:00\",\"author\":{\"@id\":\"https:\/\/www.noticiasradioreflejos.com.ar\/2021\/#\/schema\/person\/ad82545263dcc5ec0996818884fd5fb1\"},\"breadcrumb\":{\"@id\":\"https:\/\/www.noticiasradioreflejos.com.ar\/2021\/tornquist-formara-parte-de-la-campana-de-descacharreo-que-lleva-adelante-la-provincia-de-buenos-aires\/#breadcrumb\"},\"inLanguage\":\"es\",\"potentialAction\":[{\"@type\":\"ReadAction\",\"target\":[\"https:\/\/www.noticiasradioreflejos.com.ar\/2021\/tornquist-formara-parte-de-la-campana-de-descacharreo-que-lleva-adelante-la-provincia-de-buenos-aires\/\"]}]},{\"@type\":\"ImageObject\",\"inLanguage\":\"es\",\"@id\":\"https:\/\/www.noticiasradioreflejos.com.ar\/2021\/tornquist-formara-parte-de-la-campana-de-descacharreo-que-lleva-adelante-la-provincia-de-buenos-aires\/#primaryimage\",\"url\":\"https:\/\/www.noticiasradioreflejos.com.ar\/2021\/wp-content\/uploads\/2024\/10\/FEED_1_-e1730133786692.png\",\"contentUrl\":\"https:\/\/www.noticiasradioreflejos.com.ar\/2021\/wp-content\/uploads\/2024\/10\/FEED_1_-e1730133786692.png\",\"width\":2251,\"height\":596},{\"@type\":\"BreadcrumbList\",\"@id\":\"https:\/\/www.noticiasradioreflejos.com.ar\/2021\/tornquist-formara-parte-de-la-campana-de-descacharreo-que-lleva-adelante-la-provincia-de-buenos-aires\/#breadcrumb\",\"itemListElement\":[{\"@type\":\"ListItem\",\"position\":1,\"name\":\"Portada\",\"item\":\"https:\/\/www.noticiasradioreflejos.com.ar\/2021\/\"},{\"@type\":\"ListItem\",\"position\":2,\"name\":\"Tornquist formar\u00e1 parte de la campa\u00f1a de descacharreo que lleva adelante la Provincia de Buenos Aires\"}]},{\"@type\":\"WebSite\",\"@id\":\"https:\/\/www.noticiasradioreflejos.com.ar\/2021\/#website\",\"url\":\"https:\/\/www.noticiasradioreflejos.com.ar\/2021\/\",\"name\":\"Noticias Radio Reflejos\",\"description\":\"Las noticias de mi comarca\",\"potentialAction\":[{\"@type\":\"SearchAction\",\"target\":{\"@type\":\"EntryPoint\",\"urlTemplate\":\"https:\/\/www.noticiasradioreflejos.com.ar\/2021\/?s={search_term_string}\"},\"query-input\":{\"@type\":\"PropertyValueSpecification\",\"valueRequired\":true,\"valueName\":\"search_term_string\"}}],\"inLanguage\":\"es\"},{\"@type\":\"Person\",\"@id\":\"https:\/\/www.noticiasradioreflejos.com.ar\/2021\/#\/schema\/person\/ad82545263dcc5ec0996818884fd5fb1\",\"name\":\"Arnaldo Botto\",\"image\":{\"@type\":\"ImageObject\",\"inLanguage\":\"es\",\"@id\":\"https:\/\/www.noticiasradioreflejos.com.ar\/2021\/#\/schema\/person\/image\/\",\"url\":\"https:\/\/secure.gravatar.com\/avatar\/55cb5e37c1efa326397366e6974cb338056df65cb50e7d64d1cf314e87504837?s=96&d=mm&r=g\",\"contentUrl\":\"https:\/\/secure.gravatar.com\/avatar\/55cb5e37c1efa326397366e6974cb338056df65cb50e7d64d1cf314e87504837?s=96&d=mm&r=g\",\"caption\":\"Arnaldo Botto\"},\"url\":\"https:\/\/www.noticiasradioreflejos.com.ar\/2021\/author\/arnaldo\/\"}]}<\/script>\n<!-- \/ Yoast SEO plugin. -->","yoast_head_json":{"title":"Tornquist formar\u00e1 parte de la campa\u00f1a de descacharreo que lleva adelante la Provincia de Buenos Aires - Noticias Radio Reflejos","robots":{"index":"index","follow":"follow","max-snippet":"max-snippet:-1","max-image-preview":"max-image-preview:large","max-video-preview":"max-video-preview:-1"},"canonical":"https:\/\/www.noticiasradioreflejos.com.ar\/2021\/tornquist-formara-parte-de-la-campana-de-descacharreo-que-lleva-adelante-la-provincia-de-buenos-aires\/","og_locale":"es_ES","og_type":"article","og_title":"Tornquist formar\u00e1 parte de la campa\u00f1a de descacharreo que lleva adelante la Provincia de Buenos Aires - Noticias Radio Reflejos","og_description":"Como parte de la campa\u00f1a de prevenci\u00f3n del dengue, el gobierno de la Provincia de Buenos Aires, junto a los municipios que la componen esta semana, realizar\u00e1 jornadas intensivas de descacharrado en todos los municipios bonaerenses.","og_url":"https:\/\/www.noticiasradioreflejos.com.ar\/2021\/tornquist-formara-parte-de-la-campana-de-descacharreo-que-lleva-adelante-la-provincia-de-buenos-aires\/","og_site_name":"Noticias Radio Reflejos","article_published_time":"2024-10-28T16:44:20+00:00","og_image":[{"width":2251,"height":596,"url":"https:\/\/www.noticiasradioreflejos.com.ar\/2021\/wp-content\/uploads\/2024\/10\/FEED_1_-e1730133786692.png","type":"image\/png"}],"author":"Arnaldo Botto","twitter_card":"summary_large_image","schema":{"@context":"https:\/\/schema.org","@graph":[{"@type":"WebPage","@id":"https:\/\/www.noticiasradioreflejos.com.ar\/2021\/tornquist-formara-parte-de-la-campana-de-descacharreo-que-lleva-adelante-la-provincia-de-buenos-aires\/","url":"https:\/\/www.noticiasradioreflejos.com.ar\/2021\/tornquist-formara-parte-de-la-campana-de-descacharreo-que-lleva-adelante-la-provincia-de-buenos-aires\/","name":"Tornquist formar\u00e1 parte de la campa\u00f1a de descacharreo que lleva adelante la Provincia de Buenos Aires - Noticias Radio Reflejos","isPartOf":{"@id":"https:\/\/www.noticiasradioreflejos.com.ar\/2021\/#website"},"primaryImageOfPage":{"@id":"https:\/\/www.noticiasradioreflejos.com.ar\/2021\/tornquist-formara-parte-de-la-campana-de-descacharreo-que-lleva-adelante-la-provincia-de-buenos-aires\/#primaryimage"},"image":{"@id":"https:\/\/www.noticiasradioreflejos.com.ar\/2021\/tornquist-formara-parte-de-la-campana-de-descacharreo-que-lleva-adelante-la-provincia-de-buenos-aires\/#primaryimage"},"thumbnailUrl":"https:\/\/www.noticiasradioreflejos.com.ar\/2021\/wp-content\/uploads\/2024\/10\/FEED_1_-e1730133786692.png","datePublished":"2024-10-28T16:44:20+00:00","author":{"@id":"https:\/\/www.noticiasradioreflejos.com.ar\/2021\/#\/schema\/person\/ad82545263dcc5ec0996818884fd5fb1"},"breadcrumb":{"@id":"https:\/\/www.noticiasradioreflejos.com.ar\/2021\/tornquist-formara-parte-de-la-campana-de-descacharreo-que-lleva-adelante-la-provincia-de-buenos-aires\/#breadcrumb"},"inLanguage":"es","potentialAction":[{"@type":"ReadAction","target":["https:\/\/www.noticiasradioreflejos.com.ar\/2021\/tornquist-formara-parte-de-la-campana-de-descacharreo-que-lleva-adelante-la-provincia-de-buenos-aires\/"]}]},{"@type":"ImageObject","inLanguage":"es","@id":"https:\/\/www.noticiasradioreflejos.com.ar\/2021\/tornquist-formara-parte-de-la-campana-de-descacharreo-que-lleva-adelante-la-provincia-de-buenos-aires\/#primaryimage","url":"https:\/\/www.noticiasradioreflejos.com.ar\/2021\/wp-content\/uploads\/2024\/10\/FEED_1_-e1730133786692.png","contentUrl":"https:\/\/www.noticiasradioreflejos.com.ar\/2021\/wp-content\/uploads\/2024\/10\/FEED_1_-e1730133786692.png","width":2251,"height":596},{"@type":"BreadcrumbList","@id":"https:\/\/www.noticiasradioreflejos.com.ar\/2021\/tornquist-formara-parte-de-la-campana-de-descacharreo-que-lleva-adelante-la-provincia-de-buenos-aires\/#breadcrumb","itemListElement":[{"@type":"ListItem","position":1,"name":"Portada","item":"https:\/\/www.noticiasradioreflejos.com.ar\/2021\/"},{"@type":"ListItem","position":2,"name":"Tornquist formar\u00e1 parte de la campa\u00f1a de descacharreo que lleva adelante la Provincia de Buenos Aires"}]},{"@type":"WebSite","@id":"https:\/\/www.noticiasradioreflejos.com.ar\/2021\/#website","url":"https:\/\/www.noticiasradioreflejos.com.ar\/2021\/","name":"Noticias Radio Reflejos","description":"Las noticias de mi comarca","potentialAction":[{"@type":"SearchAction","target":{"@type":"EntryPoint","urlTemplate":"https:\/\/www.noticiasradioreflejos.com.ar\/2021\/?s={search_term_string}"},"query-input":{"@type":"PropertyValueSpecification","valueRequired":true,"valueName":"search_term_string"}}],"inLanguage":"es"},{"@type":"Person","@id":"https:\/\/www.noticiasradioreflejos.com.ar\/2021\/#\/schema\/person\/ad82545263dcc5ec0996818884fd5fb1","name":"Arnaldo Botto","image":{"@type":"ImageObject","inLanguage":"es","@id":"https:\/\/www.noticiasradioreflejos.com.ar\/2021\/#\/schema\/person\/image\/","url":"https:\/\/secure.gravatar.com\/avatar\/55cb5e37c1efa326397366e6974cb338056df65cb50e7d64d1cf314e87504837?s=96&d=mm&r=g","contentUrl":"https:\/\/secure.gravatar.com\/avatar\/55cb5e37c1efa326397366e6974cb338056df65cb50e7d64d1cf314e87504837?s=96&d=mm&r=g","caption":"Arnaldo Botto"},"url":"https:\/\/www.noticiasradioreflejos.com.ar\/2021\/author\/arnaldo\/"}]}},"_links":{"self":[{"href":"https:\/\/www.noticiasradioreflejos.com.ar\/2021\/wp-json\/wp\/v2\/posts\/108900","targetHints":{"allow":["GET"]}}],"collection":[{"href":"https:\/\/www.noticiasradioreflejos.com.ar\/2021\/wp-json\/wp\/v2\/posts"}],"about":[{"href":"https:\/\/www.noticiasradioreflejos.com.ar\/2021\/wp-json\/wp\/v2\/types\/post"}],"author":[{"embeddable":true,"href":"https:\/\/www.noticiasradioreflejos.com.ar\/2021\/wp-json\/wp\/v2\/users\/3"}],"replies":[{"embeddable":true,"href":"https:\/\/www.noticiasradioreflejos.com.ar\/2021\/wp-json\/wp\/v2\/comments?post=108900"}],"version-history":[{"count":1,"href":"https:\/\/www.noticiasradioreflejos.com.ar\/2021\/wp-json\/wp\/v2\/posts\/108900\/revisions"}],"predecessor-version":[{"id":108902,"href":"https:\/\/www.noticiasradioreflejos.com.ar\/2021\/wp-json\/wp\/v2\/posts\/108900\/revisions\/108902"}],"wp:featuredmedia":[{"embeddable":true,"href":"https:\/\/www.noticiasradioreflejos.com.ar\/2021\/wp-json\/wp\/v2\/media\/108901"}],"wp:attachment":[{"href":"https:\/\/www.noticiasradioreflejos.com.ar\/2021\/wp-json\/wp\/v2\/media?parent=108900"}],"wp:term":[{"taxonomy":"category","embeddable":true,"href":"https:\/\/www.noticiasradioreflejos.com.ar\/2021\/wp-json\/wp\/v2\/categories?post=108900"},{"taxonomy":"post_tag","embeddable":true,"href":"https:\/\/www.noticiasradioreflejos.com.ar\/2021\/wp-json\/wp\/v2\/tags?post=108900"}],"curies":[{"name":"wp","href":"https:\/\/api.w.org\/{rel}","templated":true}]}}