{"id":108866,"date":"2024-10-26T09:35:54","date_gmt":"2024-10-26T12:35:54","guid":{"rendered":"https:\/\/www.noticiasradioreflejos.com.ar\/2021\/?p=108866"},"modified":"2024-10-26T09:35:54","modified_gmt":"2024-10-26T12:35:54","slug":"dengue-en-que-horario-pica-mas-el-mosquito-aedes-aegypti","status":"publish","type":"post","link":"https:\/\/www.noticiasradioreflejos.com.ar\/2021\/dengue-en-que-horario-pica-mas-el-mosquito-aedes-aegypti\/","title":{"rendered":"Dengue: \u00bfen qu\u00e9 horario pica m\u00e1s el mosquito Aedes aegypti?"},"content":{"rendered":"<p>A medida que llegan las altas temperaturas primaverales y pr\u00f3ximamente de verano, el insecto incrementa su actividad, picando y transmitiendo la enfermedad que fue r\u00e9cord en casos y fallecimientos causados en la anterior temporada. Consejos para evitar ser picado y contagiado<!--more--><\/p>\n<article class=\"article\">\n<div class=\"sharebar-container\">\n<div class=\"sharebar-buttons-container\">\n<p>&nbsp;<\/p>\n<\/div>\n<\/div>\n<div class=\"body-article \">\n<div class=\" visual__image\"><picture><source srcset=\"https:\/\/www.infobae.com\/resizer\/v2\/2UJ73LZIXRH3LPVWF5IKXNJYN4.jpg?auth=927dc7fac24cde297f4528ac563a8d44d18436d58342fa519f1f1082156055a7&amp;smart=true&amp;width=992&amp;height=558&amp;quality=85\" media=\"(min-width: 1000px)\" \/><source srcset=\"https:\/\/www.infobae.com\/resizer\/v2\/2UJ73LZIXRH3LPVWF5IKXNJYN4.jpg?auth=927dc7fac24cde297f4528ac563a8d44d18436d58342fa519f1f1082156055a7&amp;smart=true&amp;width=768&amp;height=432&amp;quality=85\" media=\"(min-width: 768px)\" \/><source srcset=\"https:\/\/www.infobae.com\/resizer\/v2\/2UJ73LZIXRH3LPVWF5IKXNJYN4.jpg?auth=927dc7fac24cde297f4528ac563a8d44d18436d58342fa519f1f1082156055a7&amp;smart=true&amp;width=577&amp;height=325&amp;quality=85\" media=\"(min-width: 580px)\" \/><source srcset=\"https:\/\/www.infobae.com\/resizer\/v2\/2UJ73LZIXRH3LPVWF5IKXNJYN4.jpg?auth=927dc7fac24cde297f4528ac563a8d44d18436d58342fa519f1f1082156055a7&amp;smart=true&amp;width=420&amp;height=236&amp;quality=85\" media=\"(min-width: 350px)\" \/><source srcset=\"https:\/\/www.infobae.com\/resizer\/v2\/2UJ73LZIXRH3LPVWF5IKXNJYN4.jpg?auth=927dc7fac24cde297f4528ac563a8d44d18436d58342fa519f1f1082156055a7&amp;smart=true&amp;width=350&amp;height=197&amp;quality=85\" media=\"(min-width: 80px)\" \/><img loading=\"lazy\" decoding=\"async\" class=\"global-image\" src=\"https:\/\/www.infobae.com\/resizer\/v2\/2UJ73LZIXRH3LPVWF5IKXNJYN4.jpg?auth=927dc7fac24cde297f4528ac563a8d44d18436d58342fa519f1f1082156055a7&amp;smart=true&amp;width=350&amp;height=197&amp;quality=85\" alt=\"El mosquito del dengue, Aedes aegypti es el vector transmisor que debe ser combatido para frenar la incidencia de la enfermedad (Imagen ilustrativa Infobae)\" width=\"1920\" height=\"1080\" \/><\/picture><em>El mosquito del dengue, Aedes aegypti es el vector transmisor que debe ser combatido para frenar la incidencia de la enfermedad (Imagen ilustrativa Infobae)<\/em><\/div>\n<\/div>\n<\/article>\n<div><\/div>\n<div><\/div>\n<article class=\"article\">\n<div class=\"body-article \">\n<p class=\"paragraph\" data-mrf-recirculation=\"Links inline\"><b>Aedes aegypti pica m\u00e1s en las ma\u00f1anas y al anochecer: riesgos persistentes<\/b><\/p>\n<ul class=\"list\" data-icon=\"\u2b24\">\n<li data-icon=\"\u2b24\">El mosquito del dengue es m\u00e1s activo entre las 6 y 11, y de 18 a 21 horas.<\/li>\n<li data-icon=\"\u2b24\">La luz artificial y la temperatura afectan su comportamiento y supervivencia.<\/li>\n<li data-icon=\"\u2b24\">Un estudio sugiere que la contaminaci\u00f3n lum\u00ednica altera su ciclo de reposo.<\/li>\n<\/ul>\n<p class=\"paragraph\" data-mrf-recirculation=\"Links inline\"><b>Lo esencial<\/b>: El\u00a0<a href=\"https:\/\/www.infobae.com\/tag\/aedes-aegypti\/\" target=\"_blank\" rel=\"noopener noreferrer\" data-mrf-link=\"https:\/\/www.infobae.com\/tag\/aedes-aegypti\/\"><i>Aedes aegypti<\/i><\/a>, transmisor del\u00a0<a href=\"https:\/\/www.infobae.com\/tag\/dengue\/\" target=\"_blank\" rel=\"noopener noreferrer\" data-mrf-link=\"https:\/\/www.infobae.com\/tag\/dengue\/\"><b>dengue<\/b><\/a>, pica principalmente al amanecer y al atardecer, pero puede hacerlo en cualquier momento si se expone a luces artificiales. Su<b>\u00a0ciclo de vida se adapta a ambientes urbanos,<\/b>\u00a0donde se cr\u00eda en aguas estancadas y busca condiciones h\u00famedas. La contaminaci\u00f3n lum\u00ednica<b>\u00a0puede modificar su ritmo circadiano<\/b>, aumentando la actividad nocturna y el riesgo de transmisi\u00f3n de enfermedades virales.<\/p>\n<div class=\"inline ad-wrapper\">\n<div class=\"dfpAd ad-inline\"><\/div>\n<\/div>\n<p class=\"paragraph\" data-mrf-recirculation=\"Links inline\"><b>Por qu\u00e9 importa<\/b>: Comprender los horarios de mayor actividad y factores que alteran el comportamiento del mosquito puede ayudar a reducir la exposici\u00f3n y prevenir el dengue:<\/p>\n<ul class=\"list\" data-icon=\"\u2b24\">\n<li data-icon=\"\u2b24\">En zonas urbanas, la iluminaci\u00f3n prolongada incrementa el tiempo de actividad del mosquito.<\/li>\n<li data-icon=\"\u2b24\">La eliminaci\u00f3n de criaderos y el uso adecuado de barreras f\u00edsicas son esenciales para controlar su poblaci\u00f3n.<\/li>\n<\/ul>\n<div class=\"rawHTML raw_html \"><img decoding=\"async\" class=\"responsive\" src=\"https:\/\/www.infobae.com\/new-resizer\/qy4YjthVMMgc6KLpqU8EwBwDFLY=\/arc-anglerfish-arc2-prod-infobae\/public\/HSX24FNUZRA5RELZNHH6M3XOBE.gif\" alt=\"infografia\" \/><\/div>\n<p class=\"paragraph\" data-mrf-recirculation=\"Links inline\">El\u00a0<b>dengue<\/b>, una enfermedad viral que afecta a millones de personas en todo el mundo,<b>\u00a0es transmitido por el mosquito Aedes aegypti<\/b>, cuya capacidad de adaptaci\u00f3n a entornos urbanos y su comportamiento alimentario lo convierten en un peligro constante.<\/p>\n<div class=\"inline_2_DSK ad-wrapper ad-desktop\">\n<div class=\"dfpAd ad-inline\"><\/div>\n<\/div>\n<p class=\"paragraph\" data-mrf-recirculation=\"Links inline\">Nuevas investigaciones han revelado que este mosquito no solo se alimenta durante las primeras horas del d\u00eda y al atardecer, sino que tambi\u00e9n puede picar en la noche bajo ciertas condiciones, lo que aumenta los riesgos para la salud p\u00fablica.<\/p>\n<div class=\"news-module\" data-mrf-recirculation=\"IL_wLyG9sjfRQKb8QO3fSLumw\" data-testid=\"text-html\" data-mrf-experience=\"IL_wLyG9sjfRQKb8QO3fSLumw\">\n<div class=\"recommended-card__info\">\n<div class=\"recommended-card__info-button recommended-card__info-button--deportes\"><\/div>\n<\/div>\n<\/div>\n<p class=\"paragraph\" data-mrf-recirculation=\"Links inline\">Tradicionalmente, se ha sostenido que el Aedes aegypti, conocido por ser el principal vector del dengue,\u00a0<b>es m\u00e1s activo durante el d\u00eda<\/b>, espec\u00edficamente en dos franjas horarias: desde las primeras horas de la ma\u00f1ana hasta antes del mediod\u00eda, y luego en el crep\u00fasculo, entre las 18 y las 21 horas.<\/p>\n<p data-mrf-recirculation=\"Links inline\">\n<p class=\"paragraph\" data-mrf-recirculation=\"Links inline\">Sin embargo, estudios recientes han mostrado que la<b>\u00a0actividad de este mosquito puede extenderse a otros momentos si se dan ciertas condiciones<\/b>, como la presencia de<b>\u00a0luz artificial<\/b>\u00a0en espacios cerrados.<\/p>\n<p class=\"paragraph\" data-mrf-recirculation=\"Links inline\">Un estudio en Estados Unidos ha evidenciado que la luz artificial en \u00e1reas urbanas altera el comportamiento natural de los insectos vectores. La investigaci\u00f3n realizada por la Universidad Estatal de Ohio sugiere que la contaminaci\u00f3n lum\u00ednica puede modificar el ritmo circadiano del Aedes aegypti, prolongando su periodo de actividad e incrementando el riesgo de picaduras durante la noche.<\/p>\n<p class=\"paragraph\" data-mrf-recirculation=\"Links inline\">\u201cLa prevalencia de la luz artificial nocturna a nivel mundial ha aumentado dr\u00e1sticamente, lo que afecta principalmente a los insectos diurnos, incluyendo al mosquito del dengue\u201d, advirtieron los autores del estudio.<\/p>\n<div class=\"headline-wrapper\">\n<h2 class=\"header headline-class-h2\">C\u00f3mo la luz artificial altera el ciclo de vida del mosquito<\/h2>\n<\/div>\n<div class=\" visual__image\"><picture><source srcset=\"https:\/\/www.infobae.com\/resizer\/v2\/JFIEPQRIQNFQNLF5FDHVCWS6HE.jpg?auth=7483473071c7ddcab6e9d9784d3f90de94cc48bafcbf06fc6db9a5bc93e02438&amp;smart=true&amp;width=992&amp;height=558&amp;quality=85\" media=\"(min-width: 1000px)\" \/><source srcset=\"https:\/\/www.infobae.com\/resizer\/v2\/JFIEPQRIQNFQNLF5FDHVCWS6HE.jpg?auth=7483473071c7ddcab6e9d9784d3f90de94cc48bafcbf06fc6db9a5bc93e02438&amp;smart=true&amp;width=768&amp;height=432&amp;quality=85\" media=\"(min-width: 768px)\" \/><source srcset=\"https:\/\/www.infobae.com\/resizer\/v2\/JFIEPQRIQNFQNLF5FDHVCWS6HE.jpg?auth=7483473071c7ddcab6e9d9784d3f90de94cc48bafcbf06fc6db9a5bc93e02438&amp;smart=true&amp;width=577&amp;height=325&amp;quality=85\" media=\"(min-width: 580px)\" \/><source srcset=\"https:\/\/www.infobae.com\/resizer\/v2\/JFIEPQRIQNFQNLF5FDHVCWS6HE.jpg?auth=7483473071c7ddcab6e9d9784d3f90de94cc48bafcbf06fc6db9a5bc93e02438&amp;smart=true&amp;width=420&amp;height=236&amp;quality=85\" media=\"(min-width: 350px)\" \/><source srcset=\"https:\/\/www.infobae.com\/resizer\/v2\/JFIEPQRIQNFQNLF5FDHVCWS6HE.jpg?auth=7483473071c7ddcab6e9d9784d3f90de94cc48bafcbf06fc6db9a5bc93e02438&amp;smart=true&amp;width=350&amp;height=197&amp;quality=85\" media=\"(min-width: 80px)\" \/><img loading=\"lazy\" decoding=\"async\" class=\"global-image\" src=\"https:\/\/www.infobae.com\/resizer\/v2\/JFIEPQRIQNFQNLF5FDHVCWS6HE.jpg?auth=7483473071c7ddcab6e9d9784d3f90de94cc48bafcbf06fc6db9a5bc93e02438&amp;smart=true&amp;width=350&amp;height=197&amp;quality=85\" alt=\"Muchas ciudades en los \u00faltimos a\u00f1os incorporaron luces led, que generan un cambio de h\u00e1bitos en los mosquitos\" width=\"1920\" height=\"1080\" \/><\/picture><em>Muchas ciudades en los \u00faltimos a\u00f1os incorporaron luces led, que generan un cambio de h\u00e1bitos en los mosquitos<\/em><\/div>\n<p data-mrf-recirculation=\"Links inline\">\n<p data-mrf-recirculation=\"Links inline\">\n<p class=\"paragraph\" data-mrf-recirculation=\"Links inline\"><b>El Aedes aegypti es un mosquito de h\u00e1bitos diurnos<\/b>\u00a0que, en ausencia de luz, tiende a reducir su actividad durante la noche. Sin embargo,\u00a0<b>la exposici\u00f3n a la luz artificial enga\u00f1a su sistema circadiano,<\/b>\u00a0extendiendo el tiempo que permanece activo y en b\u00fasqueda de alimento.<\/p>\n<p class=\"paragraph\" data-mrf-recirculation=\"Links inline\">Esta situaci\u00f3n no solo representa un peligro inmediato para la salud humana, sino que tambi\u00e9n podr\u00eda afectar la<b>\u00a0supervivencia a largo plazo de los mosquitos<\/b>, ya que la interrupci\u00f3n de su ciclo natural de descanso y preparaci\u00f3n para el invierno puede disminuir su capacidad de supervivencia.<\/p>\n<p class=\"paragraph\" data-mrf-recirculation=\"Links inline\">En las ciudades, la constante iluminaci\u00f3n artificial puede hacer que los mosquitos se mantengan activos fuera de su horario habitual, facilitando la transmisi\u00f3n de enfermedades. \u201cEste hallazgo podr\u00eda ser malo para los humanos a corto plazo, ya que los mosquitos podr\u00edan picar durante m\u00e1s tiempo en la temporada\u201d, indic\u00f3\u00a0<b>Matthew Wolkoff,<\/b>\u00a0uno de los investigadores del\u00a0<a href=\"https:\/\/www.mdpi.com\/2075-4450\/14\/1\/64\" target=\"_blank\" rel=\"noopener\" data-mrf-link=\"https:\/\/www.mdpi.com\/2075-4450\/14\/1\/64\">estudio<\/a>. Asimismo, destac\u00f3 que las alteraciones en el ritmo circadiano de los mosquitos podr\u00edan reducir su tasa de supervivencia a largo plazo.<\/p>\n<div class=\" visual__image\"><picture><source srcset=\"https:\/\/www.infobae.com\/resizer\/v2\/FHQYXXQN7ATHBLEKMJPZ32MUPQ.jpg?auth=449145e2288ff03ddbcc3b8328eb95f9b5b9e5fb8016ebe20827de0ca5b10c7e&amp;smart=true&amp;width=992&amp;height=661&amp;quality=85\" media=\"(min-width: 1000px)\" \/><source srcset=\"https:\/\/www.infobae.com\/resizer\/v2\/FHQYXXQN7ATHBLEKMJPZ32MUPQ.jpg?auth=449145e2288ff03ddbcc3b8328eb95f9b5b9e5fb8016ebe20827de0ca5b10c7e&amp;smart=true&amp;width=768&amp;height=512&amp;quality=85\" media=\"(min-width: 768px)\" \/><source srcset=\"https:\/\/www.infobae.com\/resizer\/v2\/FHQYXXQN7ATHBLEKMJPZ32MUPQ.jpg?auth=449145e2288ff03ddbcc3b8328eb95f9b5b9e5fb8016ebe20827de0ca5b10c7e&amp;smart=true&amp;width=577&amp;height=385&amp;quality=85\" media=\"(min-width: 580px)\" \/><source srcset=\"https:\/\/www.infobae.com\/resizer\/v2\/FHQYXXQN7ATHBLEKMJPZ32MUPQ.jpg?auth=449145e2288ff03ddbcc3b8328eb95f9b5b9e5fb8016ebe20827de0ca5b10c7e&amp;smart=true&amp;width=420&amp;height=280&amp;quality=85\" media=\"(min-width: 350px)\" \/><source srcset=\"https:\/\/www.infobae.com\/resizer\/v2\/FHQYXXQN7ATHBLEKMJPZ32MUPQ.jpg?auth=449145e2288ff03ddbcc3b8328eb95f9b5b9e5fb8016ebe20827de0ca5b10c7e&amp;smart=true&amp;width=350&amp;height=233&amp;quality=85\" media=\"(min-width: 80px)\" \/><img loading=\"lazy\" decoding=\"async\" class=\"global-image\" src=\"https:\/\/www.infobae.com\/resizer\/v2\/FHQYXXQN7ATHBLEKMJPZ32MUPQ.jpg?auth=449145e2288ff03ddbcc3b8328eb95f9b5b9e5fb8016ebe20827de0ca5b10c7e&amp;smart=true&amp;width=350&amp;height=233&amp;quality=85\" alt=\"La ciencia busca mejores herramientas para combatir a mosquito transmisor del dengue y otras enfermedades (REUTERS\/Ueslei Marcelino)\" width=\"3496\" height=\"2330\" \/><\/picture><em>La ciencia busca mejores herramientas para combatir a mosquito transmisor del dengue y otras enfermedades (REUTERS\/Ueslei Marcelino)<\/em><\/div>\n<p data-mrf-recirculation=\"Links inline\">\n<p data-mrf-recirculation=\"Links inline\">\n<p class=\"paragraph\" data-mrf-recirculation=\"Links inline\">El estudio de la Universidad Estatal de Ohio ha puesto de relieve la influencia negativa de la luz artificial en el comportamiento de los mosquitos.\u00a0<b>La contaminaci\u00f3n lum\u00ednica, que afecta a m\u00e1s del 80% del mundo, puede interrumpir los ciclos de actividad natural de estos insectos<\/b>, extendiendo la temporada de picaduras y afectando su metabolismo.<\/p>\n<p class=\"paragraph\" data-mrf-recirculation=\"Links inline\">Al alterar la acumulaci\u00f3n de nutrientes y el inicio de la diapausa, un periodo de inactividad que permite a los mosquitos sobrevivir el invierno, la luz artificial podr\u00eda evitar que los mosquitos urbanos pasen el invierno con \u00e9xito.<\/p>\n<p class=\"paragraph\" data-mrf-recirculation=\"Links inline\">La relaci\u00f3n entre el dengue y la luz artificial resalta la necesidad de replantear la gesti\u00f3n del alumbrado p\u00fablico y privado en \u00e1reas urbanas, con el objetivo de mitigar los riesgos para la salud. Reducir la contaminaci\u00f3n lum\u00ednica podr\u00eda contribuir a limitar la propagaci\u00f3n de enfermedades transmitidas por vectores,\u00a0<b>como el dengue y el virus del Nilo Occidental,\u00a0<\/b>que pertenecen a la misma familia viral.<\/p>\n<div class=\"rawHTML raw_html \"><img decoding=\"async\" class=\"responsive\" src=\"https:\/\/www.infobae.com\/new-resizer\/p3dc9yX3bDRkE0VOzBR37sS3AgM=\/arc-anglerfish-arc2-prod-infobae\/public\/SVDZMEE33JBSTKY6XECZXE435M.jpg\" alt=\"infografia\" \/><\/div>\n<p class=\"paragraph\" data-mrf-recirculation=\"Links inline\">A diferencia de otros mosquitos, el Aedes aegypti ha desarrollado una estrecha relaci\u00f3n con los entornos urbanos, lo que le ha valido el apodo de \u201c<b>mosquito mascota<\/b>\u201d.<\/p>\n<p class=\"paragraph\" data-mrf-recirculation=\"Links inline\"><b>Fern\u00e1n Quir\u00f3s,\u00a0<\/b>ministro de Salud de la Ciudad de Buenos Aires, explic\u00f3 en una conferencia que este mosquito<b>\u00a0\u201cvive alrededor nuestro, de nuestra casa o de nuestro trabajo\u201d.<\/b>\u00a0Debido a sus caracter\u00edsticas, puede encontrarse en cualquier lugar donde haya recipientes que acumulen agua, como floreros, cubiertas de neum\u00e1ticos o bebedores para mascotas.<\/p>\n<p class=\"paragraph\" data-mrf-recirculation=\"Links inline\">Este insecto se cr\u00eda en lugares sombreados y h\u00famedos, y si bien hist\u00f3ricamente se ha asociado su reproducci\u00f3n con agua limpia, investigaciones recientes del\u00a0<b>Grupo de Estudio de Mosquitos de la UBA<\/b>\u00a0y el Conicet han demostrado que tambi\u00e9n puede desarrollarse en agua con materia org\u00e1nica o incluso en recipientes sucios. Este descubrimiento, publicado en la revista\u00a0<a href=\"https:\/\/bioone.org\/journals\/journal-of-vector-ecology\" target=\"_blank\" rel=\"noopener\" data-mrf-link=\"https:\/\/bioone.org\/journals\/journal-of-vector-ecology\"><i>Journal of Vector Ecology<\/i><\/a>, implica que cualquier recipiente que acumule agua, por muy descuidado que est\u00e9, puede convertirse en un criadero.<\/p>\n<div class=\"headline-wrapper\">\n<h2 class=\"header headline-class-h2\">C\u00f3mo protegerse y prevenir la propagaci\u00f3n del dengue<\/h2>\n<\/div>\n<div class=\" visual__image\"><picture><source srcset=\"https:\/\/www.infobae.com\/resizer\/v2\/XULCLPFYFRHHXOZA4XPG4MYAHQ.jpg?auth=e4b7a788db6d3751fdb26f3bb1f1fe2c892e4274831a4093c85d686e5cbdc71d&amp;smart=true&amp;width=992&amp;height=606&amp;quality=85\" media=\"(min-width: 1000px)\" \/><source srcset=\"https:\/\/www.infobae.com\/resizer\/v2\/XULCLPFYFRHHXOZA4XPG4MYAHQ.jpg?auth=e4b7a788db6d3751fdb26f3bb1f1fe2c892e4274831a4093c85d686e5cbdc71d&amp;smart=true&amp;width=768&amp;height=469&amp;quality=85\" media=\"(min-width: 768px)\" \/><source srcset=\"https:\/\/www.infobae.com\/resizer\/v2\/XULCLPFYFRHHXOZA4XPG4MYAHQ.jpg?auth=e4b7a788db6d3751fdb26f3bb1f1fe2c892e4274831a4093c85d686e5cbdc71d&amp;smart=true&amp;width=577&amp;height=353&amp;quality=85\" media=\"(min-width: 580px)\" \/><source srcset=\"https:\/\/www.infobae.com\/resizer\/v2\/XULCLPFYFRHHXOZA4XPG4MYAHQ.jpg?auth=e4b7a788db6d3751fdb26f3bb1f1fe2c892e4274831a4093c85d686e5cbdc71d&amp;smart=true&amp;width=420&amp;height=257&amp;quality=85\" media=\"(min-width: 350px)\" \/><source srcset=\"https:\/\/www.infobae.com\/resizer\/v2\/XULCLPFYFRHHXOZA4XPG4MYAHQ.jpg?auth=e4b7a788db6d3751fdb26f3bb1f1fe2c892e4274831a4093c85d686e5cbdc71d&amp;smart=true&amp;width=350&amp;height=214&amp;quality=85\" media=\"(min-width: 80px)\" \/><img loading=\"lazy\" decoding=\"async\" class=\"global-image\" src=\"https:\/\/www.infobae.com\/resizer\/v2\/XULCLPFYFRHHXOZA4XPG4MYAHQ.jpg?auth=e4b7a788db6d3751fdb26f3bb1f1fe2c892e4274831a4093c85d686e5cbdc71d&amp;smart=true&amp;width=350&amp;height=214&amp;quality=85\" alt=\"Distintas medidas de prevenci\u00f3n para no ser picado se pueden implementar como el uso regular de repelentes, promover el descacharreo y vacunarse - (Imagen Ilustrativa Infobae)\" width=\"1792\" height=\"1024\" \/><\/picture><em>Distintas medidas de prevenci\u00f3n para no ser picado se pueden implementar como el uso regular de repelentes, promover el descacharreo y vacunarse &#8211; (Imagen Ilustrativa Infobae)<\/em><\/div>\n<p data-mrf-recirculation=\"Links inline\">\n<p data-mrf-recirculation=\"Links inline\">\n<p class=\"paragraph\" data-mrf-recirculation=\"Links inline\">La prevenci\u00f3n sigue siendo la herramienta m\u00e1s eficaz para reducir el riesgo de transmisi\u00f3n del dengue. Las autoridades sanitarias recomiendan eliminar\u00a0<b>cualquier fuente de agua estancada que pueda servir como criadero para los mosquitos,<\/b>\u00a0incluso en invierno, ya que los huevos pueden sobrevivir hasta un a\u00f1o en condiciones adversas. En este sentido, se recomienda vaciar y guardar bajo techo objetos como regaderas y botellas, eliminar el agua de los platos bajo las macetas y mantener limpios los bebederos de las mascotas.<\/p>\n<div class=\"undefined ad-wrapper\">\n<div class=\"dfpAd \"><\/div>\n<\/div>\n<p class=\"paragraph\" data-mrf-recirculation=\"Links inline\">El\u00a0<b>Ministerio de Salud de la Naci\u00f3n<\/b>\u00a0enfatiza que, aunque las bajas temperaturas reducen la actividad de los mosquitos adultos, no eliminan completamente el riesgo. El interior de las casas, oficinas y otros edificios puede mantener temperaturas favorables para la actividad de estos insectos durante todo el a\u00f1o.<\/p>\n<p class=\"paragraph\" data-mrf-recirculation=\"Links inline\">Los descubrimientos recientes sobre la\u00a0<b>capacidad de adaptaci\u00f3n del Aedes aegypti<\/b>\u00a0y la influencia de la luz artificial en su ciclo de vida subrayan la necesidad de estrategias integrales de control y prevenci\u00f3n del dengue. Estas deben incluir no solo campa\u00f1as de eliminaci\u00f3n de criaderos, sino tambi\u00e9n medidas para reducir la contaminaci\u00f3n lum\u00ednica en las ciudades.<\/p>\n<div class=\" visual__image\"><picture><source srcset=\"https:\/\/www.infobae.com\/resizer\/v2\/2W423T2ZY5FDVMKZH4VHOTR5DY.jpg?auth=a20e1f467c80f4a9a0ea7df703b1bb9037d532cb5dbf5d18158af3c1507b0415&amp;smart=true&amp;width=992&amp;height=558&amp;quality=85\" media=\"(min-width: 1000px)\" \/><source srcset=\"https:\/\/www.infobae.com\/resizer\/v2\/2W423T2ZY5FDVMKZH4VHOTR5DY.jpg?auth=a20e1f467c80f4a9a0ea7df703b1bb9037d532cb5dbf5d18158af3c1507b0415&amp;smart=true&amp;width=768&amp;height=432&amp;quality=85\" media=\"(min-width: 768px)\" \/><source srcset=\"https:\/\/www.infobae.com\/resizer\/v2\/2W423T2ZY5FDVMKZH4VHOTR5DY.jpg?auth=a20e1f467c80f4a9a0ea7df703b1bb9037d532cb5dbf5d18158af3c1507b0415&amp;smart=true&amp;width=577&amp;height=325&amp;quality=85\" media=\"(min-width: 580px)\" \/><source srcset=\"https:\/\/www.infobae.com\/resizer\/v2\/2W423T2ZY5FDVMKZH4VHOTR5DY.jpg?auth=a20e1f467c80f4a9a0ea7df703b1bb9037d532cb5dbf5d18158af3c1507b0415&amp;smart=true&amp;width=420&amp;height=236&amp;quality=85\" media=\"(min-width: 350px)\" \/><source srcset=\"https:\/\/www.infobae.com\/resizer\/v2\/2W423T2ZY5FDVMKZH4VHOTR5DY.jpg?auth=a20e1f467c80f4a9a0ea7df703b1bb9037d532cb5dbf5d18158af3c1507b0415&amp;smart=true&amp;width=350&amp;height=197&amp;quality=85\" media=\"(min-width: 80px)\" \/><img loading=\"lazy\" decoding=\"async\" class=\"global-image\" src=\"https:\/\/www.infobae.com\/resizer\/v2\/2W423T2ZY5FDVMKZH4VHOTR5DY.jpg?auth=a20e1f467c80f4a9a0ea7df703b1bb9037d532cb5dbf5d18158af3c1507b0415&amp;smart=true&amp;width=350&amp;height=197&amp;quality=85\" alt=\"El mosquito ha cambiado sus h\u00e1bitos en las \u00faltimas d\u00e9cadas y se ha vuelto urbano (UC Davis)\" width=\"1280\" height=\"720\" \/><\/picture><em>El mosquito ha cambiado sus h\u00e1bitos en las \u00faltimas d\u00e9cadas y se ha vuelto urbano (UC Davis)<\/em><\/div>\n<p data-mrf-recirculation=\"Links inline\">\n<p data-mrf-recirculation=\"Links inline\">\n<p class=\"paragraph\" data-mrf-recirculation=\"Links inline\">A medida que m\u00e1s de la\u00a0<b>poblaci\u00f3n mundial vive en \u00e1reas urbanas, la gesti\u00f3n de la iluminaci\u00f3n y la infraestructura urbana se vuelve cada vez m\u00e1s relevante para la salud p\u00fablica<\/b>. Los cient\u00edficos plantean que la extensi\u00f3n de la actividad de los mosquitos debido a la luz artificial podr\u00eda provocar un aumento en la incidencia de enfermedades transmitidas por vectores, especialmente en temporadas en las que estos insectos tradicionalmente se encontraban en reposo.<\/p>\n<p class=\"paragraph\" data-mrf-recirculation=\"Links inline\">En conclusi\u00f3n,\u00a0<b>la lucha contra el dengue no se limita a la eliminaci\u00f3n de los criaderos de mosquitos.<\/b>\u00a0Es fundamental considerar como factores ambientales, como la contaminaci\u00f3n lum\u00ednica, pueden afectar la din\u00e1mica de estos insectos y, en consecuencia, la salud de la poblaci\u00f3n.<\/p>\n<p class=\"paragraph\" data-mrf-recirculation=\"Links inline\">Mientras tanto, las recomendaciones de las autoridades para evitar la acumulaci\u00f3n de agua y reducir el contacto con los mosquitos son m\u00e1s importantes que nunca. La evidencia cient\u00edfica contin\u00faa evolucionando, pero la prevenci\u00f3n sigue siendo la mejor defensa contra el dengue y otras enfermedades transmitidas por vectores.<\/p>\n<\/div>\n<\/article>\n<p data-mrf-recirculation=\"Links inline\">\n<p data-mrf-recirculation=\"Links inline\">\n<p data-mrf-recirculation=\"Links inline\"><strong>Por <a class=\"author-name\" href=\"https:\/\/www.infobae.com\/autor\/victor-ingrassia\/\" aria-label=\"V\u00edctor Ingrassia\">V\u00edctor Ingrassia<\/a><\/strong><\/p>\n","protected":false},"excerpt":{"rendered":"<p>A medida que llegan las altas temperaturas primaverales y pr\u00f3ximamente de verano, el insecto incrementa su actividad, picando y transmitiendo la enfermedad que fue r\u00e9cord en casos y fallecimientos causados en la anterior temporada. Consejos para evitar ser picado y contagiado<\/p>\n","protected":false},"author":3,"featured_media":108867,"comment_status":"closed","ping_status":"closed","sticky":false,"template":"","format":"standard","meta":{"footnotes":""},"categories":[46,30],"tags":[48],"class_list":["post-108866","post","type-post","status-publish","format-standard","has-post-thumbnail","hentry","category-ciencia-y-tecnologia","category-salud","tag-destacada"],"yoast_head":"<!-- This site is optimized with the Yoast SEO plugin v25.9 - https:\/\/yoast.com\/wordpress\/plugins\/seo\/ -->\n<title>Dengue: \u00bfen qu\u00e9 horario pica m\u00e1s el mosquito Aedes aegypti? - Noticias Radio Reflejos<\/title>\n<meta name=\"robots\" content=\"index, follow, max-snippet:-1, max-image-preview:large, max-video-preview:-1\" \/>\n<link rel=\"canonical\" href=\"https:\/\/www.noticiasradioreflejos.com.ar\/2021\/dengue-en-que-horario-pica-mas-el-mosquito-aedes-aegypti\/\" \/>\n<meta property=\"og:locale\" content=\"es_ES\" \/>\n<meta property=\"og:type\" content=\"article\" \/>\n<meta property=\"og:title\" content=\"Dengue: \u00bfen qu\u00e9 horario pica m\u00e1s el mosquito Aedes aegypti? - Noticias Radio Reflejos\" \/>\n<meta property=\"og:description\" content=\"A medida que llegan las altas temperaturas primaverales y pr\u00f3ximamente de verano, el insecto incrementa su actividad, picando y transmitiendo la enfermedad que fue r\u00e9cord en casos y fallecimientos causados en la anterior temporada. Consejos para evitar ser picado y contagiado\" \/>\n<meta property=\"og:url\" content=\"https:\/\/www.noticiasradioreflejos.com.ar\/2021\/dengue-en-que-horario-pica-mas-el-mosquito-aedes-aegypti\/\" \/>\n<meta property=\"og:site_name\" content=\"Noticias Radio Reflejos\" \/>\n<meta property=\"article:published_time\" content=\"2024-10-26T12:35:54+00:00\" \/>\n<meta property=\"og:image\" content=\"https:\/\/www.noticiasradioreflejos.com.ar\/2021\/wp-content\/uploads\/2024\/10\/Mosquito-Aedes-dengue.jpg\" \/>\n\t<meta property=\"og:image:width\" content=\"992\" \/>\n\t<meta property=\"og:image:height\" content=\"558\" \/>\n\t<meta property=\"og:image:type\" content=\"image\/jpeg\" \/>\n<meta name=\"author\" content=\"Arnaldo Botto\" \/>\n<meta name=\"twitter:card\" content=\"summary_large_image\" \/>\n<script type=\"application\/ld+json\" class=\"yoast-schema-graph\">{\"@context\":\"https:\/\/schema.org\",\"@graph\":[{\"@type\":\"WebPage\",\"@id\":\"https:\/\/www.noticiasradioreflejos.com.ar\/2021\/dengue-en-que-horario-pica-mas-el-mosquito-aedes-aegypti\/\",\"url\":\"https:\/\/www.noticiasradioreflejos.com.ar\/2021\/dengue-en-que-horario-pica-mas-el-mosquito-aedes-aegypti\/\",\"name\":\"Dengue: \u00bfen qu\u00e9 horario pica m\u00e1s el mosquito Aedes aegypti? - Noticias Radio Reflejos\",\"isPartOf\":{\"@id\":\"https:\/\/www.noticiasradioreflejos.com.ar\/2021\/#website\"},\"primaryImageOfPage\":{\"@id\":\"https:\/\/www.noticiasradioreflejos.com.ar\/2021\/dengue-en-que-horario-pica-mas-el-mosquito-aedes-aegypti\/#primaryimage\"},\"image\":{\"@id\":\"https:\/\/www.noticiasradioreflejos.com.ar\/2021\/dengue-en-que-horario-pica-mas-el-mosquito-aedes-aegypti\/#primaryimage\"},\"thumbnailUrl\":\"https:\/\/www.noticiasradioreflejos.com.ar\/2021\/wp-content\/uploads\/2024\/10\/Mosquito-Aedes-dengue.jpg\",\"datePublished\":\"2024-10-26T12:35:54+00:00\",\"author\":{\"@id\":\"https:\/\/www.noticiasradioreflejos.com.ar\/2021\/#\/schema\/person\/ad82545263dcc5ec0996818884fd5fb1\"},\"breadcrumb\":{\"@id\":\"https:\/\/www.noticiasradioreflejos.com.ar\/2021\/dengue-en-que-horario-pica-mas-el-mosquito-aedes-aegypti\/#breadcrumb\"},\"inLanguage\":\"es\",\"potentialAction\":[{\"@type\":\"ReadAction\",\"target\":[\"https:\/\/www.noticiasradioreflejos.com.ar\/2021\/dengue-en-que-horario-pica-mas-el-mosquito-aedes-aegypti\/\"]}]},{\"@type\":\"ImageObject\",\"inLanguage\":\"es\",\"@id\":\"https:\/\/www.noticiasradioreflejos.com.ar\/2021\/dengue-en-que-horario-pica-mas-el-mosquito-aedes-aegypti\/#primaryimage\",\"url\":\"https:\/\/www.noticiasradioreflejos.com.ar\/2021\/wp-content\/uploads\/2024\/10\/Mosquito-Aedes-dengue.jpg\",\"contentUrl\":\"https:\/\/www.noticiasradioreflejos.com.ar\/2021\/wp-content\/uploads\/2024\/10\/Mosquito-Aedes-dengue.jpg\",\"width\":992,\"height\":558},{\"@type\":\"BreadcrumbList\",\"@id\":\"https:\/\/www.noticiasradioreflejos.com.ar\/2021\/dengue-en-que-horario-pica-mas-el-mosquito-aedes-aegypti\/#breadcrumb\",\"itemListElement\":[{\"@type\":\"ListItem\",\"position\":1,\"name\":\"Portada\",\"item\":\"https:\/\/www.noticiasradioreflejos.com.ar\/2021\/\"},{\"@type\":\"ListItem\",\"position\":2,\"name\":\"Dengue: \u00bfen qu\u00e9 horario pica m\u00e1s el mosquito Aedes aegypti?\"}]},{\"@type\":\"WebSite\",\"@id\":\"https:\/\/www.noticiasradioreflejos.com.ar\/2021\/#website\",\"url\":\"https:\/\/www.noticiasradioreflejos.com.ar\/2021\/\",\"name\":\"Noticias Radio Reflejos\",\"description\":\"Las noticias de mi comarca\",\"potentialAction\":[{\"@type\":\"SearchAction\",\"target\":{\"@type\":\"EntryPoint\",\"urlTemplate\":\"https:\/\/www.noticiasradioreflejos.com.ar\/2021\/?s={search_term_string}\"},\"query-input\":{\"@type\":\"PropertyValueSpecification\",\"valueRequired\":true,\"valueName\":\"search_term_string\"}}],\"inLanguage\":\"es\"},{\"@type\":\"Person\",\"@id\":\"https:\/\/www.noticiasradioreflejos.com.ar\/2021\/#\/schema\/person\/ad82545263dcc5ec0996818884fd5fb1\",\"name\":\"Arnaldo Botto\",\"image\":{\"@type\":\"ImageObject\",\"inLanguage\":\"es\",\"@id\":\"https:\/\/www.noticiasradioreflejos.com.ar\/2021\/#\/schema\/person\/image\/\",\"url\":\"https:\/\/secure.gravatar.com\/avatar\/55cb5e37c1efa326397366e6974cb338056df65cb50e7d64d1cf314e87504837?s=96&d=mm&r=g\",\"contentUrl\":\"https:\/\/secure.gravatar.com\/avatar\/55cb5e37c1efa326397366e6974cb338056df65cb50e7d64d1cf314e87504837?s=96&d=mm&r=g\",\"caption\":\"Arnaldo Botto\"},\"url\":\"https:\/\/www.noticiasradioreflejos.com.ar\/2021\/author\/arnaldo\/\"}]}<\/script>\n<!-- \/ Yoast SEO plugin. -->","yoast_head_json":{"title":"Dengue: \u00bfen qu\u00e9 horario pica m\u00e1s el mosquito Aedes aegypti? - Noticias Radio Reflejos","robots":{"index":"index","follow":"follow","max-snippet":"max-snippet:-1","max-image-preview":"max-image-preview:large","max-video-preview":"max-video-preview:-1"},"canonical":"https:\/\/www.noticiasradioreflejos.com.ar\/2021\/dengue-en-que-horario-pica-mas-el-mosquito-aedes-aegypti\/","og_locale":"es_ES","og_type":"article","og_title":"Dengue: \u00bfen qu\u00e9 horario pica m\u00e1s el mosquito Aedes aegypti? - Noticias Radio Reflejos","og_description":"A medida que llegan las altas temperaturas primaverales y pr\u00f3ximamente de verano, el insecto incrementa su actividad, picando y transmitiendo la enfermedad que fue r\u00e9cord en casos y fallecimientos causados en la anterior temporada. Consejos para evitar ser picado y contagiado","og_url":"https:\/\/www.noticiasradioreflejos.com.ar\/2021\/dengue-en-que-horario-pica-mas-el-mosquito-aedes-aegypti\/","og_site_name":"Noticias Radio Reflejos","article_published_time":"2024-10-26T12:35:54+00:00","og_image":[{"width":992,"height":558,"url":"https:\/\/www.noticiasradioreflejos.com.ar\/2021\/wp-content\/uploads\/2024\/10\/Mosquito-Aedes-dengue.jpg","type":"image\/jpeg"}],"author":"Arnaldo Botto","twitter_card":"summary_large_image","schema":{"@context":"https:\/\/schema.org","@graph":[{"@type":"WebPage","@id":"https:\/\/www.noticiasradioreflejos.com.ar\/2021\/dengue-en-que-horario-pica-mas-el-mosquito-aedes-aegypti\/","url":"https:\/\/www.noticiasradioreflejos.com.ar\/2021\/dengue-en-que-horario-pica-mas-el-mosquito-aedes-aegypti\/","name":"Dengue: \u00bfen qu\u00e9 horario pica m\u00e1s el mosquito Aedes aegypti? - Noticias Radio Reflejos","isPartOf":{"@id":"https:\/\/www.noticiasradioreflejos.com.ar\/2021\/#website"},"primaryImageOfPage":{"@id":"https:\/\/www.noticiasradioreflejos.com.ar\/2021\/dengue-en-que-horario-pica-mas-el-mosquito-aedes-aegypti\/#primaryimage"},"image":{"@id":"https:\/\/www.noticiasradioreflejos.com.ar\/2021\/dengue-en-que-horario-pica-mas-el-mosquito-aedes-aegypti\/#primaryimage"},"thumbnailUrl":"https:\/\/www.noticiasradioreflejos.com.ar\/2021\/wp-content\/uploads\/2024\/10\/Mosquito-Aedes-dengue.jpg","datePublished":"2024-10-26T12:35:54+00:00","author":{"@id":"https:\/\/www.noticiasradioreflejos.com.ar\/2021\/#\/schema\/person\/ad82545263dcc5ec0996818884fd5fb1"},"breadcrumb":{"@id":"https:\/\/www.noticiasradioreflejos.com.ar\/2021\/dengue-en-que-horario-pica-mas-el-mosquito-aedes-aegypti\/#breadcrumb"},"inLanguage":"es","potentialAction":[{"@type":"ReadAction","target":["https:\/\/www.noticiasradioreflejos.com.ar\/2021\/dengue-en-que-horario-pica-mas-el-mosquito-aedes-aegypti\/"]}]},{"@type":"ImageObject","inLanguage":"es","@id":"https:\/\/www.noticiasradioreflejos.com.ar\/2021\/dengue-en-que-horario-pica-mas-el-mosquito-aedes-aegypti\/#primaryimage","url":"https:\/\/www.noticiasradioreflejos.com.ar\/2021\/wp-content\/uploads\/2024\/10\/Mosquito-Aedes-dengue.jpg","contentUrl":"https:\/\/www.noticiasradioreflejos.com.ar\/2021\/wp-content\/uploads\/2024\/10\/Mosquito-Aedes-dengue.jpg","width":992,"height":558},{"@type":"BreadcrumbList","@id":"https:\/\/www.noticiasradioreflejos.com.ar\/2021\/dengue-en-que-horario-pica-mas-el-mosquito-aedes-aegypti\/#breadcrumb","itemListElement":[{"@type":"ListItem","position":1,"name":"Portada","item":"https:\/\/www.noticiasradioreflejos.com.ar\/2021\/"},{"@type":"ListItem","position":2,"name":"Dengue: \u00bfen qu\u00e9 horario pica m\u00e1s el mosquito Aedes aegypti?"}]},{"@type":"WebSite","@id":"https:\/\/www.noticiasradioreflejos.com.ar\/2021\/#website","url":"https:\/\/www.noticiasradioreflejos.com.ar\/2021\/","name":"Noticias Radio Reflejos","description":"Las noticias de mi comarca","potentialAction":[{"@type":"SearchAction","target":{"@type":"EntryPoint","urlTemplate":"https:\/\/www.noticiasradioreflejos.com.ar\/2021\/?s={search_term_string}"},"query-input":{"@type":"PropertyValueSpecification","valueRequired":true,"valueName":"search_term_string"}}],"inLanguage":"es"},{"@type":"Person","@id":"https:\/\/www.noticiasradioreflejos.com.ar\/2021\/#\/schema\/person\/ad82545263dcc5ec0996818884fd5fb1","name":"Arnaldo Botto","image":{"@type":"ImageObject","inLanguage":"es","@id":"https:\/\/www.noticiasradioreflejos.com.ar\/2021\/#\/schema\/person\/image\/","url":"https:\/\/secure.gravatar.com\/avatar\/55cb5e37c1efa326397366e6974cb338056df65cb50e7d64d1cf314e87504837?s=96&d=mm&r=g","contentUrl":"https:\/\/secure.gravatar.com\/avatar\/55cb5e37c1efa326397366e6974cb338056df65cb50e7d64d1cf314e87504837?s=96&d=mm&r=g","caption":"Arnaldo Botto"},"url":"https:\/\/www.noticiasradioreflejos.com.ar\/2021\/author\/arnaldo\/"}]}},"_links":{"self":[{"href":"https:\/\/www.noticiasradioreflejos.com.ar\/2021\/wp-json\/wp\/v2\/posts\/108866","targetHints":{"allow":["GET"]}}],"collection":[{"href":"https:\/\/www.noticiasradioreflejos.com.ar\/2021\/wp-json\/wp\/v2\/posts"}],"about":[{"href":"https:\/\/www.noticiasradioreflejos.com.ar\/2021\/wp-json\/wp\/v2\/types\/post"}],"author":[{"embeddable":true,"href":"https:\/\/www.noticiasradioreflejos.com.ar\/2021\/wp-json\/wp\/v2\/users\/3"}],"replies":[{"embeddable":true,"href":"https:\/\/www.noticiasradioreflejos.com.ar\/2021\/wp-json\/wp\/v2\/comments?post=108866"}],"version-history":[{"count":1,"href":"https:\/\/www.noticiasradioreflejos.com.ar\/2021\/wp-json\/wp\/v2\/posts\/108866\/revisions"}],"predecessor-version":[{"id":108868,"href":"https:\/\/www.noticiasradioreflejos.com.ar\/2021\/wp-json\/wp\/v2\/posts\/108866\/revisions\/108868"}],"wp:featuredmedia":[{"embeddable":true,"href":"https:\/\/www.noticiasradioreflejos.com.ar\/2021\/wp-json\/wp\/v2\/media\/108867"}],"wp:attachment":[{"href":"https:\/\/www.noticiasradioreflejos.com.ar\/2021\/wp-json\/wp\/v2\/media?parent=108866"}],"wp:term":[{"taxonomy":"category","embeddable":true,"href":"https:\/\/www.noticiasradioreflejos.com.ar\/2021\/wp-json\/wp\/v2\/categories?post=108866"},{"taxonomy":"post_tag","embeddable":true,"href":"https:\/\/www.noticiasradioreflejos.com.ar\/2021\/wp-json\/wp\/v2\/tags?post=108866"}],"curies":[{"name":"wp","href":"https:\/\/api.w.org\/{rel}","templated":true}]}}