{"id":108816,"date":"2024-10-25T14:39:39","date_gmt":"2024-10-25T17:39:39","guid":{"rendered":"https:\/\/www.noticiasradioreflejos.com.ar\/2021\/?p=108816"},"modified":"2024-10-25T15:29:34","modified_gmt":"2024-10-25T18:29:34","slug":"tornquist-estara-representado-por-mas-de-70-participantes-en-la-final-provincial-de-los-juegos-bonaerenses","status":"publish","type":"post","link":"https:\/\/www.noticiasradioreflejos.com.ar\/2021\/tornquist-estara-representado-por-mas-de-70-participantes-en-la-final-provincial-de-los-juegos-bonaerenses\/","title":{"rendered":"Tornquist estar\u00e1 representado por m\u00e1s de 70 participantes en la Final Provincial de los Juegos Bonaerenses"},"content":{"rendered":"<p>Del 28 de octubre al 2 de noviembre se desarrollar\u00e1 en Mar del Plata, la Final Provincial de los Juegos Bonaerenses 2024.<!--more--><\/p>\n<p>Una vez m\u00e1s, el distrito de Tornquist dir\u00e1 presente y, este a\u00f1o, con m\u00e1s de 70 participantes en las disciplinas deportivas y culturales, tanto en categor\u00edas juveniles como en adultos mayores.<br \/>\nLa delegaci\u00f3n, que estar\u00e1 integrada por m\u00e1s de 100 personas, incluyendo entrenadores, tutores, agentes municipales y miembros del Gabinete Ejecutivo, partir\u00e1 a \u2018La Feliz\u2019 el domingo a la media noche desde el Teatro Municipal \u2018Rodolfo Funke\u2019 y pasar\u00e1 por las diferentes localidades, para llegar a destino el lunes por la ma\u00f1ana.<\/p>\n<p>Para arribar a la instancia y esperada final de los Juegos, los competidores ganaron las etapas Distrital, Regional y, en algunos casos, Interregional. Ellos son:<\/p>\n<p><strong>DEPORTES<\/strong><\/p>\n<p>Katerina Perugini &#8211; Tenis de Mesa PCD Femenino Sub 18<\/p>\n<p><a title=\"Clasificads MdP (5)\" href=\"https:\/\/www.flickr.com\/photos\/182279889@N02\/54092934451\/in\/dateposted-public\/\" data-flickr-embed=\"true\"><img loading=\"lazy\" decoding=\"async\" src=\"https:\/\/live.staticflickr.com\/65535\/54092934451_f16f61567b_o.jpg\" alt=\"Clasificads MdP (5)\" width=\"1600\" height=\"1066\" \/><\/a><script async src=\"\/\/embedr.flickr.com\/assets\/client-code.js\" charset=\"utf-8\"><\/script><\/p>\n<p>Ruben D\u00edaz &#8211; Tenis de Mesa PCD Masculino Sub 18<\/p>\n<p>Magal\u00ed Meneses &#8211; Tenis de Mesa Femenino Sub 16<\/p>\n<p><a title=\"Clasificads MdP (6)\" href=\"https:\/\/www.flickr.com\/photos\/182279889@N02\/54092063652\/in\/dateposted-public\/\" data-flickr-embed=\"true\"><img loading=\"lazy\" decoding=\"async\" src=\"https:\/\/live.staticflickr.com\/65535\/54092063652_9d48ace3cc_o.jpg\" alt=\"Clasificads MdP (6)\" width=\"1600\" height=\"1066\" \/><\/a><script async src=\"\/\/embedr.flickr.com\/assets\/client-code.js\" charset=\"utf-8\"><\/script><\/p>\n<p>Candela Buffatelli &#8211; Tenis de Mesa Femenino Sub 18<\/p>\n<p>Raul Del Rio &#8211; Tenis de Mesa Trasplantados Masculino +60<\/p>\n<p>Dietter Karsten &#8211; Tenis de Mesa Masculino libre A<\/p>\n<p><a title=\"Clasificads MdP (1)\" href=\"https:\/\/www.flickr.com\/photos\/182279889@N02\/54093391940\/in\/dateposted-public\/\" data-flickr-embed=\"true\"><img loading=\"lazy\" decoding=\"async\" src=\"https:\/\/live.staticflickr.com\/65535\/54093391940_d255563160_o.jpg\" alt=\"Clasificads MdP (1)\" width=\"1374\" height=\"1152\" \/><\/a><script async src=\"\/\/embedr.flickr.com\/assets\/client-code.js\" charset=\"utf-8\"><\/script><\/p>\n<p>Alberto Flores &#8211; Sapo Masculino Libre Categor\u00eda \u00danica<\/p>\n<p>Alicia Di\u00f3cares &#8211; Sapo Femenino Libre Categor\u00eda \u00danica<\/p>\n<p>Leonel Alarcon y Namberto Soto &#8211; Tejo inter generaci\u00f3n<\/p>\n<p>Cristina Del Rio y Ruben Pendones &#8211; Tejo Mixto libre A<\/p>\n<p><a title=\"Clasificads MdP\" href=\"https:\/\/www.flickr.com\/photos\/182279889@N02\/54093391960\/in\/dateposted-public\/\" data-flickr-embed=\"true\"><img loading=\"lazy\" decoding=\"async\" src=\"https:\/\/live.staticflickr.com\/65535\/54093391960_dbf82a46b3_o.jpg\" alt=\"Clasificads MdP\" width=\"1500\" height=\"2000\" \/><\/a><script async src=\"\/\/embedr.flickr.com\/assets\/client-code.js\" charset=\"utf-8\"><\/script><\/p>\n<p>Franco Altamirano \u2013 Boccia Mixto Libre<\/p>\n<p>Yazmin Britez &#8211; Ajedrez femenino Sub 14<\/p>\n<p>Thiago Esmoli &#8211; Atletismo PCD (Salto en Largo) Masculino Sub 15<\/p>\n<p>Iara P\u00e9rez &#8211; Atletismo (Salto en Alto) Femenino Sub 16 libre<\/p>\n<p>Sof\u00eda Castro &#8211; Atletismo (Salto en Alto) Femenino Sub 14 Libre<\/p>\n<p>Tomas Trivellini &#8211; Atletismo (Salto en Alto) Masculino Sub 18 Libre<\/p>\n<p>Dante Iparraguirre &#8211; Atletismo (1200mts) Masculino Sub 14 Libre<\/p>\n<p>Luc\u00eda Buffatelli &#8211; Atletismo (1200mts) Femenino Sub 14 Libre<\/p>\n<p>Lorea Indart &#8211; Atletismo (800mts) Femenino Sub 16 Libre<\/p>\n<p>Joel Esmoli &#8211; Atletismo (800mts) Masculino Sub 16 Libre<\/p>\n<p>Rodrigo Esmoli &#8211; Atletismo (1500mts) Masculino Sub 18 Libre<\/p>\n<p>Agostina Cozzi &#8211; Atletismo (Salto en Alto) Femenino Sub 18 Libre<\/p>\n<p>Keila Schmidt, Dante Iparraguirre, Luc\u00eda Buffatelli, Elian Cacciatori y Tomas Kees &#8211; Atletismo Posta 5&#215;80 Mixto Sub 14<\/p>\n<p>Augusto Pizzo &#8211; Bonaerenses en Carrera Masculino Sub 18<\/p>\n<p>Ariel Bonifacini &#8211; Bonaerenses en Carrera PCD Masculino +18 Libre<\/p>\n<p>Mabel Garc\u00eda &#8211; Bonaerenses en Carrera Femenino +60<\/p>\n<p><a title=\"Clasificads MdP1\" href=\"https:\/\/www.flickr.com\/photos\/182279889@N02\/54092063507\/in\/dateposted-public\/\" data-flickr-embed=\"true\"><img loading=\"lazy\" decoding=\"async\" src=\"https:\/\/live.staticflickr.com\/65535\/54092063507_4d2e540be2_o.jpg\" alt=\"Clasificads MdP1\" width=\"1500\" height=\"2000\" \/><\/a><script async src=\"\/\/embedr.flickr.com\/assets\/client-code.js\" charset=\"utf-8\"><\/script><\/p>\n<p>Benjam\u00edn Lorenzo &#8211; Nataci\u00f3n masculino Sub 18 (50mts libres)<\/p>\n<p>Santino Bolletta &#8211; Nataci\u00f3n masculino Sub 16 (100mts espalda)<\/p>\n<p>Santiago Ram\u00edn &#8211; Nataci\u00f3n masculino Sub 16 (200mts libres)<\/p>\n<p>Valentino Pacher &#8211; Nataci\u00f3n masculino Sub 14 (100mts espalda)<\/p>\n<p>Juana Gomez Tunessi &#8211; Nataci\u00f3n masculino Sub 18 (50mts libres)<\/p>\n<p><a title=\"Clasificads MdP (3)\" href=\"https:\/\/www.flickr.com\/photos\/182279889@N02\/54092934436\/in\/dateposted-public\/\" data-flickr-embed=\"true\"><img loading=\"lazy\" decoding=\"async\" src=\"https:\/\/live.staticflickr.com\/65535\/54092934436_555debfa97_o.jpg\" alt=\"Clasificads MdP (3)\" width=\"960\" height=\"836\" \/><\/a><script async src=\"\/\/embedr.flickr.com\/assets\/client-code.js\" charset=\"utf-8\"><\/script><br \/>\nFranco Gallucci, Valentino Gallucci, Belli Botto, Emilio Scharff, Juan Giorgi, Santiago Cardoso, Juan Brunet, Facundo Esmoli, Uriel C\u00f3rdoba, Mat\u00edas Artazcoz &#8211; Voley masculino Sub 18 (Club<br \/>\nPorte\u00f1o Saldungaray \u2013 Instituto Fort\u00edn Pav\u00f3n)<\/p>\n<p>Luc\u00eda Trankels, Josefina Candal, Luisina Miconi, Luisina Bayon, Renata Muzi, Camila Pacher, Juliana Rusconi, Catalina Fuhr y Emma Gandini Voley femenino Sub 18 (Automoto Club \u2013 E.E.S N\u00b01)<\/p>\n<p><strong>CULTURA<\/strong><\/p>\n<p>Carmi\u00f1a Schwab \u2013 Narraci\u00f3n Oral<\/p>\n<p>Juan Buitrago \u2013 Stand Up<\/p>\n<p><a title=\"Clasificads MdP (1)\" href=\"https:\/\/www.flickr.com\/photos\/182279889@N02\/54093184543\/in\/dateposted-public\/\" data-flickr-embed=\"true\"><img loading=\"lazy\" decoding=\"async\" src=\"https:\/\/live.staticflickr.com\/65535\/54093184543_13f3559cc9_o.jpg\" alt=\"Clasificads MdP (1)\" width=\"1182\" height=\"984\" \/><\/a><script async src=\"\/\/embedr.flickr.com\/assets\/client-code.js\" charset=\"utf-8\"><\/script><br \/>\nMalena Herrada y Agustina Pellizza \u2013 Arte Circense<\/p>\n<p>Stella Maris Sep\u00falveda, Rub\u00e9n Panzitta y Carlos Rocha \u2013 Teatro Adultos Mayores<\/p>\n<p>Juana Grassi \u2013 Poes\u00eda Sub15<\/p>\n<p>Andrea Pagola \u2013 Poes\u00eda Adultos Mayores<\/p>\n<p>Brisa Herrera y Luisina Mu\u00f1oz &#8211; Danza Folkl\u00f3rica Sub18<\/p>\n<p>Bautista Cofre &#8211; Malambo Sub18<\/p>\n<p>Carolina Puente \u2013 Objeto Tridimensional Sub 18<\/p>\n<p>Luc\u00eda Ram\u00edrez Gronda &#8211; Objeto Tridimensional Sub 15<\/p>\n<p>Miqueas Vera \u2013 Solista Vocal Sub15<\/p>\n<p>Luc\u00eda Kees \u2013 Cocineros Bonaerenses Adultos Mayores<\/p>\n<p>M\u00eda Seal \u2013 Pintura PCD<\/p>\n<p>Sol Quiroga \u2013 Dibujo Sub 15<\/p>\n<p><a title=\"Clasificads MdP (2)\" href=\"https:\/\/www.flickr.com\/photos\/182279889@N02\/54093184518\/in\/dateposted-public\/\" data-flickr-embed=\"true\"><img loading=\"lazy\" decoding=\"async\" src=\"https:\/\/live.staticflickr.com\/65535\/54093184518_371cacaa81_o.jpg\" alt=\"Clasificads MdP (2)\" width=\"1191\" height=\"950\" \/><\/a><script async src=\"\/\/embedr.flickr.com\/assets\/client-code.js\" charset=\"utf-8\"><\/script><\/p>\n","protected":false},"excerpt":{"rendered":"<p>Del 28 de octubre al 2 de noviembre se desarrollar\u00e1 en Mar del Plata, la Final Provincial de los Juegos Bonaerenses 2024.<\/p>\n","protected":false},"author":3,"featured_media":107767,"comment_status":"closed","ping_status":"closed","sticky":false,"template":"","format":"standard","meta":{"footnotes":""},"categories":[35,27,28],"tags":[],"class_list":["post-108816","post","type-post","status-publish","format-standard","has-post-thumbnail","hentry","category-cultura","category-deportes","category-municipales"],"yoast_head":"<!-- This site is optimized with the Yoast SEO plugin v25.9 - https:\/\/yoast.com\/wordpress\/plugins\/seo\/ -->\n<title>Tornquist estar\u00e1 representado por m\u00e1s de 70 participantes en la Final Provincial de los Juegos Bonaerenses - Noticias Radio Reflejos<\/title>\n<meta name=\"robots\" content=\"index, follow, max-snippet:-1, max-image-preview:large, max-video-preview:-1\" \/>\n<link rel=\"canonical\" href=\"https:\/\/www.noticiasradioreflejos.com.ar\/2021\/tornquist-estara-representado-por-mas-de-70-participantes-en-la-final-provincial-de-los-juegos-bonaerenses\/\" \/>\n<meta property=\"og:locale\" content=\"es_ES\" \/>\n<meta property=\"og:type\" content=\"article\" \/>\n<meta property=\"og:title\" content=\"Tornquist estar\u00e1 representado por m\u00e1s de 70 participantes en la Final Provincial de los Juegos Bonaerenses - Noticias Radio Reflejos\" \/>\n<meta property=\"og:description\" content=\"Del 28 de octubre al 2 de noviembre se desarrollar\u00e1 en Mar del Plata, la Final Provincial de los Juegos Bonaerenses 2024.\" \/>\n<meta property=\"og:url\" content=\"https:\/\/www.noticiasradioreflejos.com.ar\/2021\/tornquist-estara-representado-por-mas-de-70-participantes-en-la-final-provincial-de-los-juegos-bonaerenses\/\" \/>\n<meta property=\"og:site_name\" content=\"Noticias Radio Reflejos\" \/>\n<meta property=\"article:published_time\" content=\"2024-10-25T17:39:39+00:00\" \/>\n<meta property=\"article:modified_time\" content=\"2024-10-25T18:29:34+00:00\" \/>\n<meta property=\"og:image\" content=\"https:\/\/www.noticiasradioreflejos.com.ar\/2021\/wp-content\/uploads\/2024\/09\/Voley-finalistas.png\" \/>\n\t<meta property=\"og:image:width\" content=\"543\" \/>\n\t<meta property=\"og:image:height\" content=\"340\" \/>\n\t<meta property=\"og:image:type\" content=\"image\/png\" \/>\n<meta name=\"author\" content=\"Arnaldo Botto\" \/>\n<meta name=\"twitter:card\" content=\"summary_large_image\" \/>\n<script type=\"application\/ld+json\" class=\"yoast-schema-graph\">{\"@context\":\"https:\/\/schema.org\",\"@graph\":[{\"@type\":\"WebPage\",\"@id\":\"https:\/\/www.noticiasradioreflejos.com.ar\/2021\/tornquist-estara-representado-por-mas-de-70-participantes-en-la-final-provincial-de-los-juegos-bonaerenses\/\",\"url\":\"https:\/\/www.noticiasradioreflejos.com.ar\/2021\/tornquist-estara-representado-por-mas-de-70-participantes-en-la-final-provincial-de-los-juegos-bonaerenses\/\",\"name\":\"Tornquist estar\u00e1 representado por m\u00e1s de 70 participantes en la Final Provincial de los Juegos Bonaerenses - Noticias Radio Reflejos\",\"isPartOf\":{\"@id\":\"https:\/\/www.noticiasradioreflejos.com.ar\/2021\/#website\"},\"primaryImageOfPage\":{\"@id\":\"https:\/\/www.noticiasradioreflejos.com.ar\/2021\/tornquist-estara-representado-por-mas-de-70-participantes-en-la-final-provincial-de-los-juegos-bonaerenses\/#primaryimage\"},\"image\":{\"@id\":\"https:\/\/www.noticiasradioreflejos.com.ar\/2021\/tornquist-estara-representado-por-mas-de-70-participantes-en-la-final-provincial-de-los-juegos-bonaerenses\/#primaryimage\"},\"thumbnailUrl\":\"https:\/\/www.noticiasradioreflejos.com.ar\/2021\/wp-content\/uploads\/2024\/09\/Voley-finalistas.png\",\"datePublished\":\"2024-10-25T17:39:39+00:00\",\"dateModified\":\"2024-10-25T18:29:34+00:00\",\"author\":{\"@id\":\"https:\/\/www.noticiasradioreflejos.com.ar\/2021\/#\/schema\/person\/ad82545263dcc5ec0996818884fd5fb1\"},\"breadcrumb\":{\"@id\":\"https:\/\/www.noticiasradioreflejos.com.ar\/2021\/tornquist-estara-representado-por-mas-de-70-participantes-en-la-final-provincial-de-los-juegos-bonaerenses\/#breadcrumb\"},\"inLanguage\":\"es\",\"potentialAction\":[{\"@type\":\"ReadAction\",\"target\":[\"https:\/\/www.noticiasradioreflejos.com.ar\/2021\/tornquist-estara-representado-por-mas-de-70-participantes-en-la-final-provincial-de-los-juegos-bonaerenses\/\"]}]},{\"@type\":\"ImageObject\",\"inLanguage\":\"es\",\"@id\":\"https:\/\/www.noticiasradioreflejos.com.ar\/2021\/tornquist-estara-representado-por-mas-de-70-participantes-en-la-final-provincial-de-los-juegos-bonaerenses\/#primaryimage\",\"url\":\"https:\/\/www.noticiasradioreflejos.com.ar\/2021\/wp-content\/uploads\/2024\/09\/Voley-finalistas.png\",\"contentUrl\":\"https:\/\/www.noticiasradioreflejos.com.ar\/2021\/wp-content\/uploads\/2024\/09\/Voley-finalistas.png\",\"width\":543,\"height\":340},{\"@type\":\"BreadcrumbList\",\"@id\":\"https:\/\/www.noticiasradioreflejos.com.ar\/2021\/tornquist-estara-representado-por-mas-de-70-participantes-en-la-final-provincial-de-los-juegos-bonaerenses\/#breadcrumb\",\"itemListElement\":[{\"@type\":\"ListItem\",\"position\":1,\"name\":\"Portada\",\"item\":\"https:\/\/www.noticiasradioreflejos.com.ar\/2021\/\"},{\"@type\":\"ListItem\",\"position\":2,\"name\":\"Tornquist estar\u00e1 representado por m\u00e1s de 70 participantes en la Final Provincial de los Juegos Bonaerenses\"}]},{\"@type\":\"WebSite\",\"@id\":\"https:\/\/www.noticiasradioreflejos.com.ar\/2021\/#website\",\"url\":\"https:\/\/www.noticiasradioreflejos.com.ar\/2021\/\",\"name\":\"Noticias Radio Reflejos\",\"description\":\"Las noticias de mi comarca\",\"potentialAction\":[{\"@type\":\"SearchAction\",\"target\":{\"@type\":\"EntryPoint\",\"urlTemplate\":\"https:\/\/www.noticiasradioreflejos.com.ar\/2021\/?s={search_term_string}\"},\"query-input\":{\"@type\":\"PropertyValueSpecification\",\"valueRequired\":true,\"valueName\":\"search_term_string\"}}],\"inLanguage\":\"es\"},{\"@type\":\"Person\",\"@id\":\"https:\/\/www.noticiasradioreflejos.com.ar\/2021\/#\/schema\/person\/ad82545263dcc5ec0996818884fd5fb1\",\"name\":\"Arnaldo Botto\",\"image\":{\"@type\":\"ImageObject\",\"inLanguage\":\"es\",\"@id\":\"https:\/\/www.noticiasradioreflejos.com.ar\/2021\/#\/schema\/person\/image\/\",\"url\":\"https:\/\/secure.gravatar.com\/avatar\/55cb5e37c1efa326397366e6974cb338056df65cb50e7d64d1cf314e87504837?s=96&d=mm&r=g\",\"contentUrl\":\"https:\/\/secure.gravatar.com\/avatar\/55cb5e37c1efa326397366e6974cb338056df65cb50e7d64d1cf314e87504837?s=96&d=mm&r=g\",\"caption\":\"Arnaldo Botto\"},\"url\":\"https:\/\/www.noticiasradioreflejos.com.ar\/2021\/author\/arnaldo\/\"}]}<\/script>\n<!-- \/ Yoast SEO plugin. -->","yoast_head_json":{"title":"Tornquist estar\u00e1 representado por m\u00e1s de 70 participantes en la Final Provincial de los Juegos Bonaerenses - Noticias Radio Reflejos","robots":{"index":"index","follow":"follow","max-snippet":"max-snippet:-1","max-image-preview":"max-image-preview:large","max-video-preview":"max-video-preview:-1"},"canonical":"https:\/\/www.noticiasradioreflejos.com.ar\/2021\/tornquist-estara-representado-por-mas-de-70-participantes-en-la-final-provincial-de-los-juegos-bonaerenses\/","og_locale":"es_ES","og_type":"article","og_title":"Tornquist estar\u00e1 representado por m\u00e1s de 70 participantes en la Final Provincial de los Juegos Bonaerenses - Noticias Radio Reflejos","og_description":"Del 28 de octubre al 2 de noviembre se desarrollar\u00e1 en Mar del Plata, la Final Provincial de los Juegos Bonaerenses 2024.","og_url":"https:\/\/www.noticiasradioreflejos.com.ar\/2021\/tornquist-estara-representado-por-mas-de-70-participantes-en-la-final-provincial-de-los-juegos-bonaerenses\/","og_site_name":"Noticias Radio Reflejos","article_published_time":"2024-10-25T17:39:39+00:00","article_modified_time":"2024-10-25T18:29:34+00:00","og_image":[{"width":543,"height":340,"url":"https:\/\/www.noticiasradioreflejos.com.ar\/2021\/wp-content\/uploads\/2024\/09\/Voley-finalistas.png","type":"image\/png"}],"author":"Arnaldo Botto","twitter_card":"summary_large_image","schema":{"@context":"https:\/\/schema.org","@graph":[{"@type":"WebPage","@id":"https:\/\/www.noticiasradioreflejos.com.ar\/2021\/tornquist-estara-representado-por-mas-de-70-participantes-en-la-final-provincial-de-los-juegos-bonaerenses\/","url":"https:\/\/www.noticiasradioreflejos.com.ar\/2021\/tornquist-estara-representado-por-mas-de-70-participantes-en-la-final-provincial-de-los-juegos-bonaerenses\/","name":"Tornquist estar\u00e1 representado por m\u00e1s de 70 participantes en la Final Provincial de los Juegos Bonaerenses - Noticias Radio Reflejos","isPartOf":{"@id":"https:\/\/www.noticiasradioreflejos.com.ar\/2021\/#website"},"primaryImageOfPage":{"@id":"https:\/\/www.noticiasradioreflejos.com.ar\/2021\/tornquist-estara-representado-por-mas-de-70-participantes-en-la-final-provincial-de-los-juegos-bonaerenses\/#primaryimage"},"image":{"@id":"https:\/\/www.noticiasradioreflejos.com.ar\/2021\/tornquist-estara-representado-por-mas-de-70-participantes-en-la-final-provincial-de-los-juegos-bonaerenses\/#primaryimage"},"thumbnailUrl":"https:\/\/www.noticiasradioreflejos.com.ar\/2021\/wp-content\/uploads\/2024\/09\/Voley-finalistas.png","datePublished":"2024-10-25T17:39:39+00:00","dateModified":"2024-10-25T18:29:34+00:00","author":{"@id":"https:\/\/www.noticiasradioreflejos.com.ar\/2021\/#\/schema\/person\/ad82545263dcc5ec0996818884fd5fb1"},"breadcrumb":{"@id":"https:\/\/www.noticiasradioreflejos.com.ar\/2021\/tornquist-estara-representado-por-mas-de-70-participantes-en-la-final-provincial-de-los-juegos-bonaerenses\/#breadcrumb"},"inLanguage":"es","potentialAction":[{"@type":"ReadAction","target":["https:\/\/www.noticiasradioreflejos.com.ar\/2021\/tornquist-estara-representado-por-mas-de-70-participantes-en-la-final-provincial-de-los-juegos-bonaerenses\/"]}]},{"@type":"ImageObject","inLanguage":"es","@id":"https:\/\/www.noticiasradioreflejos.com.ar\/2021\/tornquist-estara-representado-por-mas-de-70-participantes-en-la-final-provincial-de-los-juegos-bonaerenses\/#primaryimage","url":"https:\/\/www.noticiasradioreflejos.com.ar\/2021\/wp-content\/uploads\/2024\/09\/Voley-finalistas.png","contentUrl":"https:\/\/www.noticiasradioreflejos.com.ar\/2021\/wp-content\/uploads\/2024\/09\/Voley-finalistas.png","width":543,"height":340},{"@type":"BreadcrumbList","@id":"https:\/\/www.noticiasradioreflejos.com.ar\/2021\/tornquist-estara-representado-por-mas-de-70-participantes-en-la-final-provincial-de-los-juegos-bonaerenses\/#breadcrumb","itemListElement":[{"@type":"ListItem","position":1,"name":"Portada","item":"https:\/\/www.noticiasradioreflejos.com.ar\/2021\/"},{"@type":"ListItem","position":2,"name":"Tornquist estar\u00e1 representado por m\u00e1s de 70 participantes en la Final Provincial de los Juegos Bonaerenses"}]},{"@type":"WebSite","@id":"https:\/\/www.noticiasradioreflejos.com.ar\/2021\/#website","url":"https:\/\/www.noticiasradioreflejos.com.ar\/2021\/","name":"Noticias Radio Reflejos","description":"Las noticias de mi comarca","potentialAction":[{"@type":"SearchAction","target":{"@type":"EntryPoint","urlTemplate":"https:\/\/www.noticiasradioreflejos.com.ar\/2021\/?s={search_term_string}"},"query-input":{"@type":"PropertyValueSpecification","valueRequired":true,"valueName":"search_term_string"}}],"inLanguage":"es"},{"@type":"Person","@id":"https:\/\/www.noticiasradioreflejos.com.ar\/2021\/#\/schema\/person\/ad82545263dcc5ec0996818884fd5fb1","name":"Arnaldo Botto","image":{"@type":"ImageObject","inLanguage":"es","@id":"https:\/\/www.noticiasradioreflejos.com.ar\/2021\/#\/schema\/person\/image\/","url":"https:\/\/secure.gravatar.com\/avatar\/55cb5e37c1efa326397366e6974cb338056df65cb50e7d64d1cf314e87504837?s=96&d=mm&r=g","contentUrl":"https:\/\/secure.gravatar.com\/avatar\/55cb5e37c1efa326397366e6974cb338056df65cb50e7d64d1cf314e87504837?s=96&d=mm&r=g","caption":"Arnaldo Botto"},"url":"https:\/\/www.noticiasradioreflejos.com.ar\/2021\/author\/arnaldo\/"}]}},"_links":{"self":[{"href":"https:\/\/www.noticiasradioreflejos.com.ar\/2021\/wp-json\/wp\/v2\/posts\/108816","targetHints":{"allow":["GET"]}}],"collection":[{"href":"https:\/\/www.noticiasradioreflejos.com.ar\/2021\/wp-json\/wp\/v2\/posts"}],"about":[{"href":"https:\/\/www.noticiasradioreflejos.com.ar\/2021\/wp-json\/wp\/v2\/types\/post"}],"author":[{"embeddable":true,"href":"https:\/\/www.noticiasradioreflejos.com.ar\/2021\/wp-json\/wp\/v2\/users\/3"}],"replies":[{"embeddable":true,"href":"https:\/\/www.noticiasradioreflejos.com.ar\/2021\/wp-json\/wp\/v2\/comments?post=108816"}],"version-history":[{"count":2,"href":"https:\/\/www.noticiasradioreflejos.com.ar\/2021\/wp-json\/wp\/v2\/posts\/108816\/revisions"}],"predecessor-version":[{"id":108849,"href":"https:\/\/www.noticiasradioreflejos.com.ar\/2021\/wp-json\/wp\/v2\/posts\/108816\/revisions\/108849"}],"wp:featuredmedia":[{"embeddable":true,"href":"https:\/\/www.noticiasradioreflejos.com.ar\/2021\/wp-json\/wp\/v2\/media\/107767"}],"wp:attachment":[{"href":"https:\/\/www.noticiasradioreflejos.com.ar\/2021\/wp-json\/wp\/v2\/media?parent=108816"}],"wp:term":[{"taxonomy":"category","embeddable":true,"href":"https:\/\/www.noticiasradioreflejos.com.ar\/2021\/wp-json\/wp\/v2\/categories?post=108816"},{"taxonomy":"post_tag","embeddable":true,"href":"https:\/\/www.noticiasradioreflejos.com.ar\/2021\/wp-json\/wp\/v2\/tags?post=108816"}],"curies":[{"name":"wp","href":"https:\/\/api.w.org\/{rel}","templated":true}]}}