{"id":108813,"date":"2024-10-25T14:34:01","date_gmt":"2024-10-25T17:34:01","guid":{"rendered":"https:\/\/www.noticiasradioreflejos.com.ar\/2021\/?p=108813"},"modified":"2024-10-25T14:34:01","modified_gmt":"2024-10-25T17:34:01","slug":"inclusion-los-comercios-gastronomicos-del-distrito-deben-tener-cartas-menu-en-sistema-braille","status":"publish","type":"post","link":"https:\/\/www.noticiasradioreflejos.com.ar\/2021\/inclusion-los-comercios-gastronomicos-del-distrito-deben-tener-cartas-menu-en-sistema-braille\/","title":{"rendered":"Inclusi\u00f3n: Los comercios gastron\u00f3micos del distrito deben tener cartas men\u00fa en sistema Braille"},"content":{"rendered":"<p>Se encuentra vigente en el distrito de Tornquist, la Ordenanza N\u00ba 3840\/24 que establece la obligatoriedad de que los comercios gastron\u00f3micos posean cartas men\u00fa en sistema de escritura y lectura Braille.<!--more--><\/p>\n<p><a data-flickr-embed=\"true\" href=\"https:\/\/www.flickr.com\/photos\/182279889@N02\/54092063512\/in\/dateposted-public\/\" title=\"ordenanza-gastronomia2\"><img loading=\"lazy\" decoding=\"async\" src=\"https:\/\/live.staticflickr.com\/65535\/54092063512_bf69b866fd_o.jpg\" width=\"1080\" height=\"1351\" alt=\"ordenanza-gastronomia2\"\/><\/a><script async src=\"\/\/embedr.flickr.com\/assets\/client-code.js\" charset=\"utf-8\"><\/script><\/p>\n<p>La confecci\u00f3n de la norma, surgi\u00f3 a partir de un proyecto presentado por alumnos de 3\u00ba a\u00f1o del Nivel Secundario del Colegio Nuestra Se\u00f1ora de Luj\u00e1n de la localidad cabecera, impulsando acciones que contribuyan a mejorar el acceso y la vida cotidiana de las personas con discapacidad visual.<\/p>\n<p>La iniciativa fue aprobada por unanimidad en el Honorable Concejo Deliberante y promulgada a trav\u00e9s del Decreto 1252\/24. <\/p>\n<p>Entre sus puntos, dispone que los restaurantes, bares, cafeter\u00edas, rest\u00f3, casas de comidas y todos los locales cuyo principal fin es la venta y expendio de alimentos al p\u00fablico, tienen que tener un 10% de sus cartas en sistema Braille (o una en caso de lugares con hasta 10 mesas).<\/p>\n<p>Las cartas en Braille deben ser iguales a las impresas en escritura convencional y contener el nombre y denominaci\u00f3n de los platos, descripci\u00f3n de los ingredientes y listado de bebidas ofrecidas.<\/p>\n<p>Los comercios comprendidos en la ordenanza, deben cumplimentar lo establecido en un plazo no mayor a 180 d\u00edas a partir de su promulgaci\u00f3n, con fecha del 18 de septiembre de 2024, siendo la autoridad de aplicaci\u00f3n la Secretar\u00eda de Ambiente y Desarrollo Productivo.<\/p>\n","protected":false},"excerpt":{"rendered":"<p>Se encuentra vigente en el distrito de Tornquist, la Ordenanza N\u00ba 3840\/24 que establece la obligatoriedad de que los comercios gastron\u00f3micos posean cartas men\u00fa en sistema de escritura y lectura Braille.<\/p>\n","protected":false},"author":3,"featured_media":0,"comment_status":"closed","ping_status":"closed","sticky":false,"template":"","format":"standard","meta":{"footnotes":""},"categories":[28],"tags":[],"class_list":["post-108813","post","type-post","status-publish","format-standard","hentry","category-municipales"],"yoast_head":"<!-- This site is optimized with the Yoast SEO plugin v25.9 - https:\/\/yoast.com\/wordpress\/plugins\/seo\/ -->\n<title>Inclusi\u00f3n: Los comercios gastron\u00f3micos del distrito deben tener cartas men\u00fa en sistema Braille - Noticias Radio Reflejos<\/title>\n<meta name=\"robots\" content=\"index, follow, max-snippet:-1, max-image-preview:large, max-video-preview:-1\" \/>\n<link rel=\"canonical\" href=\"https:\/\/www.noticiasradioreflejos.com.ar\/2021\/inclusion-los-comercios-gastronomicos-del-distrito-deben-tener-cartas-menu-en-sistema-braille\/\" \/>\n<meta property=\"og:locale\" content=\"es_ES\" \/>\n<meta property=\"og:type\" content=\"article\" \/>\n<meta property=\"og:title\" content=\"Inclusi\u00f3n: Los comercios gastron\u00f3micos del distrito deben tener cartas men\u00fa en sistema Braille - Noticias Radio Reflejos\" \/>\n<meta property=\"og:description\" content=\"Se encuentra vigente en el distrito de Tornquist, la Ordenanza N\u00ba 3840\/24 que establece la obligatoriedad de que los comercios gastron\u00f3micos posean cartas men\u00fa en sistema de escritura y lectura Braille.\" \/>\n<meta property=\"og:url\" content=\"https:\/\/www.noticiasradioreflejos.com.ar\/2021\/inclusion-los-comercios-gastronomicos-del-distrito-deben-tener-cartas-menu-en-sistema-braille\/\" \/>\n<meta property=\"og:site_name\" content=\"Noticias Radio Reflejos\" \/>\n<meta property=\"article:published_time\" content=\"2024-10-25T17:34:01+00:00\" \/>\n<meta property=\"og:image\" content=\"https:\/\/live.staticflickr.com\/65535\/54092063512_bf69b866fd_o.jpg\" \/>\n<meta name=\"author\" content=\"Arnaldo Botto\" \/>\n<meta name=\"twitter:card\" content=\"summary_large_image\" \/>\n<script type=\"application\/ld+json\" class=\"yoast-schema-graph\">{\"@context\":\"https:\/\/schema.org\",\"@graph\":[{\"@type\":\"WebPage\",\"@id\":\"https:\/\/www.noticiasradioreflejos.com.ar\/2021\/inclusion-los-comercios-gastronomicos-del-distrito-deben-tener-cartas-menu-en-sistema-braille\/\",\"url\":\"https:\/\/www.noticiasradioreflejos.com.ar\/2021\/inclusion-los-comercios-gastronomicos-del-distrito-deben-tener-cartas-menu-en-sistema-braille\/\",\"name\":\"Inclusi\u00f3n: Los comercios gastron\u00f3micos del distrito deben tener cartas men\u00fa en sistema Braille - Noticias Radio Reflejos\",\"isPartOf\":{\"@id\":\"https:\/\/www.noticiasradioreflejos.com.ar\/2021\/#website\"},\"primaryImageOfPage\":{\"@id\":\"https:\/\/www.noticiasradioreflejos.com.ar\/2021\/inclusion-los-comercios-gastronomicos-del-distrito-deben-tener-cartas-menu-en-sistema-braille\/#primaryimage\"},\"image\":{\"@id\":\"https:\/\/www.noticiasradioreflejos.com.ar\/2021\/inclusion-los-comercios-gastronomicos-del-distrito-deben-tener-cartas-menu-en-sistema-braille\/#primaryimage\"},\"thumbnailUrl\":\"https:\/\/live.staticflickr.com\/65535\/54092063512_bf69b866fd_o.jpg\",\"datePublished\":\"2024-10-25T17:34:01+00:00\",\"author\":{\"@id\":\"https:\/\/www.noticiasradioreflejos.com.ar\/2021\/#\/schema\/person\/ad82545263dcc5ec0996818884fd5fb1\"},\"breadcrumb\":{\"@id\":\"https:\/\/www.noticiasradioreflejos.com.ar\/2021\/inclusion-los-comercios-gastronomicos-del-distrito-deben-tener-cartas-menu-en-sistema-braille\/#breadcrumb\"},\"inLanguage\":\"es\",\"potentialAction\":[{\"@type\":\"ReadAction\",\"target\":[\"https:\/\/www.noticiasradioreflejos.com.ar\/2021\/inclusion-los-comercios-gastronomicos-del-distrito-deben-tener-cartas-menu-en-sistema-braille\/\"]}]},{\"@type\":\"ImageObject\",\"inLanguage\":\"es\",\"@id\":\"https:\/\/www.noticiasradioreflejos.com.ar\/2021\/inclusion-los-comercios-gastronomicos-del-distrito-deben-tener-cartas-menu-en-sistema-braille\/#primaryimage\",\"url\":\"https:\/\/live.staticflickr.com\/65535\/54092063512_bf69b866fd_o.jpg\",\"contentUrl\":\"https:\/\/live.staticflickr.com\/65535\/54092063512_bf69b866fd_o.jpg\"},{\"@type\":\"BreadcrumbList\",\"@id\":\"https:\/\/www.noticiasradioreflejos.com.ar\/2021\/inclusion-los-comercios-gastronomicos-del-distrito-deben-tener-cartas-menu-en-sistema-braille\/#breadcrumb\",\"itemListElement\":[{\"@type\":\"ListItem\",\"position\":1,\"name\":\"Portada\",\"item\":\"https:\/\/www.noticiasradioreflejos.com.ar\/2021\/\"},{\"@type\":\"ListItem\",\"position\":2,\"name\":\"Inclusi\u00f3n: Los comercios gastron\u00f3micos del distrito deben tener cartas men\u00fa en sistema Braille\"}]},{\"@type\":\"WebSite\",\"@id\":\"https:\/\/www.noticiasradioreflejos.com.ar\/2021\/#website\",\"url\":\"https:\/\/www.noticiasradioreflejos.com.ar\/2021\/\",\"name\":\"Noticias Radio Reflejos\",\"description\":\"Las noticias de mi comarca\",\"potentialAction\":[{\"@type\":\"SearchAction\",\"target\":{\"@type\":\"EntryPoint\",\"urlTemplate\":\"https:\/\/www.noticiasradioreflejos.com.ar\/2021\/?s={search_term_string}\"},\"query-input\":{\"@type\":\"PropertyValueSpecification\",\"valueRequired\":true,\"valueName\":\"search_term_string\"}}],\"inLanguage\":\"es\"},{\"@type\":\"Person\",\"@id\":\"https:\/\/www.noticiasradioreflejos.com.ar\/2021\/#\/schema\/person\/ad82545263dcc5ec0996818884fd5fb1\",\"name\":\"Arnaldo Botto\",\"image\":{\"@type\":\"ImageObject\",\"inLanguage\":\"es\",\"@id\":\"https:\/\/www.noticiasradioreflejos.com.ar\/2021\/#\/schema\/person\/image\/\",\"url\":\"https:\/\/secure.gravatar.com\/avatar\/55cb5e37c1efa326397366e6974cb338056df65cb50e7d64d1cf314e87504837?s=96&d=mm&r=g\",\"contentUrl\":\"https:\/\/secure.gravatar.com\/avatar\/55cb5e37c1efa326397366e6974cb338056df65cb50e7d64d1cf314e87504837?s=96&d=mm&r=g\",\"caption\":\"Arnaldo Botto\"},\"url\":\"https:\/\/www.noticiasradioreflejos.com.ar\/2021\/author\/arnaldo\/\"}]}<\/script>\n<!-- \/ Yoast SEO plugin. -->","yoast_head_json":{"title":"Inclusi\u00f3n: Los comercios gastron\u00f3micos del distrito deben tener cartas men\u00fa en sistema Braille - Noticias Radio Reflejos","robots":{"index":"index","follow":"follow","max-snippet":"max-snippet:-1","max-image-preview":"max-image-preview:large","max-video-preview":"max-video-preview:-1"},"canonical":"https:\/\/www.noticiasradioreflejos.com.ar\/2021\/inclusion-los-comercios-gastronomicos-del-distrito-deben-tener-cartas-menu-en-sistema-braille\/","og_locale":"es_ES","og_type":"article","og_title":"Inclusi\u00f3n: Los comercios gastron\u00f3micos del distrito deben tener cartas men\u00fa en sistema Braille - Noticias Radio Reflejos","og_description":"Se encuentra vigente en el distrito de Tornquist, la Ordenanza N\u00ba 3840\/24 que establece la obligatoriedad de que los comercios gastron\u00f3micos posean cartas men\u00fa en sistema de escritura y lectura Braille.","og_url":"https:\/\/www.noticiasradioreflejos.com.ar\/2021\/inclusion-los-comercios-gastronomicos-del-distrito-deben-tener-cartas-menu-en-sistema-braille\/","og_site_name":"Noticias Radio Reflejos","article_published_time":"2024-10-25T17:34:01+00:00","og_image":[{"url":"https:\/\/live.staticflickr.com\/65535\/54092063512_bf69b866fd_o.jpg","type":"","width":"","height":""}],"author":"Arnaldo Botto","twitter_card":"summary_large_image","schema":{"@context":"https:\/\/schema.org","@graph":[{"@type":"WebPage","@id":"https:\/\/www.noticiasradioreflejos.com.ar\/2021\/inclusion-los-comercios-gastronomicos-del-distrito-deben-tener-cartas-menu-en-sistema-braille\/","url":"https:\/\/www.noticiasradioreflejos.com.ar\/2021\/inclusion-los-comercios-gastronomicos-del-distrito-deben-tener-cartas-menu-en-sistema-braille\/","name":"Inclusi\u00f3n: Los comercios gastron\u00f3micos del distrito deben tener cartas men\u00fa en sistema Braille - Noticias Radio Reflejos","isPartOf":{"@id":"https:\/\/www.noticiasradioreflejos.com.ar\/2021\/#website"},"primaryImageOfPage":{"@id":"https:\/\/www.noticiasradioreflejos.com.ar\/2021\/inclusion-los-comercios-gastronomicos-del-distrito-deben-tener-cartas-menu-en-sistema-braille\/#primaryimage"},"image":{"@id":"https:\/\/www.noticiasradioreflejos.com.ar\/2021\/inclusion-los-comercios-gastronomicos-del-distrito-deben-tener-cartas-menu-en-sistema-braille\/#primaryimage"},"thumbnailUrl":"https:\/\/live.staticflickr.com\/65535\/54092063512_bf69b866fd_o.jpg","datePublished":"2024-10-25T17:34:01+00:00","author":{"@id":"https:\/\/www.noticiasradioreflejos.com.ar\/2021\/#\/schema\/person\/ad82545263dcc5ec0996818884fd5fb1"},"breadcrumb":{"@id":"https:\/\/www.noticiasradioreflejos.com.ar\/2021\/inclusion-los-comercios-gastronomicos-del-distrito-deben-tener-cartas-menu-en-sistema-braille\/#breadcrumb"},"inLanguage":"es","potentialAction":[{"@type":"ReadAction","target":["https:\/\/www.noticiasradioreflejos.com.ar\/2021\/inclusion-los-comercios-gastronomicos-del-distrito-deben-tener-cartas-menu-en-sistema-braille\/"]}]},{"@type":"ImageObject","inLanguage":"es","@id":"https:\/\/www.noticiasradioreflejos.com.ar\/2021\/inclusion-los-comercios-gastronomicos-del-distrito-deben-tener-cartas-menu-en-sistema-braille\/#primaryimage","url":"https:\/\/live.staticflickr.com\/65535\/54092063512_bf69b866fd_o.jpg","contentUrl":"https:\/\/live.staticflickr.com\/65535\/54092063512_bf69b866fd_o.jpg"},{"@type":"BreadcrumbList","@id":"https:\/\/www.noticiasradioreflejos.com.ar\/2021\/inclusion-los-comercios-gastronomicos-del-distrito-deben-tener-cartas-menu-en-sistema-braille\/#breadcrumb","itemListElement":[{"@type":"ListItem","position":1,"name":"Portada","item":"https:\/\/www.noticiasradioreflejos.com.ar\/2021\/"},{"@type":"ListItem","position":2,"name":"Inclusi\u00f3n: Los comercios gastron\u00f3micos del distrito deben tener cartas men\u00fa en sistema Braille"}]},{"@type":"WebSite","@id":"https:\/\/www.noticiasradioreflejos.com.ar\/2021\/#website","url":"https:\/\/www.noticiasradioreflejos.com.ar\/2021\/","name":"Noticias Radio Reflejos","description":"Las noticias de mi comarca","potentialAction":[{"@type":"SearchAction","target":{"@type":"EntryPoint","urlTemplate":"https:\/\/www.noticiasradioreflejos.com.ar\/2021\/?s={search_term_string}"},"query-input":{"@type":"PropertyValueSpecification","valueRequired":true,"valueName":"search_term_string"}}],"inLanguage":"es"},{"@type":"Person","@id":"https:\/\/www.noticiasradioreflejos.com.ar\/2021\/#\/schema\/person\/ad82545263dcc5ec0996818884fd5fb1","name":"Arnaldo Botto","image":{"@type":"ImageObject","inLanguage":"es","@id":"https:\/\/www.noticiasradioreflejos.com.ar\/2021\/#\/schema\/person\/image\/","url":"https:\/\/secure.gravatar.com\/avatar\/55cb5e37c1efa326397366e6974cb338056df65cb50e7d64d1cf314e87504837?s=96&d=mm&r=g","contentUrl":"https:\/\/secure.gravatar.com\/avatar\/55cb5e37c1efa326397366e6974cb338056df65cb50e7d64d1cf314e87504837?s=96&d=mm&r=g","caption":"Arnaldo Botto"},"url":"https:\/\/www.noticiasradioreflejos.com.ar\/2021\/author\/arnaldo\/"}]}},"_links":{"self":[{"href":"https:\/\/www.noticiasradioreflejos.com.ar\/2021\/wp-json\/wp\/v2\/posts\/108813","targetHints":{"allow":["GET"]}}],"collection":[{"href":"https:\/\/www.noticiasradioreflejos.com.ar\/2021\/wp-json\/wp\/v2\/posts"}],"about":[{"href":"https:\/\/www.noticiasradioreflejos.com.ar\/2021\/wp-json\/wp\/v2\/types\/post"}],"author":[{"embeddable":true,"href":"https:\/\/www.noticiasradioreflejos.com.ar\/2021\/wp-json\/wp\/v2\/users\/3"}],"replies":[{"embeddable":true,"href":"https:\/\/www.noticiasradioreflejos.com.ar\/2021\/wp-json\/wp\/v2\/comments?post=108813"}],"version-history":[{"count":1,"href":"https:\/\/www.noticiasradioreflejos.com.ar\/2021\/wp-json\/wp\/v2\/posts\/108813\/revisions"}],"predecessor-version":[{"id":108815,"href":"https:\/\/www.noticiasradioreflejos.com.ar\/2021\/wp-json\/wp\/v2\/posts\/108813\/revisions\/108815"}],"wp:attachment":[{"href":"https:\/\/www.noticiasradioreflejos.com.ar\/2021\/wp-json\/wp\/v2\/media?parent=108813"}],"wp:term":[{"taxonomy":"category","embeddable":true,"href":"https:\/\/www.noticiasradioreflejos.com.ar\/2021\/wp-json\/wp\/v2\/categories?post=108813"},{"taxonomy":"post_tag","embeddable":true,"href":"https:\/\/www.noticiasradioreflejos.com.ar\/2021\/wp-json\/wp\/v2\/tags?post=108813"}],"curies":[{"name":"wp","href":"https:\/\/api.w.org\/{rel}","templated":true}]}}