{"id":108755,"date":"2024-10-24T08:13:18","date_gmt":"2024-10-24T11:13:18","guid":{"rendered":"https:\/\/www.noticiasradioreflejos.com.ar\/2021\/?p=108755"},"modified":"2024-10-24T08:13:18","modified_gmt":"2024-10-24T11:13:18","slug":"se-partio-en-dos-el-bloque-radical-de-diputados-tras-la-participacion-de-de-loredo-en-una-reunion-en-la-casa-rosada","status":"publish","type":"post","link":"https:\/\/www.noticiasradioreflejos.com.ar\/2021\/se-partio-en-dos-el-bloque-radical-de-diputados-tras-la-participacion-de-de-loredo-en-una-reunion-en-la-casa-rosada\/","title":{"rendered":"Se parti\u00f3 en dos el bloque radical de Diputados, tras la participaci\u00f3n de De Loredo en una reuni\u00f3n en la Casa Rosada"},"content":{"rendered":"<p>La bancada de la UCR ten\u00eda 33 miembros y ahora pasar\u00e1 a tener 21, porque 12 de ellos se fueron y formar\u00e1n otro bloque. Es el grupo que lideran Facundo Manes y el senador Mart\u00edn Lousteau, que adem\u00e1s es el presidente del partido. Entre los que se quedan en el bloque est\u00e1n los \u201cradicales con peluca\u201d que convalidaron los vetos de Milei.<!--more--><\/p>\n<div class=\"content-container col-12 col-lg-8\">\n<div class=\"c-content\">\n<div class=\"partner-wrapper opening\" data-mrf-recirculation=\"Apertura\">\n<div class=\"second-col\">\n<figure class=\"ni-figure\"><picture class=\"news-image\"><source srcset=\"https:\/\/static.eldiario.es\/clip\/6b5ec44c-57ff-46ab-b045-b9878f1c84b4_16-9-discover-aspect-ratio_50p_1075856.webp\" type=\"image\/webp\" media=\"(max-width: 576px)\" \/><source srcset=\"https:\/\/static.eldiario.es\/clip\/6b5ec44c-57ff-46ab-b045-b9878f1c84b4_16-9-discover-aspect-ratio_50p_1075856.jpg\" type=\"image\/jpg\" media=\"(max-width: 576px)\" \/><source srcset=\"https:\/\/static.eldiario.es\/clip\/6b5ec44c-57ff-46ab-b045-b9878f1c84b4_16-9-discover-aspect-ratio_75p_1075856.webp\" type=\"image\/webp\" media=\"(max-width: 767px)\" \/><source srcset=\"https:\/\/static.eldiario.es\/clip\/6b5ec44c-57ff-46ab-b045-b9878f1c84b4_16-9-discover-aspect-ratio_75p_1075856.jpg\" type=\"image\/jpg\" media=\"(max-width: 767px)\" \/><source srcset=\"https:\/\/static.eldiario.es\/clip\/6b5ec44c-57ff-46ab-b045-b9878f1c84b4_16-9-discover-aspect-ratio_default_1075856.webp\" type=\"image\/webp\" \/><source srcset=\"https:\/\/static.eldiario.es\/clip\/6b5ec44c-57ff-46ab-b045-b9878f1c84b4_16-9-discover-aspect-ratio_default_1075856.jpg\" type=\"image\/jpg\" \/><img decoding=\"async\" src=\"https:\/\/static.eldiario.es\/clip\/6b5ec44c-57ff-46ab-b045-b9878f1c84b4_16-9-discover-aspect-ratio_default_1075856.jpg\" alt=\"Facundo Manes y otros 11 diputados radicales abandonaron el bloque UCR y formar\u00e1n una bancada propia, de car\u00e1cter opositora al gobierno de Javier Milei.\" \/><\/picture><figcaption class=\"image-footer\"><em><span class=\"title\">Facundo Manes y otros 11 diputados radicales abandonaron el bloque UCR y formar\u00e1n una bancada propia, de car\u00e1cter opositora al gobierno de Javier Milei.\u00a0<span class=\"author\">T\u00e9lam<\/span><\/span><\/em><\/figcaption><\/figure>\n<\/div>\n<div class=\"news-info\" data-mrf-recirculation=\"firma\">\n<div class=\"twitter-wrapper\"><\/div>\n<\/div>\n<\/div>\n<div class=\"partner-wrapper article-page__body-row\">\n<div class=\"second-col\">\n<p>&nbsp;<\/p>\n<p class=\"article-text\"><strong>El bloque de diputados de la Uni\u00f3n C\u00edvica Radical (UCR) esta noche finalmente se partid\u00f3 en dos<\/strong>. Fue horas despu\u00e9s de que\u00a0<a class=\"link\" href=\"https:\/\/xn--tensin%20en%20la%20ucr-zfc:%20De%20Loredo%20se%20reuni%C3%B3%20con%20el%20Gobierno%20mientras%20se%20profundiza%20la%20interna%20radical\/\" target=\"_blank\" rel=\"noopener\" data-mrf-recirculation=\"links-noticia\">el presidente de la bancada, el cordob\u00e9s Rodrigo de Loredo, apareciera en una foto durante una reuni\u00f3n<\/a>\u00a0con otros correligionarios suyos y libertarios colegas de la C\u00e1mara, con el vicejefe de Gabinete, Lisandro Catal\u00e1n, en la Casa Rosada.<\/p>\n<aside class=\"know-more know-more--with-image\">\n<p class=\"know-more__title\">Tensi\u00f3n en la UCR: De Loredo se reuni\u00f3 con el Gobierno mientras se profundiza la interna radical<\/p>\n<p><a href=\"https:\/\/www.eldiarioar.com\/politica\/tension-ucr-loredo-reunira-gobierno-profundiza-interna-radical_1_11758178.html\" data-mrf-recirculation=\"saber-mas\" data-mrf-link=\"https:\/\/www.eldiarioar.com\/politica\/tension-ucr-loredo-reunira-gobierno-profundiza-interna-radical_1_11758178.html\"><picture class=\"know-more__img\"><source srcset=\"https:\/\/static.eldiario.es\/clip\/05290a41-057b-4456-8127-95dba3261d2c_16-9-aspect-ratio_50p_0.webp\" type=\"image\/webp\" media=\"(max-width: 767px)\" \/><source srcset=\"https:\/\/static.eldiario.es\/clip\/05290a41-057b-4456-8127-95dba3261d2c_16-9-aspect-ratio_50p_0.jpg\" type=\"image\/jpg\" media=\"(max-width: 767px)\" \/><source srcset=\"https:\/\/static.eldiario.es\/clip\/05290a41-057b-4456-8127-95dba3261d2c_16-9-aspect-ratio_50p_0.webp\" type=\"image\/webp\" media=\"(min-width: 768px)\" \/><source srcset=\"https:\/\/static.eldiario.es\/clip\/05290a41-057b-4456-8127-95dba3261d2c_16-9-aspect-ratio_50p_0.jpg\" type=\"image\/jpg\" media=\"(min-width: 768px)\" \/><source srcset=\"https:\/\/static.eldiario.es\/clip\/05290a41-057b-4456-8127-95dba3261d2c_16-9-aspect-ratio_default_0.webp\" type=\"image\/webp\" \/><img loading=\"lazy\" decoding=\"async\" class=\"lazy entered loaded aligncenter\" src=\"https:\/\/static.eldiario.es\/clip\/05290a41-057b-4456-8127-95dba3261d2c_16-9-aspect-ratio_default_0.jpg\" alt=\"Tensi\u00f3n en la UCR: De Loredo se reuni\u00f3 con el Gobierno mientras se profundiza la interna radical\" width=\"740\" height=\"417\" data-src=\"https:\/\/static.eldiario.es\/clip\/05290a41-057b-4456-8127-95dba3261d2c_16-9-aspect-ratio_default_0.jpg\" data-ll-status=\"loaded\" \/><\/picture><\/a><\/p>\n<\/aside>\n<p class=\"article-text\">La ruptura del bloque radical era algo que se ve\u00eda venir: el espacio no logra aunar consensos sobre si deben acompa\u00f1ar al gobierno de Javier Milei o ser oposici\u00f3n. Entre los m\u00e1s afines a colaborar con la gesti\u00f3n libertaria est\u00e1n, justamente, De Loredo y otros diputados que responden a gobernadores, como al mendocino Alfredo Cornejo, un hombre fuerte dentro del partido, que ya presidi\u00f3 en dos oportunidades.<\/p>\n<p class=\"article-text\">En la vereda de enfrente est\u00e1n los l\u00edberos, quienes en su mayor\u00eda no responden a gobernadores y entonces disponen de un mayor margen para ser cr\u00edticos con el Gobierno y rechazar su agenda legislativa. Estos fueron, precisamente, los que se fueron.<\/p>\n<p class=\"article-text\">Son 12: el correntino Manuel\u00a0Aguirre, la entrerriana Marcela\u00a0Antola, el formose\u00f1o Fernando\u00a0Carbajal, las representantes de la Ciudad de Buenos Aires Carla\u00a0Carrizo y Mariela\u00a0Coletta, la pampeana Marcela\u00a0Coli, la santafesina Melina\u00a0Giorgi, los bonaerenses Pablo\u00a0Juliano, Facundo\u00a0Manes y Danya Tavela, el chaque\u00f1o Juan\u00a0Carlos\u00a0Polini y el juje\u00f1o Jorge\u00a0Rizzotti.<\/p>\n<p class=\"article-text\">\u201cDecidimos crear un nuevo bloque legislativo para ser coherentes con el mandato de nuestros votantes y con nuestra identidad. Hoy el presidente del bloque y un grupo de diputados radicales decidieron sumarse como aliados al oficialismo. A esto le debemos sumar la votaci\u00f3n de aquellos diputados que ratificaron los vetos presidenciales contra el financiamiento universitario y contra el aumento a los jubilados, quedando como \u00fanico camino construir una nueva alternativa. Tenemos el compromiso inquebrantable con la educaci\u00f3n p\u00fablica, los jubilados, el federalismo, el trabajo, las Pymes y e desarrollo de nuestro pa\u00eds. Construir el pa\u00eds que nos merecemos los argentinos es nuestro objetivo\u201d, dice el comunicado que firmaron los 12 rebeldes, que\u00a0<strong>tienen como referentes al propio Manes y al senador Mart\u00edn Lousteau, que adem\u00e1s es el presidente del partido, y est\u00e1 enfrentado con De Loredo \u2014quien en su momento inclusive integr\u00f3 la facci\u00f3n interna Evoluci\u00f3n\u2014 y con Cornejo<\/strong>.<\/p>\n<p class=\"article-text\">El presidente del nuevo bloque radical, que al cierre de esta edici\u00f3n a\u00fan no ten\u00eda nombre, es el bonaerense Juliano, que responde a Facundo Manes.<\/p>\n<p class=\"article-text\">En el bloque oficial de la UCR, entonces, quedaron 21: De Loredo, el misionero Mart\u00edn Arjol, la bonaerense Karina Banfi, el santafesino Mario Barletta, el entrerriano Atilio Benedetti, la cordobesa Gabriela Brouwer de Koning, el tucumano Mariano Campero, la cordobesa Soledad Carrizo, el neuquino Pablo Cervi, el mendocino Julio Cobos, el catamarque\u00f1o Francisco Monti, el mendocino Lisandro Nieri, el cordob\u00e9s Luis Albino Picat, el chaque\u00f1o Gerardo Cipolini, el bonaerense Fabio Jos\u00e9 Quetglas, la santacruce\u00f1a Roxana Reyes, el tucumano Roberto S\u00e1nchez, la juje\u00f1a Natalia Sarapura, el porte\u00f1o Mart\u00edn Tetaz, el correntino Jos\u00e9 Federico Tournier y la mendocina Pamela Verasay.<\/p>\n<p class=\"article-text\">Campero, Picat, Arjol, Cervi y Tournier son los \u201cradicales con peluca\u201d, como los bautiz\u00f3 la prensa por haber concurrido a la invitaci\u00f3n del presidente Milei y formar parte del escudo legislativo que logr\u00f3 impedir que la C\u00e1mara de Diputados rechace sus vetos a la mejora en las jubilaciones y al financiamiento de las universidades p\u00fablicas. Los cinco se quedan en el bloque oficial de la UCR, donde tambi\u00e9n, sin embargo, permanecer\u00e1n otros radicales que no est\u00e1n del todo cerca del Gobierno, como Cobos y Tetaz.<\/p>\n<div id=\"container-after-news-outlook\"><\/div>\n<p class=\"article-text\">El bloque oficial de la UCR, aunque menguado, seguir\u00e1 siendo la cuarta minor\u00eda de la C\u00e1mara baja despu\u00e9s de la primera minor\u00eda, que es Uni\u00f3n por la Patria, con 99 integrantes; la segunda, La Libertad Avanza, con 39; y la tercera, el PRO, con 37. Como quinta minor\u00eda quedar\u00e1 el bloque Encuentro Federal, que preside Miguel Pichetto; con 16 miembros, y despu\u00e9s, en el sexto lugar, seguir\u00e1 este nuevo bloque de radicales cr\u00edticos del gobierno de Milei, con sus 12 integrantes.<\/p>\n<\/div>\n<\/div>\n<\/div>\n<\/div>\n<p>&nbsp;<\/p>\n<p><em><strong>elDiarioAR<\/strong><\/em><\/p>\n","protected":false},"excerpt":{"rendered":"<p>La bancada de la UCR ten\u00eda 33 miembros y ahora pasar\u00e1 a tener 21, porque 12 de ellos se fueron y formar\u00e1n otro bloque. Es el grupo que lideran Facundo Manes y el senador Mart\u00edn Lousteau, que adem\u00e1s es el presidente del partido. Entre los que se quedan en el bloque est\u00e1n los \u201cradicales con [&hellip;]<\/p>\n","protected":false},"author":3,"featured_media":0,"comment_status":"closed","ping_status":"closed","sticky":false,"template":"","format":"standard","meta":{"footnotes":""},"categories":[24],"tags":[],"class_list":["post-108755","post","type-post","status-publish","format-standard","hentry","category-politica"],"yoast_head":"<!-- This site is optimized with the Yoast SEO plugin v25.9 - https:\/\/yoast.com\/wordpress\/plugins\/seo\/ -->\n<title>Se parti\u00f3 en dos el bloque radical de Diputados, tras la participaci\u00f3n de De Loredo en una reuni\u00f3n en la Casa Rosada - Noticias Radio Reflejos<\/title>\n<meta name=\"robots\" content=\"index, follow, max-snippet:-1, max-image-preview:large, max-video-preview:-1\" \/>\n<link rel=\"canonical\" href=\"https:\/\/www.noticiasradioreflejos.com.ar\/2021\/se-partio-en-dos-el-bloque-radical-de-diputados-tras-la-participacion-de-de-loredo-en-una-reunion-en-la-casa-rosada\/\" \/>\n<meta property=\"og:locale\" content=\"es_ES\" \/>\n<meta property=\"og:type\" content=\"article\" \/>\n<meta property=\"og:title\" content=\"Se parti\u00f3 en dos el bloque radical de Diputados, tras la participaci\u00f3n de De Loredo en una reuni\u00f3n en la Casa Rosada - Noticias Radio Reflejos\" \/>\n<meta property=\"og:description\" content=\"La bancada de la UCR ten\u00eda 33 miembros y ahora pasar\u00e1 a tener 21, porque 12 de ellos se fueron y formar\u00e1n otro bloque. Es el grupo que lideran Facundo Manes y el senador Mart\u00edn Lousteau, que adem\u00e1s es el presidente del partido. Entre los que se quedan en el bloque est\u00e1n los \u201cradicales con [&hellip;]\" \/>\n<meta property=\"og:url\" content=\"https:\/\/www.noticiasradioreflejos.com.ar\/2021\/se-partio-en-dos-el-bloque-radical-de-diputados-tras-la-participacion-de-de-loredo-en-una-reunion-en-la-casa-rosada\/\" \/>\n<meta property=\"og:site_name\" content=\"Noticias Radio Reflejos\" \/>\n<meta property=\"article:published_time\" content=\"2024-10-24T11:13:18+00:00\" \/>\n<meta property=\"og:image\" content=\"https:\/\/www.noticiasradioreflejos.com.ar\/2021\/wp-content\/uploads\/2024\/10\/ucr.jpg\" \/>\n\t<meta property=\"og:image:width\" content=\"960\" \/>\n\t<meta property=\"og:image:height\" content=\"640\" \/>\n\t<meta property=\"og:image:type\" content=\"image\/jpeg\" \/>\n<meta name=\"author\" content=\"Arnaldo Botto\" \/>\n<meta name=\"twitter:card\" content=\"summary_large_image\" \/>\n<script type=\"application\/ld+json\" class=\"yoast-schema-graph\">{\"@context\":\"https:\/\/schema.org\",\"@graph\":[{\"@type\":\"WebPage\",\"@id\":\"https:\/\/www.noticiasradioreflejos.com.ar\/2021\/se-partio-en-dos-el-bloque-radical-de-diputados-tras-la-participacion-de-de-loredo-en-una-reunion-en-la-casa-rosada\/\",\"url\":\"https:\/\/www.noticiasradioreflejos.com.ar\/2021\/se-partio-en-dos-el-bloque-radical-de-diputados-tras-la-participacion-de-de-loredo-en-una-reunion-en-la-casa-rosada\/\",\"name\":\"Se parti\u00f3 en dos el bloque radical de Diputados, tras la participaci\u00f3n de De Loredo en una reuni\u00f3n en la Casa Rosada - Noticias Radio Reflejos\",\"isPartOf\":{\"@id\":\"https:\/\/www.noticiasradioreflejos.com.ar\/2021\/#website\"},\"primaryImageOfPage\":{\"@id\":\"https:\/\/www.noticiasradioreflejos.com.ar\/2021\/se-partio-en-dos-el-bloque-radical-de-diputados-tras-la-participacion-de-de-loredo-en-una-reunion-en-la-casa-rosada\/#primaryimage\"},\"image\":{\"@id\":\"https:\/\/www.noticiasradioreflejos.com.ar\/2021\/se-partio-en-dos-el-bloque-radical-de-diputados-tras-la-participacion-de-de-loredo-en-una-reunion-en-la-casa-rosada\/#primaryimage\"},\"thumbnailUrl\":\"https:\/\/static.eldiario.es\/clip\/6b5ec44c-57ff-46ab-b045-b9878f1c84b4_16-9-discover-aspect-ratio_default_1075856.jpg\",\"datePublished\":\"2024-10-24T11:13:18+00:00\",\"author\":{\"@id\":\"https:\/\/www.noticiasradioreflejos.com.ar\/2021\/#\/schema\/person\/ad82545263dcc5ec0996818884fd5fb1\"},\"breadcrumb\":{\"@id\":\"https:\/\/www.noticiasradioreflejos.com.ar\/2021\/se-partio-en-dos-el-bloque-radical-de-diputados-tras-la-participacion-de-de-loredo-en-una-reunion-en-la-casa-rosada\/#breadcrumb\"},\"inLanguage\":\"es\",\"potentialAction\":[{\"@type\":\"ReadAction\",\"target\":[\"https:\/\/www.noticiasradioreflejos.com.ar\/2021\/se-partio-en-dos-el-bloque-radical-de-diputados-tras-la-participacion-de-de-loredo-en-una-reunion-en-la-casa-rosada\/\"]}]},{\"@type\":\"ImageObject\",\"inLanguage\":\"es\",\"@id\":\"https:\/\/www.noticiasradioreflejos.com.ar\/2021\/se-partio-en-dos-el-bloque-radical-de-diputados-tras-la-participacion-de-de-loredo-en-una-reunion-en-la-casa-rosada\/#primaryimage\",\"url\":\"https:\/\/static.eldiario.es\/clip\/6b5ec44c-57ff-46ab-b045-b9878f1c84b4_16-9-discover-aspect-ratio_default_1075856.jpg\",\"contentUrl\":\"https:\/\/static.eldiario.es\/clip\/6b5ec44c-57ff-46ab-b045-b9878f1c84b4_16-9-discover-aspect-ratio_default_1075856.jpg\"},{\"@type\":\"BreadcrumbList\",\"@id\":\"https:\/\/www.noticiasradioreflejos.com.ar\/2021\/se-partio-en-dos-el-bloque-radical-de-diputados-tras-la-participacion-de-de-loredo-en-una-reunion-en-la-casa-rosada\/#breadcrumb\",\"itemListElement\":[{\"@type\":\"ListItem\",\"position\":1,\"name\":\"Portada\",\"item\":\"https:\/\/www.noticiasradioreflejos.com.ar\/2021\/\"},{\"@type\":\"ListItem\",\"position\":2,\"name\":\"Se parti\u00f3 en dos el bloque radical de Diputados, tras la participaci\u00f3n de De Loredo en una reuni\u00f3n en la Casa Rosada\"}]},{\"@type\":\"WebSite\",\"@id\":\"https:\/\/www.noticiasradioreflejos.com.ar\/2021\/#website\",\"url\":\"https:\/\/www.noticiasradioreflejos.com.ar\/2021\/\",\"name\":\"Noticias Radio Reflejos\",\"description\":\"Las noticias de mi comarca\",\"potentialAction\":[{\"@type\":\"SearchAction\",\"target\":{\"@type\":\"EntryPoint\",\"urlTemplate\":\"https:\/\/www.noticiasradioreflejos.com.ar\/2021\/?s={search_term_string}\"},\"query-input\":{\"@type\":\"PropertyValueSpecification\",\"valueRequired\":true,\"valueName\":\"search_term_string\"}}],\"inLanguage\":\"es\"},{\"@type\":\"Person\",\"@id\":\"https:\/\/www.noticiasradioreflejos.com.ar\/2021\/#\/schema\/person\/ad82545263dcc5ec0996818884fd5fb1\",\"name\":\"Arnaldo Botto\",\"image\":{\"@type\":\"ImageObject\",\"inLanguage\":\"es\",\"@id\":\"https:\/\/www.noticiasradioreflejos.com.ar\/2021\/#\/schema\/person\/image\/\",\"url\":\"https:\/\/secure.gravatar.com\/avatar\/55cb5e37c1efa326397366e6974cb338056df65cb50e7d64d1cf314e87504837?s=96&d=mm&r=g\",\"contentUrl\":\"https:\/\/secure.gravatar.com\/avatar\/55cb5e37c1efa326397366e6974cb338056df65cb50e7d64d1cf314e87504837?s=96&d=mm&r=g\",\"caption\":\"Arnaldo Botto\"},\"url\":\"https:\/\/www.noticiasradioreflejos.com.ar\/2021\/author\/arnaldo\/\"}]}<\/script>\n<!-- \/ Yoast SEO plugin. -->","yoast_head_json":{"title":"Se parti\u00f3 en dos el bloque radical de Diputados, tras la participaci\u00f3n de De Loredo en una reuni\u00f3n en la Casa Rosada - Noticias Radio Reflejos","robots":{"index":"index","follow":"follow","max-snippet":"max-snippet:-1","max-image-preview":"max-image-preview:large","max-video-preview":"max-video-preview:-1"},"canonical":"https:\/\/www.noticiasradioreflejos.com.ar\/2021\/se-partio-en-dos-el-bloque-radical-de-diputados-tras-la-participacion-de-de-loredo-en-una-reunion-en-la-casa-rosada\/","og_locale":"es_ES","og_type":"article","og_title":"Se parti\u00f3 en dos el bloque radical de Diputados, tras la participaci\u00f3n de De Loredo en una reuni\u00f3n en la Casa Rosada - Noticias Radio Reflejos","og_description":"La bancada de la UCR ten\u00eda 33 miembros y ahora pasar\u00e1 a tener 21, porque 12 de ellos se fueron y formar\u00e1n otro bloque. Es el grupo que lideran Facundo Manes y el senador Mart\u00edn Lousteau, que adem\u00e1s es el presidente del partido. Entre los que se quedan en el bloque est\u00e1n los \u201cradicales con [&hellip;]","og_url":"https:\/\/www.noticiasradioreflejos.com.ar\/2021\/se-partio-en-dos-el-bloque-radical-de-diputados-tras-la-participacion-de-de-loredo-en-una-reunion-en-la-casa-rosada\/","og_site_name":"Noticias Radio Reflejos","article_published_time":"2024-10-24T11:13:18+00:00","og_image":[{"width":960,"height":640,"url":"https:\/\/www.noticiasradioreflejos.com.ar\/2021\/wp-content\/uploads\/2024\/10\/ucr.jpg","type":"image\/jpeg"}],"author":"Arnaldo Botto","twitter_card":"summary_large_image","schema":{"@context":"https:\/\/schema.org","@graph":[{"@type":"WebPage","@id":"https:\/\/www.noticiasradioreflejos.com.ar\/2021\/se-partio-en-dos-el-bloque-radical-de-diputados-tras-la-participacion-de-de-loredo-en-una-reunion-en-la-casa-rosada\/","url":"https:\/\/www.noticiasradioreflejos.com.ar\/2021\/se-partio-en-dos-el-bloque-radical-de-diputados-tras-la-participacion-de-de-loredo-en-una-reunion-en-la-casa-rosada\/","name":"Se parti\u00f3 en dos el bloque radical de Diputados, tras la participaci\u00f3n de De Loredo en una reuni\u00f3n en la Casa Rosada - Noticias Radio Reflejos","isPartOf":{"@id":"https:\/\/www.noticiasradioreflejos.com.ar\/2021\/#website"},"primaryImageOfPage":{"@id":"https:\/\/www.noticiasradioreflejos.com.ar\/2021\/se-partio-en-dos-el-bloque-radical-de-diputados-tras-la-participacion-de-de-loredo-en-una-reunion-en-la-casa-rosada\/#primaryimage"},"image":{"@id":"https:\/\/www.noticiasradioreflejos.com.ar\/2021\/se-partio-en-dos-el-bloque-radical-de-diputados-tras-la-participacion-de-de-loredo-en-una-reunion-en-la-casa-rosada\/#primaryimage"},"thumbnailUrl":"https:\/\/static.eldiario.es\/clip\/6b5ec44c-57ff-46ab-b045-b9878f1c84b4_16-9-discover-aspect-ratio_default_1075856.jpg","datePublished":"2024-10-24T11:13:18+00:00","author":{"@id":"https:\/\/www.noticiasradioreflejos.com.ar\/2021\/#\/schema\/person\/ad82545263dcc5ec0996818884fd5fb1"},"breadcrumb":{"@id":"https:\/\/www.noticiasradioreflejos.com.ar\/2021\/se-partio-en-dos-el-bloque-radical-de-diputados-tras-la-participacion-de-de-loredo-en-una-reunion-en-la-casa-rosada\/#breadcrumb"},"inLanguage":"es","potentialAction":[{"@type":"ReadAction","target":["https:\/\/www.noticiasradioreflejos.com.ar\/2021\/se-partio-en-dos-el-bloque-radical-de-diputados-tras-la-participacion-de-de-loredo-en-una-reunion-en-la-casa-rosada\/"]}]},{"@type":"ImageObject","inLanguage":"es","@id":"https:\/\/www.noticiasradioreflejos.com.ar\/2021\/se-partio-en-dos-el-bloque-radical-de-diputados-tras-la-participacion-de-de-loredo-en-una-reunion-en-la-casa-rosada\/#primaryimage","url":"https:\/\/static.eldiario.es\/clip\/6b5ec44c-57ff-46ab-b045-b9878f1c84b4_16-9-discover-aspect-ratio_default_1075856.jpg","contentUrl":"https:\/\/static.eldiario.es\/clip\/6b5ec44c-57ff-46ab-b045-b9878f1c84b4_16-9-discover-aspect-ratio_default_1075856.jpg"},{"@type":"BreadcrumbList","@id":"https:\/\/www.noticiasradioreflejos.com.ar\/2021\/se-partio-en-dos-el-bloque-radical-de-diputados-tras-la-participacion-de-de-loredo-en-una-reunion-en-la-casa-rosada\/#breadcrumb","itemListElement":[{"@type":"ListItem","position":1,"name":"Portada","item":"https:\/\/www.noticiasradioreflejos.com.ar\/2021\/"},{"@type":"ListItem","position":2,"name":"Se parti\u00f3 en dos el bloque radical de Diputados, tras la participaci\u00f3n de De Loredo en una reuni\u00f3n en la Casa Rosada"}]},{"@type":"WebSite","@id":"https:\/\/www.noticiasradioreflejos.com.ar\/2021\/#website","url":"https:\/\/www.noticiasradioreflejos.com.ar\/2021\/","name":"Noticias Radio Reflejos","description":"Las noticias de mi comarca","potentialAction":[{"@type":"SearchAction","target":{"@type":"EntryPoint","urlTemplate":"https:\/\/www.noticiasradioreflejos.com.ar\/2021\/?s={search_term_string}"},"query-input":{"@type":"PropertyValueSpecification","valueRequired":true,"valueName":"search_term_string"}}],"inLanguage":"es"},{"@type":"Person","@id":"https:\/\/www.noticiasradioreflejos.com.ar\/2021\/#\/schema\/person\/ad82545263dcc5ec0996818884fd5fb1","name":"Arnaldo Botto","image":{"@type":"ImageObject","inLanguage":"es","@id":"https:\/\/www.noticiasradioreflejos.com.ar\/2021\/#\/schema\/person\/image\/","url":"https:\/\/secure.gravatar.com\/avatar\/55cb5e37c1efa326397366e6974cb338056df65cb50e7d64d1cf314e87504837?s=96&d=mm&r=g","contentUrl":"https:\/\/secure.gravatar.com\/avatar\/55cb5e37c1efa326397366e6974cb338056df65cb50e7d64d1cf314e87504837?s=96&d=mm&r=g","caption":"Arnaldo Botto"},"url":"https:\/\/www.noticiasradioreflejos.com.ar\/2021\/author\/arnaldo\/"}]}},"_links":{"self":[{"href":"https:\/\/www.noticiasradioreflejos.com.ar\/2021\/wp-json\/wp\/v2\/posts\/108755","targetHints":{"allow":["GET"]}}],"collection":[{"href":"https:\/\/www.noticiasradioreflejos.com.ar\/2021\/wp-json\/wp\/v2\/posts"}],"about":[{"href":"https:\/\/www.noticiasradioreflejos.com.ar\/2021\/wp-json\/wp\/v2\/types\/post"}],"author":[{"embeddable":true,"href":"https:\/\/www.noticiasradioreflejos.com.ar\/2021\/wp-json\/wp\/v2\/users\/3"}],"replies":[{"embeddable":true,"href":"https:\/\/www.noticiasradioreflejos.com.ar\/2021\/wp-json\/wp\/v2\/comments?post=108755"}],"version-history":[{"count":1,"href":"https:\/\/www.noticiasradioreflejos.com.ar\/2021\/wp-json\/wp\/v2\/posts\/108755\/revisions"}],"predecessor-version":[{"id":108757,"href":"https:\/\/www.noticiasradioreflejos.com.ar\/2021\/wp-json\/wp\/v2\/posts\/108755\/revisions\/108757"}],"wp:attachment":[{"href":"https:\/\/www.noticiasradioreflejos.com.ar\/2021\/wp-json\/wp\/v2\/media?parent=108755"}],"wp:term":[{"taxonomy":"category","embeddable":true,"href":"https:\/\/www.noticiasradioreflejos.com.ar\/2021\/wp-json\/wp\/v2\/categories?post=108755"},{"taxonomy":"post_tag","embeddable":true,"href":"https:\/\/www.noticiasradioreflejos.com.ar\/2021\/wp-json\/wp\/v2\/tags?post=108755"}],"curies":[{"name":"wp","href":"https:\/\/api.w.org\/{rel}","templated":true}]}}