{"id":108749,"date":"2024-10-24T08:05:09","date_gmt":"2024-10-24T11:05:09","guid":{"rendered":"https:\/\/www.noticiasradioreflejos.com.ar\/2021\/?p=108749"},"modified":"2024-10-24T08:05:09","modified_gmt":"2024-10-24T11:05:09","slug":"cristina-kirchner-y-axel-kicillof-se-reencontraron-en-la-plata-y-le-pusieron-panos-frios-a-la-interna-del-pj","status":"publish","type":"post","link":"https:\/\/www.noticiasradioreflejos.com.ar\/2021\/cristina-kirchner-y-axel-kicillof-se-reencontraron-en-la-plata-y-le-pusieron-panos-frios-a-la-interna-del-pj\/","title":{"rendered":"Cristina Kirchner y Axel Kicillof se reencontraron en La Plata y le pusieron pa\u00f1os fr\u00edos a la interna del PJ"},"content":{"rendered":"<p>La ex mandataria y el gobernador bonaerense se mostraron juntos para bajar la tensi\u00f3n en el aniversario 47 de la asociaci\u00f3n Abuelas de Plaza de Mayo.<!--more--><\/p>\n<div class=\"sizer\" data-sizer=\"aspect-ratio\" data-tadevel-template=\"web\/aspect-ratio\"><\/div>\n<div class=\"attribution\">La ex mandataria nacional <strong>Cristina Kirchner<\/strong>\u00a0y el gobernador bonaerense,\u00a0<strong>Axel Kicillof<\/strong>, se reencontraron hoy en La Plata para compartir un acto por el aniversario 47 de la asociaci\u00f3n Abuelas de Plaza de Mayo y le pusieron pa\u00f1os fr\u00edos a la interna en el Partido Justicialista (PJ).<\/div>\n<div class=\"article-body\" data-tadevel-template=\"web\/article-body\">\n<div class=\"article-body-content\">\n<p>Con la presidenta de la organizaci\u00f3n por los derechos humanos\u00a0<strong>Estela de Carlotto<\/strong>\u00a0como mediadora, Kicillof y Fern\u00e1ndez de Kirchner se mostraron juntos para bajar la tensi\u00f3n en el frente opositor, que se encamina a una disputa partidaria el pr\u00f3ximo 17 de noviembre.<\/p>\n<p>La foto se dio esta noche durante un evento organizado por el Instituto Cultural de la Provincia en el Teatro Argentino platense, donde el mandatario provincial y la ex jefa de Estado compartieron por\u00a0<strong>primera vez un evento desde que estallara la interna por la conducci\u00f3n del PJ<\/strong>.<\/p>\n<p>En la lucha por el sill\u00f3n de la sede de la calle Matheu, el kirchnerismo le reclama al gobernador bonaerense que apoye expl\u00edcitamente a la ex jefa de Estado en su interna partidaria con el mandatario de La Rioja,\u00a0<strong>Ricardo Quintela<\/strong>.<\/p>\n<p>\u00abEn La Plata vamos a recordar a las 20 la fecha de Abuelas, va a venir Cristina y Kicillof me dijo que va a tratar de llegar\u00bb, hab\u00eda manifestado Carlotto en declaraciones radiales durante la previa del encuentro, donde tambi\u00e9n estuvieron presentes tambi\u00e9n la activista por los derechos humanos\u00a0<strong>Taty Almeida<\/strong>\u00a0y el senador nacional\u00a0<strong>Eduardo \u00abWado\u00bb de Pedro<\/strong>.<\/p>\n<p>La imagen entre la ex jefa de Estado y el mandatario provincial lleg\u00f3 luego de que Kicillof hab\u00eda pedido el s\u00e1bado pasado por la \u00abunidad\u00bb en el peronismo y llam\u00f3 a dejar de \u00abreproducir\u00bb las \u00abmetodolog\u00edas y conductas\u00bb que llevaron al espacio opositor a la derrota en las elecciones presidenciales del a\u00f1o pasado.<\/p>\n<p>\u00abEncontremos la unidad y dejemos de reproducir metodolog\u00edas conductas que nos trajeron hasta ac\u00e1\u00bb, expres\u00f3 Kicillof, en una carta que hizo p\u00fablica para responder a los cuestionamientos de la facci\u00f3n del peronismo que respalda a la ex jefa de Estado.<\/p>\n<p>En el mismo documento, el mandatario provincial se refiri\u00f3 a la figura de Cristina Kirchner, quien lo hab\u00eda acusado de ser \u00abPoncio Pilatos\u00bb y un \u00abJudas\u00bb por respaldar, de forma solapada, la candidatura de Quintela.<\/p>\n<p>\u00abCristina est\u00e1 en el coraz\u00f3n del pueblo, tambi\u00e9n en el m\u00edo y no tengo que rendir examen de ese sentimiento\u00bb, subray\u00f3 Kicillof acerca de la ex vicepresidenta.<\/p>\n<p>Con relaci\u00f3n a los desacuerdos dentro del PJ, el gobernador sostuvo que nadie deber\u00eda esperar que \u00ablibre una guerra interna; la historia no nos lo perdonar\u00eda y el futuro tampoco\u00bb.<\/p>\n<p>En tanto, Kicillof sostuvo que no quiere \u00abestimular peleas entre compa\u00f1eros\u00bb, pero tampoco puede \u00abconvalidar el equivocado mecanismo de que cualquier diferencia o cr\u00edtica desate el disciplinamiento\u00bb.<\/p>\n<p>A pesar de la meseta en la escalada entre dos de las m\u00e1ximas figuras del espacio opositor, el gobernador gobernador de Tucum\u00e1n, Osvaldo Jaldo, aviv\u00f3 la disputa entre las facciones del PJ e hizo expl\u00edcito su respaldo a Quintela para las elecciones partidarias, al advertir que esa postulaci\u00f3n representa una forma de \u00abayudar al movimiento nacional justicialista\u00bb.<\/p>\n<p>\u00abQuiero decir que no soy de La C\u00e1mpora ni kirchnerista. Por lo tanto, una forma de ayudar al movimiento nacional justicialista es trabajar con un colega gobernador como es Quintela\u00bb, expres\u00f3 Jaldo en conferencia de prensa este mi\u00e9rcoles.<\/p>\n<p>El impulso del mandatario tucumano a la postulaci\u00f3n del riojano no s\u00f3lo es discursivo sino que el presidente del bloque justicialista de la Legislatura de Tucum\u00e1n, Roque Tob\u00edas \u00c1lvarez, integra la lista de Quiniela como vicepresidente cuarto.<\/p>\n<p>\u00abNo hay duda que nuestro espacio pol\u00edtico y el PJ Distrito Tucum\u00e1n va a apoyar la lista de Roque Tob\u00edas \u00c1lvarez\u00bb, enfatiz\u00f3 Jaldo, al tomar partido en la disputa entre Quintela y la ex presidenta Cristina Kirchner.<\/p>\n<p>El espacio que conduce la ex presidenta, \u00abPrimero La Patria\u00bb, le pidi\u00f3 el martes a la Junta Electoral que \u00abhabilite\u00bb la lista de Quintela para participar de los comicios internos previstos para el 17 de noviembre, a pesar de \u00ablos numerosos incumplimientos al reglamento detectados\u00bb en ese sector.<\/p>\n<p>Jaldo fue uno de los gobernadores agasajados el lunes \u00faltimo en la Quinta de Olivos por el presidente Javier Milei, despu\u00e9s del respaldo legislativo que distintos bloques del interior le dieron al Gobierno con el aval al veto de la ley de Financiamiento Universitario.<\/p>\n<p>El pronunciamiento del mandatario tucumano a favor de Quintela fue cuestionado desde las redes sociales por la intendenta de Quilmes, Mayra Mendoza, quien sostuvo que Jaldo \u00abcena con Milei y sale p\u00fablicamente a apoyar la lista de Quintela, diferenci\u00e1ndose de Cristina\u00bb.<\/p>\n<p>\u00abUno m\u00e1s uno siempre fue dos. A algunos economistas parece que les cuesta comprender cuentas tan simples\u00bb, dijo Mendoza, y cerr\u00f3: \u00abAh, y ya sabemos que no son de La C\u00e1mpora, si no sus legisladores no hubiesen votado a favor del veto al aumento para los jubilados\u00bb.<\/p>\n<\/div>\n<\/div>\n<p>&nbsp;<\/p>\n<p><strong>Fuente NA<\/strong><\/p>\n","protected":false},"excerpt":{"rendered":"<p>La ex mandataria y el gobernador bonaerense se mostraron juntos para bajar la tensi\u00f3n en el aniversario 47 de la asociaci\u00f3n Abuelas de Plaza de Mayo.<\/p>\n","protected":false},"author":3,"featured_media":0,"comment_status":"closed","ping_status":"closed","sticky":false,"template":"","format":"standard","meta":{"footnotes":""},"categories":[24],"tags":[],"class_list":["post-108749","post","type-post","status-publish","format-standard","hentry","category-politica"],"yoast_head":"<!-- This site is optimized with the Yoast SEO plugin v25.9 - https:\/\/yoast.com\/wordpress\/plugins\/seo\/ -->\n<title>Cristina Kirchner y Axel Kicillof se reencontraron en La Plata y le pusieron pa\u00f1os fr\u00edos a la interna del PJ - Noticias Radio Reflejos<\/title>\n<meta name=\"robots\" content=\"index, follow, max-snippet:-1, max-image-preview:large, max-video-preview:-1\" \/>\n<link rel=\"canonical\" href=\"https:\/\/www.noticiasradioreflejos.com.ar\/2021\/cristina-kirchner-y-axel-kicillof-se-reencontraron-en-la-plata-y-le-pusieron-panos-frios-a-la-interna-del-pj\/\" \/>\n<meta property=\"og:locale\" content=\"es_ES\" \/>\n<meta property=\"og:type\" content=\"article\" \/>\n<meta property=\"og:title\" content=\"Cristina Kirchner y Axel Kicillof se reencontraron en La Plata y le pusieron pa\u00f1os fr\u00edos a la interna del PJ - Noticias Radio Reflejos\" \/>\n<meta property=\"og:description\" content=\"La ex mandataria y el gobernador bonaerense se mostraron juntos para bajar la tensi\u00f3n en el aniversario 47 de la asociaci\u00f3n Abuelas de Plaza de Mayo.\" \/>\n<meta property=\"og:url\" content=\"https:\/\/www.noticiasradioreflejos.com.ar\/2021\/cristina-kirchner-y-axel-kicillof-se-reencontraron-en-la-plata-y-le-pusieron-panos-frios-a-la-interna-del-pj\/\" \/>\n<meta property=\"og:site_name\" content=\"Noticias Radio Reflejos\" \/>\n<meta property=\"article:published_time\" content=\"2024-10-24T11:05:09+00:00\" \/>\n<meta property=\"og:image\" content=\"https:\/\/www.noticiasradioreflejos.com.ar\/2021\/wp-content\/uploads\/2021\/07\/logosol300x200.png\" \/>\n\t<meta property=\"og:image:width\" content=\"300\" \/>\n\t<meta property=\"og:image:height\" content=\"200\" \/>\n\t<meta property=\"og:image:type\" content=\"image\/png\" \/>\n<meta name=\"author\" content=\"Arnaldo Botto\" \/>\n<meta name=\"twitter:card\" content=\"summary_large_image\" \/>\n<script type=\"application\/ld+json\" class=\"yoast-schema-graph\">{\"@context\":\"https:\/\/schema.org\",\"@graph\":[{\"@type\":\"WebPage\",\"@id\":\"https:\/\/www.noticiasradioreflejos.com.ar\/2021\/cristina-kirchner-y-axel-kicillof-se-reencontraron-en-la-plata-y-le-pusieron-panos-frios-a-la-interna-del-pj\/\",\"url\":\"https:\/\/www.noticiasradioreflejos.com.ar\/2021\/cristina-kirchner-y-axel-kicillof-se-reencontraron-en-la-plata-y-le-pusieron-panos-frios-a-la-interna-del-pj\/\",\"name\":\"Cristina Kirchner y Axel Kicillof se reencontraron en La Plata y le pusieron pa\u00f1os fr\u00edos a la interna del PJ - Noticias Radio Reflejos\",\"isPartOf\":{\"@id\":\"https:\/\/www.noticiasradioreflejos.com.ar\/2021\/#website\"},\"datePublished\":\"2024-10-24T11:05:09+00:00\",\"author\":{\"@id\":\"https:\/\/www.noticiasradioreflejos.com.ar\/2021\/#\/schema\/person\/ad82545263dcc5ec0996818884fd5fb1\"},\"breadcrumb\":{\"@id\":\"https:\/\/www.noticiasradioreflejos.com.ar\/2021\/cristina-kirchner-y-axel-kicillof-se-reencontraron-en-la-plata-y-le-pusieron-panos-frios-a-la-interna-del-pj\/#breadcrumb\"},\"inLanguage\":\"es\",\"potentialAction\":[{\"@type\":\"ReadAction\",\"target\":[\"https:\/\/www.noticiasradioreflejos.com.ar\/2021\/cristina-kirchner-y-axel-kicillof-se-reencontraron-en-la-plata-y-le-pusieron-panos-frios-a-la-interna-del-pj\/\"]}]},{\"@type\":\"BreadcrumbList\",\"@id\":\"https:\/\/www.noticiasradioreflejos.com.ar\/2021\/cristina-kirchner-y-axel-kicillof-se-reencontraron-en-la-plata-y-le-pusieron-panos-frios-a-la-interna-del-pj\/#breadcrumb\",\"itemListElement\":[{\"@type\":\"ListItem\",\"position\":1,\"name\":\"Portada\",\"item\":\"https:\/\/www.noticiasradioreflejos.com.ar\/2021\/\"},{\"@type\":\"ListItem\",\"position\":2,\"name\":\"Cristina Kirchner y Axel Kicillof se reencontraron en La Plata y le pusieron pa\u00f1os fr\u00edos a la interna del PJ\"}]},{\"@type\":\"WebSite\",\"@id\":\"https:\/\/www.noticiasradioreflejos.com.ar\/2021\/#website\",\"url\":\"https:\/\/www.noticiasradioreflejos.com.ar\/2021\/\",\"name\":\"Noticias Radio Reflejos\",\"description\":\"Las noticias de mi comarca\",\"potentialAction\":[{\"@type\":\"SearchAction\",\"target\":{\"@type\":\"EntryPoint\",\"urlTemplate\":\"https:\/\/www.noticiasradioreflejos.com.ar\/2021\/?s={search_term_string}\"},\"query-input\":{\"@type\":\"PropertyValueSpecification\",\"valueRequired\":true,\"valueName\":\"search_term_string\"}}],\"inLanguage\":\"es\"},{\"@type\":\"Person\",\"@id\":\"https:\/\/www.noticiasradioreflejos.com.ar\/2021\/#\/schema\/person\/ad82545263dcc5ec0996818884fd5fb1\",\"name\":\"Arnaldo Botto\",\"image\":{\"@type\":\"ImageObject\",\"inLanguage\":\"es\",\"@id\":\"https:\/\/www.noticiasradioreflejos.com.ar\/2021\/#\/schema\/person\/image\/\",\"url\":\"https:\/\/secure.gravatar.com\/avatar\/55cb5e37c1efa326397366e6974cb338056df65cb50e7d64d1cf314e87504837?s=96&d=mm&r=g\",\"contentUrl\":\"https:\/\/secure.gravatar.com\/avatar\/55cb5e37c1efa326397366e6974cb338056df65cb50e7d64d1cf314e87504837?s=96&d=mm&r=g\",\"caption\":\"Arnaldo Botto\"},\"url\":\"https:\/\/www.noticiasradioreflejos.com.ar\/2021\/author\/arnaldo\/\"}]}<\/script>\n<!-- \/ Yoast SEO plugin. -->","yoast_head_json":{"title":"Cristina Kirchner y Axel Kicillof se reencontraron en La Plata y le pusieron pa\u00f1os fr\u00edos a la interna del PJ - Noticias Radio Reflejos","robots":{"index":"index","follow":"follow","max-snippet":"max-snippet:-1","max-image-preview":"max-image-preview:large","max-video-preview":"max-video-preview:-1"},"canonical":"https:\/\/www.noticiasradioreflejos.com.ar\/2021\/cristina-kirchner-y-axel-kicillof-se-reencontraron-en-la-plata-y-le-pusieron-panos-frios-a-la-interna-del-pj\/","og_locale":"es_ES","og_type":"article","og_title":"Cristina Kirchner y Axel Kicillof se reencontraron en La Plata y le pusieron pa\u00f1os fr\u00edos a la interna del PJ - Noticias Radio Reflejos","og_description":"La ex mandataria y el gobernador bonaerense se mostraron juntos para bajar la tensi\u00f3n en el aniversario 47 de la asociaci\u00f3n Abuelas de Plaza de Mayo.","og_url":"https:\/\/www.noticiasradioreflejos.com.ar\/2021\/cristina-kirchner-y-axel-kicillof-se-reencontraron-en-la-plata-y-le-pusieron-panos-frios-a-la-interna-del-pj\/","og_site_name":"Noticias Radio Reflejos","article_published_time":"2024-10-24T11:05:09+00:00","og_image":[{"width":300,"height":200,"url":"https:\/\/www.noticiasradioreflejos.com.ar\/2021\/wp-content\/uploads\/2021\/07\/logosol300x200.png","type":"image\/png"}],"author":"Arnaldo Botto","twitter_card":"summary_large_image","schema":{"@context":"https:\/\/schema.org","@graph":[{"@type":"WebPage","@id":"https:\/\/www.noticiasradioreflejos.com.ar\/2021\/cristina-kirchner-y-axel-kicillof-se-reencontraron-en-la-plata-y-le-pusieron-panos-frios-a-la-interna-del-pj\/","url":"https:\/\/www.noticiasradioreflejos.com.ar\/2021\/cristina-kirchner-y-axel-kicillof-se-reencontraron-en-la-plata-y-le-pusieron-panos-frios-a-la-interna-del-pj\/","name":"Cristina Kirchner y Axel Kicillof se reencontraron en La Plata y le pusieron pa\u00f1os fr\u00edos a la interna del PJ - Noticias Radio Reflejos","isPartOf":{"@id":"https:\/\/www.noticiasradioreflejos.com.ar\/2021\/#website"},"datePublished":"2024-10-24T11:05:09+00:00","author":{"@id":"https:\/\/www.noticiasradioreflejos.com.ar\/2021\/#\/schema\/person\/ad82545263dcc5ec0996818884fd5fb1"},"breadcrumb":{"@id":"https:\/\/www.noticiasradioreflejos.com.ar\/2021\/cristina-kirchner-y-axel-kicillof-se-reencontraron-en-la-plata-y-le-pusieron-panos-frios-a-la-interna-del-pj\/#breadcrumb"},"inLanguage":"es","potentialAction":[{"@type":"ReadAction","target":["https:\/\/www.noticiasradioreflejos.com.ar\/2021\/cristina-kirchner-y-axel-kicillof-se-reencontraron-en-la-plata-y-le-pusieron-panos-frios-a-la-interna-del-pj\/"]}]},{"@type":"BreadcrumbList","@id":"https:\/\/www.noticiasradioreflejos.com.ar\/2021\/cristina-kirchner-y-axel-kicillof-se-reencontraron-en-la-plata-y-le-pusieron-panos-frios-a-la-interna-del-pj\/#breadcrumb","itemListElement":[{"@type":"ListItem","position":1,"name":"Portada","item":"https:\/\/www.noticiasradioreflejos.com.ar\/2021\/"},{"@type":"ListItem","position":2,"name":"Cristina Kirchner y Axel Kicillof se reencontraron en La Plata y le pusieron pa\u00f1os fr\u00edos a la interna del PJ"}]},{"@type":"WebSite","@id":"https:\/\/www.noticiasradioreflejos.com.ar\/2021\/#website","url":"https:\/\/www.noticiasradioreflejos.com.ar\/2021\/","name":"Noticias Radio Reflejos","description":"Las noticias de mi comarca","potentialAction":[{"@type":"SearchAction","target":{"@type":"EntryPoint","urlTemplate":"https:\/\/www.noticiasradioreflejos.com.ar\/2021\/?s={search_term_string}"},"query-input":{"@type":"PropertyValueSpecification","valueRequired":true,"valueName":"search_term_string"}}],"inLanguage":"es"},{"@type":"Person","@id":"https:\/\/www.noticiasradioreflejos.com.ar\/2021\/#\/schema\/person\/ad82545263dcc5ec0996818884fd5fb1","name":"Arnaldo Botto","image":{"@type":"ImageObject","inLanguage":"es","@id":"https:\/\/www.noticiasradioreflejos.com.ar\/2021\/#\/schema\/person\/image\/","url":"https:\/\/secure.gravatar.com\/avatar\/55cb5e37c1efa326397366e6974cb338056df65cb50e7d64d1cf314e87504837?s=96&d=mm&r=g","contentUrl":"https:\/\/secure.gravatar.com\/avatar\/55cb5e37c1efa326397366e6974cb338056df65cb50e7d64d1cf314e87504837?s=96&d=mm&r=g","caption":"Arnaldo Botto"},"url":"https:\/\/www.noticiasradioreflejos.com.ar\/2021\/author\/arnaldo\/"}]}},"_links":{"self":[{"href":"https:\/\/www.noticiasradioreflejos.com.ar\/2021\/wp-json\/wp\/v2\/posts\/108749","targetHints":{"allow":["GET"]}}],"collection":[{"href":"https:\/\/www.noticiasradioreflejos.com.ar\/2021\/wp-json\/wp\/v2\/posts"}],"about":[{"href":"https:\/\/www.noticiasradioreflejos.com.ar\/2021\/wp-json\/wp\/v2\/types\/post"}],"author":[{"embeddable":true,"href":"https:\/\/www.noticiasradioreflejos.com.ar\/2021\/wp-json\/wp\/v2\/users\/3"}],"replies":[{"embeddable":true,"href":"https:\/\/www.noticiasradioreflejos.com.ar\/2021\/wp-json\/wp\/v2\/comments?post=108749"}],"version-history":[{"count":1,"href":"https:\/\/www.noticiasradioreflejos.com.ar\/2021\/wp-json\/wp\/v2\/posts\/108749\/revisions"}],"predecessor-version":[{"id":108750,"href":"https:\/\/www.noticiasradioreflejos.com.ar\/2021\/wp-json\/wp\/v2\/posts\/108749\/revisions\/108750"}],"wp:attachment":[{"href":"https:\/\/www.noticiasradioreflejos.com.ar\/2021\/wp-json\/wp\/v2\/media?parent=108749"}],"wp:term":[{"taxonomy":"category","embeddable":true,"href":"https:\/\/www.noticiasradioreflejos.com.ar\/2021\/wp-json\/wp\/v2\/categories?post=108749"},{"taxonomy":"post_tag","embeddable":true,"href":"https:\/\/www.noticiasradioreflejos.com.ar\/2021\/wp-json\/wp\/v2\/tags?post=108749"}],"curies":[{"name":"wp","href":"https:\/\/api.w.org\/{rel}","templated":true}]}}