{"id":108721,"date":"2024-10-22T17:15:55","date_gmt":"2024-10-22T20:15:55","guid":{"rendered":"https:\/\/www.noticiasradioreflejos.com.ar\/2021\/?p=108721"},"modified":"2024-10-22T17:15:55","modified_gmt":"2024-10-22T20:15:55","slug":"provincia-incorpora-tecnologia-de-punta-y-cambia-el-control-rutero-contra-la-evasion","status":"publish","type":"post","link":"https:\/\/www.noticiasradioreflejos.com.ar\/2021\/provincia-incorpora-tecnologia-de-punta-y-cambia-el-control-rutero-contra-la-evasion\/","title":{"rendered":"Provincia incorpora tecnolog\u00eda de punta y cambia el control rutero contra la evasi\u00f3n"},"content":{"rendered":"<header id=\"mvp-post-head\" class=\"left relative\">Seg\u00fan se inform\u00f3, con sensores y c\u00e1maras de alta resoluci\u00f3n en puntos estrat\u00e9gicos, podr\u00e1n verificarse en tiempo real las mercader\u00edas en tr\u00e1nsito.<\/p>\n<\/header>\n<p><!--more--><\/p>\n<div class=\"mvp-post-main-out left relative\">\n<div class=\"mvp-post-main-in\">\n<div id=\"mvp-post-content\" class=\"left relative\">\n<div id=\"mvp-post-feat-img\" class=\"left relative mvp-post-feat-img-wide2\">La Agencia de Recaudaci\u00f3n de la provincia de Buenos Aires (ARBA) anunci\u00f3 la instalaci\u00f3n de 30 balanzas din\u00e1micas en diferentes puntos del territorio bonaerense. Se trata, seg\u00fan comunic\u00f3 la agencia en su sitio web, de dispositivos tecnol\u00f3gicos capaces de pesar, a trav\u00e9s de sensores colocados en las rutas, a veh\u00edculos sin necesidad de detenerlos, con el objetivo de controlar mercader\u00eda en tr\u00e1nsito y combatir la evasi\u00f3n.<\/div>\n<div id=\"mvp-content-wrap\" class=\"left relative\">\n<div class=\"mvp-post-soc-out right relative\">\n<div class=\"mvp-post-soc-in\">\n<div id=\"mvp-content-body\" class=\"left relative\">\n<div id=\"mvp-content-body-top\" class=\"left relative\">\n<div id=\"mvp-content-main\" class=\"left relative\">\n<div id=\"textbody\">\n<p>El funcionamiento del sistema se basa en sensores instalados en la calzada que registran el peso del veh\u00edculo mientras \u00e9ste circula. Al mismo tiempo, las c\u00e1maras de alta resoluci\u00f3n capturan la patente del veh\u00edculo, y el sistema verifica en tiempo real si cuenta con el C\u00f3digo de Operaciones de Traslado (COT), un comprobante que se gestiona en la web del organismo y que respalda la mercader\u00eda transportada, y si el titular tiene fiscalizaciones pendientes, infracciones de tr\u00e1nsito u otros registros relevantes.<\/p>\n<div class=\"google-auto-placed ap_container\"><\/div>\n<p>Los controles podr\u00e1n ser realizados las 24 horas del d\u00eda y sin la necesidad del despliegue de un operativo presencial.<\/p>\n<h3 class=\"wp-block-heading\"><strong>Detalles del procedimiento<\/strong><\/h3>\n<p>El Control de Mercader\u00eda en Tr\u00e1nsito (CMT) es un procedimiento de fiscalizaci\u00f3n que ARBA realiza en rutas, accesos a puertos, complejos fabriles y centros de distribuci\u00f3n de mercader\u00edas.<\/p>\n<p>Su principal objetivo, seg\u00fan inform\u00f3 la agencia, es asegurar que el transporte de mercader\u00eda se realice de manera legal y con la documentaci\u00f3n necesaria que respalde su origen y destino.<\/p>\n<p>Tambi\u00e9n se controla el peso de los camiones para contribuir a mejorar la seguridad vial y proteger la infraestructura de las rutas.<\/p>\n<\/div>\n<\/div>\n<\/div>\n<\/div>\n<\/div>\n<\/div>\n<\/div>\n<\/div>\n<\/div>\n<\/div>\n<p>&nbsp;<\/p>\n<p><em><strong>Fuente La Br\u00fajula<\/strong><\/em><\/p>\n","protected":false},"excerpt":{"rendered":"<p>Seg\u00fan se inform\u00f3, con sensores y c\u00e1maras de alta resoluci\u00f3n en puntos estrat\u00e9gicos, podr\u00e1n verificarse en tiempo real las mercader\u00edas en tr\u00e1nsito.<\/p>\n","protected":false},"author":3,"featured_media":108722,"comment_status":"closed","ping_status":"closed","sticky":false,"template":"","format":"standard","meta":{"footnotes":""},"categories":[36,24],"tags":[],"class_list":["post-108721","post","type-post","status-publish","format-standard","has-post-thumbnail","hentry","category-economia","category-politica"],"yoast_head":"<!-- This site is optimized with the Yoast SEO plugin v25.9 - https:\/\/yoast.com\/wordpress\/plugins\/seo\/ -->\n<title>Provincia incorpora tecnolog\u00eda de punta y cambia el control rutero contra la evasi\u00f3n - Noticias Radio Reflejos<\/title>\n<meta name=\"robots\" content=\"index, follow, max-snippet:-1, max-image-preview:large, max-video-preview:-1\" \/>\n<link rel=\"canonical\" href=\"https:\/\/www.noticiasradioreflejos.com.ar\/2021\/provincia-incorpora-tecnologia-de-punta-y-cambia-el-control-rutero-contra-la-evasion\/\" \/>\n<meta property=\"og:locale\" content=\"es_ES\" \/>\n<meta property=\"og:type\" content=\"article\" \/>\n<meta property=\"og:title\" content=\"Provincia incorpora tecnolog\u00eda de punta y cambia el control rutero contra la evasi\u00f3n - Noticias Radio Reflejos\" \/>\n<meta property=\"og:description\" content=\"Seg\u00fan se inform\u00f3, con sensores y c\u00e1maras de alta resoluci\u00f3n en puntos estrat\u00e9gicos, podr\u00e1n verificarse en tiempo real las mercader\u00edas en tr\u00e1nsito.\" \/>\n<meta property=\"og:url\" content=\"https:\/\/www.noticiasradioreflejos.com.ar\/2021\/provincia-incorpora-tecnologia-de-punta-y-cambia-el-control-rutero-contra-la-evasion\/\" \/>\n<meta property=\"og:site_name\" content=\"Noticias Radio Reflejos\" \/>\n<meta property=\"article:published_time\" content=\"2024-10-22T20:15:55+00:00\" \/>\n<meta property=\"og:image\" content=\"https:\/\/www.noticiasradioreflejos.com.ar\/2021\/wp-content\/uploads\/2024\/10\/control-camiones.jpg\" \/>\n\t<meta property=\"og:image:width\" content=\"1200\" \/>\n\t<meta property=\"og:image:height\" content=\"756\" \/>\n\t<meta property=\"og:image:type\" content=\"image\/jpeg\" \/>\n<meta name=\"author\" content=\"Arnaldo Botto\" \/>\n<meta name=\"twitter:card\" content=\"summary_large_image\" \/>\n<script type=\"application\/ld+json\" class=\"yoast-schema-graph\">{\"@context\":\"https:\/\/schema.org\",\"@graph\":[{\"@type\":\"WebPage\",\"@id\":\"https:\/\/www.noticiasradioreflejos.com.ar\/2021\/provincia-incorpora-tecnologia-de-punta-y-cambia-el-control-rutero-contra-la-evasion\/\",\"url\":\"https:\/\/www.noticiasradioreflejos.com.ar\/2021\/provincia-incorpora-tecnologia-de-punta-y-cambia-el-control-rutero-contra-la-evasion\/\",\"name\":\"Provincia incorpora tecnolog\u00eda de punta y cambia el control rutero contra la evasi\u00f3n - Noticias Radio Reflejos\",\"isPartOf\":{\"@id\":\"https:\/\/www.noticiasradioreflejos.com.ar\/2021\/#website\"},\"primaryImageOfPage\":{\"@id\":\"https:\/\/www.noticiasradioreflejos.com.ar\/2021\/provincia-incorpora-tecnologia-de-punta-y-cambia-el-control-rutero-contra-la-evasion\/#primaryimage\"},\"image\":{\"@id\":\"https:\/\/www.noticiasradioreflejos.com.ar\/2021\/provincia-incorpora-tecnologia-de-punta-y-cambia-el-control-rutero-contra-la-evasion\/#primaryimage\"},\"thumbnailUrl\":\"https:\/\/www.noticiasradioreflejos.com.ar\/2021\/wp-content\/uploads\/2024\/10\/control-camiones.jpg\",\"datePublished\":\"2024-10-22T20:15:55+00:00\",\"author\":{\"@id\":\"https:\/\/www.noticiasradioreflejos.com.ar\/2021\/#\/schema\/person\/ad82545263dcc5ec0996818884fd5fb1\"},\"breadcrumb\":{\"@id\":\"https:\/\/www.noticiasradioreflejos.com.ar\/2021\/provincia-incorpora-tecnologia-de-punta-y-cambia-el-control-rutero-contra-la-evasion\/#breadcrumb\"},\"inLanguage\":\"es\",\"potentialAction\":[{\"@type\":\"ReadAction\",\"target\":[\"https:\/\/www.noticiasradioreflejos.com.ar\/2021\/provincia-incorpora-tecnologia-de-punta-y-cambia-el-control-rutero-contra-la-evasion\/\"]}]},{\"@type\":\"ImageObject\",\"inLanguage\":\"es\",\"@id\":\"https:\/\/www.noticiasradioreflejos.com.ar\/2021\/provincia-incorpora-tecnologia-de-punta-y-cambia-el-control-rutero-contra-la-evasion\/#primaryimage\",\"url\":\"https:\/\/www.noticiasradioreflejos.com.ar\/2021\/wp-content\/uploads\/2024\/10\/control-camiones.jpg\",\"contentUrl\":\"https:\/\/www.noticiasradioreflejos.com.ar\/2021\/wp-content\/uploads\/2024\/10\/control-camiones.jpg\",\"width\":1200,\"height\":756},{\"@type\":\"BreadcrumbList\",\"@id\":\"https:\/\/www.noticiasradioreflejos.com.ar\/2021\/provincia-incorpora-tecnologia-de-punta-y-cambia-el-control-rutero-contra-la-evasion\/#breadcrumb\",\"itemListElement\":[{\"@type\":\"ListItem\",\"position\":1,\"name\":\"Portada\",\"item\":\"https:\/\/www.noticiasradioreflejos.com.ar\/2021\/\"},{\"@type\":\"ListItem\",\"position\":2,\"name\":\"Provincia incorpora tecnolog\u00eda de punta y cambia el control rutero contra la evasi\u00f3n\"}]},{\"@type\":\"WebSite\",\"@id\":\"https:\/\/www.noticiasradioreflejos.com.ar\/2021\/#website\",\"url\":\"https:\/\/www.noticiasradioreflejos.com.ar\/2021\/\",\"name\":\"Noticias Radio Reflejos\",\"description\":\"Las noticias de mi comarca\",\"potentialAction\":[{\"@type\":\"SearchAction\",\"target\":{\"@type\":\"EntryPoint\",\"urlTemplate\":\"https:\/\/www.noticiasradioreflejos.com.ar\/2021\/?s={search_term_string}\"},\"query-input\":{\"@type\":\"PropertyValueSpecification\",\"valueRequired\":true,\"valueName\":\"search_term_string\"}}],\"inLanguage\":\"es\"},{\"@type\":\"Person\",\"@id\":\"https:\/\/www.noticiasradioreflejos.com.ar\/2021\/#\/schema\/person\/ad82545263dcc5ec0996818884fd5fb1\",\"name\":\"Arnaldo Botto\",\"image\":{\"@type\":\"ImageObject\",\"inLanguage\":\"es\",\"@id\":\"https:\/\/www.noticiasradioreflejos.com.ar\/2021\/#\/schema\/person\/image\/\",\"url\":\"https:\/\/secure.gravatar.com\/avatar\/55cb5e37c1efa326397366e6974cb338056df65cb50e7d64d1cf314e87504837?s=96&d=mm&r=g\",\"contentUrl\":\"https:\/\/secure.gravatar.com\/avatar\/55cb5e37c1efa326397366e6974cb338056df65cb50e7d64d1cf314e87504837?s=96&d=mm&r=g\",\"caption\":\"Arnaldo Botto\"},\"url\":\"https:\/\/www.noticiasradioreflejos.com.ar\/2021\/author\/arnaldo\/\"}]}<\/script>\n<!-- \/ Yoast SEO plugin. -->","yoast_head_json":{"title":"Provincia incorpora tecnolog\u00eda de punta y cambia el control rutero contra la evasi\u00f3n - Noticias Radio Reflejos","robots":{"index":"index","follow":"follow","max-snippet":"max-snippet:-1","max-image-preview":"max-image-preview:large","max-video-preview":"max-video-preview:-1"},"canonical":"https:\/\/www.noticiasradioreflejos.com.ar\/2021\/provincia-incorpora-tecnologia-de-punta-y-cambia-el-control-rutero-contra-la-evasion\/","og_locale":"es_ES","og_type":"article","og_title":"Provincia incorpora tecnolog\u00eda de punta y cambia el control rutero contra la evasi\u00f3n - Noticias Radio Reflejos","og_description":"Seg\u00fan se inform\u00f3, con sensores y c\u00e1maras de alta resoluci\u00f3n en puntos estrat\u00e9gicos, podr\u00e1n verificarse en tiempo real las mercader\u00edas en tr\u00e1nsito.","og_url":"https:\/\/www.noticiasradioreflejos.com.ar\/2021\/provincia-incorpora-tecnologia-de-punta-y-cambia-el-control-rutero-contra-la-evasion\/","og_site_name":"Noticias Radio Reflejos","article_published_time":"2024-10-22T20:15:55+00:00","og_image":[{"width":1200,"height":756,"url":"https:\/\/www.noticiasradioreflejos.com.ar\/2021\/wp-content\/uploads\/2024\/10\/control-camiones.jpg","type":"image\/jpeg"}],"author":"Arnaldo Botto","twitter_card":"summary_large_image","schema":{"@context":"https:\/\/schema.org","@graph":[{"@type":"WebPage","@id":"https:\/\/www.noticiasradioreflejos.com.ar\/2021\/provincia-incorpora-tecnologia-de-punta-y-cambia-el-control-rutero-contra-la-evasion\/","url":"https:\/\/www.noticiasradioreflejos.com.ar\/2021\/provincia-incorpora-tecnologia-de-punta-y-cambia-el-control-rutero-contra-la-evasion\/","name":"Provincia incorpora tecnolog\u00eda de punta y cambia el control rutero contra la evasi\u00f3n - Noticias Radio Reflejos","isPartOf":{"@id":"https:\/\/www.noticiasradioreflejos.com.ar\/2021\/#website"},"primaryImageOfPage":{"@id":"https:\/\/www.noticiasradioreflejos.com.ar\/2021\/provincia-incorpora-tecnologia-de-punta-y-cambia-el-control-rutero-contra-la-evasion\/#primaryimage"},"image":{"@id":"https:\/\/www.noticiasradioreflejos.com.ar\/2021\/provincia-incorpora-tecnologia-de-punta-y-cambia-el-control-rutero-contra-la-evasion\/#primaryimage"},"thumbnailUrl":"https:\/\/www.noticiasradioreflejos.com.ar\/2021\/wp-content\/uploads\/2024\/10\/control-camiones.jpg","datePublished":"2024-10-22T20:15:55+00:00","author":{"@id":"https:\/\/www.noticiasradioreflejos.com.ar\/2021\/#\/schema\/person\/ad82545263dcc5ec0996818884fd5fb1"},"breadcrumb":{"@id":"https:\/\/www.noticiasradioreflejos.com.ar\/2021\/provincia-incorpora-tecnologia-de-punta-y-cambia-el-control-rutero-contra-la-evasion\/#breadcrumb"},"inLanguage":"es","potentialAction":[{"@type":"ReadAction","target":["https:\/\/www.noticiasradioreflejos.com.ar\/2021\/provincia-incorpora-tecnologia-de-punta-y-cambia-el-control-rutero-contra-la-evasion\/"]}]},{"@type":"ImageObject","inLanguage":"es","@id":"https:\/\/www.noticiasradioreflejos.com.ar\/2021\/provincia-incorpora-tecnologia-de-punta-y-cambia-el-control-rutero-contra-la-evasion\/#primaryimage","url":"https:\/\/www.noticiasradioreflejos.com.ar\/2021\/wp-content\/uploads\/2024\/10\/control-camiones.jpg","contentUrl":"https:\/\/www.noticiasradioreflejos.com.ar\/2021\/wp-content\/uploads\/2024\/10\/control-camiones.jpg","width":1200,"height":756},{"@type":"BreadcrumbList","@id":"https:\/\/www.noticiasradioreflejos.com.ar\/2021\/provincia-incorpora-tecnologia-de-punta-y-cambia-el-control-rutero-contra-la-evasion\/#breadcrumb","itemListElement":[{"@type":"ListItem","position":1,"name":"Portada","item":"https:\/\/www.noticiasradioreflejos.com.ar\/2021\/"},{"@type":"ListItem","position":2,"name":"Provincia incorpora tecnolog\u00eda de punta y cambia el control rutero contra la evasi\u00f3n"}]},{"@type":"WebSite","@id":"https:\/\/www.noticiasradioreflejos.com.ar\/2021\/#website","url":"https:\/\/www.noticiasradioreflejos.com.ar\/2021\/","name":"Noticias Radio Reflejos","description":"Las noticias de mi comarca","potentialAction":[{"@type":"SearchAction","target":{"@type":"EntryPoint","urlTemplate":"https:\/\/www.noticiasradioreflejos.com.ar\/2021\/?s={search_term_string}"},"query-input":{"@type":"PropertyValueSpecification","valueRequired":true,"valueName":"search_term_string"}}],"inLanguage":"es"},{"@type":"Person","@id":"https:\/\/www.noticiasradioreflejos.com.ar\/2021\/#\/schema\/person\/ad82545263dcc5ec0996818884fd5fb1","name":"Arnaldo Botto","image":{"@type":"ImageObject","inLanguage":"es","@id":"https:\/\/www.noticiasradioreflejos.com.ar\/2021\/#\/schema\/person\/image\/","url":"https:\/\/secure.gravatar.com\/avatar\/55cb5e37c1efa326397366e6974cb338056df65cb50e7d64d1cf314e87504837?s=96&d=mm&r=g","contentUrl":"https:\/\/secure.gravatar.com\/avatar\/55cb5e37c1efa326397366e6974cb338056df65cb50e7d64d1cf314e87504837?s=96&d=mm&r=g","caption":"Arnaldo Botto"},"url":"https:\/\/www.noticiasradioreflejos.com.ar\/2021\/author\/arnaldo\/"}]}},"_links":{"self":[{"href":"https:\/\/www.noticiasradioreflejos.com.ar\/2021\/wp-json\/wp\/v2\/posts\/108721","targetHints":{"allow":["GET"]}}],"collection":[{"href":"https:\/\/www.noticiasradioreflejos.com.ar\/2021\/wp-json\/wp\/v2\/posts"}],"about":[{"href":"https:\/\/www.noticiasradioreflejos.com.ar\/2021\/wp-json\/wp\/v2\/types\/post"}],"author":[{"embeddable":true,"href":"https:\/\/www.noticiasradioreflejos.com.ar\/2021\/wp-json\/wp\/v2\/users\/3"}],"replies":[{"embeddable":true,"href":"https:\/\/www.noticiasradioreflejos.com.ar\/2021\/wp-json\/wp\/v2\/comments?post=108721"}],"version-history":[{"count":1,"href":"https:\/\/www.noticiasradioreflejos.com.ar\/2021\/wp-json\/wp\/v2\/posts\/108721\/revisions"}],"predecessor-version":[{"id":108723,"href":"https:\/\/www.noticiasradioreflejos.com.ar\/2021\/wp-json\/wp\/v2\/posts\/108721\/revisions\/108723"}],"wp:featuredmedia":[{"embeddable":true,"href":"https:\/\/www.noticiasradioreflejos.com.ar\/2021\/wp-json\/wp\/v2\/media\/108722"}],"wp:attachment":[{"href":"https:\/\/www.noticiasradioreflejos.com.ar\/2021\/wp-json\/wp\/v2\/media?parent=108721"}],"wp:term":[{"taxonomy":"category","embeddable":true,"href":"https:\/\/www.noticiasradioreflejos.com.ar\/2021\/wp-json\/wp\/v2\/categories?post=108721"},{"taxonomy":"post_tag","embeddable":true,"href":"https:\/\/www.noticiasradioreflejos.com.ar\/2021\/wp-json\/wp\/v2\/tags?post=108721"}],"curies":[{"name":"wp","href":"https:\/\/api.w.org\/{rel}","templated":true}]}}