{"id":108718,"date":"2024-10-22T17:12:31","date_gmt":"2024-10-22T20:12:31","guid":{"rendered":"https:\/\/www.noticiasradioreflejos.com.ar\/2021\/?p=108718"},"modified":"2024-10-22T17:12:31","modified_gmt":"2024-10-22T20:12:31","slug":"en-mendoza-liberaron-a-10-mil-mosquitos-rojos-para-combatir-el-dengue","status":"publish","type":"post","link":"https:\/\/www.noticiasradioreflejos.com.ar\/2021\/en-mendoza-liberaron-a-10-mil-mosquitos-rojos-para-combatir-el-dengue\/","title":{"rendered":"En Mendoza liberaron a 10 mil \u201cmosquitos rojos\u201d para combatir el dengue"},"content":{"rendered":"<p>La medida fue realizada por el Instituto de Sanidad y Calidad Agropecuaria de la provincia.<br \/>\n<!--more--><br \/>\nEl Instituto de Sanidad y Calidad Agropecuaria de Mendoza liber\u00f3 m\u00e1s de 10 mil \u201cmosquitos rojos\u201d para combatir el dengue ante la llegada del calor y del clima ideal para la reproducci\u00f3n del mosquito Aedes Aegypti.<\/p>\n<p>Esta medida fue realizada como prueba en el barrio Bermejo de la localidad Guaymall\u00e9n y el experimento ser\u00e1 evaluado por el Ministerio de Salud con la idea de constatar si es efectiva o no la campa\u00f1a, la cual tambi\u00e9n se llev\u00f3 a cabo en Estados Unidos y M\u00e9xico.<\/p>\n<p>En esta ocasi\u00f3n los expertos se\u00f1alan que los mosquitos liberados son los \u201cAedes Aegypti esterilizados y pigmentados de rojo\u201d para diferenciarlos.<\/p>\n<p>Lo que se busca en esta prueba es que los mosquitos, los cuales fueron irradiados con rayos gamma para quedar est\u00e9riles, son liberados en zonas rurales para que se apareen con las hembras y al ser en cantidad, provoca que haya una reducci\u00f3n de la fertilidad.<\/p>\n<p>Adem\u00e1s, se explica que dichos mosquitos no pican a los humanos y que esa tonalidad permite diferenciarlos para que los vecinos no los maten.<\/p>\n<p>La idea del Gobierno provincial es que si la campa\u00f1a funciona, se expanda el territorio donde los mosquitos sean liberados.<\/p>\n<p>A su vez, continuar\u00e1n las medidas ya instaladas a nivel nacional sobre eliminar los criaderos, tapar, lavar, tirar o girar todos los objetos que puedan acumular agua.<\/p>\n<p>Tambi\u00e9n piden utilizar repelentes, ropa clara y que cubra las extremidades, proteger con mosquiteros y usar en los ambientes espirales.<\/p>\n","protected":false},"excerpt":{"rendered":"<p>La medida fue realizada por el Instituto de Sanidad y Calidad Agropecuaria de la provincia.<\/p>\n","protected":false},"author":3,"featured_media":108719,"comment_status":"closed","ping_status":"closed","sticky":false,"template":"","format":"standard","meta":{"footnotes":""},"categories":[1],"tags":[],"class_list":["post-108718","post","type-post","status-publish","format-standard","has-post-thumbnail","hentry","category-sin-categoria"],"yoast_head":"<!-- This site is optimized with the Yoast SEO plugin v25.9 - https:\/\/yoast.com\/wordpress\/plugins\/seo\/ -->\n<title>En Mendoza liberaron a 10 mil \u201cmosquitos rojos\u201d para combatir el dengue - Noticias Radio Reflejos<\/title>\n<meta name=\"robots\" content=\"index, follow, max-snippet:-1, max-image-preview:large, max-video-preview:-1\" \/>\n<link rel=\"canonical\" href=\"https:\/\/www.noticiasradioreflejos.com.ar\/2021\/en-mendoza-liberaron-a-10-mil-mosquitos-rojos-para-combatir-el-dengue\/\" \/>\n<meta property=\"og:locale\" content=\"es_ES\" \/>\n<meta property=\"og:type\" content=\"article\" \/>\n<meta property=\"og:title\" content=\"En Mendoza liberaron a 10 mil \u201cmosquitos rojos\u201d para combatir el dengue - Noticias Radio Reflejos\" \/>\n<meta property=\"og:description\" content=\"La medida fue realizada por el Instituto de Sanidad y Calidad Agropecuaria de la provincia.\" \/>\n<meta property=\"og:url\" content=\"https:\/\/www.noticiasradioreflejos.com.ar\/2021\/en-mendoza-liberaron-a-10-mil-mosquitos-rojos-para-combatir-el-dengue\/\" \/>\n<meta property=\"og:site_name\" content=\"Noticias Radio Reflejos\" \/>\n<meta property=\"article:published_time\" content=\"2024-10-22T20:12:31+00:00\" \/>\n<meta property=\"og:image\" content=\"https:\/\/www.noticiasradioreflejos.com.ar\/2021\/wp-content\/uploads\/2024\/10\/Mosquito-rojo.jpg\" \/>\n\t<meta property=\"og:image:width\" content=\"955\" \/>\n\t<meta property=\"og:image:height\" content=\"720\" \/>\n\t<meta property=\"og:image:type\" content=\"image\/jpeg\" \/>\n<meta name=\"author\" content=\"Arnaldo Botto\" \/>\n<meta name=\"twitter:card\" content=\"summary_large_image\" \/>\n<script type=\"application\/ld+json\" class=\"yoast-schema-graph\">{\"@context\":\"https:\/\/schema.org\",\"@graph\":[{\"@type\":\"WebPage\",\"@id\":\"https:\/\/www.noticiasradioreflejos.com.ar\/2021\/en-mendoza-liberaron-a-10-mil-mosquitos-rojos-para-combatir-el-dengue\/\",\"url\":\"https:\/\/www.noticiasradioreflejos.com.ar\/2021\/en-mendoza-liberaron-a-10-mil-mosquitos-rojos-para-combatir-el-dengue\/\",\"name\":\"En Mendoza liberaron a 10 mil \u201cmosquitos rojos\u201d para combatir el dengue - Noticias Radio Reflejos\",\"isPartOf\":{\"@id\":\"https:\/\/www.noticiasradioreflejos.com.ar\/2021\/#website\"},\"primaryImageOfPage\":{\"@id\":\"https:\/\/www.noticiasradioreflejos.com.ar\/2021\/en-mendoza-liberaron-a-10-mil-mosquitos-rojos-para-combatir-el-dengue\/#primaryimage\"},\"image\":{\"@id\":\"https:\/\/www.noticiasradioreflejos.com.ar\/2021\/en-mendoza-liberaron-a-10-mil-mosquitos-rojos-para-combatir-el-dengue\/#primaryimage\"},\"thumbnailUrl\":\"https:\/\/www.noticiasradioreflejos.com.ar\/2021\/wp-content\/uploads\/2024\/10\/Mosquito-rojo.jpg\",\"datePublished\":\"2024-10-22T20:12:31+00:00\",\"author\":{\"@id\":\"https:\/\/www.noticiasradioreflejos.com.ar\/2021\/#\/schema\/person\/ad82545263dcc5ec0996818884fd5fb1\"},\"breadcrumb\":{\"@id\":\"https:\/\/www.noticiasradioreflejos.com.ar\/2021\/en-mendoza-liberaron-a-10-mil-mosquitos-rojos-para-combatir-el-dengue\/#breadcrumb\"},\"inLanguage\":\"es\",\"potentialAction\":[{\"@type\":\"ReadAction\",\"target\":[\"https:\/\/www.noticiasradioreflejos.com.ar\/2021\/en-mendoza-liberaron-a-10-mil-mosquitos-rojos-para-combatir-el-dengue\/\"]}]},{\"@type\":\"ImageObject\",\"inLanguage\":\"es\",\"@id\":\"https:\/\/www.noticiasradioreflejos.com.ar\/2021\/en-mendoza-liberaron-a-10-mil-mosquitos-rojos-para-combatir-el-dengue\/#primaryimage\",\"url\":\"https:\/\/www.noticiasradioreflejos.com.ar\/2021\/wp-content\/uploads\/2024\/10\/Mosquito-rojo.jpg\",\"contentUrl\":\"https:\/\/www.noticiasradioreflejos.com.ar\/2021\/wp-content\/uploads\/2024\/10\/Mosquito-rojo.jpg\",\"width\":955,\"height\":720},{\"@type\":\"BreadcrumbList\",\"@id\":\"https:\/\/www.noticiasradioreflejos.com.ar\/2021\/en-mendoza-liberaron-a-10-mil-mosquitos-rojos-para-combatir-el-dengue\/#breadcrumb\",\"itemListElement\":[{\"@type\":\"ListItem\",\"position\":1,\"name\":\"Portada\",\"item\":\"https:\/\/www.noticiasradioreflejos.com.ar\/2021\/\"},{\"@type\":\"ListItem\",\"position\":2,\"name\":\"En Mendoza liberaron a 10 mil \u201cmosquitos rojos\u201d para combatir el dengue\"}]},{\"@type\":\"WebSite\",\"@id\":\"https:\/\/www.noticiasradioreflejos.com.ar\/2021\/#website\",\"url\":\"https:\/\/www.noticiasradioreflejos.com.ar\/2021\/\",\"name\":\"Noticias Radio Reflejos\",\"description\":\"Las noticias de mi comarca\",\"potentialAction\":[{\"@type\":\"SearchAction\",\"target\":{\"@type\":\"EntryPoint\",\"urlTemplate\":\"https:\/\/www.noticiasradioreflejos.com.ar\/2021\/?s={search_term_string}\"},\"query-input\":{\"@type\":\"PropertyValueSpecification\",\"valueRequired\":true,\"valueName\":\"search_term_string\"}}],\"inLanguage\":\"es\"},{\"@type\":\"Person\",\"@id\":\"https:\/\/www.noticiasradioreflejos.com.ar\/2021\/#\/schema\/person\/ad82545263dcc5ec0996818884fd5fb1\",\"name\":\"Arnaldo Botto\",\"image\":{\"@type\":\"ImageObject\",\"inLanguage\":\"es\",\"@id\":\"https:\/\/www.noticiasradioreflejos.com.ar\/2021\/#\/schema\/person\/image\/\",\"url\":\"https:\/\/secure.gravatar.com\/avatar\/55cb5e37c1efa326397366e6974cb338056df65cb50e7d64d1cf314e87504837?s=96&d=mm&r=g\",\"contentUrl\":\"https:\/\/secure.gravatar.com\/avatar\/55cb5e37c1efa326397366e6974cb338056df65cb50e7d64d1cf314e87504837?s=96&d=mm&r=g\",\"caption\":\"Arnaldo Botto\"},\"url\":\"https:\/\/www.noticiasradioreflejos.com.ar\/2021\/author\/arnaldo\/\"}]}<\/script>\n<!-- \/ Yoast SEO plugin. -->","yoast_head_json":{"title":"En Mendoza liberaron a 10 mil \u201cmosquitos rojos\u201d para combatir el dengue - Noticias Radio Reflejos","robots":{"index":"index","follow":"follow","max-snippet":"max-snippet:-1","max-image-preview":"max-image-preview:large","max-video-preview":"max-video-preview:-1"},"canonical":"https:\/\/www.noticiasradioreflejos.com.ar\/2021\/en-mendoza-liberaron-a-10-mil-mosquitos-rojos-para-combatir-el-dengue\/","og_locale":"es_ES","og_type":"article","og_title":"En Mendoza liberaron a 10 mil \u201cmosquitos rojos\u201d para combatir el dengue - Noticias Radio Reflejos","og_description":"La medida fue realizada por el Instituto de Sanidad y Calidad Agropecuaria de la provincia.","og_url":"https:\/\/www.noticiasradioreflejos.com.ar\/2021\/en-mendoza-liberaron-a-10-mil-mosquitos-rojos-para-combatir-el-dengue\/","og_site_name":"Noticias Radio Reflejos","article_published_time":"2024-10-22T20:12:31+00:00","og_image":[{"width":955,"height":720,"url":"https:\/\/www.noticiasradioreflejos.com.ar\/2021\/wp-content\/uploads\/2024\/10\/Mosquito-rojo.jpg","type":"image\/jpeg"}],"author":"Arnaldo Botto","twitter_card":"summary_large_image","schema":{"@context":"https:\/\/schema.org","@graph":[{"@type":"WebPage","@id":"https:\/\/www.noticiasradioreflejos.com.ar\/2021\/en-mendoza-liberaron-a-10-mil-mosquitos-rojos-para-combatir-el-dengue\/","url":"https:\/\/www.noticiasradioreflejos.com.ar\/2021\/en-mendoza-liberaron-a-10-mil-mosquitos-rojos-para-combatir-el-dengue\/","name":"En Mendoza liberaron a 10 mil \u201cmosquitos rojos\u201d para combatir el dengue - Noticias Radio Reflejos","isPartOf":{"@id":"https:\/\/www.noticiasradioreflejos.com.ar\/2021\/#website"},"primaryImageOfPage":{"@id":"https:\/\/www.noticiasradioreflejos.com.ar\/2021\/en-mendoza-liberaron-a-10-mil-mosquitos-rojos-para-combatir-el-dengue\/#primaryimage"},"image":{"@id":"https:\/\/www.noticiasradioreflejos.com.ar\/2021\/en-mendoza-liberaron-a-10-mil-mosquitos-rojos-para-combatir-el-dengue\/#primaryimage"},"thumbnailUrl":"https:\/\/www.noticiasradioreflejos.com.ar\/2021\/wp-content\/uploads\/2024\/10\/Mosquito-rojo.jpg","datePublished":"2024-10-22T20:12:31+00:00","author":{"@id":"https:\/\/www.noticiasradioreflejos.com.ar\/2021\/#\/schema\/person\/ad82545263dcc5ec0996818884fd5fb1"},"breadcrumb":{"@id":"https:\/\/www.noticiasradioreflejos.com.ar\/2021\/en-mendoza-liberaron-a-10-mil-mosquitos-rojos-para-combatir-el-dengue\/#breadcrumb"},"inLanguage":"es","potentialAction":[{"@type":"ReadAction","target":["https:\/\/www.noticiasradioreflejos.com.ar\/2021\/en-mendoza-liberaron-a-10-mil-mosquitos-rojos-para-combatir-el-dengue\/"]}]},{"@type":"ImageObject","inLanguage":"es","@id":"https:\/\/www.noticiasradioreflejos.com.ar\/2021\/en-mendoza-liberaron-a-10-mil-mosquitos-rojos-para-combatir-el-dengue\/#primaryimage","url":"https:\/\/www.noticiasradioreflejos.com.ar\/2021\/wp-content\/uploads\/2024\/10\/Mosquito-rojo.jpg","contentUrl":"https:\/\/www.noticiasradioreflejos.com.ar\/2021\/wp-content\/uploads\/2024\/10\/Mosquito-rojo.jpg","width":955,"height":720},{"@type":"BreadcrumbList","@id":"https:\/\/www.noticiasradioreflejos.com.ar\/2021\/en-mendoza-liberaron-a-10-mil-mosquitos-rojos-para-combatir-el-dengue\/#breadcrumb","itemListElement":[{"@type":"ListItem","position":1,"name":"Portada","item":"https:\/\/www.noticiasradioreflejos.com.ar\/2021\/"},{"@type":"ListItem","position":2,"name":"En Mendoza liberaron a 10 mil \u201cmosquitos rojos\u201d para combatir el dengue"}]},{"@type":"WebSite","@id":"https:\/\/www.noticiasradioreflejos.com.ar\/2021\/#website","url":"https:\/\/www.noticiasradioreflejos.com.ar\/2021\/","name":"Noticias Radio Reflejos","description":"Las noticias de mi comarca","potentialAction":[{"@type":"SearchAction","target":{"@type":"EntryPoint","urlTemplate":"https:\/\/www.noticiasradioreflejos.com.ar\/2021\/?s={search_term_string}"},"query-input":{"@type":"PropertyValueSpecification","valueRequired":true,"valueName":"search_term_string"}}],"inLanguage":"es"},{"@type":"Person","@id":"https:\/\/www.noticiasradioreflejos.com.ar\/2021\/#\/schema\/person\/ad82545263dcc5ec0996818884fd5fb1","name":"Arnaldo Botto","image":{"@type":"ImageObject","inLanguage":"es","@id":"https:\/\/www.noticiasradioreflejos.com.ar\/2021\/#\/schema\/person\/image\/","url":"https:\/\/secure.gravatar.com\/avatar\/55cb5e37c1efa326397366e6974cb338056df65cb50e7d64d1cf314e87504837?s=96&d=mm&r=g","contentUrl":"https:\/\/secure.gravatar.com\/avatar\/55cb5e37c1efa326397366e6974cb338056df65cb50e7d64d1cf314e87504837?s=96&d=mm&r=g","caption":"Arnaldo Botto"},"url":"https:\/\/www.noticiasradioreflejos.com.ar\/2021\/author\/arnaldo\/"}]}},"_links":{"self":[{"href":"https:\/\/www.noticiasradioreflejos.com.ar\/2021\/wp-json\/wp\/v2\/posts\/108718","targetHints":{"allow":["GET"]}}],"collection":[{"href":"https:\/\/www.noticiasradioreflejos.com.ar\/2021\/wp-json\/wp\/v2\/posts"}],"about":[{"href":"https:\/\/www.noticiasradioreflejos.com.ar\/2021\/wp-json\/wp\/v2\/types\/post"}],"author":[{"embeddable":true,"href":"https:\/\/www.noticiasradioreflejos.com.ar\/2021\/wp-json\/wp\/v2\/users\/3"}],"replies":[{"embeddable":true,"href":"https:\/\/www.noticiasradioreflejos.com.ar\/2021\/wp-json\/wp\/v2\/comments?post=108718"}],"version-history":[{"count":1,"href":"https:\/\/www.noticiasradioreflejos.com.ar\/2021\/wp-json\/wp\/v2\/posts\/108718\/revisions"}],"predecessor-version":[{"id":108720,"href":"https:\/\/www.noticiasradioreflejos.com.ar\/2021\/wp-json\/wp\/v2\/posts\/108718\/revisions\/108720"}],"wp:featuredmedia":[{"embeddable":true,"href":"https:\/\/www.noticiasradioreflejos.com.ar\/2021\/wp-json\/wp\/v2\/media\/108719"}],"wp:attachment":[{"href":"https:\/\/www.noticiasradioreflejos.com.ar\/2021\/wp-json\/wp\/v2\/media?parent=108718"}],"wp:term":[{"taxonomy":"category","embeddable":true,"href":"https:\/\/www.noticiasradioreflejos.com.ar\/2021\/wp-json\/wp\/v2\/categories?post=108718"},{"taxonomy":"post_tag","embeddable":true,"href":"https:\/\/www.noticiasradioreflejos.com.ar\/2021\/wp-json\/wp\/v2\/tags?post=108718"}],"curies":[{"name":"wp","href":"https:\/\/api.w.org\/{rel}","templated":true}]}}