{"id":10868,"date":"2017-06-05T14:53:06","date_gmt":"2017-06-05T17:53:06","guid":{"rendered":"http:\/\/noticiasradioreflejos.com.ar\/noticias\/?p=10868"},"modified":"2017-06-05T14:53:06","modified_gmt":"2017-06-05T17:53:06","slug":"resultados-y-cronograma-de-competencias-de-los-juegos-bonaerenses-2017","status":"publish","type":"post","link":"https:\/\/www.noticiasradioreflejos.com.ar\/2021\/resultados-y-cronograma-de-competencias-de-los-juegos-bonaerenses-2017\/","title":{"rendered":"Resultados y cronograma de competencias de los Juegos bonaerenses 2017"},"content":{"rendered":"<p>En el marco de los Juegos bonaerenses 2017 se desarroll\u00f3 la instancia distrital de las disciplinas tenis de mesa y Futsal en la categor\u00eda Juveniles.<br \/>\nA continuaci\u00f3n se detallan los resultados de las competencias:<!--more--><br \/>\n<strong><u>TENIS DE MESA<\/u><\/strong><br \/>\nCategor\u00eda: sub-14 masculino<\/p>\n<ol>\n<li>SWARC Uriel \u2013 VILLA VENTANA<\/li>\n<\/ol>\n<p>Categoria: sub-16 masculino<\/p>\n<ol>\n<li>DEGORGUE Tomas \u2013 VILLA VENTANA<\/li>\n<li>MARCONI Nicol\u00e1s &#8211; TORNQUIST<\/li>\n<\/ol>\n<p>Categoria: sub-18 masculino<\/p>\n<ol>\n<li>PINO Le\u00f3n \u2013 VILLA VENTANA<\/li>\n<li>SCHMIT Franco &#8211; TORNQUIST<\/li>\n<\/ol>\n<p>FUTSAL<br \/>\nCategor\u00eda: sub-16 masculino\u00a0\u2013 escolar abierta<br \/>\nGANADORES:\u00a0\u00a0\u00a0INSTITUTO FORTIN PAVON \u2013 SALDUNGARAY<br \/>\nGONZALEZ Tomas, GONZALEZ SCARFI Bruno, MICHELETTO Valentino, PARODI Lucas, FELIPETTI Tob\u00edas, FERRARINI Luciano, MARTINEZ Juan Cruz, MASTRANGELO Joaqu\u00edn, MARTINEZ MEIER Germ\u00e1n, PERRONE Giuliano, CASTILLO Agust\u00edn, SANCHEZ Emanuel<br \/>\nCategor\u00eda: sub-18 masculino\u00a0&#8211; Escolar abierta<br \/>\nALBERDI, Juan Bautista, ALBERDI Juan Benjam\u00edn, ESQUIVEL Jano, GARAY Mat\u00edas, LOPEZ Juan Cruz, PEREZ Alejandro, GOMEZ MARRERO, Fausto, SANTINI Jer\u00f3nimo, OSTERTAG, Bruno, NERVI Valent\u00edn, CARRILLO Sebasti\u00e1n, MOREIRA Mat\u00edas.<br \/>\n<strong>Deportes agradece a la Sociedad Italiana y al Club Uni\u00f3n<\/strong> por ceder sus instalaciones para desarrollar las competencias.<br \/>\nPor otro lado, desde el \u00e1rea recuerdan que contin\u00faa desarroll\u00e1ndose la etapa distrital. Se detalla el cronograma de competencias que se llevar\u00e1 a cabo durante el transcurso de esta semana:<br \/>\n<strong><u>JUVENILES<\/u><\/strong><\/p>\n<ul>\n<li><strong>LUNES 5: BEACH VOLEY<\/strong> &#8211; Gimnasio Municipal &#8211; 10:00 hs.<\/li>\n<li><strong>MARTES 6:\u00a0ATLETISMO ESPECIAL<\/strong> &#8211; Pista de Atletismo Municipal \u2013 09.00 hs.<\/li>\n<li><strong>MIERCOLES 7:\u00a0ATLETISMO CONVENCIONAL<\/strong> &#8211; Pista de Atletismo Municipal \u2013 09.00 hs.<\/li>\n<\/ul>\n<p>&nbsp;<\/p>\n","protected":false},"excerpt":{"rendered":"<p>En el marco de los Juegos bonaerenses 2017 se desarroll\u00f3 la instancia distrital de las disciplinas tenis de mesa y Futsal en la categor\u00eda Juveniles. A continuaci\u00f3n se detallan los resultados de las competencias:<\/p>\n","protected":false},"author":3,"featured_media":0,"comment_status":"closed","ping_status":"open","sticky":false,"template":"","format":"standard","meta":{"footnotes":""},"categories":[27],"tags":[],"class_list":["post-10868","post","type-post","status-publish","format-standard","hentry","category-deportes"],"yoast_head":"<!-- This site is optimized with the Yoast SEO plugin v25.9 - https:\/\/yoast.com\/wordpress\/plugins\/seo\/ -->\n<title>Resultados y cronograma de competencias de los Juegos bonaerenses 2017 - Noticias Radio Reflejos<\/title>\n<meta name=\"robots\" content=\"index, follow, max-snippet:-1, max-image-preview:large, max-video-preview:-1\" \/>\n<link rel=\"canonical\" href=\"https:\/\/www.noticiasradioreflejos.com.ar\/2021\/resultados-y-cronograma-de-competencias-de-los-juegos-bonaerenses-2017\/\" \/>\n<meta property=\"og:locale\" content=\"es_ES\" \/>\n<meta property=\"og:type\" content=\"article\" \/>\n<meta property=\"og:title\" content=\"Resultados y cronograma de competencias de los Juegos bonaerenses 2017 - Noticias Radio Reflejos\" \/>\n<meta property=\"og:description\" content=\"En el marco de los Juegos bonaerenses 2017 se desarroll\u00f3 la instancia distrital de las disciplinas tenis de mesa y Futsal en la categor\u00eda Juveniles. A continuaci\u00f3n se detallan los resultados de las competencias:\" \/>\n<meta property=\"og:url\" content=\"https:\/\/www.noticiasradioreflejos.com.ar\/2021\/resultados-y-cronograma-de-competencias-de-los-juegos-bonaerenses-2017\/\" \/>\n<meta property=\"og:site_name\" content=\"Noticias Radio Reflejos\" \/>\n<meta property=\"article:published_time\" content=\"2017-06-05T17:53:06+00:00\" \/>\n<meta property=\"og:image\" content=\"https:\/\/www.noticiasradioreflejos.com.ar\/2021\/wp-content\/uploads\/2021\/07\/logosol300x200.png\" \/>\n\t<meta property=\"og:image:width\" content=\"300\" \/>\n\t<meta property=\"og:image:height\" content=\"200\" \/>\n\t<meta property=\"og:image:type\" content=\"image\/png\" \/>\n<meta name=\"author\" content=\"Arnaldo Botto\" \/>\n<meta name=\"twitter:card\" content=\"summary_large_image\" \/>\n<script type=\"application\/ld+json\" class=\"yoast-schema-graph\">{\"@context\":\"https:\/\/schema.org\",\"@graph\":[{\"@type\":\"WebPage\",\"@id\":\"https:\/\/www.noticiasradioreflejos.com.ar\/2021\/resultados-y-cronograma-de-competencias-de-los-juegos-bonaerenses-2017\/\",\"url\":\"https:\/\/www.noticiasradioreflejos.com.ar\/2021\/resultados-y-cronograma-de-competencias-de-los-juegos-bonaerenses-2017\/\",\"name\":\"Resultados y cronograma de competencias de los Juegos bonaerenses 2017 - Noticias Radio Reflejos\",\"isPartOf\":{\"@id\":\"https:\/\/www.noticiasradioreflejos.com.ar\/2021\/#website\"},\"datePublished\":\"2017-06-05T17:53:06+00:00\",\"author\":{\"@id\":\"https:\/\/www.noticiasradioreflejos.com.ar\/2021\/#\/schema\/person\/ad82545263dcc5ec0996818884fd5fb1\"},\"breadcrumb\":{\"@id\":\"https:\/\/www.noticiasradioreflejos.com.ar\/2021\/resultados-y-cronograma-de-competencias-de-los-juegos-bonaerenses-2017\/#breadcrumb\"},\"inLanguage\":\"es\",\"potentialAction\":[{\"@type\":\"ReadAction\",\"target\":[\"https:\/\/www.noticiasradioreflejos.com.ar\/2021\/resultados-y-cronograma-de-competencias-de-los-juegos-bonaerenses-2017\/\"]}]},{\"@type\":\"BreadcrumbList\",\"@id\":\"https:\/\/www.noticiasradioreflejos.com.ar\/2021\/resultados-y-cronograma-de-competencias-de-los-juegos-bonaerenses-2017\/#breadcrumb\",\"itemListElement\":[{\"@type\":\"ListItem\",\"position\":1,\"name\":\"Portada\",\"item\":\"https:\/\/www.noticiasradioreflejos.com.ar\/2021\/\"},{\"@type\":\"ListItem\",\"position\":2,\"name\":\"Resultados y cronograma de competencias de los Juegos bonaerenses 2017\"}]},{\"@type\":\"WebSite\",\"@id\":\"https:\/\/www.noticiasradioreflejos.com.ar\/2021\/#website\",\"url\":\"https:\/\/www.noticiasradioreflejos.com.ar\/2021\/\",\"name\":\"Noticias Radio Reflejos\",\"description\":\"Las noticias de mi comarca\",\"potentialAction\":[{\"@type\":\"SearchAction\",\"target\":{\"@type\":\"EntryPoint\",\"urlTemplate\":\"https:\/\/www.noticiasradioreflejos.com.ar\/2021\/?s={search_term_string}\"},\"query-input\":{\"@type\":\"PropertyValueSpecification\",\"valueRequired\":true,\"valueName\":\"search_term_string\"}}],\"inLanguage\":\"es\"},{\"@type\":\"Person\",\"@id\":\"https:\/\/www.noticiasradioreflejos.com.ar\/2021\/#\/schema\/person\/ad82545263dcc5ec0996818884fd5fb1\",\"name\":\"Arnaldo Botto\",\"image\":{\"@type\":\"ImageObject\",\"inLanguage\":\"es\",\"@id\":\"https:\/\/www.noticiasradioreflejos.com.ar\/2021\/#\/schema\/person\/image\/\",\"url\":\"https:\/\/secure.gravatar.com\/avatar\/55cb5e37c1efa326397366e6974cb338056df65cb50e7d64d1cf314e87504837?s=96&d=mm&r=g\",\"contentUrl\":\"https:\/\/secure.gravatar.com\/avatar\/55cb5e37c1efa326397366e6974cb338056df65cb50e7d64d1cf314e87504837?s=96&d=mm&r=g\",\"caption\":\"Arnaldo Botto\"},\"url\":\"https:\/\/www.noticiasradioreflejos.com.ar\/2021\/author\/arnaldo\/\"}]}<\/script>\n<!-- \/ Yoast SEO plugin. -->","yoast_head_json":{"title":"Resultados y cronograma de competencias de los Juegos bonaerenses 2017 - Noticias Radio Reflejos","robots":{"index":"index","follow":"follow","max-snippet":"max-snippet:-1","max-image-preview":"max-image-preview:large","max-video-preview":"max-video-preview:-1"},"canonical":"https:\/\/www.noticiasradioreflejos.com.ar\/2021\/resultados-y-cronograma-de-competencias-de-los-juegos-bonaerenses-2017\/","og_locale":"es_ES","og_type":"article","og_title":"Resultados y cronograma de competencias de los Juegos bonaerenses 2017 - Noticias Radio Reflejos","og_description":"En el marco de los Juegos bonaerenses 2017 se desarroll\u00f3 la instancia distrital de las disciplinas tenis de mesa y Futsal en la categor\u00eda Juveniles. A continuaci\u00f3n se detallan los resultados de las competencias:","og_url":"https:\/\/www.noticiasradioreflejos.com.ar\/2021\/resultados-y-cronograma-de-competencias-de-los-juegos-bonaerenses-2017\/","og_site_name":"Noticias Radio Reflejos","article_published_time":"2017-06-05T17:53:06+00:00","og_image":[{"width":300,"height":200,"url":"https:\/\/www.noticiasradioreflejos.com.ar\/2021\/wp-content\/uploads\/2021\/07\/logosol300x200.png","type":"image\/png"}],"author":"Arnaldo Botto","twitter_card":"summary_large_image","schema":{"@context":"https:\/\/schema.org","@graph":[{"@type":"WebPage","@id":"https:\/\/www.noticiasradioreflejos.com.ar\/2021\/resultados-y-cronograma-de-competencias-de-los-juegos-bonaerenses-2017\/","url":"https:\/\/www.noticiasradioreflejos.com.ar\/2021\/resultados-y-cronograma-de-competencias-de-los-juegos-bonaerenses-2017\/","name":"Resultados y cronograma de competencias de los Juegos bonaerenses 2017 - Noticias Radio Reflejos","isPartOf":{"@id":"https:\/\/www.noticiasradioreflejos.com.ar\/2021\/#website"},"datePublished":"2017-06-05T17:53:06+00:00","author":{"@id":"https:\/\/www.noticiasradioreflejos.com.ar\/2021\/#\/schema\/person\/ad82545263dcc5ec0996818884fd5fb1"},"breadcrumb":{"@id":"https:\/\/www.noticiasradioreflejos.com.ar\/2021\/resultados-y-cronograma-de-competencias-de-los-juegos-bonaerenses-2017\/#breadcrumb"},"inLanguage":"es","potentialAction":[{"@type":"ReadAction","target":["https:\/\/www.noticiasradioreflejos.com.ar\/2021\/resultados-y-cronograma-de-competencias-de-los-juegos-bonaerenses-2017\/"]}]},{"@type":"BreadcrumbList","@id":"https:\/\/www.noticiasradioreflejos.com.ar\/2021\/resultados-y-cronograma-de-competencias-de-los-juegos-bonaerenses-2017\/#breadcrumb","itemListElement":[{"@type":"ListItem","position":1,"name":"Portada","item":"https:\/\/www.noticiasradioreflejos.com.ar\/2021\/"},{"@type":"ListItem","position":2,"name":"Resultados y cronograma de competencias de los Juegos bonaerenses 2017"}]},{"@type":"WebSite","@id":"https:\/\/www.noticiasradioreflejos.com.ar\/2021\/#website","url":"https:\/\/www.noticiasradioreflejos.com.ar\/2021\/","name":"Noticias Radio Reflejos","description":"Las noticias de mi comarca","potentialAction":[{"@type":"SearchAction","target":{"@type":"EntryPoint","urlTemplate":"https:\/\/www.noticiasradioreflejos.com.ar\/2021\/?s={search_term_string}"},"query-input":{"@type":"PropertyValueSpecification","valueRequired":true,"valueName":"search_term_string"}}],"inLanguage":"es"},{"@type":"Person","@id":"https:\/\/www.noticiasradioreflejos.com.ar\/2021\/#\/schema\/person\/ad82545263dcc5ec0996818884fd5fb1","name":"Arnaldo Botto","image":{"@type":"ImageObject","inLanguage":"es","@id":"https:\/\/www.noticiasradioreflejos.com.ar\/2021\/#\/schema\/person\/image\/","url":"https:\/\/secure.gravatar.com\/avatar\/55cb5e37c1efa326397366e6974cb338056df65cb50e7d64d1cf314e87504837?s=96&d=mm&r=g","contentUrl":"https:\/\/secure.gravatar.com\/avatar\/55cb5e37c1efa326397366e6974cb338056df65cb50e7d64d1cf314e87504837?s=96&d=mm&r=g","caption":"Arnaldo Botto"},"url":"https:\/\/www.noticiasradioreflejos.com.ar\/2021\/author\/arnaldo\/"}]}},"_links":{"self":[{"href":"https:\/\/www.noticiasradioreflejos.com.ar\/2021\/wp-json\/wp\/v2\/posts\/10868","targetHints":{"allow":["GET"]}}],"collection":[{"href":"https:\/\/www.noticiasradioreflejos.com.ar\/2021\/wp-json\/wp\/v2\/posts"}],"about":[{"href":"https:\/\/www.noticiasradioreflejos.com.ar\/2021\/wp-json\/wp\/v2\/types\/post"}],"author":[{"embeddable":true,"href":"https:\/\/www.noticiasradioreflejos.com.ar\/2021\/wp-json\/wp\/v2\/users\/3"}],"replies":[{"embeddable":true,"href":"https:\/\/www.noticiasradioreflejos.com.ar\/2021\/wp-json\/wp\/v2\/comments?post=10868"}],"version-history":[{"count":0,"href":"https:\/\/www.noticiasradioreflejos.com.ar\/2021\/wp-json\/wp\/v2\/posts\/10868\/revisions"}],"wp:attachment":[{"href":"https:\/\/www.noticiasradioreflejos.com.ar\/2021\/wp-json\/wp\/v2\/media?parent=10868"}],"wp:term":[{"taxonomy":"category","embeddable":true,"href":"https:\/\/www.noticiasradioreflejos.com.ar\/2021\/wp-json\/wp\/v2\/categories?post=10868"},{"taxonomy":"post_tag","embeddable":true,"href":"https:\/\/www.noticiasradioreflejos.com.ar\/2021\/wp-json\/wp\/v2\/tags?post=10868"}],"curies":[{"name":"wp","href":"https:\/\/api.w.org\/{rel}","templated":true}]}}